{"id":424258,"date":"2020-05-29T15:25:08","date_gmt":"2020-05-29T13:25:08","guid":{"rendered":"http:\/\/hudo.com\/si\/?p=424258"},"modified":"2020-05-29T15:25:08","modified_gmt":"2020-05-29T13:25:08","slug":"umar-protikoronski-ukrepi-zdesetkali-gospodarsko-rast-v-prvem-cetrtletju","status":"publish","type":"post","link":"https:\/\/hudo.com\/si\/aktualno\/umar-protikoronski-ukrepi-zdesetkali-gospodarsko-rast-v-prvem-cetrtletju\/","title":{"rendered":"Umar: Protikoronski ukrepi zdesetkali gospodarsko rast v prvem \u010detrtletju"},"content":{"rendered":"<p>Medletni padec je sledil \u0161estletnemu obdobju pozitivnih rasti, mo\u010dno pa je upadla tudi teko\u010da, \u010detrtletna rast bruto doma\u010dega proizvoda (BDP). &#8220;V drugem \u010detrtletju pri\u010dakujemo \u0161e mo\u010dnej\u0161e zmanj\u0161anje gospodarske aktivnosti, kar upo\u0161tevajo\u010d zadnje napovedi za trgovinske partnerice, nakazuje na velik padec aktivnosti v leto\u0161njem letu,&#8221; je ocenila direktorica Urada RS za makroekonomske analize in razvoj (Umar) Maja Bedna\u0161.<\/p>\n<p>K padcu dodane vrednosti v prvem leto\u0161njem \u010detrtletju so zaradi mo\u010dno skr\u010dene dejavnosti v \u010dasu trajanja za\u0161\u010ditnih ukrepov od sredine marca najve\u010d prispevale storitvene dejavnosti, \u0161e zlasti gostinstvo, trgovina in promet ter razli\u010dne storitvene dejavnosti, na katere so omejitve in za\u0161\u010ditni ukrepi vplivali \u0161e posebej izrazito, kot so osebne storitve in igralni\u0161tvo.<\/p>\n<p>V predelovalnih dejavnostih in gradbeni\u0161tvu pa je bila zaradi vi\u0161je aktivnosti v prvih dveh mesecih, dodana vrednost v prvi \u010detrtini leta \u0161e medletno vi\u0161ja, pri \u010demer podatki za marec \u017ee ka\u017eejo opaznej\u0161i upad. Med predelovalnimi dejavnostmi so najve\u010dji upad zabele\u017eile dejavnosti, povezane z avtomobilsko industrijo, proizvodnjo elektri\u010dnih naprav in vmesnih proizvodov, razmeroma skromen pa je bil upad v prehrambeni in farmacevtski industriji, so ugotovili v Umarju.<\/p>\n<p>Na strani doma\u010de potro\u0161nje je k padcu BDP v prvem \u010detrtletju mo\u010dno prispevala tudi potro\u0161nja gospodinjstev. K njenemu upadu so prispevali ukrepi za zajezitev \u0161irjenja epidemije in pove\u010danje negotovosti. Slednje je pretehtalo sicer \u0161e ugodne podatke o rasti zaposlenosti in rasti pla\u010d, ki so posledica ugodne gospodarske situacije do za\u010detka krize, povezane s koronavirusom.<\/p>\n<p>&#8220;Razmere so se na trgu dela za\u010dele slab\u0161ati v drugi polovici marca, ko se je za\u010delo pove\u010devati \u0161tevilo registrirano brezposelnih, ki je bilo v drugi polovici maja medletno \u017ee za pribli\u017eno petino vi\u0161je. Rast \u0161tevila brezposelnih se je v zadnjih tednih ustavila, njihovo ponovno pove\u010devanje pa pri\u010dakujemo po izteku ukrepov prvega protikoronskega paketa,&#8221; je razmere na trgu dela pospremila Bedna\u0161eva.<\/p>\n<p>V prvem \u010detrtletju so se zni\u017eale tudi investicije v osnovna sredstva. To je bila predvsem posledica ni\u017ejih investicij v opremo in stroje, ki so bile zaradi umirjanja aktivnosti v mednarodnem okolju ni\u017eje \u017ee v zadnjem lanskem \u010detrtletju. Letos so se \u0161e dodatno zni\u017eale zaradi zaostrenih razmer v mednarodnem okolju in te\u017eav podjetij pri transportu. Gradbene investicije so v za\u010detku leta \u0161e rasle.<\/p>\n<p>Padec svetovne trgovine in mednarodne omejitve so vplivale tako na padec izvoza kot uvoza. Prispevek salda menjave s tujino k rasti BDP je bil pozitiven v vi\u0161ini 0,5 odstotne to\u010dke. Kon\u010dna dr\u017eavna potro\u0161nja je bila edina komponenta BDP, ki se je v kriznih razmerah okrepila.<\/p>\n<p>Gospodarska pri\u010dakovanja podjetij in potro\u0161nikov v Sloveniji in v EU so se za\u010dela zmanj\u0161evati \u017ee marca, aprila pa so strmoglavila na najni\u017eje vrednosti v zgodovini. Maja se je razpolo\u017eenje sicer nekoliko izbolj\u0161alo, kar je verjetno povezano s spro\u0161\u010danjem omejitvenih ukrepov, vendar \u0161e vedno ostaja precej pod ravnjo pred globalno raz\u0161iritvijo koronavirusa, so spomnili v Umarju.<\/p>\n","protected":false},"excerpt":{"rendered":"<p>Realni BDP se je v prvem \u010detrtletju medletno zmanj\u0161al za 2,3 odstotka. K temu je ob ukrepih za zajezitev \u0161irjenja koronavirusa najve\u010d prispeval upad v trgovini, prometu in gostinstvu, opazno je upadla potro\u0161nja gospodinjstev, so povzeli v Umarju. Podatke bodo upo\u0161tevali pri pripravi posodobljene napovedi gospodarskih gibanj, predvidoma v juniju.<\/p>\n","protected":false},"author":7,"featured_media":420811,"comment_status":"closed","ping_status":"closed","sticky":false,"template":"","format":"standard","meta":{"footnotes":""},"categories":[1179],"tags":[2391,15619,1595],"source":[4511],"supertag":[7541],"acf":[],"yoast_head":"<!-- This site is optimized with the Yoast SEO plugin v21.3 - https:\/\/yoast.com\/wordpress\/plugins\/seo\/ -->\n<title>Umar: Protikoronski ukrepi zdesetkali gospodarsko rast v prvem \u010detrtletju - Hudo Slovenija<\/title>\n<meta name=\"robots\" content=\"index, follow, max-snippet:-1, max-image-preview:large, max-video-preview:-1\" \/>\n<link rel=\"canonical\" href=\"https:\/\/hudo.com\/si\/aktualno\/umar-protikoronski-ukrepi-zdesetkali-gospodarsko-rast-v-prvem-cetrtletju\/\" \/>\n<meta property=\"og:locale\" content=\"sl_SI\" \/>\n<meta property=\"og:type\" content=\"article\" \/>\n<meta property=\"og:title\" content=\"Umar: Protikoronski ukrepi zdesetkali gospodarsko rast v prvem \u010detrtletju - Hudo Slovenija\" \/>\n<meta property=\"og:description\" content=\"Realni BDP se je v prvem \u010detrtletju medletno zmanj\u0161al za 2,3 odstotka. K temu je ob ukrepih za zajezitev \u0161irjenja koronavirusa najve\u010d prispeval upad v trgovini, prometu in gostinstvu, opazno je upadla potro\u0161nja gospodinjstev, so povzeli v Umarju. Podatke bodo upo\u0161tevali pri pripravi posodobljene napovedi gospodarskih gibanj, predvidoma v juniju.\" \/>\n<meta property=\"og:url\" content=\"https:\/\/hudo.com\/si\/aktualno\/umar-protikoronski-ukrepi-zdesetkali-gospodarsko-rast-v-prvem-cetrtletju\/\" \/>\n<meta property=\"og:site_name\" content=\"Hudo Slovenija\" \/>\n<meta property=\"article:publisher\" content=\"https:\/\/www.facebook.com\/hudo.si\" \/>\n<meta property=\"article:published_time\" content=\"2020-05-29T13:25:08+00:00\" \/>\n<meta property=\"og:image\" content=\"https:\/\/hudo.com\/si\/wp-content\/uploads\/sites\/2\/2020\/04\/profimedia-0507750940.jpg\" \/>\n\t<meta property=\"og:image:width\" content=\"1250\" \/>\n\t<meta property=\"og:image:height\" content=\"833\" \/>\n\t<meta property=\"og:image:type\" content=\"image\/jpeg\" \/>\n<meta name=\"author\" content=\"A. P., STA\" \/>\n<meta name=\"twitter:card\" content=\"summary_large_image\" \/>\n<meta name=\"twitter:creator\" content=\"@hudo_si\" \/>\n<meta name=\"twitter:site\" content=\"@hudo_si\" \/>\n<meta name=\"twitter:label1\" content=\"Written by\" \/>\n\t<meta name=\"twitter:data1\" content=\"A. P., STA\" \/>\n\t<meta name=\"twitter:label2\" content=\"Est. reading time\" \/>\n\t<meta name=\"twitter:data2\" content=\"3 minute\" \/>\n<script type=\"application\/ld+json\" class=\"yoast-schema-graph\">{\"@context\":\"https:\/\/schema.org\",\"@graph\":[{\"@type\":\"Article\",\"@id\":\"https:\/\/hudo.com\/si\/aktualno\/umar-protikoronski-ukrepi-zdesetkali-gospodarsko-rast-v-prvem-cetrtletju\/#article\",\"isPartOf\":{\"@id\":\"https:\/\/hudo.com\/si\/aktualno\/umar-protikoronski-ukrepi-zdesetkali-gospodarsko-rast-v-prvem-cetrtletju\/\"},\"author\":{\"name\":\"A. P., STA\",\"@id\":\"https:\/\/hudo.com\/si\/#\/schema\/person\/18f09c02475ba9e606e941a565b80cff\"},\"headline\":\"Umar: Protikoronski ukrepi zdesetkali gospodarsko rast v prvem \u010detrtletju\",\"datePublished\":\"2020-05-29T13:25:08+00:00\",\"dateModified\":\"2020-05-29T13:25:08+00:00\",\"mainEntityOfPage\":{\"@id\":\"https:\/\/hudo.com\/si\/aktualno\/umar-protikoronski-ukrepi-zdesetkali-gospodarsko-rast-v-prvem-cetrtletju\/\"},\"wordCount\":518,\"publisher\":{\"@id\":\"https:\/\/hudo.com\/si\/#organization\"},\"keywords\":[\"gospodarstvo\",\"novi koronavirus\",\"Slovenija\"],\"articleSection\":[\"Aktualno\"],\"inLanguage\":\"sl-SI\"},{\"@type\":\"WebPage\",\"@id\":\"https:\/\/hudo.com\/si\/aktualno\/umar-protikoronski-ukrepi-zdesetkali-gospodarsko-rast-v-prvem-cetrtletju\/\",\"url\":\"https:\/\/hudo.com\/si\/aktualno\/umar-protikoronski-ukrepi-zdesetkali-gospodarsko-rast-v-prvem-cetrtletju\/\",\"name\":\"Umar: Protikoronski ukrepi zdesetkali gospodarsko rast v prvem \u010detrtletju - Hudo Slovenija\",\"isPartOf\":{\"@id\":\"https:\/\/hudo.com\/si\/#website\"},\"datePublished\":\"2020-05-29T13:25:08+00:00\",\"dateModified\":\"2020-05-29T13:25:08+00:00\",\"breadcrumb\":{\"@id\":\"https:\/\/hudo.com\/si\/aktualno\/umar-protikoronski-ukrepi-zdesetkali-gospodarsko-rast-v-prvem-cetrtletju\/#breadcrumb\"},\"inLanguage\":\"sl-SI\",\"potentialAction\":[{\"@type\":\"ReadAction\",\"target\":[\"https:\/\/hudo.com\/si\/aktualno\/umar-protikoronski-ukrepi-zdesetkali-gospodarsko-rast-v-prvem-cetrtletju\/\"]}]},{\"@type\":\"BreadcrumbList\",\"@id\":\"https:\/\/hudo.com\/si\/aktualno\/umar-protikoronski-ukrepi-zdesetkali-gospodarsko-rast-v-prvem-cetrtletju\/#breadcrumb\",\"itemListElement\":[{\"@type\":\"ListItem\",\"position\":1,\"name\":\"Home\",\"item\":\"https:\/\/hudo.com\/si\/\"},{\"@type\":\"ListItem\",\"position\":2,\"name\":\"Umar: Protikoronski ukrepi zdesetkali gospodarsko rast v prvem \u010detrtletju\"}]},{\"@type\":\"WebSite\",\"@id\":\"https:\/\/hudo.com\/si\/#website\",\"url\":\"https:\/\/hudo.com\/si\/\",\"name\":\"Hudo Slovenija\",\"description\":\"Vse novice iz Slovenije in sveta\",\"publisher\":{\"@id\":\"https:\/\/hudo.com\/si\/#organization\"},\"potentialAction\":[{\"@type\":\"SearchAction\",\"target\":{\"@type\":\"EntryPoint\",\"urlTemplate\":\"https:\/\/hudo.com\/si\/?s={search_term_string}\"},\"query-input\":\"required name=search_term_string\"}],\"inLanguage\":\"sl-SI\"},{\"@type\":\"Organization\",\"@id\":\"https:\/\/hudo.com\/si\/#organization\",\"name\":\"VSN Media\",\"url\":\"https:\/\/hudo.com\/si\/\",\"logo\":{\"@type\":\"ImageObject\",\"inLanguage\":\"sl-SI\",\"@id\":\"https:\/\/hudo.com\/si\/#\/schema\/logo\/image\/\",\"url\":\"https:\/\/hudo.com\/si\/wp-content\/uploads\/sites\/2\/2021\/03\/hudo-app-2.png\",\"contentUrl\":\"https:\/\/hudo.com\/si\/wp-content\/uploads\/sites\/2\/2021\/03\/hudo-app-2.png\",\"width\":2185,\"height\":2167,\"caption\":\"VSN Media\"},\"image\":{\"@id\":\"https:\/\/hudo.com\/si\/#\/schema\/logo\/image\/\"},\"sameAs\":[\"https:\/\/www.facebook.com\/hudo.si\",\"https:\/\/twitter.com\/hudo_si\"]},{\"@type\":\"Person\",\"@id\":\"https:\/\/hudo.com\/si\/#\/schema\/person\/18f09c02475ba9e606e941a565b80cff\",\"name\":\"A. P., STA\",\"image\":{\"@type\":\"ImageObject\",\"inLanguage\":\"sl-SI\",\"@id\":\"https:\/\/hudo.com\/si\/#\/schema\/person\/image\/\",\"url\":\"https:\/\/secure.gravatar.com\/avatar\/03eac8e609f5f04383125d80eaeaaf3e?s=96&d=mm&r=g\",\"contentUrl\":\"https:\/\/secure.gravatar.com\/avatar\/03eac8e609f5f04383125d80eaeaaf3e?s=96&d=mm&r=g\",\"caption\":\"A. P., STA\"},\"url\":\"https:\/\/hudo.com\/si\/author\/lubu\/\"}]}<\/script>\n<!-- \/ Yoast SEO plugin. -->","yoast_head_json":{"title":"Umar: Protikoronski ukrepi zdesetkali gospodarsko rast v prvem \u010detrtletju - Hudo Slovenija","robots":{"index":"index","follow":"follow","max-snippet":"max-snippet:-1","max-image-preview":"max-image-preview:large","max-video-preview":"max-video-preview:-1"},"canonical":"https:\/\/hudo.com\/si\/aktualno\/umar-protikoronski-ukrepi-zdesetkali-gospodarsko-rast-v-prvem-cetrtletju\/","og_locale":"sl_SI","og_type":"article","og_title":"Umar: Protikoronski ukrepi zdesetkali gospodarsko rast v prvem \u010detrtletju - Hudo Slovenija","og_description":"Realni BDP se je v prvem \u010detrtletju medletno zmanj\u0161al za 2,3 odstotka. K temu je ob ukrepih za zajezitev \u0161irjenja koronavirusa najve\u010d prispeval upad v trgovini, prometu in gostinstvu, opazno je upadla potro\u0161nja gospodinjstev, so povzeli v Umarju. Podatke bodo upo\u0161tevali pri pripravi posodobljene napovedi gospodarskih gibanj, predvidoma v juniju.","og_url":"https:\/\/hudo.com\/si\/aktualno\/umar-protikoronski-ukrepi-zdesetkali-gospodarsko-rast-v-prvem-cetrtletju\/","og_site_name":"Hudo Slovenija","article_publisher":"https:\/\/www.facebook.com\/hudo.si","article_published_time":"2020-05-29T13:25:08+00:00","og_image":[{"width":1250,"height":833,"url":"https:\/\/hudo.com\/si\/wp-content\/uploads\/sites\/2\/2020\/04\/profimedia-0507750940.jpg","type":"image\/jpeg"}],"author":"A. P., STA","twitter_card":"summary_large_image","twitter_creator":"@hudo_si","twitter_site":"@hudo_si","twitter_misc":{"Written by":"A. P., STA","Est. reading time":"3 minute"},"schema":{"@context":"https:\/\/schema.org","@graph":[{"@type":"Article","@id":"https:\/\/hudo.com\/si\/aktualno\/umar-protikoronski-ukrepi-zdesetkali-gospodarsko-rast-v-prvem-cetrtletju\/#article","isPartOf":{"@id":"https:\/\/hudo.com\/si\/aktualno\/umar-protikoronski-ukrepi-zdesetkali-gospodarsko-rast-v-prvem-cetrtletju\/"},"author":{"name":"A. P., STA","@id":"https:\/\/hudo.com\/si\/#\/schema\/person\/18f09c02475ba9e606e941a565b80cff"},"headline":"Umar: Protikoronski ukrepi zdesetkali gospodarsko rast v prvem \u010detrtletju","datePublished":"2020-05-29T13:25:08+00:00","dateModified":"2020-05-29T13:25:08+00:00","mainEntityOfPage":{"@id":"https:\/\/hudo.com\/si\/aktualno\/umar-protikoronski-ukrepi-zdesetkali-gospodarsko-rast-v-prvem-cetrtletju\/"},"wordCount":518,"publisher":{"@id":"https:\/\/hudo.com\/si\/#organization"},"keywords":["gospodarstvo","novi koronavirus","Slovenija"],"articleSection":["Aktualno"],"inLanguage":"sl-SI"},{"@type":"WebPage","@id":"https:\/\/hudo.com\/si\/aktualno\/umar-protikoronski-ukrepi-zdesetkali-gospodarsko-rast-v-prvem-cetrtletju\/","url":"https:\/\/hudo.com\/si\/aktualno\/umar-protikoronski-ukrepi-zdesetkali-gospodarsko-rast-v-prvem-cetrtletju\/","name":"Umar: Protikoronski ukrepi zdesetkali gospodarsko rast v prvem \u010detrtletju - Hudo Slovenija","isPartOf":{"@id":"https:\/\/hudo.com\/si\/#website"},"datePublished":"2020-05-29T13:25:08+00:00","dateModified":"2020-05-29T13:25:08+00:00","breadcrumb":{"@id":"https:\/\/hudo.com\/si\/aktualno\/umar-protikoronski-ukrepi-zdesetkali-gospodarsko-rast-v-prvem-cetrtletju\/#breadcrumb"},"inLanguage":"sl-SI","potentialAction":[{"@type":"ReadAction","target":["https:\/\/hudo.com\/si\/aktualno\/umar-protikoronski-ukrepi-zdesetkali-gospodarsko-rast-v-prvem-cetrtletju\/"]}]},{"@type":"BreadcrumbList","@id":"https:\/\/hudo.com\/si\/aktualno\/umar-protikoronski-ukrepi-zdesetkali-gospodarsko-rast-v-prvem-cetrtletju\/#breadcrumb","itemListElement":[{"@type":"ListItem","position":1,"name":"Home","item":"https:\/\/hudo.com\/si\/"},{"@type":"ListItem","position":2,"name":"Umar: Protikoronski ukrepi zdesetkali gospodarsko rast v prvem \u010detrtletju"}]},{"@type":"WebSite","@id":"https:\/\/hudo.com\/si\/#website","url":"https:\/\/hudo.com\/si\/","name":"Hudo Slovenija","description":"Vse novice iz Slovenije in sveta","publisher":{"@id":"https:\/\/hudo.com\/si\/#organization"},"potentialAction":[{"@type":"SearchAction","target":{"@type":"EntryPoint","urlTemplate":"https:\/\/hudo.com\/si\/?s={search_term_string}"},"query-input":"required name=search_term_string"}],"inLanguage":"sl-SI"},{"@type":"Organization","@id":"https:\/\/hudo.com\/si\/#organization","name":"VSN Media","url":"https:\/\/hudo.com\/si\/","logo":{"@type":"ImageObject","inLanguage":"sl-SI","@id":"https:\/\/hudo.com\/si\/#\/schema\/logo\/image\/","url":"https:\/\/hudo.com\/si\/wp-content\/uploads\/sites\/2\/2021\/03\/hudo-app-2.png","contentUrl":"https:\/\/hudo.com\/si\/wp-content\/uploads\/sites\/2\/2021\/03\/hudo-app-2.png","width":2185,"height":2167,"caption":"VSN Media"},"image":{"@id":"https:\/\/hudo.com\/si\/#\/schema\/logo\/image\/"},"sameAs":["https:\/\/www.facebook.com\/hudo.si","https:\/\/twitter.com\/hudo_si"]},{"@type":"Person","@id":"https:\/\/hudo.com\/si\/#\/schema\/person\/18f09c02475ba9e606e941a565b80cff","name":"A. P., STA","image":{"@type":"ImageObject","inLanguage":"sl-SI","@id":"https:\/\/hudo.com\/si\/#\/schema\/person\/image\/","url":"https:\/\/secure.gravatar.com\/avatar\/03eac8e609f5f04383125d80eaeaaf3e?s=96&d=mm&r=g","contentUrl":"https:\/\/secure.gravatar.com\/avatar\/03eac8e609f5f04383125d80eaeaaf3e?s=96&d=mm&r=g","caption":"A. P., STA"},"url":"https:\/\/hudo.com\/si\/author\/lubu\/"}]}},"amp_enabled":true,"_links":{"self":[{"href":"https:\/\/hudo.com\/si\/wp-json\/wp\/v2\/posts\/424258"}],"collection":[{"href":"https:\/\/hudo.com\/si\/wp-json\/wp\/v2\/posts"}],"about":[{"href":"https:\/\/hudo.com\/si\/wp-json\/wp\/v2\/types\/post"}],"author":[{"embeddable":true,"href":"https:\/\/hudo.com\/si\/wp-json\/wp\/v2\/users\/7"}],"replies":[{"embeddable":true,"href":"https:\/\/hudo.com\/si\/wp-json\/wp\/v2\/comments?post=424258"}],"version-history":[{"count":1,"href":"https:\/\/hudo.com\/si\/wp-json\/wp\/v2\/posts\/424258\/revisions"}],"predecessor-version":[{"id":424259,"href":"https:\/\/hudo.com\/si\/wp-json\/wp\/v2\/posts\/424258\/revisions\/424259"}],"wp:featuredmedia":[{"embeddable":true,"href":"https:\/\/hudo.com\/si\/wp-json\/wp\/v2\/media\/420811"}],"wp:attachment":[{"href":"https:\/\/hudo.com\/si\/wp-json\/wp\/v2\/media?parent=424258"}],"wp:term":[{"taxonomy":"category","embeddable":true,"href":"https:\/\/hudo.com\/si\/wp-json\/wp\/v2\/categories?post=424258"},{"taxonomy":"post_tag","embeddable":true,"href":"https:\/\/hudo.com\/si\/wp-json\/wp\/v2\/tags?post=424258"},{"taxonomy":"source","embeddable":true,"href":"https:\/\/hudo.com\/si\/wp-json\/wp\/v2\/source?post=424258"},{"taxonomy":"supertag","embeddable":true,"href":"https:\/\/hudo.com\/si\/wp-json\/wp\/v2\/supertag?post=424258"}],"curies":[{"name":"wp","href":"https:\/\/api.w.org\/{rel}","templated":true}]}}