{"id":424270,"date":"2020-05-29T16:45:12","date_gmt":"2020-05-29T14:45:12","guid":{"rendered":"http:\/\/hudo.com\/si\/?p=424270"},"modified":"2020-05-29T16:45:12","modified_gmt":"2020-05-29T14:45:12","slug":"stekla-bo-prenova-trzaske-ceste-v-ljubljani","status":"publish","type":"post","link":"https:\/\/hudo.com\/si\/aktualno\/stekla-bo-prenova-trzaske-ceste-v-ljubljani\/","title":{"rendered":"Stekla bo prenova Tr\u017ea\u0161ke ceste v Ljubljani"},"content":{"rendered":"<p>Tr\u017ea\u0161ko cesto bodo obnovili na odseku od Trga mladinskih delovnih brigad do priklju\u010dka na parkiri\u0161\u010de P+R Dolgi most. V ponedeljek bodo za\u010deli obnovo prvega dela, in sicer od omenjenega trga do kri\u017ei\u0161\u010da z Langusovo. Ob tem so na ob\u010dini izpostavili, da bo na obmo\u010dju del plo\u010dnik zaprt, promet na cesti\u0161\u010du pa bo potekal neovirano.<\/p>\n<p>V okviru prenove bodo poleg posodobitve komunalne infrastrukture uredili nove povr\u0161ine za pe\u0161ce in kolesarje ter prenovili avtobusna postajali\u0161\u010da. Ob\u010dina bo zagotovila povezano kolesarsko povezavo vzdol\u017e celotne Tr\u017ea\u0161ke ceste, s \u010dimer \u017eelijo izbolj\u0161ati pogoje za kolesarje in pe\u0161ce. Obmo\u010dje Tr\u017ea\u0161ke ceste nameravajo tudi dodatno ozeleniti.<\/p>\n<p>Izvajalca del sta Prenova gradbenik in PZG, vrednost investicije pa je 3,5 milijona evrov brez DDV. Dele\u017e Mestne ob\u010dine Ljubljana zna\u0161a 1,6 milijona evrov brez DDV, dr\u017eava bo iz prora\u010duna zagotovila 285.000 evrov brez DDV, \u0161e 1,6 milijona evrov brez DDV pa bo kohezijskih sredstev.<\/p>\n","protected":false},"excerpt":{"rendered":"<p>V ponedeljek bo stekla prenova Tr\u017ea\u0161ke ceste v Ljubljani, ki bo potekala v ve\u010d fazah. Najprej bodo dela stekla na odseku od Trga mladinskih delovnih brigad do kri\u017ei\u0161\u010da z Langusovo ulico, so sporo\u010dili z ljubljanske ob\u010dine. Vrednost investicije, v okviru katere bodo med drugim uredili nove povr\u0161ine kolesarje, je 3,5 milijona evrov brez DDV.<\/p>\n","protected":false},"author":7,"featured_media":424271,"comment_status":"closed","ping_status":"closed","sticky":false,"template":"","format":"standard","meta":{"footnotes":""},"categories":[1179],"tags":[5622,1633,8511,1595],"source":[4511],"supertag":[],"acf":[],"yoast_head":"<!-- This site is optimized with the Yoast SEO plugin v21.3 - https:\/\/yoast.com\/wordpress\/plugins\/seo\/ -->\n<title>Stekla bo prenova Tr\u017ea\u0161ke ceste v Ljubljani - Hudo Slovenija<\/title>\n<meta name=\"robots\" content=\"index, follow, max-snippet:-1, max-image-preview:large, max-video-preview:-1\" \/>\n<link rel=\"canonical\" href=\"https:\/\/hudo.com\/si\/aktualno\/stekla-bo-prenova-trzaske-ceste-v-ljubljani\/\" \/>\n<meta property=\"og:locale\" content=\"sl_SI\" \/>\n<meta property=\"og:type\" content=\"article\" \/>\n<meta property=\"og:title\" content=\"Stekla bo prenova Tr\u017ea\u0161ke ceste v Ljubljani - Hudo Slovenija\" \/>\n<meta property=\"og:description\" content=\"V ponedeljek bo stekla prenova Tr\u017ea\u0161ke ceste v Ljubljani, ki bo potekala v ve\u010d fazah. Najprej bodo dela stekla na odseku od Trga mladinskih delovnih brigad do kri\u017ei\u0161\u010da z Langusovo ulico, so sporo\u010dili z ljubljanske ob\u010dine. Vrednost investicije, v okviru katere bodo med drugim uredili nove povr\u0161ine kolesarje, je 3,5 milijona evrov brez DDV.\" \/>\n<meta property=\"og:url\" content=\"https:\/\/hudo.com\/si\/aktualno\/stekla-bo-prenova-trzaske-ceste-v-ljubljani\/\" \/>\n<meta property=\"og:site_name\" content=\"Hudo Slovenija\" \/>\n<meta property=\"article:publisher\" content=\"https:\/\/www.facebook.com\/hudo.si\" \/>\n<meta property=\"article:published_time\" content=\"2020-05-29T14:45:12+00:00\" \/>\n<meta property=\"og:image\" content=\"https:\/\/hudo.com\/si\/wp-content\/uploads\/sites\/2\/2020\/05\/profimedia-0169416101.jpg\" \/>\n\t<meta property=\"og:image:width\" content=\"1250\" \/>\n\t<meta property=\"og:image:height\" content=\"755\" \/>\n\t<meta property=\"og:image:type\" content=\"image\/jpeg\" \/>\n<meta name=\"author\" content=\"A. P., STA\" \/>\n<meta name=\"twitter:card\" content=\"summary_large_image\" \/>\n<meta name=\"twitter:creator\" content=\"@hudo_si\" \/>\n<meta name=\"twitter:site\" content=\"@hudo_si\" \/>\n<meta name=\"twitter:label1\" content=\"Written by\" \/>\n\t<meta name=\"twitter:data1\" content=\"A. P., STA\" \/>\n\t<meta name=\"twitter:label2\" content=\"Est. reading time\" \/>\n\t<meta name=\"twitter:data2\" content=\"1 minuta\" \/>\n<script type=\"application\/ld+json\" class=\"yoast-schema-graph\">{\"@context\":\"https:\/\/schema.org\",\"@graph\":[{\"@type\":\"Article\",\"@id\":\"https:\/\/hudo.com\/si\/aktualno\/stekla-bo-prenova-trzaske-ceste-v-ljubljani\/#article\",\"isPartOf\":{\"@id\":\"https:\/\/hudo.com\/si\/aktualno\/stekla-bo-prenova-trzaske-ceste-v-ljubljani\/\"},\"author\":{\"name\":\"A. P., STA\",\"@id\":\"https:\/\/hudo.com\/si\/#\/schema\/person\/18f09c02475ba9e606e941a565b80cff\"},\"headline\":\"Stekla bo prenova Tr\u017ea\u0161ke ceste v Ljubljani\",\"datePublished\":\"2020-05-29T14:45:12+00:00\",\"dateModified\":\"2020-05-29T14:45:12+00:00\",\"mainEntityOfPage\":{\"@id\":\"https:\/\/hudo.com\/si\/aktualno\/stekla-bo-prenova-trzaske-ceste-v-ljubljani\/\"},\"wordCount\":176,\"publisher\":{\"@id\":\"https:\/\/hudo.com\/si\/#organization\"},\"keywords\":[\"infrastruktura\",\"Ljubljana\",\"obnova ceste\",\"Slovenija\"],\"articleSection\":[\"Aktualno\"],\"inLanguage\":\"sl-SI\"},{\"@type\":\"WebPage\",\"@id\":\"https:\/\/hudo.com\/si\/aktualno\/stekla-bo-prenova-trzaske-ceste-v-ljubljani\/\",\"url\":\"https:\/\/hudo.com\/si\/aktualno\/stekla-bo-prenova-trzaske-ceste-v-ljubljani\/\",\"name\":\"Stekla bo prenova Tr\u017ea\u0161ke ceste v Ljubljani - Hudo Slovenija\",\"isPartOf\":{\"@id\":\"https:\/\/hudo.com\/si\/#website\"},\"datePublished\":\"2020-05-29T14:45:12+00:00\",\"dateModified\":\"2020-05-29T14:45:12+00:00\",\"breadcrumb\":{\"@id\":\"https:\/\/hudo.com\/si\/aktualno\/stekla-bo-prenova-trzaske-ceste-v-ljubljani\/#breadcrumb\"},\"inLanguage\":\"sl-SI\",\"potentialAction\":[{\"@type\":\"ReadAction\",\"target\":[\"https:\/\/hudo.com\/si\/aktualno\/stekla-bo-prenova-trzaske-ceste-v-ljubljani\/\"]}]},{\"@type\":\"BreadcrumbList\",\"@id\":\"https:\/\/hudo.com\/si\/aktualno\/stekla-bo-prenova-trzaske-ceste-v-ljubljani\/#breadcrumb\",\"itemListElement\":[{\"@type\":\"ListItem\",\"position\":1,\"name\":\"Home\",\"item\":\"https:\/\/hudo.com\/si\/\"},{\"@type\":\"ListItem\",\"position\":2,\"name\":\"Stekla bo prenova Tr\u017ea\u0161ke ceste v Ljubljani\"}]},{\"@type\":\"WebSite\",\"@id\":\"https:\/\/hudo.com\/si\/#website\",\"url\":\"https:\/\/hudo.com\/si\/\",\"name\":\"Hudo Slovenija\",\"description\":\"Vse novice iz Slovenije in sveta\",\"publisher\":{\"@id\":\"https:\/\/hudo.com\/si\/#organization\"},\"potentialAction\":[{\"@type\":\"SearchAction\",\"target\":{\"@type\":\"EntryPoint\",\"urlTemplate\":\"https:\/\/hudo.com\/si\/?s={search_term_string}\"},\"query-input\":\"required name=search_term_string\"}],\"inLanguage\":\"sl-SI\"},{\"@type\":\"Organization\",\"@id\":\"https:\/\/hudo.com\/si\/#organization\",\"name\":\"VSN Media\",\"url\":\"https:\/\/hudo.com\/si\/\",\"logo\":{\"@type\":\"ImageObject\",\"inLanguage\":\"sl-SI\",\"@id\":\"https:\/\/hudo.com\/si\/#\/schema\/logo\/image\/\",\"url\":\"https:\/\/hudo.com\/si\/wp-content\/uploads\/sites\/2\/2021\/03\/hudo-app-2.png\",\"contentUrl\":\"https:\/\/hudo.com\/si\/wp-content\/uploads\/sites\/2\/2021\/03\/hudo-app-2.png\",\"width\":2185,\"height\":2167,\"caption\":\"VSN Media\"},\"image\":{\"@id\":\"https:\/\/hudo.com\/si\/#\/schema\/logo\/image\/\"},\"sameAs\":[\"https:\/\/www.facebook.com\/hudo.si\",\"https:\/\/twitter.com\/hudo_si\"]},{\"@type\":\"Person\",\"@id\":\"https:\/\/hudo.com\/si\/#\/schema\/person\/18f09c02475ba9e606e941a565b80cff\",\"name\":\"A. P., STA\",\"image\":{\"@type\":\"ImageObject\",\"inLanguage\":\"sl-SI\",\"@id\":\"https:\/\/hudo.com\/si\/#\/schema\/person\/image\/\",\"url\":\"https:\/\/secure.gravatar.com\/avatar\/03eac8e609f5f04383125d80eaeaaf3e?s=96&d=mm&r=g\",\"contentUrl\":\"https:\/\/secure.gravatar.com\/avatar\/03eac8e609f5f04383125d80eaeaaf3e?s=96&d=mm&r=g\",\"caption\":\"A. P., STA\"},\"url\":\"https:\/\/hudo.com\/si\/author\/lubu\/\"}]}<\/script>\n<!-- \/ Yoast SEO plugin. -->","yoast_head_json":{"title":"Stekla bo prenova Tr\u017ea\u0161ke ceste v Ljubljani - Hudo Slovenija","robots":{"index":"index","follow":"follow","max-snippet":"max-snippet:-1","max-image-preview":"max-image-preview:large","max-video-preview":"max-video-preview:-1"},"canonical":"https:\/\/hudo.com\/si\/aktualno\/stekla-bo-prenova-trzaske-ceste-v-ljubljani\/","og_locale":"sl_SI","og_type":"article","og_title":"Stekla bo prenova Tr\u017ea\u0161ke ceste v Ljubljani - Hudo Slovenija","og_description":"V ponedeljek bo stekla prenova Tr\u017ea\u0161ke ceste v Ljubljani, ki bo potekala v ve\u010d fazah. Najprej bodo dela stekla na odseku od Trga mladinskih delovnih brigad do kri\u017ei\u0161\u010da z Langusovo ulico, so sporo\u010dili z ljubljanske ob\u010dine. Vrednost investicije, v okviru katere bodo med drugim uredili nove povr\u0161ine kolesarje, je 3,5 milijona evrov brez DDV.","og_url":"https:\/\/hudo.com\/si\/aktualno\/stekla-bo-prenova-trzaske-ceste-v-ljubljani\/","og_site_name":"Hudo Slovenija","article_publisher":"https:\/\/www.facebook.com\/hudo.si","article_published_time":"2020-05-29T14:45:12+00:00","og_image":[{"width":1250,"height":755,"url":"https:\/\/hudo.com\/si\/wp-content\/uploads\/sites\/2\/2020\/05\/profimedia-0169416101.jpg","type":"image\/jpeg"}],"author":"A. P., STA","twitter_card":"summary_large_image","twitter_creator":"@hudo_si","twitter_site":"@hudo_si","twitter_misc":{"Written by":"A. P., STA","Est. reading time":"1 minuta"},"schema":{"@context":"https:\/\/schema.org","@graph":[{"@type":"Article","@id":"https:\/\/hudo.com\/si\/aktualno\/stekla-bo-prenova-trzaske-ceste-v-ljubljani\/#article","isPartOf":{"@id":"https:\/\/hudo.com\/si\/aktualno\/stekla-bo-prenova-trzaske-ceste-v-ljubljani\/"},"author":{"name":"A. P., STA","@id":"https:\/\/hudo.com\/si\/#\/schema\/person\/18f09c02475ba9e606e941a565b80cff"},"headline":"Stekla bo prenova Tr\u017ea\u0161ke ceste v Ljubljani","datePublished":"2020-05-29T14:45:12+00:00","dateModified":"2020-05-29T14:45:12+00:00","mainEntityOfPage":{"@id":"https:\/\/hudo.com\/si\/aktualno\/stekla-bo-prenova-trzaske-ceste-v-ljubljani\/"},"wordCount":176,"publisher":{"@id":"https:\/\/hudo.com\/si\/#organization"},"keywords":["infrastruktura","Ljubljana","obnova ceste","Slovenija"],"articleSection":["Aktualno"],"inLanguage":"sl-SI"},{"@type":"WebPage","@id":"https:\/\/hudo.com\/si\/aktualno\/stekla-bo-prenova-trzaske-ceste-v-ljubljani\/","url":"https:\/\/hudo.com\/si\/aktualno\/stekla-bo-prenova-trzaske-ceste-v-ljubljani\/","name":"Stekla bo prenova Tr\u017ea\u0161ke ceste v Ljubljani - Hudo Slovenija","isPartOf":{"@id":"https:\/\/hudo.com\/si\/#website"},"datePublished":"2020-05-29T14:45:12+00:00","dateModified":"2020-05-29T14:45:12+00:00","breadcrumb":{"@id":"https:\/\/hudo.com\/si\/aktualno\/stekla-bo-prenova-trzaske-ceste-v-ljubljani\/#breadcrumb"},"inLanguage":"sl-SI","potentialAction":[{"@type":"ReadAction","target":["https:\/\/hudo.com\/si\/aktualno\/stekla-bo-prenova-trzaske-ceste-v-ljubljani\/"]}]},{"@type":"BreadcrumbList","@id":"https:\/\/hudo.com\/si\/aktualno\/stekla-bo-prenova-trzaske-ceste-v-ljubljani\/#breadcrumb","itemListElement":[{"@type":"ListItem","position":1,"name":"Home","item":"https:\/\/hudo.com\/si\/"},{"@type":"ListItem","position":2,"name":"Stekla bo prenova Tr\u017ea\u0161ke ceste v Ljubljani"}]},{"@type":"WebSite","@id":"https:\/\/hudo.com\/si\/#website","url":"https:\/\/hudo.com\/si\/","name":"Hudo Slovenija","description":"Vse novice iz Slovenije in sveta","publisher":{"@id":"https:\/\/hudo.com\/si\/#organization"},"potentialAction":[{"@type":"SearchAction","target":{"@type":"EntryPoint","urlTemplate":"https:\/\/hudo.com\/si\/?s={search_term_string}"},"query-input":"required name=search_term_string"}],"inLanguage":"sl-SI"},{"@type":"Organization","@id":"https:\/\/hudo.com\/si\/#organization","name":"VSN Media","url":"https:\/\/hudo.com\/si\/","logo":{"@type":"ImageObject","inLanguage":"sl-SI","@id":"https:\/\/hudo.com\/si\/#\/schema\/logo\/image\/","url":"https:\/\/hudo.com\/si\/wp-content\/uploads\/sites\/2\/2021\/03\/hudo-app-2.png","contentUrl":"https:\/\/hudo.com\/si\/wp-content\/uploads\/sites\/2\/2021\/03\/hudo-app-2.png","width":2185,"height":2167,"caption":"VSN Media"},"image":{"@id":"https:\/\/hudo.com\/si\/#\/schema\/logo\/image\/"},"sameAs":["https:\/\/www.facebook.com\/hudo.si","https:\/\/twitter.com\/hudo_si"]},{"@type":"Person","@id":"https:\/\/hudo.com\/si\/#\/schema\/person\/18f09c02475ba9e606e941a565b80cff","name":"A. P., STA","image":{"@type":"ImageObject","inLanguage":"sl-SI","@id":"https:\/\/hudo.com\/si\/#\/schema\/person\/image\/","url":"https:\/\/secure.gravatar.com\/avatar\/03eac8e609f5f04383125d80eaeaaf3e?s=96&d=mm&r=g","contentUrl":"https:\/\/secure.gravatar.com\/avatar\/03eac8e609f5f04383125d80eaeaaf3e?s=96&d=mm&r=g","caption":"A. P., STA"},"url":"https:\/\/hudo.com\/si\/author\/lubu\/"}]}},"amp_enabled":true,"_links":{"self":[{"href":"https:\/\/hudo.com\/si\/wp-json\/wp\/v2\/posts\/424270"}],"collection":[{"href":"https:\/\/hudo.com\/si\/wp-json\/wp\/v2\/posts"}],"about":[{"href":"https:\/\/hudo.com\/si\/wp-json\/wp\/v2\/types\/post"}],"author":[{"embeddable":true,"href":"https:\/\/hudo.com\/si\/wp-json\/wp\/v2\/users\/7"}],"replies":[{"embeddable":true,"href":"https:\/\/hudo.com\/si\/wp-json\/wp\/v2\/comments?post=424270"}],"version-history":[{"count":1,"href":"https:\/\/hudo.com\/si\/wp-json\/wp\/v2\/posts\/424270\/revisions"}],"predecessor-version":[{"id":424272,"href":"https:\/\/hudo.com\/si\/wp-json\/wp\/v2\/posts\/424270\/revisions\/424272"}],"wp:featuredmedia":[{"embeddable":true,"href":"https:\/\/hudo.com\/si\/wp-json\/wp\/v2\/media\/424271"}],"wp:attachment":[{"href":"https:\/\/hudo.com\/si\/wp-json\/wp\/v2\/media?parent=424270"}],"wp:term":[{"taxonomy":"category","embeddable":true,"href":"https:\/\/hudo.com\/si\/wp-json\/wp\/v2\/categories?post=424270"},{"taxonomy":"post_tag","embeddable":true,"href":"https:\/\/hudo.com\/si\/wp-json\/wp\/v2\/tags?post=424270"},{"taxonomy":"source","embeddable":true,"href":"https:\/\/hudo.com\/si\/wp-json\/wp\/v2\/source?post=424270"},{"taxonomy":"supertag","embeddable":true,"href":"https:\/\/hudo.com\/si\/wp-json\/wp\/v2\/supertag?post=424270"}],"curies":[{"name":"wp","href":"https:\/\/api.w.org\/{rel}","templated":true}]}}