{"id":424316,"date":"2020-05-31T09:40:29","date_gmt":"2020-05-31T07:40:29","guid":{"rendered":"http:\/\/hudo.com\/si\/?p=424316"},"modified":"2020-05-31T09:40:29","modified_gmt":"2020-05-31T07:40:29","slug":"vreme-oblacnost-se-bo-povecala-proti-veceru-na-severovzhodu-mozne-padavine","status":"publish","type":"post","link":"https:\/\/hudo.com\/si\/aktualno\/vreme-oblacnost-se-bo-povecala-proti-veceru-na-severovzhodu-mozne-padavine\/","title":{"rendered":"Vreme: Obla\u010dnost se bo pove\u010dala, proti ve\u010deru na severovzhodu mo\u017ene padavine"},"content":{"rendered":"<p>Pono\u010di bo ponekod v vzhodni in deloma srednji Sloveniji rahlo de\u017eevalo, do jutra pa se bo delno zjasnilo. Najni\u017eje jutranje temperature bodo od 8 do 13 stopinj Celzija.<\/p>\n<p>V ponedeljek bo v zahodni Sloveniji son\u010dno, drugod po deloma jasnem jutru spremenljivo, na vzhodu tudi prete\u017eno obla\u010dno. Pihal bo severni do severovzhodni veter. Najvi\u0161je dnevne temperature bodo od 17 do 21, na Gori\u0161kem in ob morju okoli 24 stopinj Celzija.<\/p>\n<p>Obeti: V torek bo delno jasno s spremenljivo obla\u010dnostjo, popoldne bo nastala kak\u0161na ploha. V sredo bo pove\u010dini son\u010dno, popoldne bodo nastale posamezne plohe ali nevihte.<\/p>\n<p>Vremenska slika: Na\u0161i kraji le\u017eijo na obrobju obse\u017enega obmo\u010dja visokega zra\u010dnega tlaka s sredi\u0161\u010dem nad Skandinavijo. Neizrazita vremenska motnja se iznad vzhodne Evrope po\u010dasi pomika proti vzhodnim Alpam. Od severovzhoda priteka k nam razmeroma hladen in ob\u010dasno tudi bolj vla\u017een zrak.<\/p>\n<p>Napoved za sosednje pokrajine: Od severovzhoda se bo danes postopno poobla\u010dilo, popoldne in zve\u010der bodo v vzhodni Avstriji, vzhodni Hrva\u0161ki in na Mad\u017earskem rahle padavine. v Ponedeljek bo sprva delno jasno, \u010dez dan pa spremenljivo obla\u010dno. Son\u010dno bo ob Jadranu.<\/p>\n<p>Biovreme: V nedeljo in v ponedeljek bo vpliv vremena na po\u010dutje ve\u010dinoma ugoden, le vremensko najbolj ob\u010dutljivi ljudje bodo imeli manj\u0161e vremensko pogojene te\u017eave.<\/p>\n","protected":false},"excerpt":{"rendered":"<p>Danes bo na Primorskem deloma jasno, drugod se bo obla\u010dnost od severa spet pove\u010dala. Proti ve\u010deru bo v severovzhodnih krajih ob\u010dasno rahlo de\u017eevalo, tam bo pihal veter severnih smeri. Najvi\u0161je dnevne temperature bodo od 15 do 19, na Primorskem do 21 stopinj Celzija, je zapisano na spletnih straneh Agencije RS za okolje.<\/p>\n","protected":false},"author":7,"featured_media":396868,"comment_status":"closed","ping_status":"closed","sticky":false,"template":"","format":"standard","meta":{"footnotes":""},"categories":[1179],"tags":[1595,2149,7416],"source":[4511],"supertag":[12922],"acf":[],"yoast_head":"<!-- This site is optimized with the Yoast SEO plugin v21.3 - https:\/\/yoast.com\/wordpress\/plugins\/seo\/ -->\n<title>Vreme: Obla\u010dnost se bo pove\u010dala, proti ve\u010deru na severovzhodu mo\u017ene padavine - Hudo Slovenija<\/title>\n<meta name=\"robots\" content=\"index, follow, max-snippet:-1, max-image-preview:large, max-video-preview:-1\" \/>\n<link rel=\"canonical\" href=\"https:\/\/hudo.com\/si\/aktualno\/vreme-oblacnost-se-bo-povecala-proti-veceru-na-severovzhodu-mozne-padavine\/\" \/>\n<meta property=\"og:locale\" content=\"sl_SI\" \/>\n<meta property=\"og:type\" content=\"article\" \/>\n<meta property=\"og:title\" content=\"Vreme: Obla\u010dnost se bo pove\u010dala, proti ve\u010deru na severovzhodu mo\u017ene padavine - Hudo Slovenija\" \/>\n<meta property=\"og:description\" content=\"Danes bo na Primorskem deloma jasno, drugod se bo obla\u010dnost od severa spet pove\u010dala. Proti ve\u010deru bo v severovzhodnih krajih ob\u010dasno rahlo de\u017eevalo, tam bo pihal veter severnih smeri. Najvi\u0161je dnevne temperature bodo od 15 do 19, na Primorskem do 21 stopinj Celzija, je zapisano na spletnih straneh Agencije RS za okolje.\" \/>\n<meta property=\"og:url\" content=\"https:\/\/hudo.com\/si\/aktualno\/vreme-oblacnost-se-bo-povecala-proti-veceru-na-severovzhodu-mozne-padavine\/\" \/>\n<meta property=\"og:site_name\" content=\"Hudo Slovenija\" \/>\n<meta property=\"article:publisher\" content=\"https:\/\/www.facebook.com\/hudo.si\" \/>\n<meta property=\"article:published_time\" content=\"2020-05-31T07:40:29+00:00\" \/>\n<meta property=\"og:image\" content=\"https:\/\/hudo.com\/si\/wp-content\/uploads\/sites\/2\/2019\/04\/profimedia-0133352579.jpg\" \/>\n\t<meta property=\"og:image:width\" content=\"1250\" \/>\n\t<meta property=\"og:image:height\" content=\"830\" \/>\n\t<meta property=\"og:image:type\" content=\"image\/jpeg\" \/>\n<meta name=\"author\" content=\"A. P., STA\" \/>\n<meta name=\"twitter:card\" content=\"summary_large_image\" \/>\n<meta name=\"twitter:creator\" content=\"@hudo_si\" \/>\n<meta name=\"twitter:site\" content=\"@hudo_si\" \/>\n<meta name=\"twitter:label1\" content=\"Written by\" \/>\n\t<meta name=\"twitter:data1\" content=\"A. P., STA\" \/>\n\t<meta name=\"twitter:label2\" content=\"Est. reading time\" \/>\n\t<meta name=\"twitter:data2\" content=\"1 minuta\" \/>\n<script type=\"application\/ld+json\" class=\"yoast-schema-graph\">{\"@context\":\"https:\/\/schema.org\",\"@graph\":[{\"@type\":\"Article\",\"@id\":\"https:\/\/hudo.com\/si\/aktualno\/vreme-oblacnost-se-bo-povecala-proti-veceru-na-severovzhodu-mozne-padavine\/#article\",\"isPartOf\":{\"@id\":\"https:\/\/hudo.com\/si\/aktualno\/vreme-oblacnost-se-bo-povecala-proti-veceru-na-severovzhodu-mozne-padavine\/\"},\"author\":{\"name\":\"A. P., STA\",\"@id\":\"https:\/\/hudo.com\/si\/#\/schema\/person\/18f09c02475ba9e606e941a565b80cff\"},\"headline\":\"Vreme: Obla\u010dnost se bo pove\u010dala, proti ve\u010deru na severovzhodu mo\u017ene padavine\",\"datePublished\":\"2020-05-31T07:40:29+00:00\",\"dateModified\":\"2020-05-31T07:40:29+00:00\",\"mainEntityOfPage\":{\"@id\":\"https:\/\/hudo.com\/si\/aktualno\/vreme-oblacnost-se-bo-povecala-proti-veceru-na-severovzhodu-mozne-padavine\/\"},\"wordCount\":242,\"publisher\":{\"@id\":\"https:\/\/hudo.com\/si\/#organization\"},\"keywords\":[\"Slovenija\",\"vreme\",\"vremenska napoved\"],\"articleSection\":[\"Aktualno\"],\"inLanguage\":\"sl-SI\"},{\"@type\":\"WebPage\",\"@id\":\"https:\/\/hudo.com\/si\/aktualno\/vreme-oblacnost-se-bo-povecala-proti-veceru-na-severovzhodu-mozne-padavine\/\",\"url\":\"https:\/\/hudo.com\/si\/aktualno\/vreme-oblacnost-se-bo-povecala-proti-veceru-na-severovzhodu-mozne-padavine\/\",\"name\":\"Vreme: Obla\u010dnost se bo pove\u010dala, proti ve\u010deru na severovzhodu mo\u017ene padavine - Hudo Slovenija\",\"isPartOf\":{\"@id\":\"https:\/\/hudo.com\/si\/#website\"},\"datePublished\":\"2020-05-31T07:40:29+00:00\",\"dateModified\":\"2020-05-31T07:40:29+00:00\",\"breadcrumb\":{\"@id\":\"https:\/\/hudo.com\/si\/aktualno\/vreme-oblacnost-se-bo-povecala-proti-veceru-na-severovzhodu-mozne-padavine\/#breadcrumb\"},\"inLanguage\":\"sl-SI\",\"potentialAction\":[{\"@type\":\"ReadAction\",\"target\":[\"https:\/\/hudo.com\/si\/aktualno\/vreme-oblacnost-se-bo-povecala-proti-veceru-na-severovzhodu-mozne-padavine\/\"]}]},{\"@type\":\"BreadcrumbList\",\"@id\":\"https:\/\/hudo.com\/si\/aktualno\/vreme-oblacnost-se-bo-povecala-proti-veceru-na-severovzhodu-mozne-padavine\/#breadcrumb\",\"itemListElement\":[{\"@type\":\"ListItem\",\"position\":1,\"name\":\"Home\",\"item\":\"https:\/\/hudo.com\/si\/\"},{\"@type\":\"ListItem\",\"position\":2,\"name\":\"Vreme: Obla\u010dnost se bo pove\u010dala, proti ve\u010deru na severovzhodu mo\u017ene padavine\"}]},{\"@type\":\"WebSite\",\"@id\":\"https:\/\/hudo.com\/si\/#website\",\"url\":\"https:\/\/hudo.com\/si\/\",\"name\":\"Hudo Slovenija\",\"description\":\"Vse novice iz Slovenije in sveta\",\"publisher\":{\"@id\":\"https:\/\/hudo.com\/si\/#organization\"},\"potentialAction\":[{\"@type\":\"SearchAction\",\"target\":{\"@type\":\"EntryPoint\",\"urlTemplate\":\"https:\/\/hudo.com\/si\/?s={search_term_string}\"},\"query-input\":\"required name=search_term_string\"}],\"inLanguage\":\"sl-SI\"},{\"@type\":\"Organization\",\"@id\":\"https:\/\/hudo.com\/si\/#organization\",\"name\":\"VSN Media\",\"url\":\"https:\/\/hudo.com\/si\/\",\"logo\":{\"@type\":\"ImageObject\",\"inLanguage\":\"sl-SI\",\"@id\":\"https:\/\/hudo.com\/si\/#\/schema\/logo\/image\/\",\"url\":\"https:\/\/hudo.com\/si\/wp-content\/uploads\/sites\/2\/2021\/03\/hudo-app-2.png\",\"contentUrl\":\"https:\/\/hudo.com\/si\/wp-content\/uploads\/sites\/2\/2021\/03\/hudo-app-2.png\",\"width\":2185,\"height\":2167,\"caption\":\"VSN Media\"},\"image\":{\"@id\":\"https:\/\/hudo.com\/si\/#\/schema\/logo\/image\/\"},\"sameAs\":[\"https:\/\/www.facebook.com\/hudo.si\",\"https:\/\/twitter.com\/hudo_si\"]},{\"@type\":\"Person\",\"@id\":\"https:\/\/hudo.com\/si\/#\/schema\/person\/18f09c02475ba9e606e941a565b80cff\",\"name\":\"A. P., STA\",\"image\":{\"@type\":\"ImageObject\",\"inLanguage\":\"sl-SI\",\"@id\":\"https:\/\/hudo.com\/si\/#\/schema\/person\/image\/\",\"url\":\"https:\/\/secure.gravatar.com\/avatar\/03eac8e609f5f04383125d80eaeaaf3e?s=96&d=mm&r=g\",\"contentUrl\":\"https:\/\/secure.gravatar.com\/avatar\/03eac8e609f5f04383125d80eaeaaf3e?s=96&d=mm&r=g\",\"caption\":\"A. P., STA\"},\"url\":\"https:\/\/hudo.com\/si\/author\/lubu\/\"}]}<\/script>\n<!-- \/ Yoast SEO plugin. -->","yoast_head_json":{"title":"Vreme: Obla\u010dnost se bo pove\u010dala, proti ve\u010deru na severovzhodu mo\u017ene padavine - Hudo Slovenija","robots":{"index":"index","follow":"follow","max-snippet":"max-snippet:-1","max-image-preview":"max-image-preview:large","max-video-preview":"max-video-preview:-1"},"canonical":"https:\/\/hudo.com\/si\/aktualno\/vreme-oblacnost-se-bo-povecala-proti-veceru-na-severovzhodu-mozne-padavine\/","og_locale":"sl_SI","og_type":"article","og_title":"Vreme: Obla\u010dnost se bo pove\u010dala, proti ve\u010deru na severovzhodu mo\u017ene padavine - Hudo Slovenija","og_description":"Danes bo na Primorskem deloma jasno, drugod se bo obla\u010dnost od severa spet pove\u010dala. Proti ve\u010deru bo v severovzhodnih krajih ob\u010dasno rahlo de\u017eevalo, tam bo pihal veter severnih smeri. Najvi\u0161je dnevne temperature bodo od 15 do 19, na Primorskem do 21 stopinj Celzija, je zapisano na spletnih straneh Agencije RS za okolje.","og_url":"https:\/\/hudo.com\/si\/aktualno\/vreme-oblacnost-se-bo-povecala-proti-veceru-na-severovzhodu-mozne-padavine\/","og_site_name":"Hudo Slovenija","article_publisher":"https:\/\/www.facebook.com\/hudo.si","article_published_time":"2020-05-31T07:40:29+00:00","og_image":[{"width":1250,"height":830,"url":"https:\/\/hudo.com\/si\/wp-content\/uploads\/sites\/2\/2019\/04\/profimedia-0133352579.jpg","type":"image\/jpeg"}],"author":"A. P., STA","twitter_card":"summary_large_image","twitter_creator":"@hudo_si","twitter_site":"@hudo_si","twitter_misc":{"Written by":"A. P., STA","Est. reading time":"1 minuta"},"schema":{"@context":"https:\/\/schema.org","@graph":[{"@type":"Article","@id":"https:\/\/hudo.com\/si\/aktualno\/vreme-oblacnost-se-bo-povecala-proti-veceru-na-severovzhodu-mozne-padavine\/#article","isPartOf":{"@id":"https:\/\/hudo.com\/si\/aktualno\/vreme-oblacnost-se-bo-povecala-proti-veceru-na-severovzhodu-mozne-padavine\/"},"author":{"name":"A. P., STA","@id":"https:\/\/hudo.com\/si\/#\/schema\/person\/18f09c02475ba9e606e941a565b80cff"},"headline":"Vreme: Obla\u010dnost se bo pove\u010dala, proti ve\u010deru na severovzhodu mo\u017ene padavine","datePublished":"2020-05-31T07:40:29+00:00","dateModified":"2020-05-31T07:40:29+00:00","mainEntityOfPage":{"@id":"https:\/\/hudo.com\/si\/aktualno\/vreme-oblacnost-se-bo-povecala-proti-veceru-na-severovzhodu-mozne-padavine\/"},"wordCount":242,"publisher":{"@id":"https:\/\/hudo.com\/si\/#organization"},"keywords":["Slovenija","vreme","vremenska napoved"],"articleSection":["Aktualno"],"inLanguage":"sl-SI"},{"@type":"WebPage","@id":"https:\/\/hudo.com\/si\/aktualno\/vreme-oblacnost-se-bo-povecala-proti-veceru-na-severovzhodu-mozne-padavine\/","url":"https:\/\/hudo.com\/si\/aktualno\/vreme-oblacnost-se-bo-povecala-proti-veceru-na-severovzhodu-mozne-padavine\/","name":"Vreme: Obla\u010dnost se bo pove\u010dala, proti ve\u010deru na severovzhodu mo\u017ene padavine - Hudo Slovenija","isPartOf":{"@id":"https:\/\/hudo.com\/si\/#website"},"datePublished":"2020-05-31T07:40:29+00:00","dateModified":"2020-05-31T07:40:29+00:00","breadcrumb":{"@id":"https:\/\/hudo.com\/si\/aktualno\/vreme-oblacnost-se-bo-povecala-proti-veceru-na-severovzhodu-mozne-padavine\/#breadcrumb"},"inLanguage":"sl-SI","potentialAction":[{"@type":"ReadAction","target":["https:\/\/hudo.com\/si\/aktualno\/vreme-oblacnost-se-bo-povecala-proti-veceru-na-severovzhodu-mozne-padavine\/"]}]},{"@type":"BreadcrumbList","@id":"https:\/\/hudo.com\/si\/aktualno\/vreme-oblacnost-se-bo-povecala-proti-veceru-na-severovzhodu-mozne-padavine\/#breadcrumb","itemListElement":[{"@type":"ListItem","position":1,"name":"Home","item":"https:\/\/hudo.com\/si\/"},{"@type":"ListItem","position":2,"name":"Vreme: Obla\u010dnost se bo pove\u010dala, proti ve\u010deru na severovzhodu mo\u017ene padavine"}]},{"@type":"WebSite","@id":"https:\/\/hudo.com\/si\/#website","url":"https:\/\/hudo.com\/si\/","name":"Hudo Slovenija","description":"Vse novice iz Slovenije in sveta","publisher":{"@id":"https:\/\/hudo.com\/si\/#organization"},"potentialAction":[{"@type":"SearchAction","target":{"@type":"EntryPoint","urlTemplate":"https:\/\/hudo.com\/si\/?s={search_term_string}"},"query-input":"required name=search_term_string"}],"inLanguage":"sl-SI"},{"@type":"Organization","@id":"https:\/\/hudo.com\/si\/#organization","name":"VSN Media","url":"https:\/\/hudo.com\/si\/","logo":{"@type":"ImageObject","inLanguage":"sl-SI","@id":"https:\/\/hudo.com\/si\/#\/schema\/logo\/image\/","url":"https:\/\/hudo.com\/si\/wp-content\/uploads\/sites\/2\/2021\/03\/hudo-app-2.png","contentUrl":"https:\/\/hudo.com\/si\/wp-content\/uploads\/sites\/2\/2021\/03\/hudo-app-2.png","width":2185,"height":2167,"caption":"VSN Media"},"image":{"@id":"https:\/\/hudo.com\/si\/#\/schema\/logo\/image\/"},"sameAs":["https:\/\/www.facebook.com\/hudo.si","https:\/\/twitter.com\/hudo_si"]},{"@type":"Person","@id":"https:\/\/hudo.com\/si\/#\/schema\/person\/18f09c02475ba9e606e941a565b80cff","name":"A. P., STA","image":{"@type":"ImageObject","inLanguage":"sl-SI","@id":"https:\/\/hudo.com\/si\/#\/schema\/person\/image\/","url":"https:\/\/secure.gravatar.com\/avatar\/03eac8e609f5f04383125d80eaeaaf3e?s=96&d=mm&r=g","contentUrl":"https:\/\/secure.gravatar.com\/avatar\/03eac8e609f5f04383125d80eaeaaf3e?s=96&d=mm&r=g","caption":"A. P., STA"},"url":"https:\/\/hudo.com\/si\/author\/lubu\/"}]}},"amp_enabled":true,"_links":{"self":[{"href":"https:\/\/hudo.com\/si\/wp-json\/wp\/v2\/posts\/424316"}],"collection":[{"href":"https:\/\/hudo.com\/si\/wp-json\/wp\/v2\/posts"}],"about":[{"href":"https:\/\/hudo.com\/si\/wp-json\/wp\/v2\/types\/post"}],"author":[{"embeddable":true,"href":"https:\/\/hudo.com\/si\/wp-json\/wp\/v2\/users\/7"}],"replies":[{"embeddable":true,"href":"https:\/\/hudo.com\/si\/wp-json\/wp\/v2\/comments?post=424316"}],"version-history":[{"count":1,"href":"https:\/\/hudo.com\/si\/wp-json\/wp\/v2\/posts\/424316\/revisions"}],"predecessor-version":[{"id":424317,"href":"https:\/\/hudo.com\/si\/wp-json\/wp\/v2\/posts\/424316\/revisions\/424317"}],"wp:featuredmedia":[{"embeddable":true,"href":"https:\/\/hudo.com\/si\/wp-json\/wp\/v2\/media\/396868"}],"wp:attachment":[{"href":"https:\/\/hudo.com\/si\/wp-json\/wp\/v2\/media?parent=424316"}],"wp:term":[{"taxonomy":"category","embeddable":true,"href":"https:\/\/hudo.com\/si\/wp-json\/wp\/v2\/categories?post=424316"},{"taxonomy":"post_tag","embeddable":true,"href":"https:\/\/hudo.com\/si\/wp-json\/wp\/v2\/tags?post=424316"},{"taxonomy":"source","embeddable":true,"href":"https:\/\/hudo.com\/si\/wp-json\/wp\/v2\/source?post=424316"},{"taxonomy":"supertag","embeddable":true,"href":"https:\/\/hudo.com\/si\/wp-json\/wp\/v2\/supertag?post=424316"}],"curies":[{"name":"wp","href":"https:\/\/api.w.org\/{rel}","templated":true}]}}