{"id":424328,"date":"2020-05-31T15:56:43","date_gmt":"2020-05-31T13:56:43","guid":{"rendered":"http:\/\/hudo.com\/si\/?p=424328"},"modified":"2020-05-31T15:56:43","modified_gmt":"2020-05-31T13:56:43","slug":"sprostitev-javnih-prireditev-200-ljudi-ne-bo-resila-kulture","status":"publish","type":"post","link":"https:\/\/hudo.com\/si\/aktualno\/sprostitev-javnih-prireditev-200-ljudi-ne-bo-resila-kulture\/","title":{"rendered":"Sprostitev javnih prireditev do 200 ljudi ne bo re\u0161ila kulture"},"content":{"rendered":"<p>Kot je za STA ocenil Koren\u010dan, tudi direktor Lutkovnega gledali\u0161\u010da Ljubljana, kjer so \u017ee minuli konec tedna pripravili prvo predstavo, bo ukrep ob upo\u0161tevanju varnostne razdalje dobrodo\u0161el za ve\u010dje prireditvene prostore in za zunanja prizori\u0161\u010da.<\/p>\n<p>Za manj\u0161e prireditvene prostore pa po njegovem mnenju ta ukrep ne pomeni veliko. Zaradi razred\u010dene kapacitete ljudi, ki jo prina\u0161a varnostna razdalja, bo dvorana z na primer 200 gledalci lahko sprejela 40 ljudi. Povpre\u010dne dvorane v Sloveniji so po njegovih besedah zelo podobne temu, po njegovih besedah &#8220;avstroogrskemu tipu kulturnega doma ali gledali\u0161ke dvorane&#8221;.<\/p>\n<p>Kot so ugotavljali direktorji v kolegiju in tudi direktorji drugih prizori\u0161\u010d, recimo koncertnih, pa tudi v kinodvoranah po Koren\u010danovih besedah ni zelo druga\u010de, se z varnostno razdaljo 1,5 metra zmanj\u0161a prostorska kapaciteta v povpre\u010dju na tretjino obstoje\u010dih kapacitet, ponekod \u0161e za ve\u010d.<\/p>\n<p>&#8220;Prav v lutkovnem gledali\u0161\u010du imamo te\u017eavo, ker je bila notranja oprema delana za otroke in so sede\u017ei bolj na gosto, to pa pomeni, da distanca 1,5 metra pobere \u0161e ve\u010d sede\u017eev,&#8221; je ponazoril Koren\u010dan.<\/p>\n<p>Podobnega mnenja so v Gospodarsko interesnem zdru\u017eenju koncertnih organizatorjev Slovenije. Kot je za STA povedal \u010dlan Mitja Prezelj, ve\u010dina manj\u0161ih koncertov ni rentabilnih niti v normalnih pogojih, zato za zasebni sektor omejitev \u0161tevila obiskovalcev predstavlja enak problem kot popolna prepoved. &#8220;Koncerti bodo finan\u010dno vzdr\u017eni \u0161ele, ko bodo odpravljene vse omejitve,&#8221; je dodal.<\/p>\n<p>Vlada je ukrep o za\u010dasni splo\u0161ni omejitvi zbiranja ljudi na javnih krajih in mestih spremenila v \u010detrtek. Kot je na Facebooku \u0161e zapisalo ministrstvo za kulturo, pa bo \u0161e vedno treba spo\u0161tovati varnostne ukrepe za prepre\u010devanje prenosa oku\u017ebe z virusom.<\/p>\n<p>Za prepre\u010devanje \u0161irjenja oku\u017ebe v kinih in gledali\u0161\u010dih \u0161e naprej veljajo higienska priporo\u010dila, ki jih je Nacionalni in\u0161titut za javno zdravje (NIJZ) pripravil, ko je vlada sprostila prireditve do najve\u010d 50 oseb.<\/p>\n<p>Tako bo \u0161e naprej veljalo, da morajo biti zaposleni in obiskovalci brez znakov oku\u017ebe dihal, da naj upo\u0161tevajo zadostno medosebno razdaljo vsaj 1,5 oziroma dva metra ter da naj nosijo masko, pi\u0161e v priporo\u010dilih, ki so objavljena na spletni strani NIJZ.<\/p>\n","protected":false},"excerpt":{"rendered":"<p>Po odlo\u010ditvi vlade bodo od ponedeljka dalje dovoljene javne prireditve do 200 oseb. Kot je na Facebooku zapisalo ministrstvo za kulturo, bo to pomenilo veliko olaj\u0161anje za gledali\u0161\u010da in kinematografe. Predsednik Kolegija slovenskih gledali\u0161\u010d Uro\u0161 Koren\u010dan meni, da ta ukrep za povpre\u010dne dvorane ni veliko, \u010de bo \u0161e naprej potrebna varnostna razdalja.<\/p>\n","protected":false},"author":7,"featured_media":424329,"comment_status":"closed","ping_status":"closed","sticky":false,"template":"","format":"standard","meta":{"footnotes":""},"categories":[1179],"tags":[15877,4865,1595],"source":[4511],"supertag":[],"acf":[],"yoast_head":"<!-- This site is optimized with the Yoast SEO plugin v21.3 - https:\/\/yoast.com\/wordpress\/plugins\/seo\/ -->\n<title>Sprostitev javnih prireditev do 200 ljudi ne bo re\u0161ila kulture - Hudo Slovenija<\/title>\n<meta name=\"robots\" content=\"index, follow, max-snippet:-1, max-image-preview:large, max-video-preview:-1\" \/>\n<link rel=\"canonical\" href=\"https:\/\/hudo.com\/si\/aktualno\/sprostitev-javnih-prireditev-200-ljudi-ne-bo-resila-kulture\/\" \/>\n<meta property=\"og:locale\" content=\"sl_SI\" \/>\n<meta property=\"og:type\" content=\"article\" \/>\n<meta property=\"og:title\" content=\"Sprostitev javnih prireditev do 200 ljudi ne bo re\u0161ila kulture - Hudo Slovenija\" \/>\n<meta property=\"og:description\" content=\"Po odlo\u010ditvi vlade bodo od ponedeljka dalje dovoljene javne prireditve do 200 oseb. Kot je na Facebooku zapisalo ministrstvo za kulturo, bo to pomenilo veliko olaj\u0161anje za gledali\u0161\u010da in kinematografe. Predsednik Kolegija slovenskih gledali\u0161\u010d Uro\u0161 Koren\u010dan meni, da ta ukrep za povpre\u010dne dvorane ni veliko, \u010de bo \u0161e naprej potrebna varnostna razdalja.\" \/>\n<meta property=\"og:url\" content=\"https:\/\/hudo.com\/si\/aktualno\/sprostitev-javnih-prireditev-200-ljudi-ne-bo-resila-kulture\/\" \/>\n<meta property=\"og:site_name\" content=\"Hudo Slovenija\" \/>\n<meta property=\"article:publisher\" content=\"https:\/\/www.facebook.com\/hudo.si\" \/>\n<meta property=\"article:published_time\" content=\"2020-05-31T13:56:43+00:00\" \/>\n<meta property=\"og:image\" content=\"https:\/\/hudo.com\/si\/wp-content\/uploads\/sites\/2\/2020\/05\/profimedia-0177966577.jpg\" \/>\n\t<meta property=\"og:image:width\" content=\"1250\" \/>\n\t<meta property=\"og:image:height\" content=\"833\" \/>\n\t<meta property=\"og:image:type\" content=\"image\/jpeg\" \/>\n<meta name=\"author\" content=\"A. P., STA\" \/>\n<meta name=\"twitter:card\" content=\"summary_large_image\" \/>\n<meta name=\"twitter:creator\" content=\"@hudo_si\" \/>\n<meta name=\"twitter:site\" content=\"@hudo_si\" \/>\n<meta name=\"twitter:label1\" content=\"Written by\" \/>\n\t<meta name=\"twitter:data1\" content=\"A. P., STA\" \/>\n\t<meta name=\"twitter:label2\" content=\"Est. reading time\" \/>\n\t<meta name=\"twitter:data2\" content=\"2 minuti\" \/>\n<script type=\"application\/ld+json\" class=\"yoast-schema-graph\">{\"@context\":\"https:\/\/schema.org\",\"@graph\":[{\"@type\":\"Article\",\"@id\":\"https:\/\/hudo.com\/si\/aktualno\/sprostitev-javnih-prireditev-200-ljudi-ne-bo-resila-kulture\/#article\",\"isPartOf\":{\"@id\":\"https:\/\/hudo.com\/si\/aktualno\/sprostitev-javnih-prireditev-200-ljudi-ne-bo-resila-kulture\/\"},\"author\":{\"name\":\"A. P., STA\",\"@id\":\"https:\/\/hudo.com\/si\/#\/schema\/person\/18f09c02475ba9e606e941a565b80cff\"},\"headline\":\"Sprostitev javnih prireditev do 200 ljudi ne bo re\u0161ila kulture\",\"datePublished\":\"2020-05-31T13:56:43+00:00\",\"dateModified\":\"2020-05-31T13:56:43+00:00\",\"mainEntityOfPage\":{\"@id\":\"https:\/\/hudo.com\/si\/aktualno\/sprostitev-javnih-prireditev-200-ljudi-ne-bo-resila-kulture\/\"},\"wordCount\":374,\"publisher\":{\"@id\":\"https:\/\/hudo.com\/si\/#organization\"},\"keywords\":[\"koronavirus v sloveniji\",\"kultura\",\"Slovenija\"],\"articleSection\":[\"Aktualno\"],\"inLanguage\":\"sl-SI\"},{\"@type\":\"WebPage\",\"@id\":\"https:\/\/hudo.com\/si\/aktualno\/sprostitev-javnih-prireditev-200-ljudi-ne-bo-resila-kulture\/\",\"url\":\"https:\/\/hudo.com\/si\/aktualno\/sprostitev-javnih-prireditev-200-ljudi-ne-bo-resila-kulture\/\",\"name\":\"Sprostitev javnih prireditev do 200 ljudi ne bo re\u0161ila kulture - Hudo Slovenija\",\"isPartOf\":{\"@id\":\"https:\/\/hudo.com\/si\/#website\"},\"datePublished\":\"2020-05-31T13:56:43+00:00\",\"dateModified\":\"2020-05-31T13:56:43+00:00\",\"breadcrumb\":{\"@id\":\"https:\/\/hudo.com\/si\/aktualno\/sprostitev-javnih-prireditev-200-ljudi-ne-bo-resila-kulture\/#breadcrumb\"},\"inLanguage\":\"sl-SI\",\"potentialAction\":[{\"@type\":\"ReadAction\",\"target\":[\"https:\/\/hudo.com\/si\/aktualno\/sprostitev-javnih-prireditev-200-ljudi-ne-bo-resila-kulture\/\"]}]},{\"@type\":\"BreadcrumbList\",\"@id\":\"https:\/\/hudo.com\/si\/aktualno\/sprostitev-javnih-prireditev-200-ljudi-ne-bo-resila-kulture\/#breadcrumb\",\"itemListElement\":[{\"@type\":\"ListItem\",\"position\":1,\"name\":\"Home\",\"item\":\"https:\/\/hudo.com\/si\/\"},{\"@type\":\"ListItem\",\"position\":2,\"name\":\"Sprostitev javnih prireditev do 200 ljudi ne bo re\u0161ila kulture\"}]},{\"@type\":\"WebSite\",\"@id\":\"https:\/\/hudo.com\/si\/#website\",\"url\":\"https:\/\/hudo.com\/si\/\",\"name\":\"Hudo Slovenija\",\"description\":\"Vse novice iz Slovenije in sveta\",\"publisher\":{\"@id\":\"https:\/\/hudo.com\/si\/#organization\"},\"potentialAction\":[{\"@type\":\"SearchAction\",\"target\":{\"@type\":\"EntryPoint\",\"urlTemplate\":\"https:\/\/hudo.com\/si\/?s={search_term_string}\"},\"query-input\":\"required name=search_term_string\"}],\"inLanguage\":\"sl-SI\"},{\"@type\":\"Organization\",\"@id\":\"https:\/\/hudo.com\/si\/#organization\",\"name\":\"VSN Media\",\"url\":\"https:\/\/hudo.com\/si\/\",\"logo\":{\"@type\":\"ImageObject\",\"inLanguage\":\"sl-SI\",\"@id\":\"https:\/\/hudo.com\/si\/#\/schema\/logo\/image\/\",\"url\":\"https:\/\/hudo.com\/si\/wp-content\/uploads\/sites\/2\/2021\/03\/hudo-app-2.png\",\"contentUrl\":\"https:\/\/hudo.com\/si\/wp-content\/uploads\/sites\/2\/2021\/03\/hudo-app-2.png\",\"width\":2185,\"height\":2167,\"caption\":\"VSN Media\"},\"image\":{\"@id\":\"https:\/\/hudo.com\/si\/#\/schema\/logo\/image\/\"},\"sameAs\":[\"https:\/\/www.facebook.com\/hudo.si\",\"https:\/\/twitter.com\/hudo_si\"]},{\"@type\":\"Person\",\"@id\":\"https:\/\/hudo.com\/si\/#\/schema\/person\/18f09c02475ba9e606e941a565b80cff\",\"name\":\"A. P., STA\",\"image\":{\"@type\":\"ImageObject\",\"inLanguage\":\"sl-SI\",\"@id\":\"https:\/\/hudo.com\/si\/#\/schema\/person\/image\/\",\"url\":\"https:\/\/secure.gravatar.com\/avatar\/03eac8e609f5f04383125d80eaeaaf3e?s=96&d=mm&r=g\",\"contentUrl\":\"https:\/\/secure.gravatar.com\/avatar\/03eac8e609f5f04383125d80eaeaaf3e?s=96&d=mm&r=g\",\"caption\":\"A. P., STA\"},\"url\":\"https:\/\/hudo.com\/si\/author\/lubu\/\"}]}<\/script>\n<!-- \/ Yoast SEO plugin. -->","yoast_head_json":{"title":"Sprostitev javnih prireditev do 200 ljudi ne bo re\u0161ila kulture - Hudo Slovenija","robots":{"index":"index","follow":"follow","max-snippet":"max-snippet:-1","max-image-preview":"max-image-preview:large","max-video-preview":"max-video-preview:-1"},"canonical":"https:\/\/hudo.com\/si\/aktualno\/sprostitev-javnih-prireditev-200-ljudi-ne-bo-resila-kulture\/","og_locale":"sl_SI","og_type":"article","og_title":"Sprostitev javnih prireditev do 200 ljudi ne bo re\u0161ila kulture - Hudo Slovenija","og_description":"Po odlo\u010ditvi vlade bodo od ponedeljka dalje dovoljene javne prireditve do 200 oseb. Kot je na Facebooku zapisalo ministrstvo za kulturo, bo to pomenilo veliko olaj\u0161anje za gledali\u0161\u010da in kinematografe. Predsednik Kolegija slovenskih gledali\u0161\u010d Uro\u0161 Koren\u010dan meni, da ta ukrep za povpre\u010dne dvorane ni veliko, \u010de bo \u0161e naprej potrebna varnostna razdalja.","og_url":"https:\/\/hudo.com\/si\/aktualno\/sprostitev-javnih-prireditev-200-ljudi-ne-bo-resila-kulture\/","og_site_name":"Hudo Slovenija","article_publisher":"https:\/\/www.facebook.com\/hudo.si","article_published_time":"2020-05-31T13:56:43+00:00","og_image":[{"width":1250,"height":833,"url":"https:\/\/hudo.com\/si\/wp-content\/uploads\/sites\/2\/2020\/05\/profimedia-0177966577.jpg","type":"image\/jpeg"}],"author":"A. P., STA","twitter_card":"summary_large_image","twitter_creator":"@hudo_si","twitter_site":"@hudo_si","twitter_misc":{"Written by":"A. P., STA","Est. reading time":"2 minuti"},"schema":{"@context":"https:\/\/schema.org","@graph":[{"@type":"Article","@id":"https:\/\/hudo.com\/si\/aktualno\/sprostitev-javnih-prireditev-200-ljudi-ne-bo-resila-kulture\/#article","isPartOf":{"@id":"https:\/\/hudo.com\/si\/aktualno\/sprostitev-javnih-prireditev-200-ljudi-ne-bo-resila-kulture\/"},"author":{"name":"A. P., STA","@id":"https:\/\/hudo.com\/si\/#\/schema\/person\/18f09c02475ba9e606e941a565b80cff"},"headline":"Sprostitev javnih prireditev do 200 ljudi ne bo re\u0161ila kulture","datePublished":"2020-05-31T13:56:43+00:00","dateModified":"2020-05-31T13:56:43+00:00","mainEntityOfPage":{"@id":"https:\/\/hudo.com\/si\/aktualno\/sprostitev-javnih-prireditev-200-ljudi-ne-bo-resila-kulture\/"},"wordCount":374,"publisher":{"@id":"https:\/\/hudo.com\/si\/#organization"},"keywords":["koronavirus v sloveniji","kultura","Slovenija"],"articleSection":["Aktualno"],"inLanguage":"sl-SI"},{"@type":"WebPage","@id":"https:\/\/hudo.com\/si\/aktualno\/sprostitev-javnih-prireditev-200-ljudi-ne-bo-resila-kulture\/","url":"https:\/\/hudo.com\/si\/aktualno\/sprostitev-javnih-prireditev-200-ljudi-ne-bo-resila-kulture\/","name":"Sprostitev javnih prireditev do 200 ljudi ne bo re\u0161ila kulture - Hudo Slovenija","isPartOf":{"@id":"https:\/\/hudo.com\/si\/#website"},"datePublished":"2020-05-31T13:56:43+00:00","dateModified":"2020-05-31T13:56:43+00:00","breadcrumb":{"@id":"https:\/\/hudo.com\/si\/aktualno\/sprostitev-javnih-prireditev-200-ljudi-ne-bo-resila-kulture\/#breadcrumb"},"inLanguage":"sl-SI","potentialAction":[{"@type":"ReadAction","target":["https:\/\/hudo.com\/si\/aktualno\/sprostitev-javnih-prireditev-200-ljudi-ne-bo-resila-kulture\/"]}]},{"@type":"BreadcrumbList","@id":"https:\/\/hudo.com\/si\/aktualno\/sprostitev-javnih-prireditev-200-ljudi-ne-bo-resila-kulture\/#breadcrumb","itemListElement":[{"@type":"ListItem","position":1,"name":"Home","item":"https:\/\/hudo.com\/si\/"},{"@type":"ListItem","position":2,"name":"Sprostitev javnih prireditev do 200 ljudi ne bo re\u0161ila kulture"}]},{"@type":"WebSite","@id":"https:\/\/hudo.com\/si\/#website","url":"https:\/\/hudo.com\/si\/","name":"Hudo Slovenija","description":"Vse novice iz Slovenije in sveta","publisher":{"@id":"https:\/\/hudo.com\/si\/#organization"},"potentialAction":[{"@type":"SearchAction","target":{"@type":"EntryPoint","urlTemplate":"https:\/\/hudo.com\/si\/?s={search_term_string}"},"query-input":"required name=search_term_string"}],"inLanguage":"sl-SI"},{"@type":"Organization","@id":"https:\/\/hudo.com\/si\/#organization","name":"VSN Media","url":"https:\/\/hudo.com\/si\/","logo":{"@type":"ImageObject","inLanguage":"sl-SI","@id":"https:\/\/hudo.com\/si\/#\/schema\/logo\/image\/","url":"https:\/\/hudo.com\/si\/wp-content\/uploads\/sites\/2\/2021\/03\/hudo-app-2.png","contentUrl":"https:\/\/hudo.com\/si\/wp-content\/uploads\/sites\/2\/2021\/03\/hudo-app-2.png","width":2185,"height":2167,"caption":"VSN Media"},"image":{"@id":"https:\/\/hudo.com\/si\/#\/schema\/logo\/image\/"},"sameAs":["https:\/\/www.facebook.com\/hudo.si","https:\/\/twitter.com\/hudo_si"]},{"@type":"Person","@id":"https:\/\/hudo.com\/si\/#\/schema\/person\/18f09c02475ba9e606e941a565b80cff","name":"A. P., STA","image":{"@type":"ImageObject","inLanguage":"sl-SI","@id":"https:\/\/hudo.com\/si\/#\/schema\/person\/image\/","url":"https:\/\/secure.gravatar.com\/avatar\/03eac8e609f5f04383125d80eaeaaf3e?s=96&d=mm&r=g","contentUrl":"https:\/\/secure.gravatar.com\/avatar\/03eac8e609f5f04383125d80eaeaaf3e?s=96&d=mm&r=g","caption":"A. P., STA"},"url":"https:\/\/hudo.com\/si\/author\/lubu\/"}]}},"amp_enabled":true,"_links":{"self":[{"href":"https:\/\/hudo.com\/si\/wp-json\/wp\/v2\/posts\/424328"}],"collection":[{"href":"https:\/\/hudo.com\/si\/wp-json\/wp\/v2\/posts"}],"about":[{"href":"https:\/\/hudo.com\/si\/wp-json\/wp\/v2\/types\/post"}],"author":[{"embeddable":true,"href":"https:\/\/hudo.com\/si\/wp-json\/wp\/v2\/users\/7"}],"replies":[{"embeddable":true,"href":"https:\/\/hudo.com\/si\/wp-json\/wp\/v2\/comments?post=424328"}],"version-history":[{"count":1,"href":"https:\/\/hudo.com\/si\/wp-json\/wp\/v2\/posts\/424328\/revisions"}],"predecessor-version":[{"id":424330,"href":"https:\/\/hudo.com\/si\/wp-json\/wp\/v2\/posts\/424328\/revisions\/424330"}],"wp:featuredmedia":[{"embeddable":true,"href":"https:\/\/hudo.com\/si\/wp-json\/wp\/v2\/media\/424329"}],"wp:attachment":[{"href":"https:\/\/hudo.com\/si\/wp-json\/wp\/v2\/media?parent=424328"}],"wp:term":[{"taxonomy":"category","embeddable":true,"href":"https:\/\/hudo.com\/si\/wp-json\/wp\/v2\/categories?post=424328"},{"taxonomy":"post_tag","embeddable":true,"href":"https:\/\/hudo.com\/si\/wp-json\/wp\/v2\/tags?post=424328"},{"taxonomy":"source","embeddable":true,"href":"https:\/\/hudo.com\/si\/wp-json\/wp\/v2\/source?post=424328"},{"taxonomy":"supertag","embeddable":true,"href":"https:\/\/hudo.com\/si\/wp-json\/wp\/v2\/supertag?post=424328"}],"curies":[{"name":"wp","href":"https:\/\/api.w.org\/{rel}","templated":true}]}}