{"id":424380,"date":"2020-06-01T09:10:33","date_gmt":"2020-06-01T07:10:33","guid":{"rendered":"https:\/\/hudo.com\/si\/2020\/06\/01\/ste-vedeli-da-ima-lady-gaga-novega-fanta\/"},"modified":"2020-06-01T09:10:33","modified_gmt":"2020-06-01T07:10:33","slug":"ste-vedeli-da-ima-lady-gaga-novega-fanta","status":"publish","type":"post","link":"https:\/\/hudo.com\/si\/vip\/ste-vedeli-da-ima-lady-gaga-novega-fanta\/","title":{"rendered":"Ste vedeli, da ima Lady Gaga novega fanta?"},"content":{"rendered":"<blockquote class=\"instagram-media\">\n<div style=\"padding:16px\"> <a href=\"https:\/\/www.instagram.com\/p\/B9YUHwMl1fk\/?utm_source=ig_embed&amp;utm_campaign=loading\" style=\"background:#FFFFFF;line-height:0;padding:0 0;text-align:center;text-decoration:none;width:100%\" target=\"_blank\"> <\/p>\n<div>\n<div style=\"background-color: #F4F4F4;height: 40px;margin-right: 14px;width: 40px\"><\/div>\n<div>\n<div style=\"background-color: #F4F4F4;height: 14px;margin-bottom: 6px;width: 100px\"><\/div>\n<div style=\"background-color: #F4F4F4;height: 14px;width: 60px\"><\/div>\n<\/div>\n<\/div>\n<div style=\"padding: 19% 0\"><\/div>\n<div style=\"height:50px;margin:0 auto 12px;width:50px\"><\/div>\n<div style=\"padding-top: 8px\">\n<div style=\"color:#3897f0;font-family:Arial,sans-serif;font-size:14px;font-style:normal;font-weight:550;line-height:18px\"> View this post on Instagram<\/div>\n<\/div>\n<div style=\"padding: 12.5% 0\"><\/div>\n<div style=\"margin-bottom: 14px\">\n<div>\n<div><\/div>\n<div><\/div>\n<div><\/div>\n<\/div>\n<div style=\"margin-left: 8px\">\n<div style=\"background-color: #F4F4F4;height: 20px;width: 20px\"><\/div>\n<div><\/div>\n<\/div>\n<div style=\"margin-left: auto\">\n<div><\/div>\n<div><\/div>\n<div><\/div>\n<\/div>\n<\/div>\n<p><\/a> <\/p>\n<p style=\"margin:8px 0 0 0;padding:0 4px\"> <a href=\"https:\/\/www.instagram.com\/p\/B9YUHwMl1fk\/?utm_source=ig_embed&amp;utm_campaign=loading\" style=\"color:#000;font-family:Arial,sans-serif;font-size:14px;font-style:normal;font-weight:normal;line-height:17px;text-decoration:none\" target=\"_blank\">I\u2019ve got a STUPID love<img decoding=\"async\" src=\"https:\/\/s.w.org\/images\/core\/emoji\/2.2.1\/72x72\/1f495.png\" alt=\" \" class=\"wp-smiley\" style=\"height: 1em;max-height: 1em\" \/><\/a><\/p>\n<p style=\"color:#c9c8cd;font-family:Arial,sans-serif;font-size:14px;line-height:17px;margin-bottom:0;margin-top:8px;overflow:hidden;padding:8px 0 7px;text-align:center\">A post shared by <a href=\"https:\/\/www.instagram.com\/ladygaga\/?utm_source=ig_embed&amp;utm_campaign=loading\" style=\"color:#c9c8cd;font-family:Arial,sans-serif;font-size:14px;font-style:normal;font-weight:normal;line-height:17px\" target=\"_blank\"> Lady Gaga<\/a> (@ladygaga) on Mar 5, 2020 at 9:08pm PST<\/p>\n<\/div>\n<\/blockquote>\n<p>V \u017eivljenju Lady Gaga je nov mo\u0161ki. Po tem ko je lani preklicala zaroko s Christianom Carino, in po tem ko se je vmes na kratko dobivala z Danom Hortonom, je leto 2020 za\u010dela z novo zvezo, tokrat s podjetnikom Michaelom Polanskyjem. Novico o novi zvezi je Gaga sicer potrdila \u017ee pred \u010dasom, ko je na instagramu objavila skupno iz Miamija, kjer sta si skupaj ogledala Super Bowl.<\/p>\n<blockquote class=\"instagram-media\">\n<div style=\"padding:16px\"> <a href=\"https:\/\/www.instagram.com\/p\/B8HwxhuFmQg\/?utm_source=ig_embed&amp;utm_campaign=loading\" style=\"background:#FFFFFF;line-height:0;padding:0 0;text-align:center;text-decoration:none;width:100%\" target=\"_blank\"> <\/p>\n<div>\n<div style=\"background-color: #F4F4F4;height: 40px;margin-right: 14px;width: 40px\"><\/div>\n<div>\n<div style=\"background-color: #F4F4F4;height: 14px;margin-bottom: 6px;width: 100px\"><\/div>\n<div style=\"background-color: #F4F4F4;height: 14px;width: 60px\"><\/div>\n<\/div>\n<\/div>\n<div style=\"padding: 19% 0\"><\/div>\n<div style=\"height:50px;margin:0 auto 12px;width:50px\"><\/div>\n<div style=\"padding-top: 8px\">\n<div style=\"color:#3897f0;font-family:Arial,sans-serif;font-size:14px;font-style:normal;font-weight:550;line-height:18px\"> View this post on Instagram<\/div>\n<\/div>\n<div style=\"padding: 12.5% 0\"><\/div>\n<div style=\"margin-bottom: 14px\">\n<div>\n<div><\/div>\n<div><\/div>\n<div><\/div>\n<\/div>\n<div style=\"margin-left: 8px\">\n<div style=\"background-color: #F4F4F4;height: 20px;width: 20px\"><\/div>\n<div><\/div>\n<\/div>\n<div style=\"margin-left: auto\">\n<div><\/div>\n<div><\/div>\n<div><\/div>\n<\/div>\n<\/div>\n<p><\/a> <\/p>\n<p style=\"margin:8px 0 0 0;padding:0 4px\"> <a href=\"https:\/\/www.instagram.com\/p\/B8HwxhuFmQg\/?utm_source=ig_embed&amp;utm_campaign=loading\" style=\"color:#000;font-family:Arial,sans-serif;font-size:14px;font-style:normal;font-weight:normal;line-height:17px;text-decoration:none\" target=\"_blank\">We had so much fun in Miami. Love to all my little monsters and fans, you\u2019re the best! \u2764\ufe0f<\/a><\/p>\n<p style=\"color:#c9c8cd;font-family:Arial,sans-serif;font-size:14px;line-height:17px;margin-bottom:0;margin-top:8px;overflow:hidden;padding:8px 0 7px;text-align:center\">A post shared by <a href=\"https:\/\/www.instagram.com\/ladygaga\/?utm_source=ig_embed&amp;utm_campaign=loading\" style=\"color:#c9c8cd;font-family:Arial,sans-serif;font-size:14px;font-style:normal;font-weight:normal;line-height:17px\" target=\"_blank\"> Lady Gaga<\/a> (@ladygaga) on Feb 3, 2020 at 2:20pm PST<\/p>\n<\/div>\n<\/blockquote>\n<h2 class=\"body-h2\">Nekaj dejstev o Michaelu Polanskyju<\/h2>\n<p>Michael je soustanovitelj funacije skupaj s Seanom Parkerjem, ki je soustanovitelj velikih tehnolo\u0161kih podjetij kot so Napster in Facebook. Organizacija, ki je za\u010dela delovati leta 2015, podpira filantropi\u010dna prizadevanja pri raziskavah, globalnem javnem zdravju, dr\u017eavljanskih pravicah in umetnosti. Je tudi \u010dlan upavnega odbora Parker in\u0161tituta za imunoterapijo pri rakovih obolenjih, ki ima sede\u017e v San Franciscu, katerega raziskovalci delajo na raziskovanju zdravljenja raka.<\/p>\n<p class=\"body-text\">Po pisanju Page Six je \u0161tudiral matematiko in ra\u010dunalni\u0161tvo na Harvardu, prvi\u010d pa so ju skupaj v javnosti ujeli na silvestrovo v Las Vegasu, ko sta se javno poljubljala. Takrat je vir za E! News povedal: &#8220;Dobivati sta se za\u010dela \u017ee pred prazniki in nora je nanj. Skupaj pre\u017eivljata \u010das v Los Angelesu, pogosto jo obi\u0161\u010de na njenem domu, ona pa ga celo povsod vzame s sabo, saj no\u010deta biti narazen.&#8221; A stvari so postale uradne, ko so ju opazili skupaj v Miamiju, v \u010dasu Super Bowla,\u00a0tam je bila tudi njena mama in vsi trije so se dru\u017eili v predelu za VIP goste.<\/p>\n<blockquote class=\"instagram-media\">\n<div style=\"padding:16px\"> <a href=\"https:\/\/www.instagram.com\/p\/B8k_3wBl82L\/?utm_source=ig_embed&amp;utm_campaign=loading\" style=\"background:#FFFFFF;line-height:0;padding:0 0;text-align:center;text-decoration:none;width:100%\" target=\"_blank\"> <\/p>\n<div>\n<div style=\"background-color: #F4F4F4;height: 40px;margin-right: 14px;width: 40px\"><\/div>\n<div>\n<div style=\"background-color: #F4F4F4;height: 14px;margin-bottom: 6px;width: 100px\"><\/div>\n<div style=\"background-color: #F4F4F4;height: 14px;width: 60px\"><\/div>\n<\/div>\n<\/div>\n<div style=\"padding: 19% 0\"><\/div>\n<div style=\"height:50px;margin:0 auto 12px;width:50px\"><\/div>\n<div style=\"padding-top: 8px\">\n<div style=\"color:#3897f0;font-family:Arial,sans-serif;font-size:14px;font-style:normal;font-weight:550;line-height:18px\"> View this post on Instagram<\/div>\n<\/div>\n<div style=\"padding: 12.5% 0\"><\/div>\n<div style=\"margin-bottom: 14px\">\n<div>\n<div><\/div>\n<div><\/div>\n<div><\/div>\n<\/div>\n<div style=\"margin-left: 8px\">\n<div style=\"background-color: #F4F4F4;height: 20px;width: 20px\"><\/div>\n<div><\/div>\n<\/div>\n<div style=\"margin-left: auto\">\n<div><\/div>\n<div><\/div>\n<div><\/div>\n<\/div>\n<\/div>\n<p><\/a> <\/p>\n<p style=\"margin:8px 0 0 0;padding:0 4px\"> <a href=\"https:\/\/www.instagram.com\/p\/B8k_3wBl82L\/?utm_source=ig_embed&amp;utm_campaign=loading\" style=\"color:#000;font-family:Arial,sans-serif;font-size:14px;font-style:normal;font-weight:normal;line-height:17px;text-decoration:none\" target=\"_blank\">Happy Valentine\u2019s Day!! \u201cBabe, do I have lipstick all-over me?\u201d<img decoding=\"async\" src=\"https:\/\/s.w.org\/images\/core\/emoji\/2.2.1\/72x72\/1f602.png\" alt=\" \" class=\"wp-smiley\" style=\"height: 1em;max-height: 1em\" \/>#valentines \u2764\ufe0f<img decoding=\"async\" src=\"https:\/\/s.w.org\/images\/core\/emoji\/2.2.1\/72x72\/1f48b.png\" alt=\" \" class=\"wp-smiley\" style=\"height: 1em;max-height: 1em\" \/><img decoding=\"async\" src=\"https:\/\/s.w.org\/images\/core\/emoji\/2.2.1\/72x72\/1f48b.png\" alt=\" \" class=\"wp-smiley\" style=\"height: 1em;max-height: 1em\" \/><img decoding=\"async\" src=\"https:\/\/s.w.org\/images\/core\/emoji\/2.2.1\/72x72\/1f48b.png\" alt=\" \" class=\"wp-smiley\" style=\"height: 1em;max-height: 1em\" \/><img decoding=\"async\" src=\"https:\/\/s.w.org\/images\/core\/emoji\/2.2.1\/72x72\/1f48b.png\" alt=\" \" class=\"wp-smiley\" style=\"height: 1em;max-height: 1em\" \/><img decoding=\"async\" src=\"https:\/\/s.w.org\/images\/core\/emoji\/2.2.1\/72x72\/1f48b.png\" alt=\" \" class=\"wp-smiley\" style=\"height: 1em;max-height: 1em\" \/><img decoding=\"async\" src=\"https:\/\/s.w.org\/images\/core\/emoji\/2.2.1\/72x72\/1f48b.png\" alt=\" \" class=\"wp-smiley\" style=\"height: 1em;max-height: 1em\" \/><img decoding=\"async\" src=\"https:\/\/s.w.org\/images\/core\/emoji\/2.2.1\/72x72\/1f48b.png\" alt=\" \" class=\"wp-smiley\" style=\"height: 1em;max-height: 1em\" \/><img decoding=\"async\" src=\"https:\/\/s.w.org\/images\/core\/emoji\/2.2.1\/72x72\/1f48b.png\" alt=\" \" class=\"wp-smiley\" style=\"height: 1em;max-height: 1em\" \/><img decoding=\"async\" src=\"https:\/\/s.w.org\/images\/core\/emoji\/2.2.1\/72x72\/1f48b.png\" alt=\" \" class=\"wp-smiley\" style=\"height: 1em;max-height: 1em\" \/><img decoding=\"async\" src=\"https:\/\/s.w.org\/images\/core\/emoji\/2.2.1\/72x72\/1f48b.png\" alt=\" \" class=\"wp-smiley\" style=\"height: 1em;max-height: 1em\" \/><img decoding=\"async\" src=\"https:\/\/s.w.org\/images\/core\/emoji\/2.2.1\/72x72\/1f495.png\" alt=\" \" class=\"wp-smiley\" style=\"height: 1em;max-height: 1em\" \/> \u200d\u2640\ufe0fhappy v-day to all my monsters!!! I love you!!! \u2764\ufe0f<img decoding=\"async\" src=\"https:\/\/s.w.org\/images\/core\/emoji\/2.2.1\/72x72\/1f618.png\" alt=\" \" class=\"wp-smiley\" style=\"height: 1em;max-height: 1em\" \/><img decoding=\"async\" src=\"https:\/\/s.w.org\/images\/core\/emoji\/2.2.1\/72x72\/1f388.png\" alt=\" \" class=\"wp-smiley\" style=\"height: 1em;max-height: 1em\" \/><\/a><\/p>\n<p style=\"color:#c9c8cd;font-family:Arial,sans-serif;font-size:14px;line-height:17px;margin-bottom:0;margin-top:8px;overflow:hidden;padding:8px 0 7px;text-align:center\">A post shared by <a href=\"https:\/\/www.instagram.com\/ladygaga\/?utm_source=ig_embed&amp;utm_campaign=loading\" style=\"color:#c9c8cd;font-family:Arial,sans-serif;font-size:14px;font-style:normal;font-weight:normal;line-height:17px\" target=\"_blank\"> Lady Gaga<\/a> (@ladygaga) on Feb 14, 2020 at 10:50pm PST<\/p>\n<\/div>\n<\/blockquote>\n<p class=\"body-text\">In ne le sode\u010d po njenih zaljubljenih instagram objavah, tudi vir za E!News je potrdil: &#8220;Res je zaljubljena vanj! Sta \u010disto nasprotje drug drugega, kar je dobro za njo. In tudi njemu ona zelo veliko pomeni.&#8221;<\/p>\n<blockquote class=\"instagram-media\">\n<div style=\"padding:16px\"> <a href=\"https:\/\/www.instagram.com\/p\/CAwxpyMFd3n\/?utm_source=ig_embed&amp;utm_campaign=loading\" style=\"background:#FFFFFF;line-height:0;padding:0 0;text-align:center;text-decoration:none;width:100%\" target=\"_blank\"> <\/p>\n<div>\n<div style=\"background-color: #F4F4F4;height: 40px;margin-right: 14px;width: 40px\"><\/div>\n<div>\n<div style=\"background-color: #F4F4F4;height: 14px;margin-bottom: 6px;width: 100px\"><\/div>\n<div style=\"background-color: #F4F4F4;height: 14px;width: 60px\"><\/div>\n<\/div>\n<\/div>\n<div style=\"padding: 19% 0\"><\/div>\n<div style=\"height:50px;margin:0 auto 12px;width:50px\"><\/div>\n<div style=\"padding-top: 8px\">\n<div style=\"color:#3897f0;font-family:Arial,sans-serif;font-size:14px;font-style:normal;font-weight:550;line-height:18px\"> View this post on Instagram<\/div>\n<\/div>\n<div style=\"padding: 12.5% 0\"><\/div>\n<div style=\"margin-bottom: 14px\">\n<div>\n<div><\/div>\n<div><\/div>\n<div><\/div>\n<\/div>\n<div style=\"margin-left: 8px\">\n<div style=\"background-color: #F4F4F4;height: 20px;width: 20px\"><\/div>\n<div><\/div>\n<\/div>\n<div style=\"margin-left: auto\">\n<div><\/div>\n<div><\/div>\n<div><\/div>\n<\/div>\n<\/div>\n<p><\/a> <\/p>\n<p style=\"margin:8px 0 0 0;padding:0 4px\"> <a href=\"https:\/\/www.instagram.com\/p\/CAwxpyMFd3n\/?utm_source=ig_embed&amp;utm_campaign=loading\" style=\"color:#000;font-family:Arial,sans-serif;font-size:14px;font-style:normal;font-weight:normal;line-height:17px;text-decoration:none\" target=\"_blank\">\u201cMy biggest enemy is me, pop a 911.\u201d #Chromatica \u26a1\ufe0f<img decoding=\"async\" src=\"https:\/\/s.w.org\/images\/core\/emoji\/2.2.1\/72x72\/1f30e.png\" alt=\" \" class=\"wp-smiley\" style=\"height: 1em;max-height: 1em\" \/> the worst things I hear about myself come from me. #911<\/a><\/p>\n<p style=\"color:#c9c8cd;font-family:Arial,sans-serif;font-size:14px;line-height:17px;margin-bottom:0;margin-top:8px;overflow:hidden;padding:8px 0 7px;text-align:center\">A post shared by <a href=\"https:\/\/www.instagram.com\/ladygaga\/?utm_source=ig_embed&amp;utm_campaign=loading\" style=\"color:#c9c8cd;font-family:Arial,sans-serif;font-size:14px;font-style:normal;font-weight:normal;line-height:17px\" target=\"_blank\"> Lady Gaga<\/a> (@ladygaga) on May 28, 2020 at 11:45pm PDT<\/p>\n<\/div>\n<\/blockquote>\n<p class=\"body-text\">Michael ji tudi pomaga pri njenih dobrodelnih pojektih. Med njenim svetovnim prenosom dobrodelnega dogodka One World: Together at Home, ki ga je Gaga organizirala za podporo vsem zdravstvenim delavcem, ki vsem, ki pomagajo vzdr\u017eevati sistem v \u010dasu epidemije, se je pevka celo javno zahvalila Polanskyju, da ji je pomagal pri organizaciji.<\/p>\n<blockquote class=\"instagram-media\">\n<div style=\"padding:16px\"> <a href=\"https:\/\/www.instagram.com\/p\/B_JEtWJlJY4\/?utm_source=ig_embed&amp;utm_campaign=loading\" style=\"background:#FFFFFF;line-height:0;padding:0 0;text-align:center;text-decoration:none;width:100%\" target=\"_blank\"> <\/p>\n<div>\n<div style=\"background-color: #F4F4F4;height: 40px;margin-right: 14px;width: 40px\"><\/div>\n<div>\n<div style=\"background-color: #F4F4F4;height: 14px;margin-bottom: 6px;width: 100px\"><\/div>\n<div style=\"background-color: #F4F4F4;height: 14px;width: 60px\"><\/div>\n<\/div>\n<\/div>\n<div style=\"padding: 19% 0\"><\/div>\n<div style=\"height:50px;margin:0 auto 12px;width:50px\"><\/div>\n<div style=\"padding-top: 8px\">\n<div style=\"color:#3897f0;font-family:Arial,sans-serif;font-size:14px;font-style:normal;font-weight:550;line-height:18px\"> View this post on Instagram<\/div>\n<\/div>\n<div style=\"padding: 12.5% 0\"><\/div>\n<div style=\"margin-bottom: 14px\">\n<div>\n<div><\/div>\n<div><\/div>\n<div><\/div>\n<\/div>\n<div style=\"margin-left: 8px\">\n<div style=\"background-color: #F4F4F4;height: 20px;width: 20px\"><\/div>\n<div><\/div>\n<\/div>\n<div style=\"margin-left: auto\">\n<div><\/div>\n<div><\/div>\n<div><\/div>\n<\/div>\n<\/div>\n<p><\/a> <\/p>\n<p style=\"margin:8px 0 0 0;padding:0 4px\"> <a href=\"https:\/\/www.instagram.com\/p\/B_JEtWJlJY4\/?utm_source=ig_embed&amp;utm_campaign=loading\" style=\"color:#000;font-family:Arial,sans-serif;font-size:14px;font-style:normal;font-weight:normal;line-height:17px;text-decoration:none\" target=\"_blank\">With some of my co-fundraisers @booconnor @michaelpolansky  #oneworld #togetherathome Miss you @wanaynay our other co-fundraiser and producer and missing our other co-fundraisers @who &amp; @glblctzn<\/a><\/p>\n<p style=\"color:#c9c8cd;font-family:Arial,sans-serif;font-size:14px;line-height:17px;margin-bottom:0;margin-top:8px;overflow:hidden;padding:8px 0 7px;text-align:center\">A post shared by <a href=\"https:\/\/www.instagram.com\/ladygaga\/?utm_source=ig_embed&amp;utm_campaign=loading\" style=\"color:#c9c8cd;font-family:Arial,sans-serif;font-size:14px;font-style:normal;font-weight:normal;line-height:17px\" target=\"_blank\"> Lady Gaga<\/a> (@ladygaga) on Apr 18, 2020 at 5:08pm PDT<\/p>\n<\/div>\n<\/blockquote>\n<p>&nbsp;<\/p>\n<figure>\n\t\t\t\t\t<img loading=\"lazy\" decoding=\"async\" width=\"660\" height=\"320\" src=\"image\/gif;base64,R0lGODlhAQABAAAAACH5BAEKAAEALAAAAAABAAEAAAICTAEAOw==\" class=\"lazyload\" \/><figcaption> Lady Gaga in njen novi fant Michael Polansky (Foto: Profimedia)<\/figcaption><\/figure>\n<figure>\n\t\t\t\t\t<img loading=\"lazy\" decoding=\"async\" width=\"660\" height=\"320\" src=\"image\/gif;base64,R0lGODlhAQABAAAAACH5BAEKAAEALAAAAAABAAEAAAICTAEAOw==\" class=\"lazyload\" \/><figcaption> Lady Gaga in njen novi fant Michael Polansky (Foto: Profimedia)<\/figcaption><\/figure>\n<figure>\n\t\t\t\t\t<img loading=\"lazy\" decoding=\"async\" width=\"660\" height=\"320\" src=\"image\/gif;base64,R0lGODlhAQABAAAAACH5BAEKAAEALAAAAAABAAEAAAICTAEAOw==\" class=\"lazyload\" \/><figcaption> Lady Gaga in njen novi fant Michael Polansky (Foto: Profimedia)<\/figcaption><\/figure>\n<figure>\n\t\t\t\t\t<img loading=\"lazy\" decoding=\"async\" width=\"660\" height=\"320\" src=\"image\/gif;base64,R0lGODlhAQABAAAAACH5BAEKAAEALAAAAAABAAEAAAICTAEAOw==\" class=\"lazyload\" \/><figcaption> Lady Gaga in njen novi fant Michael Polansky (Foto: Profimedia)<\/figcaption><\/figure>\n<figure>\n\t\t\t\t\t<img loading=\"lazy\" decoding=\"async\" width=\"660\" height=\"320\" src=\"image\/gif;base64,R0lGODlhAQABAAAAACH5BAEKAAEALAAAAAABAAEAAAICTAEAOw==\" class=\"lazyload\" \/><figcaption> Lady Gaga in njen novi fant Michael Polansky (Foto: Profimedia)<\/figcaption><\/figure>\n<figure>\n\t\t\t\t\t<img loading=\"lazy\" decoding=\"async\" width=\"660\" height=\"320\" src=\"image\/gif;base64,R0lGODlhAQABAAAAACH5BAEKAAEALAAAAAABAAEAAAICTAEAOw==\" class=\"lazyload\" \/><figcaption> Lady Gaga in njen novi fant Michael Polansky (Foto: Profimedia)<\/figcaption><\/figure>\n<figure>\n\t\t\t\t\t<img loading=\"lazy\" decoding=\"async\" width=\"660\" height=\"320\" src=\"image\/gif;base64,R0lGODlhAQABAAAAACH5BAEKAAEALAAAAAABAAEAAAICTAEAOw==\" class=\"lazyload\" \/><figcaption> Lady Gaga in njen novi fant Michael Polansky (Foto: Profimedia)<\/figcaption><\/figure>\n","protected":false},"excerpt":{"rendered":"<p>Pevko Lady Gaga so paparaci ujeli v javnosti z novim fantom Michael Polansky, ko sta si z roko v roki privo\u0161\u010dila kavo v Hollywoodu. Preberite si vse, kar vemo o tem Michaelu.\u00a0<\/p>\n","protected":false},"author":1,"featured_media":424381,"comment_status":"closed","ping_status":"closed","sticky":false,"template":"","format":"standard","meta":{"footnotes":""},"categories":[1093],"tags":[5926,16453],"source":[1346,1345,1334],"supertag":[],"acf":[],"yoast_head":"<!-- This site is optimized with the Yoast SEO plugin v21.3 - https:\/\/yoast.com\/wordpress\/plugins\/seo\/ -->\n<title>Ste vedeli, da ima Lady Gaga novega fanta? - Hudo Slovenija<\/title>\n<meta name=\"robots\" content=\"index, follow, max-snippet:-1, max-image-preview:large, max-video-preview:-1\" \/>\n<link rel=\"canonical\" href=\"https:\/\/hudo.com\/si\/vip\/ste-vedeli-da-ima-lady-gaga-novega-fanta\/\" \/>\n<meta property=\"og:locale\" content=\"sl_SI\" \/>\n<meta property=\"og:type\" content=\"article\" \/>\n<meta property=\"og:title\" content=\"Ste vedeli, da ima Lady Gaga novega fanta? - Hudo Slovenija\" \/>\n<meta property=\"og:description\" content=\"Pevko Lady Gaga so paparaci ujeli v javnosti z novim fantom Michael Polansky, ko sta si z roko v roki privo\u0161\u010dila kavo v Hollywoodu. Preberite si vse, kar vemo o tem Michaelu.\u00a0\" \/>\n<meta property=\"og:url\" content=\"https:\/\/hudo.com\/si\/vip\/ste-vedeli-da-ima-lady-gaga-novega-fanta\/\" \/>\n<meta property=\"og:site_name\" content=\"Hudo Slovenija\" \/>\n<meta property=\"article:publisher\" content=\"https:\/\/www.facebook.com\/hudo.si\" \/>\n<meta property=\"article:published_time\" content=\"2020-06-01T07:10:33+00:00\" \/>\n<meta property=\"og:image\" content=\"https:\/\/hudo.com\/si\/wp-content\/uploads\/sites\/2\/2020\/06\/profimedia-0524356025.jpg\" \/>\n\t<meta property=\"og:image:width\" content=\"999\" \/>\n\t<meta property=\"og:image:height\" content=\"1250\" \/>\n\t<meta property=\"og:image:type\" content=\"image\/jpeg\" \/>\n<meta name=\"author\" content=\"hudo\" \/>\n<meta name=\"twitter:card\" content=\"summary_large_image\" \/>\n<meta name=\"twitter:creator\" content=\"@hudo_si\" \/>\n<meta name=\"twitter:site\" content=\"@hudo_si\" \/>\n<meta name=\"twitter:label1\" content=\"Written by\" \/>\n\t<meta name=\"twitter:data1\" content=\"hudo\" \/>\n\t<meta name=\"twitter:label2\" content=\"Est. reading time\" \/>\n\t<meta name=\"twitter:data2\" content=\"3 minute\" \/>\n<script type=\"application\/ld+json\" class=\"yoast-schema-graph\">{\"@context\":\"https:\/\/schema.org\",\"@graph\":[{\"@type\":\"Article\",\"@id\":\"https:\/\/hudo.com\/si\/vip\/ste-vedeli-da-ima-lady-gaga-novega-fanta\/#article\",\"isPartOf\":{\"@id\":\"https:\/\/hudo.com\/si\/vip\/ste-vedeli-da-ima-lady-gaga-novega-fanta\/\"},\"author\":{\"name\":\"hudo\",\"@id\":\"https:\/\/hudo.com\/si\/#\/schema\/person\/601cf3379633985b20f7e50f2bb47707\"},\"headline\":\"Ste vedeli, da ima Lady Gaga novega fanta?\",\"datePublished\":\"2020-06-01T07:10:33+00:00\",\"dateModified\":\"2020-06-01T07:10:33+00:00\",\"mainEntityOfPage\":{\"@id\":\"https:\/\/hudo.com\/si\/vip\/ste-vedeli-da-ima-lady-gaga-novega-fanta\/\"},\"wordCount\":594,\"publisher\":{\"@id\":\"https:\/\/hudo.com\/si\/#organization\"},\"keywords\":[\"lady gaga\",\"lady gaga in michael polansky\"],\"articleSection\":[\"VIP\"],\"inLanguage\":\"sl-SI\"},{\"@type\":\"WebPage\",\"@id\":\"https:\/\/hudo.com\/si\/vip\/ste-vedeli-da-ima-lady-gaga-novega-fanta\/\",\"url\":\"https:\/\/hudo.com\/si\/vip\/ste-vedeli-da-ima-lady-gaga-novega-fanta\/\",\"name\":\"Ste vedeli, da ima Lady Gaga novega fanta? - Hudo Slovenija\",\"isPartOf\":{\"@id\":\"https:\/\/hudo.com\/si\/#website\"},\"datePublished\":\"2020-06-01T07:10:33+00:00\",\"dateModified\":\"2020-06-01T07:10:33+00:00\",\"breadcrumb\":{\"@id\":\"https:\/\/hudo.com\/si\/vip\/ste-vedeli-da-ima-lady-gaga-novega-fanta\/#breadcrumb\"},\"inLanguage\":\"sl-SI\",\"potentialAction\":[{\"@type\":\"ReadAction\",\"target\":[\"https:\/\/hudo.com\/si\/vip\/ste-vedeli-da-ima-lady-gaga-novega-fanta\/\"]}]},{\"@type\":\"BreadcrumbList\",\"@id\":\"https:\/\/hudo.com\/si\/vip\/ste-vedeli-da-ima-lady-gaga-novega-fanta\/#breadcrumb\",\"itemListElement\":[{\"@type\":\"ListItem\",\"position\":1,\"name\":\"Home\",\"item\":\"https:\/\/hudo.com\/si\/\"},{\"@type\":\"ListItem\",\"position\":2,\"name\":\"Ste vedeli, da ima Lady Gaga novega fanta?\"}]},{\"@type\":\"WebSite\",\"@id\":\"https:\/\/hudo.com\/si\/#website\",\"url\":\"https:\/\/hudo.com\/si\/\",\"name\":\"Hudo Slovenija\",\"description\":\"Vse novice iz Slovenije in sveta\",\"publisher\":{\"@id\":\"https:\/\/hudo.com\/si\/#organization\"},\"potentialAction\":[{\"@type\":\"SearchAction\",\"target\":{\"@type\":\"EntryPoint\",\"urlTemplate\":\"https:\/\/hudo.com\/si\/?s={search_term_string}\"},\"query-input\":\"required name=search_term_string\"}],\"inLanguage\":\"sl-SI\"},{\"@type\":\"Organization\",\"@id\":\"https:\/\/hudo.com\/si\/#organization\",\"name\":\"VSN Media\",\"url\":\"https:\/\/hudo.com\/si\/\",\"logo\":{\"@type\":\"ImageObject\",\"inLanguage\":\"sl-SI\",\"@id\":\"https:\/\/hudo.com\/si\/#\/schema\/logo\/image\/\",\"url\":\"https:\/\/hudo.com\/si\/wp-content\/uploads\/sites\/2\/2021\/03\/hudo-app-2.png\",\"contentUrl\":\"https:\/\/hudo.com\/si\/wp-content\/uploads\/sites\/2\/2021\/03\/hudo-app-2.png\",\"width\":2185,\"height\":2167,\"caption\":\"VSN Media\"},\"image\":{\"@id\":\"https:\/\/hudo.com\/si\/#\/schema\/logo\/image\/\"},\"sameAs\":[\"https:\/\/www.facebook.com\/hudo.si\",\"https:\/\/twitter.com\/hudo_si\"]},{\"@type\":\"Person\",\"@id\":\"https:\/\/hudo.com\/si\/#\/schema\/person\/601cf3379633985b20f7e50f2bb47707\",\"name\":\"hudo\",\"image\":{\"@type\":\"ImageObject\",\"inLanguage\":\"sl-SI\",\"@id\":\"https:\/\/hudo.com\/si\/#\/schema\/person\/image\/\",\"url\":\"https:\/\/secure.gravatar.com\/avatar\/c4ca25fa72cace7a696b52ff5db9e095?s=96&d=mm&r=g\",\"contentUrl\":\"https:\/\/secure.gravatar.com\/avatar\/c4ca25fa72cace7a696b52ff5db9e095?s=96&d=mm&r=g\",\"caption\":\"hudo\"},\"url\":\"https:\/\/hudo.com\/si\/author\/hudo\/\"}]}<\/script>\n<!-- \/ Yoast SEO plugin. -->","yoast_head_json":{"title":"Ste vedeli, da ima Lady Gaga novega fanta? - Hudo Slovenija","robots":{"index":"index","follow":"follow","max-snippet":"max-snippet:-1","max-image-preview":"max-image-preview:large","max-video-preview":"max-video-preview:-1"},"canonical":"https:\/\/hudo.com\/si\/vip\/ste-vedeli-da-ima-lady-gaga-novega-fanta\/","og_locale":"sl_SI","og_type":"article","og_title":"Ste vedeli, da ima Lady Gaga novega fanta? - Hudo Slovenija","og_description":"Pevko Lady Gaga so paparaci ujeli v javnosti z novim fantom Michael Polansky, ko sta si z roko v roki privo\u0161\u010dila kavo v Hollywoodu. Preberite si vse, kar vemo o tem Michaelu.\u00a0","og_url":"https:\/\/hudo.com\/si\/vip\/ste-vedeli-da-ima-lady-gaga-novega-fanta\/","og_site_name":"Hudo Slovenija","article_publisher":"https:\/\/www.facebook.com\/hudo.si","article_published_time":"2020-06-01T07:10:33+00:00","og_image":[{"width":999,"height":1250,"url":"https:\/\/hudo.com\/si\/wp-content\/uploads\/sites\/2\/2020\/06\/profimedia-0524356025.jpg","type":"image\/jpeg"}],"author":"hudo","twitter_card":"summary_large_image","twitter_creator":"@hudo_si","twitter_site":"@hudo_si","twitter_misc":{"Written by":"hudo","Est. reading time":"3 minute"},"schema":{"@context":"https:\/\/schema.org","@graph":[{"@type":"Article","@id":"https:\/\/hudo.com\/si\/vip\/ste-vedeli-da-ima-lady-gaga-novega-fanta\/#article","isPartOf":{"@id":"https:\/\/hudo.com\/si\/vip\/ste-vedeli-da-ima-lady-gaga-novega-fanta\/"},"author":{"name":"hudo","@id":"https:\/\/hudo.com\/si\/#\/schema\/person\/601cf3379633985b20f7e50f2bb47707"},"headline":"Ste vedeli, da ima Lady Gaga novega fanta?","datePublished":"2020-06-01T07:10:33+00:00","dateModified":"2020-06-01T07:10:33+00:00","mainEntityOfPage":{"@id":"https:\/\/hudo.com\/si\/vip\/ste-vedeli-da-ima-lady-gaga-novega-fanta\/"},"wordCount":594,"publisher":{"@id":"https:\/\/hudo.com\/si\/#organization"},"keywords":["lady gaga","lady gaga in michael polansky"],"articleSection":["VIP"],"inLanguage":"sl-SI"},{"@type":"WebPage","@id":"https:\/\/hudo.com\/si\/vip\/ste-vedeli-da-ima-lady-gaga-novega-fanta\/","url":"https:\/\/hudo.com\/si\/vip\/ste-vedeli-da-ima-lady-gaga-novega-fanta\/","name":"Ste vedeli, da ima Lady Gaga novega fanta? - Hudo Slovenija","isPartOf":{"@id":"https:\/\/hudo.com\/si\/#website"},"datePublished":"2020-06-01T07:10:33+00:00","dateModified":"2020-06-01T07:10:33+00:00","breadcrumb":{"@id":"https:\/\/hudo.com\/si\/vip\/ste-vedeli-da-ima-lady-gaga-novega-fanta\/#breadcrumb"},"inLanguage":"sl-SI","potentialAction":[{"@type":"ReadAction","target":["https:\/\/hudo.com\/si\/vip\/ste-vedeli-da-ima-lady-gaga-novega-fanta\/"]}]},{"@type":"BreadcrumbList","@id":"https:\/\/hudo.com\/si\/vip\/ste-vedeli-da-ima-lady-gaga-novega-fanta\/#breadcrumb","itemListElement":[{"@type":"ListItem","position":1,"name":"Home","item":"https:\/\/hudo.com\/si\/"},{"@type":"ListItem","position":2,"name":"Ste vedeli, da ima Lady Gaga novega fanta?"}]},{"@type":"WebSite","@id":"https:\/\/hudo.com\/si\/#website","url":"https:\/\/hudo.com\/si\/","name":"Hudo Slovenija","description":"Vse novice iz Slovenije in sveta","publisher":{"@id":"https:\/\/hudo.com\/si\/#organization"},"potentialAction":[{"@type":"SearchAction","target":{"@type":"EntryPoint","urlTemplate":"https:\/\/hudo.com\/si\/?s={search_term_string}"},"query-input":"required name=search_term_string"}],"inLanguage":"sl-SI"},{"@type":"Organization","@id":"https:\/\/hudo.com\/si\/#organization","name":"VSN Media","url":"https:\/\/hudo.com\/si\/","logo":{"@type":"ImageObject","inLanguage":"sl-SI","@id":"https:\/\/hudo.com\/si\/#\/schema\/logo\/image\/","url":"https:\/\/hudo.com\/si\/wp-content\/uploads\/sites\/2\/2021\/03\/hudo-app-2.png","contentUrl":"https:\/\/hudo.com\/si\/wp-content\/uploads\/sites\/2\/2021\/03\/hudo-app-2.png","width":2185,"height":2167,"caption":"VSN Media"},"image":{"@id":"https:\/\/hudo.com\/si\/#\/schema\/logo\/image\/"},"sameAs":["https:\/\/www.facebook.com\/hudo.si","https:\/\/twitter.com\/hudo_si"]},{"@type":"Person","@id":"https:\/\/hudo.com\/si\/#\/schema\/person\/601cf3379633985b20f7e50f2bb47707","name":"hudo","image":{"@type":"ImageObject","inLanguage":"sl-SI","@id":"https:\/\/hudo.com\/si\/#\/schema\/person\/image\/","url":"https:\/\/secure.gravatar.com\/avatar\/c4ca25fa72cace7a696b52ff5db9e095?s=96&d=mm&r=g","contentUrl":"https:\/\/secure.gravatar.com\/avatar\/c4ca25fa72cace7a696b52ff5db9e095?s=96&d=mm&r=g","caption":"hudo"},"url":"https:\/\/hudo.com\/si\/author\/hudo\/"}]}},"amp_enabled":true,"_links":{"self":[{"href":"https:\/\/hudo.com\/si\/wp-json\/wp\/v2\/posts\/424380"}],"collection":[{"href":"https:\/\/hudo.com\/si\/wp-json\/wp\/v2\/posts"}],"about":[{"href":"https:\/\/hudo.com\/si\/wp-json\/wp\/v2\/types\/post"}],"author":[{"embeddable":true,"href":"https:\/\/hudo.com\/si\/wp-json\/wp\/v2\/users\/1"}],"replies":[{"embeddable":true,"href":"https:\/\/hudo.com\/si\/wp-json\/wp\/v2\/comments?post=424380"}],"version-history":[{"count":0,"href":"https:\/\/hudo.com\/si\/wp-json\/wp\/v2\/posts\/424380\/revisions"}],"wp:featuredmedia":[{"embeddable":true,"href":"https:\/\/hudo.com\/si\/wp-json\/wp\/v2\/media\/424381"}],"wp:attachment":[{"href":"https:\/\/hudo.com\/si\/wp-json\/wp\/v2\/media?parent=424380"}],"wp:term":[{"taxonomy":"category","embeddable":true,"href":"https:\/\/hudo.com\/si\/wp-json\/wp\/v2\/categories?post=424380"},{"taxonomy":"post_tag","embeddable":true,"href":"https:\/\/hudo.com\/si\/wp-json\/wp\/v2\/tags?post=424380"},{"taxonomy":"source","embeddable":true,"href":"https:\/\/hudo.com\/si\/wp-json\/wp\/v2\/source?post=424380"},{"taxonomy":"supertag","embeddable":true,"href":"https:\/\/hudo.com\/si\/wp-json\/wp\/v2\/supertag?post=424380"}],"curies":[{"name":"wp","href":"https:\/\/api.w.org\/{rel}","templated":true}]}}