{"id":424456,"date":"2020-06-02T06:56:42","date_gmt":"2020-06-02T04:56:42","guid":{"rendered":"https:\/\/hudo.com\/si\/2020\/06\/02\/brat-georga-floyda-prvic-javno-spregovril-o-svojem-pokojnem-bratu-bil-je-dobrodusni-velikan-ki-je-vedno-zagovarjal-mir-in-enotnost\/"},"modified":"2020-06-02T06:56:42","modified_gmt":"2020-06-02T04:56:42","slug":"brat-georga-floyda-prvic-javno-spregovril-o-svojem-pokojnem-bratu-bil-je-dobrodusni-velikan-ki-je-vedno-zagovarjal-mir-in-enotnost","status":"publish","type":"post","link":"https:\/\/hudo.com\/si\/zabava\/brat-georga-floyda-prvic-javno-spregovril-o-svojem-pokojnem-bratu-bil-je-dobrodusni-velikan-ki-je-vedno-zagovarjal-mir-in-enotnost\/","title":{"rendered":"Brat Georga Floyda prvi\u010d javno spregovril o svojem pokojnem bratu: Bil je &#8220;dobrodu\u0161ni velikan&#8221;, ki je vedno zagovarjal &#8220;mir&#8221; in &#8220;enotnost&#8221;"},"content":{"rendered":"<figure>\n\t\t\t\t\t<img loading=\"lazy\" decoding=\"async\" width=\"660\" height=\"320\" src=\"image\/gif;base64,R0lGODlhAQABAAAAACH5BAEKAAEALAAAAAABAAEAAAICTAEAOw==\" class=\"lazyload\" \/><figcaption>Foto: Profimedia<\/figcaption><\/figure>\n<p class=\"article__title\">Komaj nekaj dni je minilo od tragi\u010dne smrti temnopoltega Georga Floyda, ki ga je ubil belopolti policist, in ki je zanetila neverjeten val pozivov k spremembi v dru\u017ebi, h koncu rasizma. V\u010deraj zjutraj se je v televizijskem \u0161ovu Good Morning America preko videa prvi\u010d javno oglasil brat Georga Floyda, ki je iz New Yorka odpotoval v Minnesoto, da bi obiskal kraj, kjer je bil tako kruto ubit njegov brat.<\/p>\n<blockquote class=\"twitter-tweet\">\n<p dir=\"ltr\" lang=\"en\">\u201cI just want to feel my brother\u2019s spirit \u2026 to connect with him again.\u201d Terrence Floyd reacts to the protests that have erupted across the country after his brother\u2019s death as he plans to make a visit to the site where his brother died in Minneapolis. <a href=\"https:\/\/t.co\/we0hSARItv\">https:\/\/t.co\/we0hSARItv<\/a> <a href=\"https:\/\/t.co\/f5a0HfABR3\">pic.twitter.com\/f5a0HfABR3<\/a><\/p>\n<p>\u2014 Good Morning America (@GMA) <a href=\"https:\/\/twitter.com\/GMA\/status\/1267426415823200256?ref_src=twsrc%5Etfw\">June 1, 2020<\/a><\/p>\n<\/blockquote>\n<h2>George je bil miroljubni motivator<\/h2>\n<p class=\"article__title\">&#8220;Vse skupaj je grozno, \u0161e vedno imam ob\u010dutek, kot da sem kar nekoliko otopel. A imam ljudi ob sebi, ki mi stojijo ob strani, zato bom \u0161el jutri na tisto mesto, kjer bi rad za\u010dutil bratovega duha,&#8221; je povedal Terrence v intervjuju za ABC News. Dodal je \u0161e, da je bil njegov brat &#8220;dobrodu\u0161ni velikan&#8221;, ki je vedno zagovarjal &#8220;mir&#8221; in &#8220;enotnost&#8221;.<\/p>\n<p>&#8220;Ko si se pogovarjal z njim, te je vedno \u017eelel motivirati, ne glede na to, kaj te je te\u017eilo,&#8221; je povedal Terrence, ki je svojega brata imenoval &#8220;miroljubni motivator&#8221;, in dodal, da je njegov brat vedno videl pozitivno plat stvari.<\/p>\n<figure>\n\t\t\t\t\t<img loading=\"lazy\" decoding=\"async\" width=\"660\" height=\"320\" src=\"image\/gif;base64,R0lGODlhAQABAAAAACH5BAEKAAEALAAAAAABAAEAAAICTAEAOw==\" class=\"lazyload\" \/><figcaption>Foto: Profimedia<\/figcaption><\/figure>\n<p>Hkrati pa je Terrence spregovoril tudi o tem, da so nekateri protesti za\u0161li s poti in da je njegova dru\u017eina zaskrbljena, da bodo tovrstni nasilni protesti odvnili od klica po pravici: &#8220;Zdi se bi, da bo vse skupaj kar se dogaja nekako zasen\u010dilo bistvo, saj je bil George velik zagovornik miru in enotnosti. In stvari, ki se dogajajo sedaj, so \u017ee res klic k enotnosti, a k destruktivni enotnosti. In on ni bil zagovornik tega. Moj brat ni zagovarjal tega. Prav je, da smo jezni, a jezo moramo usmeriti v nekaj pozitivnega, v spremembo. Jeza, uni\u010denje mest, ni na\u010din, ki bi ga on zagovarjal.&#8221;<\/p>\n<h2>Pozivi k mirnim protestom<\/h2>\n<p>K mirnemu demonstriranju in izogibanju nasilja je v\u010deraj javno pozval tudi sin temnopoltega Georgea\u00a0Floyda, katerega smrt med nasilno aretacijo v Minneapolisu pred tednom dni je spro\u017eila val protestov v ZDA. Kot je \u0161e dejal Quincy Mason\u00a0Floyd\u00a0v pogovoru za televizijo KBTX, ki spada pod okrilje CNN, je ganjen ob mno\u017ei\u010dnem odzivu na o\u010detovo smrt.<\/p>\n<p>&#8220;Vsi prihajajo in mu izkazujejo ljubezen. Moje srce je ob vsem tem zelo ganjeno,&#8221; je v televizijskem intervjuju priznal\u00a0Floyd\u00a0mlaj\u0161i, a obenem protestnike pozval, naj ostanejo mirni. Quincy Mason\u00a0Floyd\u00a0sicer \u017eivi v mestu Bryan v Teksasu, kamor se je z mamo preselil pred 15 leti, in o\u010deta ni videl \u017ee vrsto let. V nedeljo se je v Bryanu udele\u017eil protestov, ki so tam potekali mirno.<\/p>\n<figure>\n\t\t\t\t\t<img loading=\"lazy\" decoding=\"async\" width=\"660\" height=\"320\" src=\"image\/gif;base64,R0lGODlhAQABAAAAACH5BAEKAAEALAAAAAABAAEAAAICTAEAOw==\" class=\"lazyload\" \/><figcaption>Foto: Profimedia<\/figcaption><\/figure>\n<p>Proteste proti policijskemu nasilju nad temnopoltimi, ki jih je spro\u017eilo ogor\u010denje ob smrti 46-letnega\u00a0Floyda\u00a0zaradi nasilja policista med aretacijo, sicer drugod spremljajo nasilje, po\u017eiganje in plenjenje. Iz Minneapolisa so se protesti raz\u0161irili na ve\u010d kot 75 mest, doslej je najmanj 40 mest uvedlo policijsko uro. Po ZDA je mobiliziranih najmanj 5000 pripadnikov nacionalne garde.<\/p>\n<h2>Trump si zatiska o\u010di in u\u0161esa<\/h2>\n<p>Floyda\u00a0so policisti aretirali minuli ponedeljek, ker naj bi v trgovini pla\u010dal s ponarejenim bankovcem. Kot pri\u010da videoposnetek, je eden od \u0161tirih policistov, ki so sodelovali pri aretaciji, osumljencu ve\u010d minut s kolenom pritiskal na vrat. Ko je\u00a0Floyd\u00a0to\u017eil, da ne more dihati, ga niso poslu\u0161ali, a je kmalu zatem nehal dihati in je umrl \u0161e pred prihodom re\u0161evalcev.<\/p>\n<p>Ameri\u0161ki predsednik Donald Trump je v petek sporo\u010dil, da je po telefonu govoril z dru\u017eino ubitega, podrobnosti pogovora pa ni razkril. Je pa\u00a0Floydov\u00a0brat Philonise\u00a0Floyd\u00a0v nedeljo za televizijo MSNBC povedal, da je bil pogovor &#8220;zelo hiter&#8221; in da mu predsednik ni dovolil do besede, na svoji spletni strani poro\u010da CNN. &#8220;Ni mi dal mo\u017enosti, da kaj povem. Bilo je te\u017eko. Sku\u0161al sem govoriti z njim, on pa me je samo nekako odrival, kot da no\u010de sli\u0161ati, o \u010dem govorim,&#8221; je dejal in dodal, da mu je sku\u0161al povedati le, da \u017eeli pravico.<\/p>\n<p>&nbsp;<\/p>\n","protected":false},"excerpt":{"rendered":"<p>Brat Georga Floyda Terrence Floyd je javno spregovoril o tragi\u010dni smrti o svojega brata, o tem, kak\u0161en \u010dlovek je bil Floyd, in o tem, da si \u017eeli pozitivno spremembo v dru\u017ebi.\u00a0<\/p>\n","protected":false},"author":1,"featured_media":424457,"comment_status":"closed","ping_status":"closed","sticky":false,"template":"","format":"standard","meta":{"footnotes":""},"categories":[1095],"tags":[16437,5157],"source":[1351,1466,1334],"supertag":[],"acf":[],"yoast_head":"<!-- This site is optimized with the Yoast SEO plugin v21.3 - https:\/\/yoast.com\/wordpress\/plugins\/seo\/ -->\n<title>Brat Georga Floyda prvi\u010d javno spregovril o svojem pokojnem bratu: Bil je &#8220;dobrodu\u0161ni velikan&#8221;, ki je vedno zagovarjal &#8220;mir&#8221; in &#8220;enotnost&#8221; - Hudo Slovenija<\/title>\n<meta name=\"robots\" content=\"index, follow, max-snippet:-1, max-image-preview:large, max-video-preview:-1\" \/>\n<link rel=\"canonical\" href=\"https:\/\/hudo.com\/si\/zabava\/brat-georga-floyda-prvic-javno-spregovril-o-svojem-pokojnem-bratu-bil-je-dobrodusni-velikan-ki-je-vedno-zagovarjal-mir-in-enotnost\/\" \/>\n<meta property=\"og:locale\" content=\"sl_SI\" \/>\n<meta property=\"og:type\" content=\"article\" \/>\n<meta property=\"og:title\" content=\"Brat Georga Floyda prvi\u010d javno spregovril o svojem pokojnem bratu: Bil je &#8220;dobrodu\u0161ni velikan&#8221;, ki je vedno zagovarjal &#8220;mir&#8221; in &#8220;enotnost&#8221; - Hudo Slovenija\" \/>\n<meta property=\"og:description\" content=\"Brat Georga Floyda Terrence Floyd je javno spregovoril o tragi\u010dni smrti o svojega brata, o tem, kak\u0161en \u010dlovek je bil Floyd, in o tem, da si \u017eeli pozitivno spremembo v dru\u017ebi.\u00a0\" \/>\n<meta property=\"og:url\" content=\"https:\/\/hudo.com\/si\/zabava\/brat-georga-floyda-prvic-javno-spregovril-o-svojem-pokojnem-bratu-bil-je-dobrodusni-velikan-ki-je-vedno-zagovarjal-mir-in-enotnost\/\" \/>\n<meta property=\"og:site_name\" content=\"Hudo Slovenija\" \/>\n<meta property=\"article:publisher\" content=\"https:\/\/www.facebook.com\/hudo.si\" \/>\n<meta property=\"article:published_time\" content=\"2020-06-02T04:56:42+00:00\" \/>\n<meta property=\"og:image\" content=\"https:\/\/hudo.com\/si\/wp-content\/uploads\/sites\/2\/2020\/06\/profimedia-0525577041.jpg\" \/>\n\t<meta property=\"og:image:width\" content=\"1250\" \/>\n\t<meta property=\"og:image:height\" content=\"833\" \/>\n\t<meta property=\"og:image:type\" content=\"image\/jpeg\" \/>\n<meta name=\"author\" content=\"hudo\" \/>\n<meta name=\"twitter:card\" content=\"summary_large_image\" \/>\n<meta name=\"twitter:creator\" content=\"@hudo_si\" \/>\n<meta name=\"twitter:site\" content=\"@hudo_si\" \/>\n<meta name=\"twitter:label1\" content=\"Written by\" \/>\n\t<meta name=\"twitter:data1\" content=\"hudo\" \/>\n\t<meta name=\"twitter:label2\" content=\"Est. reading time\" \/>\n\t<meta name=\"twitter:data2\" content=\"4 minute\" \/>\n<script type=\"application\/ld+json\" class=\"yoast-schema-graph\">{\"@context\":\"https:\/\/schema.org\",\"@graph\":[{\"@type\":\"Article\",\"@id\":\"https:\/\/hudo.com\/si\/zabava\/brat-georga-floyda-prvic-javno-spregovril-o-svojem-pokojnem-bratu-bil-je-dobrodusni-velikan-ki-je-vedno-zagovarjal-mir-in-enotnost\/#article\",\"isPartOf\":{\"@id\":\"https:\/\/hudo.com\/si\/zabava\/brat-georga-floyda-prvic-javno-spregovril-o-svojem-pokojnem-bratu-bil-je-dobrodusni-velikan-ki-je-vedno-zagovarjal-mir-in-enotnost\/\"},\"author\":{\"name\":\"hudo\",\"@id\":\"https:\/\/hudo.com\/si\/#\/schema\/person\/601cf3379633985b20f7e50f2bb47707\"},\"headline\":\"Brat Georga Floyda prvi\u010d javno spregovril o svojem pokojnem bratu: Bil je &#8220;dobrodu\u0161ni velikan&#8221;, ki je vedno zagovarjal &#8220;mir&#8221; in &#8220;enotnost&#8221;\",\"datePublished\":\"2020-06-02T04:56:42+00:00\",\"dateModified\":\"2020-06-02T04:56:42+00:00\",\"mainEntityOfPage\":{\"@id\":\"https:\/\/hudo.com\/si\/zabava\/brat-georga-floyda-prvic-javno-spregovril-o-svojem-pokojnem-bratu-bil-je-dobrodusni-velikan-ki-je-vedno-zagovarjal-mir-in-enotnost\/\"},\"wordCount\":752,\"publisher\":{\"@id\":\"https:\/\/hudo.com\/si\/#organization\"},\"keywords\":[\"George Floyd\",\"rasizem\"],\"articleSection\":[\"Zabava\"],\"inLanguage\":\"sl-SI\"},{\"@type\":\"WebPage\",\"@id\":\"https:\/\/hudo.com\/si\/zabava\/brat-georga-floyda-prvic-javno-spregovril-o-svojem-pokojnem-bratu-bil-je-dobrodusni-velikan-ki-je-vedno-zagovarjal-mir-in-enotnost\/\",\"url\":\"https:\/\/hudo.com\/si\/zabava\/brat-georga-floyda-prvic-javno-spregovril-o-svojem-pokojnem-bratu-bil-je-dobrodusni-velikan-ki-je-vedno-zagovarjal-mir-in-enotnost\/\",\"name\":\"Brat Georga Floyda prvi\u010d javno spregovril o svojem pokojnem bratu: Bil je &#8220;dobrodu\u0161ni velikan&#8221;, ki je vedno zagovarjal &#8220;mir&#8221; in &#8220;enotnost&#8221; - Hudo Slovenija\",\"isPartOf\":{\"@id\":\"https:\/\/hudo.com\/si\/#website\"},\"datePublished\":\"2020-06-02T04:56:42+00:00\",\"dateModified\":\"2020-06-02T04:56:42+00:00\",\"breadcrumb\":{\"@id\":\"https:\/\/hudo.com\/si\/zabava\/brat-georga-floyda-prvic-javno-spregovril-o-svojem-pokojnem-bratu-bil-je-dobrodusni-velikan-ki-je-vedno-zagovarjal-mir-in-enotnost\/#breadcrumb\"},\"inLanguage\":\"sl-SI\",\"potentialAction\":[{\"@type\":\"ReadAction\",\"target\":[\"https:\/\/hudo.com\/si\/zabava\/brat-georga-floyda-prvic-javno-spregovril-o-svojem-pokojnem-bratu-bil-je-dobrodusni-velikan-ki-je-vedno-zagovarjal-mir-in-enotnost\/\"]}]},{\"@type\":\"BreadcrumbList\",\"@id\":\"https:\/\/hudo.com\/si\/zabava\/brat-georga-floyda-prvic-javno-spregovril-o-svojem-pokojnem-bratu-bil-je-dobrodusni-velikan-ki-je-vedno-zagovarjal-mir-in-enotnost\/#breadcrumb\",\"itemListElement\":[{\"@type\":\"ListItem\",\"position\":1,\"name\":\"Home\",\"item\":\"https:\/\/hudo.com\/si\/\"},{\"@type\":\"ListItem\",\"position\":2,\"name\":\"Brat Georga Floyda prvi\u010d javno spregovril o svojem pokojnem bratu: Bil je &#8220;dobrodu\u0161ni velikan&#8221;, ki je vedno zagovarjal &#8220;mir&#8221; in &#8220;enotnost&#8221;\"}]},{\"@type\":\"WebSite\",\"@id\":\"https:\/\/hudo.com\/si\/#website\",\"url\":\"https:\/\/hudo.com\/si\/\",\"name\":\"Hudo Slovenija\",\"description\":\"Vse novice iz Slovenije in sveta\",\"publisher\":{\"@id\":\"https:\/\/hudo.com\/si\/#organization\"},\"potentialAction\":[{\"@type\":\"SearchAction\",\"target\":{\"@type\":\"EntryPoint\",\"urlTemplate\":\"https:\/\/hudo.com\/si\/?s={search_term_string}\"},\"query-input\":\"required name=search_term_string\"}],\"inLanguage\":\"sl-SI\"},{\"@type\":\"Organization\",\"@id\":\"https:\/\/hudo.com\/si\/#organization\",\"name\":\"VSN Media\",\"url\":\"https:\/\/hudo.com\/si\/\",\"logo\":{\"@type\":\"ImageObject\",\"inLanguage\":\"sl-SI\",\"@id\":\"https:\/\/hudo.com\/si\/#\/schema\/logo\/image\/\",\"url\":\"https:\/\/hudo.com\/si\/wp-content\/uploads\/sites\/2\/2021\/03\/hudo-app-2.png\",\"contentUrl\":\"https:\/\/hudo.com\/si\/wp-content\/uploads\/sites\/2\/2021\/03\/hudo-app-2.png\",\"width\":2185,\"height\":2167,\"caption\":\"VSN Media\"},\"image\":{\"@id\":\"https:\/\/hudo.com\/si\/#\/schema\/logo\/image\/\"},\"sameAs\":[\"https:\/\/www.facebook.com\/hudo.si\",\"https:\/\/twitter.com\/hudo_si\"]},{\"@type\":\"Person\",\"@id\":\"https:\/\/hudo.com\/si\/#\/schema\/person\/601cf3379633985b20f7e50f2bb47707\",\"name\":\"hudo\",\"image\":{\"@type\":\"ImageObject\",\"inLanguage\":\"sl-SI\",\"@id\":\"https:\/\/hudo.com\/si\/#\/schema\/person\/image\/\",\"url\":\"https:\/\/secure.gravatar.com\/avatar\/c4ca25fa72cace7a696b52ff5db9e095?s=96&d=mm&r=g\",\"contentUrl\":\"https:\/\/secure.gravatar.com\/avatar\/c4ca25fa72cace7a696b52ff5db9e095?s=96&d=mm&r=g\",\"caption\":\"hudo\"},\"url\":\"https:\/\/hudo.com\/si\/author\/hudo\/\"}]}<\/script>\n<!-- \/ Yoast SEO plugin. -->","yoast_head_json":{"title":"Brat Georga Floyda prvi\u010d javno spregovril o svojem pokojnem bratu: Bil je &#8220;dobrodu\u0161ni velikan&#8221;, ki je vedno zagovarjal &#8220;mir&#8221; in &#8220;enotnost&#8221; - Hudo Slovenija","robots":{"index":"index","follow":"follow","max-snippet":"max-snippet:-1","max-image-preview":"max-image-preview:large","max-video-preview":"max-video-preview:-1"},"canonical":"https:\/\/hudo.com\/si\/zabava\/brat-georga-floyda-prvic-javno-spregovril-o-svojem-pokojnem-bratu-bil-je-dobrodusni-velikan-ki-je-vedno-zagovarjal-mir-in-enotnost\/","og_locale":"sl_SI","og_type":"article","og_title":"Brat Georga Floyda prvi\u010d javno spregovril o svojem pokojnem bratu: Bil je &#8220;dobrodu\u0161ni velikan&#8221;, ki je vedno zagovarjal &#8220;mir&#8221; in &#8220;enotnost&#8221; - Hudo Slovenija","og_description":"Brat Georga Floyda Terrence Floyd je javno spregovoril o tragi\u010dni smrti o svojega brata, o tem, kak\u0161en \u010dlovek je bil Floyd, in o tem, da si \u017eeli pozitivno spremembo v dru\u017ebi.\u00a0","og_url":"https:\/\/hudo.com\/si\/zabava\/brat-georga-floyda-prvic-javno-spregovril-o-svojem-pokojnem-bratu-bil-je-dobrodusni-velikan-ki-je-vedno-zagovarjal-mir-in-enotnost\/","og_site_name":"Hudo Slovenija","article_publisher":"https:\/\/www.facebook.com\/hudo.si","article_published_time":"2020-06-02T04:56:42+00:00","og_image":[{"width":1250,"height":833,"url":"https:\/\/hudo.com\/si\/wp-content\/uploads\/sites\/2\/2020\/06\/profimedia-0525577041.jpg","type":"image\/jpeg"}],"author":"hudo","twitter_card":"summary_large_image","twitter_creator":"@hudo_si","twitter_site":"@hudo_si","twitter_misc":{"Written by":"hudo","Est. reading time":"4 minute"},"schema":{"@context":"https:\/\/schema.org","@graph":[{"@type":"Article","@id":"https:\/\/hudo.com\/si\/zabava\/brat-georga-floyda-prvic-javno-spregovril-o-svojem-pokojnem-bratu-bil-je-dobrodusni-velikan-ki-je-vedno-zagovarjal-mir-in-enotnost\/#article","isPartOf":{"@id":"https:\/\/hudo.com\/si\/zabava\/brat-georga-floyda-prvic-javno-spregovril-o-svojem-pokojnem-bratu-bil-je-dobrodusni-velikan-ki-je-vedno-zagovarjal-mir-in-enotnost\/"},"author":{"name":"hudo","@id":"https:\/\/hudo.com\/si\/#\/schema\/person\/601cf3379633985b20f7e50f2bb47707"},"headline":"Brat Georga Floyda prvi\u010d javno spregovril o svojem pokojnem bratu: Bil je &#8220;dobrodu\u0161ni velikan&#8221;, ki je vedno zagovarjal &#8220;mir&#8221; in &#8220;enotnost&#8221;","datePublished":"2020-06-02T04:56:42+00:00","dateModified":"2020-06-02T04:56:42+00:00","mainEntityOfPage":{"@id":"https:\/\/hudo.com\/si\/zabava\/brat-georga-floyda-prvic-javno-spregovril-o-svojem-pokojnem-bratu-bil-je-dobrodusni-velikan-ki-je-vedno-zagovarjal-mir-in-enotnost\/"},"wordCount":752,"publisher":{"@id":"https:\/\/hudo.com\/si\/#organization"},"keywords":["George Floyd","rasizem"],"articleSection":["Zabava"],"inLanguage":"sl-SI"},{"@type":"WebPage","@id":"https:\/\/hudo.com\/si\/zabava\/brat-georga-floyda-prvic-javno-spregovril-o-svojem-pokojnem-bratu-bil-je-dobrodusni-velikan-ki-je-vedno-zagovarjal-mir-in-enotnost\/","url":"https:\/\/hudo.com\/si\/zabava\/brat-georga-floyda-prvic-javno-spregovril-o-svojem-pokojnem-bratu-bil-je-dobrodusni-velikan-ki-je-vedno-zagovarjal-mir-in-enotnost\/","name":"Brat Georga Floyda prvi\u010d javno spregovril o svojem pokojnem bratu: Bil je &#8220;dobrodu\u0161ni velikan&#8221;, ki je vedno zagovarjal &#8220;mir&#8221; in &#8220;enotnost&#8221; - Hudo Slovenija","isPartOf":{"@id":"https:\/\/hudo.com\/si\/#website"},"datePublished":"2020-06-02T04:56:42+00:00","dateModified":"2020-06-02T04:56:42+00:00","breadcrumb":{"@id":"https:\/\/hudo.com\/si\/zabava\/brat-georga-floyda-prvic-javno-spregovril-o-svojem-pokojnem-bratu-bil-je-dobrodusni-velikan-ki-je-vedno-zagovarjal-mir-in-enotnost\/#breadcrumb"},"inLanguage":"sl-SI","potentialAction":[{"@type":"ReadAction","target":["https:\/\/hudo.com\/si\/zabava\/brat-georga-floyda-prvic-javno-spregovril-o-svojem-pokojnem-bratu-bil-je-dobrodusni-velikan-ki-je-vedno-zagovarjal-mir-in-enotnost\/"]}]},{"@type":"BreadcrumbList","@id":"https:\/\/hudo.com\/si\/zabava\/brat-georga-floyda-prvic-javno-spregovril-o-svojem-pokojnem-bratu-bil-je-dobrodusni-velikan-ki-je-vedno-zagovarjal-mir-in-enotnost\/#breadcrumb","itemListElement":[{"@type":"ListItem","position":1,"name":"Home","item":"https:\/\/hudo.com\/si\/"},{"@type":"ListItem","position":2,"name":"Brat Georga Floyda prvi\u010d javno spregovril o svojem pokojnem bratu: Bil je &#8220;dobrodu\u0161ni velikan&#8221;, ki je vedno zagovarjal &#8220;mir&#8221; in &#8220;enotnost&#8221;"}]},{"@type":"WebSite","@id":"https:\/\/hudo.com\/si\/#website","url":"https:\/\/hudo.com\/si\/","name":"Hudo Slovenija","description":"Vse novice iz Slovenije in sveta","publisher":{"@id":"https:\/\/hudo.com\/si\/#organization"},"potentialAction":[{"@type":"SearchAction","target":{"@type":"EntryPoint","urlTemplate":"https:\/\/hudo.com\/si\/?s={search_term_string}"},"query-input":"required name=search_term_string"}],"inLanguage":"sl-SI"},{"@type":"Organization","@id":"https:\/\/hudo.com\/si\/#organization","name":"VSN Media","url":"https:\/\/hudo.com\/si\/","logo":{"@type":"ImageObject","inLanguage":"sl-SI","@id":"https:\/\/hudo.com\/si\/#\/schema\/logo\/image\/","url":"https:\/\/hudo.com\/si\/wp-content\/uploads\/sites\/2\/2021\/03\/hudo-app-2.png","contentUrl":"https:\/\/hudo.com\/si\/wp-content\/uploads\/sites\/2\/2021\/03\/hudo-app-2.png","width":2185,"height":2167,"caption":"VSN Media"},"image":{"@id":"https:\/\/hudo.com\/si\/#\/schema\/logo\/image\/"},"sameAs":["https:\/\/www.facebook.com\/hudo.si","https:\/\/twitter.com\/hudo_si"]},{"@type":"Person","@id":"https:\/\/hudo.com\/si\/#\/schema\/person\/601cf3379633985b20f7e50f2bb47707","name":"hudo","image":{"@type":"ImageObject","inLanguage":"sl-SI","@id":"https:\/\/hudo.com\/si\/#\/schema\/person\/image\/","url":"https:\/\/secure.gravatar.com\/avatar\/c4ca25fa72cace7a696b52ff5db9e095?s=96&d=mm&r=g","contentUrl":"https:\/\/secure.gravatar.com\/avatar\/c4ca25fa72cace7a696b52ff5db9e095?s=96&d=mm&r=g","caption":"hudo"},"url":"https:\/\/hudo.com\/si\/author\/hudo\/"}]}},"amp_enabled":true,"_links":{"self":[{"href":"https:\/\/hudo.com\/si\/wp-json\/wp\/v2\/posts\/424456"}],"collection":[{"href":"https:\/\/hudo.com\/si\/wp-json\/wp\/v2\/posts"}],"about":[{"href":"https:\/\/hudo.com\/si\/wp-json\/wp\/v2\/types\/post"}],"author":[{"embeddable":true,"href":"https:\/\/hudo.com\/si\/wp-json\/wp\/v2\/users\/1"}],"replies":[{"embeddable":true,"href":"https:\/\/hudo.com\/si\/wp-json\/wp\/v2\/comments?post=424456"}],"version-history":[{"count":0,"href":"https:\/\/hudo.com\/si\/wp-json\/wp\/v2\/posts\/424456\/revisions"}],"wp:featuredmedia":[{"embeddable":true,"href":"https:\/\/hudo.com\/si\/wp-json\/wp\/v2\/media\/424457"}],"wp:attachment":[{"href":"https:\/\/hudo.com\/si\/wp-json\/wp\/v2\/media?parent=424456"}],"wp:term":[{"taxonomy":"category","embeddable":true,"href":"https:\/\/hudo.com\/si\/wp-json\/wp\/v2\/categories?post=424456"},{"taxonomy":"post_tag","embeddable":true,"href":"https:\/\/hudo.com\/si\/wp-json\/wp\/v2\/tags?post=424456"},{"taxonomy":"source","embeddable":true,"href":"https:\/\/hudo.com\/si\/wp-json\/wp\/v2\/source?post=424456"},{"taxonomy":"supertag","embeddable":true,"href":"https:\/\/hudo.com\/si\/wp-json\/wp\/v2\/supertag?post=424456"}],"curies":[{"name":"wp","href":"https:\/\/api.w.org\/{rel}","templated":true}]}}