{"id":424609,"date":"2020-06-04T10:05:46","date_gmt":"2020-06-04T08:05:46","guid":{"rendered":"http:\/\/hudo.com\/si\/?p=424609"},"modified":"2020-06-04T10:05:46","modified_gmt":"2020-06-04T08:05:46","slug":"obcina-vrhnika-proti-kemisu-s-kazensko-ovadbo","status":"publish","type":"post","link":"https:\/\/hudo.com\/si\/aktualno\/obcina-vrhnika-proti-kemisu-s-kazensko-ovadbo\/","title":{"rendered":"Ob\u010dina Vrhnika proti Kemisu s kazensko ovadbo"},"content":{"rendered":"<p>Vrhni\u0161ka ob\u010dina je zoper Kemis in \u0160imenca vlo\u017eila naznanitev suma storitve kaznivega dejanja povzro\u010ditve splo\u0161ne nevarnosti in kaznivega dejanja obremenjevanja in uni\u010devanja okolja.<\/p>\n<p>Vi\u0161ja dr\u017eavna to\u017eilka Katarina Bergant je za Dnevnik pojasnila, da so ovadbo, ki so jo prejeli 15. aprila, v dopolnitev poslali policiji. To\u017eilstvo je \u0161e ni prejelo, zadeva pa je \u0161e vedno v predkazenskem postopku. V vrhni\u0161kem podjetju za ovadbo po navedbah \u010dasnika ne vedo.<\/p>\n<p>O\u010ditki ob\u010dine se nana\u0161ajo na to, da Kemis ni upo\u0161teval odlo\u010db gradbene in\u0161pekcije, ko mu je ta pred tremi meseci prepovedala obratovanje v vseh treh spornih objektih &#8211; v nadstre\u0161nici za skladi\u0161\u010denje odpadkov (objekt A), v zalogovniku za po\u017earno vodo (objekt C), ki ju je razglasil za \u010drno gradnjo, ter prizidku k nadstre\u0161nici (objekt B), ki nima uporabnega dovoljenja. Odlo\u010dil je \u0161e, da mora Kemis objekta A in C podreti.<\/p>\n<p>Takrat je Kemis napovedal, da pravno zavezujo\u010dih odlo\u010db ne bo upo\u0161teval, in je kljub prepovedi nadaljeval obratovanje, zaradi \u010desar ga ob\u010dina sumi storitve kaznivega dejanja. Ministrstvo za okolje in prostor je pozneje potrdilo odlo\u010ditev in\u0161pekcije glede objekta C in B, primer objekta A pa je vrnil v ponovno odlo\u010danje. Pri izvr\u0161itvi postopka gradbene in\u0161pekcije je pri\u0161lo do zastoja zaradi zamrznitve rokov v \u010dasu epidemije.<\/p>\n<p>V Kemisu, potem ko so se na za\u010detku marca najprej uprli in\u0161pekciji, zdaj trdijo, da objektov C in B ne uporabljajo ve\u010d, \u0161e vedno pa podjetje deluje v objektu A, pi\u0161e \u010dasnik.<\/p>\n<p>Ministrstvo je in\u0161pektoratu nalo\u017eilo, da mora razre\u0161iti vpra\u0161anje, ali je Kemis brez gradbenega dovoljenja na nadstre\u0161nici izvedel le rekonstrukcijska dela ali je \u0161lo za novogradnjo. \u010ce bo gradbena in\u0161pekcija ugotovila, da je \u0161lo za rekonstrukcijo, bo moral Kemis podreti le del objekta, sicer pa celega. V Kemisu si sicer prizadevajo pridobiti uporabno dovoljenje za objekt B, legalizirati pa nameravajo tudi objekt C.<\/p>\n","protected":false},"excerpt":{"rendered":"<p>Ob\u010dina Vrhnika je podala kazensko ovadbo zoper Kemis in direktorja podjetja Bo\u0161tjana \u0160imenca, poro\u010da dana\u0161nji Dnevnik. Ovadba se nana\u0161a na Kemisovo neupo\u0161tevanje odlo\u010db gradbene in\u0161pekcije. V vrhni\u0161kem podjetju medtem zagotavljajo, da v dveh objektih, ki ju ne smejo uporabljati, ne obratujejo ve\u010d.<\/p>\n","protected":false},"author":5,"featured_media":404823,"comment_status":"closed","ping_status":"closed","sticky":false,"template":"","format":"standard","meta":{"footnotes":""},"categories":[1179],"tags":[8917,8712,16466,1595],"source":[4511],"supertag":[7541],"acf":[],"yoast_head":"<!-- This site is optimized with the Yoast SEO plugin v21.3 - https:\/\/yoast.com\/wordpress\/plugins\/seo\/ -->\n<title>Ob\u010dina Vrhnika proti Kemisu s kazensko ovadbo - Hudo Slovenija<\/title>\n<meta name=\"robots\" content=\"index, follow, max-snippet:-1, max-image-preview:large, max-video-preview:-1\" \/>\n<link rel=\"canonical\" href=\"https:\/\/hudo.com\/si\/aktualno\/obcina-vrhnika-proti-kemisu-s-kazensko-ovadbo\/\" \/>\n<meta property=\"og:locale\" content=\"sl_SI\" \/>\n<meta property=\"og:type\" content=\"article\" \/>\n<meta property=\"og:title\" content=\"Ob\u010dina Vrhnika proti Kemisu s kazensko ovadbo - Hudo Slovenija\" \/>\n<meta property=\"og:description\" content=\"Ob\u010dina Vrhnika je podala kazensko ovadbo zoper Kemis in direktorja podjetja Bo\u0161tjana \u0160imenca, poro\u010da dana\u0161nji Dnevnik. Ovadba se nana\u0161a na Kemisovo neupo\u0161tevanje odlo\u010db gradbene in\u0161pekcije. V vrhni\u0161kem podjetju medtem zagotavljajo, da v dveh objektih, ki ju ne smejo uporabljati, ne obratujejo ve\u010d.\" \/>\n<meta property=\"og:url\" content=\"https:\/\/hudo.com\/si\/aktualno\/obcina-vrhnika-proti-kemisu-s-kazensko-ovadbo\/\" \/>\n<meta property=\"og:site_name\" content=\"Hudo Slovenija\" \/>\n<meta property=\"article:publisher\" content=\"https:\/\/www.facebook.com\/hudo.si\" \/>\n<meta property=\"article:published_time\" content=\"2020-06-04T08:05:46+00:00\" \/>\n<meta property=\"og:image\" content=\"https:\/\/hudo.com\/si\/wp-content\/uploads\/sites\/2\/2019\/08\/20190201-00913157.jpg\" \/>\n\t<meta property=\"og:image:width\" content=\"640\" \/>\n\t<meta property=\"og:image:height\" content=\"427\" \/>\n\t<meta property=\"og:image:type\" content=\"image\/jpeg\" \/>\n<meta name=\"author\" content=\"A. G., STA\" \/>\n<meta name=\"twitter:card\" content=\"summary_large_image\" \/>\n<meta name=\"twitter:creator\" content=\"@hudo_si\" \/>\n<meta name=\"twitter:site\" content=\"@hudo_si\" \/>\n<meta name=\"twitter:label1\" content=\"Written by\" \/>\n\t<meta name=\"twitter:data1\" content=\"A. G., STA\" \/>\n\t<meta name=\"twitter:label2\" content=\"Est. reading time\" \/>\n\t<meta name=\"twitter:data2\" content=\"2 minuti\" \/>\n<script type=\"application\/ld+json\" class=\"yoast-schema-graph\">{\"@context\":\"https:\/\/schema.org\",\"@graph\":[{\"@type\":\"Article\",\"@id\":\"https:\/\/hudo.com\/si\/aktualno\/obcina-vrhnika-proti-kemisu-s-kazensko-ovadbo\/#article\",\"isPartOf\":{\"@id\":\"https:\/\/hudo.com\/si\/aktualno\/obcina-vrhnika-proti-kemisu-s-kazensko-ovadbo\/\"},\"author\":{\"name\":\"A. G., STA\",\"@id\":\"https:\/\/hudo.com\/si\/#\/schema\/person\/2391667a63ea075ba94f2f2dc6b77537\"},\"headline\":\"Ob\u010dina Vrhnika proti Kemisu s kazensko ovadbo\",\"datePublished\":\"2020-06-04T08:05:46+00:00\",\"dateModified\":\"2020-06-04T08:05:46+00:00\",\"mainEntityOfPage\":{\"@id\":\"https:\/\/hudo.com\/si\/aktualno\/obcina-vrhnika-proti-kemisu-s-kazensko-ovadbo\/\"},\"wordCount\":344,\"publisher\":{\"@id\":\"https:\/\/hudo.com\/si\/#organization\"},\"keywords\":[\"kazenska ovadba\",\"Kemis\",\"ob\u010dina Vrhnika\",\"Slovenija\"],\"articleSection\":[\"Aktualno\"],\"inLanguage\":\"sl-SI\"},{\"@type\":\"WebPage\",\"@id\":\"https:\/\/hudo.com\/si\/aktualno\/obcina-vrhnika-proti-kemisu-s-kazensko-ovadbo\/\",\"url\":\"https:\/\/hudo.com\/si\/aktualno\/obcina-vrhnika-proti-kemisu-s-kazensko-ovadbo\/\",\"name\":\"Ob\u010dina Vrhnika proti Kemisu s kazensko ovadbo - Hudo Slovenija\",\"isPartOf\":{\"@id\":\"https:\/\/hudo.com\/si\/#website\"},\"datePublished\":\"2020-06-04T08:05:46+00:00\",\"dateModified\":\"2020-06-04T08:05:46+00:00\",\"breadcrumb\":{\"@id\":\"https:\/\/hudo.com\/si\/aktualno\/obcina-vrhnika-proti-kemisu-s-kazensko-ovadbo\/#breadcrumb\"},\"inLanguage\":\"sl-SI\",\"potentialAction\":[{\"@type\":\"ReadAction\",\"target\":[\"https:\/\/hudo.com\/si\/aktualno\/obcina-vrhnika-proti-kemisu-s-kazensko-ovadbo\/\"]}]},{\"@type\":\"BreadcrumbList\",\"@id\":\"https:\/\/hudo.com\/si\/aktualno\/obcina-vrhnika-proti-kemisu-s-kazensko-ovadbo\/#breadcrumb\",\"itemListElement\":[{\"@type\":\"ListItem\",\"position\":1,\"name\":\"Home\",\"item\":\"https:\/\/hudo.com\/si\/\"},{\"@type\":\"ListItem\",\"position\":2,\"name\":\"Ob\u010dina Vrhnika proti Kemisu s kazensko ovadbo\"}]},{\"@type\":\"WebSite\",\"@id\":\"https:\/\/hudo.com\/si\/#website\",\"url\":\"https:\/\/hudo.com\/si\/\",\"name\":\"Hudo Slovenija\",\"description\":\"Vse novice iz Slovenije in sveta\",\"publisher\":{\"@id\":\"https:\/\/hudo.com\/si\/#organization\"},\"potentialAction\":[{\"@type\":\"SearchAction\",\"target\":{\"@type\":\"EntryPoint\",\"urlTemplate\":\"https:\/\/hudo.com\/si\/?s={search_term_string}\"},\"query-input\":\"required name=search_term_string\"}],\"inLanguage\":\"sl-SI\"},{\"@type\":\"Organization\",\"@id\":\"https:\/\/hudo.com\/si\/#organization\",\"name\":\"VSN Media\",\"url\":\"https:\/\/hudo.com\/si\/\",\"logo\":{\"@type\":\"ImageObject\",\"inLanguage\":\"sl-SI\",\"@id\":\"https:\/\/hudo.com\/si\/#\/schema\/logo\/image\/\",\"url\":\"https:\/\/hudo.com\/si\/wp-content\/uploads\/sites\/2\/2021\/03\/hudo-app-2.png\",\"contentUrl\":\"https:\/\/hudo.com\/si\/wp-content\/uploads\/sites\/2\/2021\/03\/hudo-app-2.png\",\"width\":2185,\"height\":2167,\"caption\":\"VSN Media\"},\"image\":{\"@id\":\"https:\/\/hudo.com\/si\/#\/schema\/logo\/image\/\"},\"sameAs\":[\"https:\/\/www.facebook.com\/hudo.si\",\"https:\/\/twitter.com\/hudo_si\"]},{\"@type\":\"Person\",\"@id\":\"https:\/\/hudo.com\/si\/#\/schema\/person\/2391667a63ea075ba94f2f2dc6b77537\",\"name\":\"A. G., STA\",\"image\":{\"@type\":\"ImageObject\",\"inLanguage\":\"sl-SI\",\"@id\":\"https:\/\/hudo.com\/si\/#\/schema\/person\/image\/\",\"url\":\"https:\/\/secure.gravatar.com\/avatar\/e13d22ac3e442658d5025fbbe6238a79?s=96&d=mm&r=g\",\"contentUrl\":\"https:\/\/secure.gravatar.com\/avatar\/e13d22ac3e442658d5025fbbe6238a79?s=96&d=mm&r=g\",\"caption\":\"A. G., STA\"},\"url\":\"https:\/\/hudo.com\/si\/author\/alenka\/\"}]}<\/script>\n<!-- \/ Yoast SEO plugin. -->","yoast_head_json":{"title":"Ob\u010dina Vrhnika proti Kemisu s kazensko ovadbo - Hudo Slovenija","robots":{"index":"index","follow":"follow","max-snippet":"max-snippet:-1","max-image-preview":"max-image-preview:large","max-video-preview":"max-video-preview:-1"},"canonical":"https:\/\/hudo.com\/si\/aktualno\/obcina-vrhnika-proti-kemisu-s-kazensko-ovadbo\/","og_locale":"sl_SI","og_type":"article","og_title":"Ob\u010dina Vrhnika proti Kemisu s kazensko ovadbo - Hudo Slovenija","og_description":"Ob\u010dina Vrhnika je podala kazensko ovadbo zoper Kemis in direktorja podjetja Bo\u0161tjana \u0160imenca, poro\u010da dana\u0161nji Dnevnik. Ovadba se nana\u0161a na Kemisovo neupo\u0161tevanje odlo\u010db gradbene in\u0161pekcije. V vrhni\u0161kem podjetju medtem zagotavljajo, da v dveh objektih, ki ju ne smejo uporabljati, ne obratujejo ve\u010d.","og_url":"https:\/\/hudo.com\/si\/aktualno\/obcina-vrhnika-proti-kemisu-s-kazensko-ovadbo\/","og_site_name":"Hudo Slovenija","article_publisher":"https:\/\/www.facebook.com\/hudo.si","article_published_time":"2020-06-04T08:05:46+00:00","og_image":[{"width":640,"height":427,"url":"https:\/\/hudo.com\/si\/wp-content\/uploads\/sites\/2\/2019\/08\/20190201-00913157.jpg","type":"image\/jpeg"}],"author":"A. G., STA","twitter_card":"summary_large_image","twitter_creator":"@hudo_si","twitter_site":"@hudo_si","twitter_misc":{"Written by":"A. G., STA","Est. reading time":"2 minuti"},"schema":{"@context":"https:\/\/schema.org","@graph":[{"@type":"Article","@id":"https:\/\/hudo.com\/si\/aktualno\/obcina-vrhnika-proti-kemisu-s-kazensko-ovadbo\/#article","isPartOf":{"@id":"https:\/\/hudo.com\/si\/aktualno\/obcina-vrhnika-proti-kemisu-s-kazensko-ovadbo\/"},"author":{"name":"A. G., STA","@id":"https:\/\/hudo.com\/si\/#\/schema\/person\/2391667a63ea075ba94f2f2dc6b77537"},"headline":"Ob\u010dina Vrhnika proti Kemisu s kazensko ovadbo","datePublished":"2020-06-04T08:05:46+00:00","dateModified":"2020-06-04T08:05:46+00:00","mainEntityOfPage":{"@id":"https:\/\/hudo.com\/si\/aktualno\/obcina-vrhnika-proti-kemisu-s-kazensko-ovadbo\/"},"wordCount":344,"publisher":{"@id":"https:\/\/hudo.com\/si\/#organization"},"keywords":["kazenska ovadba","Kemis","ob\u010dina Vrhnika","Slovenija"],"articleSection":["Aktualno"],"inLanguage":"sl-SI"},{"@type":"WebPage","@id":"https:\/\/hudo.com\/si\/aktualno\/obcina-vrhnika-proti-kemisu-s-kazensko-ovadbo\/","url":"https:\/\/hudo.com\/si\/aktualno\/obcina-vrhnika-proti-kemisu-s-kazensko-ovadbo\/","name":"Ob\u010dina Vrhnika proti Kemisu s kazensko ovadbo - Hudo Slovenija","isPartOf":{"@id":"https:\/\/hudo.com\/si\/#website"},"datePublished":"2020-06-04T08:05:46+00:00","dateModified":"2020-06-04T08:05:46+00:00","breadcrumb":{"@id":"https:\/\/hudo.com\/si\/aktualno\/obcina-vrhnika-proti-kemisu-s-kazensko-ovadbo\/#breadcrumb"},"inLanguage":"sl-SI","potentialAction":[{"@type":"ReadAction","target":["https:\/\/hudo.com\/si\/aktualno\/obcina-vrhnika-proti-kemisu-s-kazensko-ovadbo\/"]}]},{"@type":"BreadcrumbList","@id":"https:\/\/hudo.com\/si\/aktualno\/obcina-vrhnika-proti-kemisu-s-kazensko-ovadbo\/#breadcrumb","itemListElement":[{"@type":"ListItem","position":1,"name":"Home","item":"https:\/\/hudo.com\/si\/"},{"@type":"ListItem","position":2,"name":"Ob\u010dina Vrhnika proti Kemisu s kazensko ovadbo"}]},{"@type":"WebSite","@id":"https:\/\/hudo.com\/si\/#website","url":"https:\/\/hudo.com\/si\/","name":"Hudo Slovenija","description":"Vse novice iz Slovenije in sveta","publisher":{"@id":"https:\/\/hudo.com\/si\/#organization"},"potentialAction":[{"@type":"SearchAction","target":{"@type":"EntryPoint","urlTemplate":"https:\/\/hudo.com\/si\/?s={search_term_string}"},"query-input":"required name=search_term_string"}],"inLanguage":"sl-SI"},{"@type":"Organization","@id":"https:\/\/hudo.com\/si\/#organization","name":"VSN Media","url":"https:\/\/hudo.com\/si\/","logo":{"@type":"ImageObject","inLanguage":"sl-SI","@id":"https:\/\/hudo.com\/si\/#\/schema\/logo\/image\/","url":"https:\/\/hudo.com\/si\/wp-content\/uploads\/sites\/2\/2021\/03\/hudo-app-2.png","contentUrl":"https:\/\/hudo.com\/si\/wp-content\/uploads\/sites\/2\/2021\/03\/hudo-app-2.png","width":2185,"height":2167,"caption":"VSN Media"},"image":{"@id":"https:\/\/hudo.com\/si\/#\/schema\/logo\/image\/"},"sameAs":["https:\/\/www.facebook.com\/hudo.si","https:\/\/twitter.com\/hudo_si"]},{"@type":"Person","@id":"https:\/\/hudo.com\/si\/#\/schema\/person\/2391667a63ea075ba94f2f2dc6b77537","name":"A. G., STA","image":{"@type":"ImageObject","inLanguage":"sl-SI","@id":"https:\/\/hudo.com\/si\/#\/schema\/person\/image\/","url":"https:\/\/secure.gravatar.com\/avatar\/e13d22ac3e442658d5025fbbe6238a79?s=96&d=mm&r=g","contentUrl":"https:\/\/secure.gravatar.com\/avatar\/e13d22ac3e442658d5025fbbe6238a79?s=96&d=mm&r=g","caption":"A. G., STA"},"url":"https:\/\/hudo.com\/si\/author\/alenka\/"}]}},"amp_enabled":true,"_links":{"self":[{"href":"https:\/\/hudo.com\/si\/wp-json\/wp\/v2\/posts\/424609"}],"collection":[{"href":"https:\/\/hudo.com\/si\/wp-json\/wp\/v2\/posts"}],"about":[{"href":"https:\/\/hudo.com\/si\/wp-json\/wp\/v2\/types\/post"}],"author":[{"embeddable":true,"href":"https:\/\/hudo.com\/si\/wp-json\/wp\/v2\/users\/5"}],"replies":[{"embeddable":true,"href":"https:\/\/hudo.com\/si\/wp-json\/wp\/v2\/comments?post=424609"}],"version-history":[{"count":1,"href":"https:\/\/hudo.com\/si\/wp-json\/wp\/v2\/posts\/424609\/revisions"}],"predecessor-version":[{"id":424612,"href":"https:\/\/hudo.com\/si\/wp-json\/wp\/v2\/posts\/424609\/revisions\/424612"}],"wp:featuredmedia":[{"embeddable":true,"href":"https:\/\/hudo.com\/si\/wp-json\/wp\/v2\/media\/404823"}],"wp:attachment":[{"href":"https:\/\/hudo.com\/si\/wp-json\/wp\/v2\/media?parent=424609"}],"wp:term":[{"taxonomy":"category","embeddable":true,"href":"https:\/\/hudo.com\/si\/wp-json\/wp\/v2\/categories?post=424609"},{"taxonomy":"post_tag","embeddable":true,"href":"https:\/\/hudo.com\/si\/wp-json\/wp\/v2\/tags?post=424609"},{"taxonomy":"source","embeddable":true,"href":"https:\/\/hudo.com\/si\/wp-json\/wp\/v2\/source?post=424609"},{"taxonomy":"supertag","embeddable":true,"href":"https:\/\/hudo.com\/si\/wp-json\/wp\/v2\/supertag?post=424609"}],"curies":[{"name":"wp","href":"https:\/\/api.w.org\/{rel}","templated":true}]}}