{"id":424782,"date":"2020-06-06T08:44:52","date_gmt":"2020-06-06T06:44:52","guid":{"rendered":"http:\/\/hudo.com\/si\/?p=424782"},"modified":"2020-06-06T08:44:52","modified_gmt":"2020-06-06T06:44:52","slug":"srbski-nogometas-izgubil-sluzbo-zaradi-rasisticnih-objav-soproge","status":"publish","type":"post","link":"https:\/\/hudo.com\/si\/aktualno\/srbski-nogometas-izgubil-sluzbo-zaradi-rasisticnih-objav-soproge\/","title":{"rendered":"Srbski nogometa\u0161 izgubil slu\u017ebo zaradi rasisti\u010dnih objav soproge"},"content":{"rendered":"<p>Njegova \u017eena Tea Katai je prek Instagrama objavljala sporo\u010dila, v katerih je kritizirala predstavnike gibanja Black lives matter (\u010crna \u017eivljenja \u0161tejejo), jih ozna\u010dila za &#8220;odvratno \u017eivino&#8221; in pozvala na nasilen obra\u010dun s protestniki.<\/p>\n<p>Sporo\u010dila je sicer \u017eena izbrisala, vendar je klub iz Los Angelesa odreagiral s prekinitvijo pogodbe z njenim soprogom, \u010deprav se je 29-letni ob\u010dasni srbski reprezentant opravi\u010dil za njene objave.<\/p>\n<p>Katai je objavil ob\u0161irno opravi\u010dilo, razlo\u017eil, da sam ne podpira in ne deli njenega mnenja, da njegova dru\u017eina tega ne bo tolerirala in da bo poskrbel, da se bo izobrazila in podprla prizadevanja za pravice temnopoltih. Kljub temu ga je klub odpustil.<\/p>\n","protected":false},"excerpt":{"rendered":"<p>Srbski nogometa\u0161 Aleksandar Katai ni ve\u010d \u010dlan LA Galaxyja, potem ko je klub ameri\u0161ke lige MLS z igralcem v petek prekinil pogodbo. Katai je izgubil slu\u017ebo zaradi &#8220;niza rasisti\u010dnih in nasilnih objav soproge na dru\u017ebenih omre\u017ejih&#8221;, so sporo\u010dili iz Galaxyja.<\/p>\n","protected":false},"author":5,"featured_media":424783,"comment_status":"closed","ping_status":"closed","sticky":false,"template":"","format":"standard","meta":{"footnotes":""},"categories":[1179],"tags":[16485,3600,5157],"source":[4511],"supertag":[6098],"acf":[],"yoast_head":"<!-- This site is optimized with the Yoast SEO plugin v21.3 - https:\/\/yoast.com\/wordpress\/plugins\/seo\/ -->\n<title>Srbski nogometa\u0161 izgubil slu\u017ebo zaradi rasisti\u010dnih objav soproge<\/title>\n<meta name=\"robots\" content=\"index, follow, max-snippet:-1, max-image-preview:large, max-video-preview:-1\" \/>\n<link rel=\"canonical\" href=\"https:\/\/hudo.com\/si\/aktualno\/srbski-nogometas-izgubil-sluzbo-zaradi-rasisticnih-objav-soproge\/\" \/>\n<meta property=\"og:locale\" content=\"sl_SI\" \/>\n<meta property=\"og:type\" content=\"article\" \/>\n<meta property=\"og:title\" content=\"Srbski nogometa\u0161 izgubil slu\u017ebo zaradi rasisti\u010dnih objav soproge\" \/>\n<meta property=\"og:description\" content=\"Srbski nogometa\u0161 Aleksandar Katai ni ve\u010d \u010dlan LA Galaxyja, potem ko je klub ameri\u0161ke lige MLS z igralcem v petek prekinil pogodbo. Katai je izgubil slu\u017ebo zaradi &quot;niza rasisti\u010dnih in nasilnih objav soproge na dru\u017ebenih omre\u017ejih&quot;, so sporo\u010dili iz Galaxyja.\" \/>\n<meta property=\"og:url\" content=\"https:\/\/hudo.com\/si\/aktualno\/srbski-nogometas-izgubil-sluzbo-zaradi-rasisticnih-objav-soproge\/\" \/>\n<meta property=\"og:site_name\" content=\"Hudo Slovenija\" \/>\n<meta property=\"article:publisher\" content=\"https:\/\/www.facebook.com\/hudo.si\" \/>\n<meta property=\"article:published_time\" content=\"2020-06-06T06:44:52+00:00\" \/>\n<meta property=\"og:image\" content=\"https:\/\/hudo.com\/si\/wp-content\/uploads\/sites\/2\/2020\/06\/profimedia-0504485094.jpg\" \/>\n\t<meta property=\"og:image:width\" content=\"1250\" \/>\n\t<meta property=\"og:image:height\" content=\"826\" \/>\n\t<meta property=\"og:image:type\" content=\"image\/jpeg\" \/>\n<meta name=\"author\" content=\"A. G., STA\" \/>\n<meta name=\"twitter:card\" content=\"summary_large_image\" \/>\n<meta name=\"twitter:creator\" content=\"@hudo_si\" \/>\n<meta name=\"twitter:site\" content=\"@hudo_si\" \/>\n<meta name=\"twitter:label1\" content=\"Written by\" \/>\n\t<meta name=\"twitter:data1\" content=\"A. G., STA\" \/>\n\t<meta name=\"twitter:label2\" content=\"Est. reading time\" \/>\n\t<meta name=\"twitter:data2\" content=\"1 minuta\" \/>\n<script type=\"application\/ld+json\" class=\"yoast-schema-graph\">{\"@context\":\"https:\/\/schema.org\",\"@graph\":[{\"@type\":\"Article\",\"@id\":\"https:\/\/hudo.com\/si\/aktualno\/srbski-nogometas-izgubil-sluzbo-zaradi-rasisticnih-objav-soproge\/#article\",\"isPartOf\":{\"@id\":\"https:\/\/hudo.com\/si\/aktualno\/srbski-nogometas-izgubil-sluzbo-zaradi-rasisticnih-objav-soproge\/\"},\"author\":{\"name\":\"A. G., STA\",\"@id\":\"https:\/\/hudo.com\/si\/#\/schema\/person\/2391667a63ea075ba94f2f2dc6b77537\"},\"headline\":\"Srbski nogometa\u0161 izgubil slu\u017ebo zaradi rasisti\u010dnih objav soproge\",\"datePublished\":\"2020-06-06T06:44:52+00:00\",\"dateModified\":\"2020-06-06T06:44:52+00:00\",\"mainEntityOfPage\":{\"@id\":\"https:\/\/hudo.com\/si\/aktualno\/srbski-nogometas-izgubil-sluzbo-zaradi-rasisticnih-objav-soproge\/\"},\"wordCount\":124,\"publisher\":{\"@id\":\"https:\/\/hudo.com\/si\/#organization\"},\"keywords\":[\"Aleksandar Katai\",\"nogomet\",\"rasizem\"],\"articleSection\":[\"Aktualno\"],\"inLanguage\":\"sl-SI\"},{\"@type\":\"WebPage\",\"@id\":\"https:\/\/hudo.com\/si\/aktualno\/srbski-nogometas-izgubil-sluzbo-zaradi-rasisticnih-objav-soproge\/\",\"url\":\"https:\/\/hudo.com\/si\/aktualno\/srbski-nogometas-izgubil-sluzbo-zaradi-rasisticnih-objav-soproge\/\",\"name\":\"Srbski nogometa\u0161 izgubil slu\u017ebo zaradi rasisti\u010dnih objav soproge\",\"isPartOf\":{\"@id\":\"https:\/\/hudo.com\/si\/#website\"},\"datePublished\":\"2020-06-06T06:44:52+00:00\",\"dateModified\":\"2020-06-06T06:44:52+00:00\",\"breadcrumb\":{\"@id\":\"https:\/\/hudo.com\/si\/aktualno\/srbski-nogometas-izgubil-sluzbo-zaradi-rasisticnih-objav-soproge\/#breadcrumb\"},\"inLanguage\":\"sl-SI\",\"potentialAction\":[{\"@type\":\"ReadAction\",\"target\":[\"https:\/\/hudo.com\/si\/aktualno\/srbski-nogometas-izgubil-sluzbo-zaradi-rasisticnih-objav-soproge\/\"]}]},{\"@type\":\"BreadcrumbList\",\"@id\":\"https:\/\/hudo.com\/si\/aktualno\/srbski-nogometas-izgubil-sluzbo-zaradi-rasisticnih-objav-soproge\/#breadcrumb\",\"itemListElement\":[{\"@type\":\"ListItem\",\"position\":1,\"name\":\"Home\",\"item\":\"https:\/\/hudo.com\/si\/\"},{\"@type\":\"ListItem\",\"position\":2,\"name\":\"Srbski nogometa\u0161 izgubil slu\u017ebo zaradi rasisti\u010dnih objav soproge\"}]},{\"@type\":\"WebSite\",\"@id\":\"https:\/\/hudo.com\/si\/#website\",\"url\":\"https:\/\/hudo.com\/si\/\",\"name\":\"Hudo Slovenija\",\"description\":\"Vse novice iz Slovenije in sveta\",\"publisher\":{\"@id\":\"https:\/\/hudo.com\/si\/#organization\"},\"potentialAction\":[{\"@type\":\"SearchAction\",\"target\":{\"@type\":\"EntryPoint\",\"urlTemplate\":\"https:\/\/hudo.com\/si\/?s={search_term_string}\"},\"query-input\":\"required name=search_term_string\"}],\"inLanguage\":\"sl-SI\"},{\"@type\":\"Organization\",\"@id\":\"https:\/\/hudo.com\/si\/#organization\",\"name\":\"VSN Media\",\"url\":\"https:\/\/hudo.com\/si\/\",\"logo\":{\"@type\":\"ImageObject\",\"inLanguage\":\"sl-SI\",\"@id\":\"https:\/\/hudo.com\/si\/#\/schema\/logo\/image\/\",\"url\":\"https:\/\/hudo.com\/si\/wp-content\/uploads\/sites\/2\/2021\/03\/hudo-app-2.png\",\"contentUrl\":\"https:\/\/hudo.com\/si\/wp-content\/uploads\/sites\/2\/2021\/03\/hudo-app-2.png\",\"width\":2185,\"height\":2167,\"caption\":\"VSN Media\"},\"image\":{\"@id\":\"https:\/\/hudo.com\/si\/#\/schema\/logo\/image\/\"},\"sameAs\":[\"https:\/\/www.facebook.com\/hudo.si\",\"https:\/\/twitter.com\/hudo_si\"]},{\"@type\":\"Person\",\"@id\":\"https:\/\/hudo.com\/si\/#\/schema\/person\/2391667a63ea075ba94f2f2dc6b77537\",\"name\":\"A. G., STA\",\"image\":{\"@type\":\"ImageObject\",\"inLanguage\":\"sl-SI\",\"@id\":\"https:\/\/hudo.com\/si\/#\/schema\/person\/image\/\",\"url\":\"https:\/\/secure.gravatar.com\/avatar\/e13d22ac3e442658d5025fbbe6238a79?s=96&d=mm&r=g\",\"contentUrl\":\"https:\/\/secure.gravatar.com\/avatar\/e13d22ac3e442658d5025fbbe6238a79?s=96&d=mm&r=g\",\"caption\":\"A. G., STA\"},\"url\":\"https:\/\/hudo.com\/si\/author\/alenka\/\"}]}<\/script>\n<!-- \/ Yoast SEO plugin. -->","yoast_head_json":{"title":"Srbski nogometa\u0161 izgubil slu\u017ebo zaradi rasisti\u010dnih objav soproge","robots":{"index":"index","follow":"follow","max-snippet":"max-snippet:-1","max-image-preview":"max-image-preview:large","max-video-preview":"max-video-preview:-1"},"canonical":"https:\/\/hudo.com\/si\/aktualno\/srbski-nogometas-izgubil-sluzbo-zaradi-rasisticnih-objav-soproge\/","og_locale":"sl_SI","og_type":"article","og_title":"Srbski nogometa\u0161 izgubil slu\u017ebo zaradi rasisti\u010dnih objav soproge","og_description":"Srbski nogometa\u0161 Aleksandar Katai ni ve\u010d \u010dlan LA Galaxyja, potem ko je klub ameri\u0161ke lige MLS z igralcem v petek prekinil pogodbo. Katai je izgubil slu\u017ebo zaradi \"niza rasisti\u010dnih in nasilnih objav soproge na dru\u017ebenih omre\u017ejih\", so sporo\u010dili iz Galaxyja.","og_url":"https:\/\/hudo.com\/si\/aktualno\/srbski-nogometas-izgubil-sluzbo-zaradi-rasisticnih-objav-soproge\/","og_site_name":"Hudo Slovenija","article_publisher":"https:\/\/www.facebook.com\/hudo.si","article_published_time":"2020-06-06T06:44:52+00:00","og_image":[{"width":1250,"height":826,"url":"https:\/\/hudo.com\/si\/wp-content\/uploads\/sites\/2\/2020\/06\/profimedia-0504485094.jpg","type":"image\/jpeg"}],"author":"A. G., STA","twitter_card":"summary_large_image","twitter_creator":"@hudo_si","twitter_site":"@hudo_si","twitter_misc":{"Written by":"A. G., STA","Est. reading time":"1 minuta"},"schema":{"@context":"https:\/\/schema.org","@graph":[{"@type":"Article","@id":"https:\/\/hudo.com\/si\/aktualno\/srbski-nogometas-izgubil-sluzbo-zaradi-rasisticnih-objav-soproge\/#article","isPartOf":{"@id":"https:\/\/hudo.com\/si\/aktualno\/srbski-nogometas-izgubil-sluzbo-zaradi-rasisticnih-objav-soproge\/"},"author":{"name":"A. G., STA","@id":"https:\/\/hudo.com\/si\/#\/schema\/person\/2391667a63ea075ba94f2f2dc6b77537"},"headline":"Srbski nogometa\u0161 izgubil slu\u017ebo zaradi rasisti\u010dnih objav soproge","datePublished":"2020-06-06T06:44:52+00:00","dateModified":"2020-06-06T06:44:52+00:00","mainEntityOfPage":{"@id":"https:\/\/hudo.com\/si\/aktualno\/srbski-nogometas-izgubil-sluzbo-zaradi-rasisticnih-objav-soproge\/"},"wordCount":124,"publisher":{"@id":"https:\/\/hudo.com\/si\/#organization"},"keywords":["Aleksandar Katai","nogomet","rasizem"],"articleSection":["Aktualno"],"inLanguage":"sl-SI"},{"@type":"WebPage","@id":"https:\/\/hudo.com\/si\/aktualno\/srbski-nogometas-izgubil-sluzbo-zaradi-rasisticnih-objav-soproge\/","url":"https:\/\/hudo.com\/si\/aktualno\/srbski-nogometas-izgubil-sluzbo-zaradi-rasisticnih-objav-soproge\/","name":"Srbski nogometa\u0161 izgubil slu\u017ebo zaradi rasisti\u010dnih objav soproge","isPartOf":{"@id":"https:\/\/hudo.com\/si\/#website"},"datePublished":"2020-06-06T06:44:52+00:00","dateModified":"2020-06-06T06:44:52+00:00","breadcrumb":{"@id":"https:\/\/hudo.com\/si\/aktualno\/srbski-nogometas-izgubil-sluzbo-zaradi-rasisticnih-objav-soproge\/#breadcrumb"},"inLanguage":"sl-SI","potentialAction":[{"@type":"ReadAction","target":["https:\/\/hudo.com\/si\/aktualno\/srbski-nogometas-izgubil-sluzbo-zaradi-rasisticnih-objav-soproge\/"]}]},{"@type":"BreadcrumbList","@id":"https:\/\/hudo.com\/si\/aktualno\/srbski-nogometas-izgubil-sluzbo-zaradi-rasisticnih-objav-soproge\/#breadcrumb","itemListElement":[{"@type":"ListItem","position":1,"name":"Home","item":"https:\/\/hudo.com\/si\/"},{"@type":"ListItem","position":2,"name":"Srbski nogometa\u0161 izgubil slu\u017ebo zaradi rasisti\u010dnih objav soproge"}]},{"@type":"WebSite","@id":"https:\/\/hudo.com\/si\/#website","url":"https:\/\/hudo.com\/si\/","name":"Hudo Slovenija","description":"Vse novice iz Slovenije in sveta","publisher":{"@id":"https:\/\/hudo.com\/si\/#organization"},"potentialAction":[{"@type":"SearchAction","target":{"@type":"EntryPoint","urlTemplate":"https:\/\/hudo.com\/si\/?s={search_term_string}"},"query-input":"required name=search_term_string"}],"inLanguage":"sl-SI"},{"@type":"Organization","@id":"https:\/\/hudo.com\/si\/#organization","name":"VSN Media","url":"https:\/\/hudo.com\/si\/","logo":{"@type":"ImageObject","inLanguage":"sl-SI","@id":"https:\/\/hudo.com\/si\/#\/schema\/logo\/image\/","url":"https:\/\/hudo.com\/si\/wp-content\/uploads\/sites\/2\/2021\/03\/hudo-app-2.png","contentUrl":"https:\/\/hudo.com\/si\/wp-content\/uploads\/sites\/2\/2021\/03\/hudo-app-2.png","width":2185,"height":2167,"caption":"VSN Media"},"image":{"@id":"https:\/\/hudo.com\/si\/#\/schema\/logo\/image\/"},"sameAs":["https:\/\/www.facebook.com\/hudo.si","https:\/\/twitter.com\/hudo_si"]},{"@type":"Person","@id":"https:\/\/hudo.com\/si\/#\/schema\/person\/2391667a63ea075ba94f2f2dc6b77537","name":"A. G., STA","image":{"@type":"ImageObject","inLanguage":"sl-SI","@id":"https:\/\/hudo.com\/si\/#\/schema\/person\/image\/","url":"https:\/\/secure.gravatar.com\/avatar\/e13d22ac3e442658d5025fbbe6238a79?s=96&d=mm&r=g","contentUrl":"https:\/\/secure.gravatar.com\/avatar\/e13d22ac3e442658d5025fbbe6238a79?s=96&d=mm&r=g","caption":"A. G., STA"},"url":"https:\/\/hudo.com\/si\/author\/alenka\/"}]}},"amp_enabled":true,"_links":{"self":[{"href":"https:\/\/hudo.com\/si\/wp-json\/wp\/v2\/posts\/424782"}],"collection":[{"href":"https:\/\/hudo.com\/si\/wp-json\/wp\/v2\/posts"}],"about":[{"href":"https:\/\/hudo.com\/si\/wp-json\/wp\/v2\/types\/post"}],"author":[{"embeddable":true,"href":"https:\/\/hudo.com\/si\/wp-json\/wp\/v2\/users\/5"}],"replies":[{"embeddable":true,"href":"https:\/\/hudo.com\/si\/wp-json\/wp\/v2\/comments?post=424782"}],"version-history":[{"count":1,"href":"https:\/\/hudo.com\/si\/wp-json\/wp\/v2\/posts\/424782\/revisions"}],"predecessor-version":[{"id":424784,"href":"https:\/\/hudo.com\/si\/wp-json\/wp\/v2\/posts\/424782\/revisions\/424784"}],"wp:featuredmedia":[{"embeddable":true,"href":"https:\/\/hudo.com\/si\/wp-json\/wp\/v2\/media\/424783"}],"wp:attachment":[{"href":"https:\/\/hudo.com\/si\/wp-json\/wp\/v2\/media?parent=424782"}],"wp:term":[{"taxonomy":"category","embeddable":true,"href":"https:\/\/hudo.com\/si\/wp-json\/wp\/v2\/categories?post=424782"},{"taxonomy":"post_tag","embeddable":true,"href":"https:\/\/hudo.com\/si\/wp-json\/wp\/v2\/tags?post=424782"},{"taxonomy":"source","embeddable":true,"href":"https:\/\/hudo.com\/si\/wp-json\/wp\/v2\/source?post=424782"},{"taxonomy":"supertag","embeddable":true,"href":"https:\/\/hudo.com\/si\/wp-json\/wp\/v2\/supertag?post=424782"}],"curies":[{"name":"wp","href":"https:\/\/api.w.org\/{rel}","templated":true}]}}