{"id":424918,"date":"2020-06-08T18:31:21","date_gmt":"2020-06-08T16:31:21","guid":{"rendered":"http:\/\/hudo.com\/si\/?p=424918"},"modified":"2020-06-08T18:31:21","modified_gmt":"2020-06-08T16:31:21","slug":"thompsonovega-koncerta-v-mariboru-ne-bo","status":"publish","type":"post","link":"https:\/\/hudo.com\/si\/aktualno\/thompsonovega-koncerta-v-mariboru-ne-bo\/","title":{"rendered":"&#8221;Thompsonovega koncerta v Mariboru ne bo!&#8221;"},"content":{"rendered":"<p>&#8220;Nastopu glasbenika, \u010digar sporo\u010dila \u0161irijo nestrpnost in povzemajo zgre\u0161ene ideje, ki so vodile k najve\u010dji tragediji 20. stoletja, smo se v Sloveniji \u017ee dvakrat upravi\u010deno odrekli, zato ni nobene potrebe, da pod krinko svobode izra\u017eanja to odlo\u010ditev zdaj spreminjamo,&#8221; je dejal minister Koritnik, ki se z notranjim ministrom Ale\u0161em Hojsom o tej zadevi \u0161e ni pogovarjal.<\/p>\n<p>Zavrnil je zapise nekaterih medijev, da naj bi razre\u0161ili na\u010delnika upravne enote Sre\u010dka \u0110urova, kar je v dana\u0161njih posami\u010dnih pogovorih povedal tako \u017eupanu kot na\u010delniku. &#8220;Zaradi zadeve Thompson ne bo na upravni enoti nih\u010de razre\u0161en. Osebno in stranka SMC stojimo za stali\u0161\u010dem, da tega koncerta nikjer v Sloveniji ne bi smelo biti,&#8221; je dejal Koritnik, ki odlo\u010dno zavra\u010da kakr\u0161ne koli poskuse zani\u010devanja dela javnih uslu\u017ebencev.<\/p>\n<p>Minister sicer odlo\u010dbe ni prebral, saj se ne \u017eeli vme\u0161avati v delo javnih uslu\u017ebencev in v celoti zaupa v njihovo delo. \u010ce bo mogo\u010da kak\u0161na dodatna pravna pot, bo po njegovem vsak javni uslu\u017ebenec ravnal vestno in \u0161e enkrat spisal enako odlo\u010ditev. &#8220;\u010ce bo ta mo\u017enost seveda dana,&#8221; je \u0161e dodal. O tem, kak\u0161no je njegovo stali\u0161\u010de do napovedane interpelacije zoper Hojsa, pa ni \u017eelel govoriti, saj da je to stvar odnosa med ministrom in opozicijo.<\/p>\n<p>\u017dupan Arsenovi\u010d je bil glede tega, da bi kontroverzni hrva\u0161ki glasbenik nastopil v \u0161tajerski prestolnici, jasen \u017ee prej\u0161nji teden, danes pa je dodal, da bi bil koncert, ki razdvaja in provocira, natan\u010dno to, \u010desar si v mestu ne \u017eeli. Po njegovem je dovolj drugih in bistveno bolj\u0161ih tem, ob katerih se lahko poenotimo ter poveselimo, tako da ni potrebno v mestu, ki ima velike zgodovinske bole\u010dine, prirejati tak\u0161nega koncerta.<\/p>\n<p>Na\u010delnik upravne enote \u0110urov se je ob tem ministru zahvalil in priznal, da je bila njegova izjava v petek glede morebitne razre\u0161itve zanj logi\u010den zaklju\u010dek po izdani odlo\u010dbi in stali\u0161\u010du ministrstva za notranje zadeve. Veseli ga, da je njihovo odlo\u010dbo podprl minister za javno upravo ter se strinjal, da je poveli\u010devanje usta\u0161tva potrebno prepovedati.<\/p>\n<p>Ob tem je povedal, da ima upravna enota, tako kot mariborska policijska postaja, ki je dala predlog za prepoved prireditve, ta trenutek zvezane roke, saj je z odlo\u010dbo notranjega ministrstva ustavljen postopek izpred treh let. Organizator koncerta ima mo\u017enost v treh dneh predlagati nov datum, \u010de bo to storil, niti policija, niti upravna enota izvedbe dogodka ne moreta ve\u010d prepre\u010diti.<\/p>\n<p>Rok za prijavo koncerta se izte\u010de do konca dana\u0161njega dne, \u010de organizator tega ne bo storil, lahko pozneje znova prijavi prireditev, a bo takrat policija lahko znova odlo\u010dala o tem, ali bo \u0161la znova v prepoved koncerta ali pa ga glede na izdano odlo\u010dbo dovoli.<\/p>\n<p>Ministru za notranje zadeve se zaradi omenjene odlo\u010dbe sicer obeta interpelacija, ta pa je danes dejal, da so navedbe dela opozicije o tem, da koncert bo, po njegovih informacijah neutemeljene. &#8220;Celo ve\u010d, imam neuradne informacije, da Thompson tega koncerta ne \u017eeli izvesti,&#8221; je povedal. Obenem pa ima tudi informacijo, da njegovi zastopniki \u017eelijo od dr\u017eave od\u0161kodnino, ker koncert leta 2017 ni bil omogo\u010den. Tudi to pa je po oceni Hojsa nesprejemljivo.<\/p>\n<p>Medtem organizator koncerta Milan Trol za zdaj mol\u010di, njegov zadnji zapis na Facebooku iz nedelje popoldne pa pravi, da je po ve\u010d kot treh letih boja za resnico in \u0161tevilnih pravnih poteh jasno, da koncert v Sloveniji bo, zato naj javnost &#8220;ne naseda ve\u010d politiki in \u0161tevilnim manipulacijam s strani raznih medijev&#8221;.<\/p>\n<p>Hrva\u0161ki pevec je po pisanju \u010dasnika Reporter preko svojega mened\u017eerja sporo\u010dil, da kljub sedanji odlo\u010ditvi slovenskega notranjega ministrstva v Mariboru v bli\u017enji prihodnosti koncerta zaradi razmer z novim koronavirusom \u0161e ne more organizirati. Njegova ekipa je prepri\u010dana, da si mesto in Slovenija zaslu\u017eita, da glasbenik izvede koncert in doka\u017ee neutemeljenost napadov nanj.<\/p>\n<p>Ob tem je po pisanju Reporterja \u0161e povedal, da od Slovenije ne bo zahteval nobene od\u0161kodnine, saj spo\u0161tuje dr\u017eavne institucije, ki so dokazale, da so zgodbe o domnevnih prepovedih njegovih koncertov v nekaterih evropskih dr\u017eavah in domnevnih neredih na njih izmi\u0161ljotine.<\/p>\n<p>Proti njegovemu koncertu so se danes s peticijo izrekli tudi \u0161tevilni znani Maribor\u010dani, pevec pa je ostal tudi brez predvidene dvorane, saj je mestni svetnik Stojan Auer organizatorju sporo\u010dil, da koncerta v Festivalni dvorani, s katero upravlja, ne bo.<\/p>\n","protected":false},"excerpt":{"rendered":"<p>Minister za javno upravo Bo\u0161tjan Koritnik je ob obisku Maribora povedal, da v Sloveniji ni prostora za spodbujanje sovra\u017enega govora, zato je odlo\u010ditev o odpravi prepovedi koncerta pevca Thompsona po njegovem napa\u010dna poteza. Ob tem je podprl delo uslu\u017ebencev na mariborski upravi enoti. Pevec sicer pravi, da koncerta v bli\u017enji prihodnosti ne bo.<\/p>\n","protected":false},"author":7,"featured_media":424747,"comment_status":"closed","ping_status":"closed","sticky":false,"template":"","format":"standard","meta":{"footnotes":""},"categories":[1179],"tags":[5722,8711,1595],"source":[4511],"supertag":[5675],"acf":[],"yoast_head":"<!-- This site is optimized with the Yoast SEO plugin v21.3 - https:\/\/yoast.com\/wordpress\/plugins\/seo\/ -->\n<title>&#039;&#039;Thompsonovega koncerta v Mariboru ne bo!&#039;&#039; - Hudo Slovenija<\/title>\n<meta name=\"robots\" content=\"index, follow, max-snippet:-1, max-image-preview:large, max-video-preview:-1\" \/>\n<link rel=\"canonical\" href=\"https:\/\/hudo.com\/si\/aktualno\/thompsonovega-koncerta-v-mariboru-ne-bo\/\" \/>\n<meta property=\"og:locale\" content=\"sl_SI\" \/>\n<meta property=\"og:type\" content=\"article\" \/>\n<meta property=\"og:title\" content=\"&#039;&#039;Thompsonovega koncerta v Mariboru ne bo!&#039;&#039; - Hudo Slovenija\" \/>\n<meta property=\"og:description\" content=\"Minister za javno upravo Bo\u0161tjan Koritnik je ob obisku Maribora povedal, da v Sloveniji ni prostora za spodbujanje sovra\u017enega govora, zato je odlo\u010ditev o odpravi prepovedi koncerta pevca Thompsona po njegovem napa\u010dna poteza. Ob tem je podprl delo uslu\u017ebencev na mariborski upravi enoti. Pevec sicer pravi, da koncerta v bli\u017enji prihodnosti ne bo.\" \/>\n<meta property=\"og:url\" content=\"https:\/\/hudo.com\/si\/aktualno\/thompsonovega-koncerta-v-mariboru-ne-bo\/\" \/>\n<meta property=\"og:site_name\" content=\"Hudo Slovenija\" \/>\n<meta property=\"article:publisher\" content=\"https:\/\/www.facebook.com\/hudo.si\" \/>\n<meta property=\"article:published_time\" content=\"2020-06-08T16:31:21+00:00\" \/>\n<meta property=\"og:image\" content=\"https:\/\/hudo.com\/si\/wp-content\/uploads\/sites\/2\/2020\/06\/profimedia-0254869865-1.jpg\" \/>\n\t<meta property=\"og:image:width\" content=\"1250\" \/>\n\t<meta property=\"og:image:height\" content=\"845\" \/>\n\t<meta property=\"og:image:type\" content=\"image\/jpeg\" \/>\n<meta name=\"author\" content=\"A. P., STA\" \/>\n<meta name=\"twitter:card\" content=\"summary_large_image\" \/>\n<meta name=\"twitter:creator\" content=\"@hudo_si\" \/>\n<meta name=\"twitter:site\" content=\"@hudo_si\" \/>\n<meta name=\"twitter:label1\" content=\"Written by\" \/>\n\t<meta name=\"twitter:data1\" content=\"A. P., STA\" \/>\n\t<meta name=\"twitter:label2\" content=\"Est. reading time\" \/>\n\t<meta name=\"twitter:data2\" content=\"4 minute\" \/>\n<script type=\"application\/ld+json\" class=\"yoast-schema-graph\">{\"@context\":\"https:\/\/schema.org\",\"@graph\":[{\"@type\":\"Article\",\"@id\":\"https:\/\/hudo.com\/si\/aktualno\/thompsonovega-koncerta-v-mariboru-ne-bo\/#article\",\"isPartOf\":{\"@id\":\"https:\/\/hudo.com\/si\/aktualno\/thompsonovega-koncerta-v-mariboru-ne-bo\/\"},\"author\":{\"name\":\"A. P., STA\",\"@id\":\"https:\/\/hudo.com\/si\/#\/schema\/person\/18f09c02475ba9e606e941a565b80cff\"},\"headline\":\"&#8221;Thompsonovega koncerta v Mariboru ne bo!&#8221;\",\"datePublished\":\"2020-06-08T16:31:21+00:00\",\"dateModified\":\"2020-06-08T16:31:21+00:00\",\"mainEntityOfPage\":{\"@id\":\"https:\/\/hudo.com\/si\/aktualno\/thompsonovega-koncerta-v-mariboru-ne-bo\/\"},\"wordCount\":758,\"publisher\":{\"@id\":\"https:\/\/hudo.com\/si\/#organization\"},\"keywords\":[\"maribor\",\"Mark Perkovi\u0107 Thompson\",\"Slovenija\"],\"articleSection\":[\"Aktualno\"],\"inLanguage\":\"sl-SI\"},{\"@type\":\"WebPage\",\"@id\":\"https:\/\/hudo.com\/si\/aktualno\/thompsonovega-koncerta-v-mariboru-ne-bo\/\",\"url\":\"https:\/\/hudo.com\/si\/aktualno\/thompsonovega-koncerta-v-mariboru-ne-bo\/\",\"name\":\"''Thompsonovega koncerta v Mariboru ne bo!'' - Hudo Slovenija\",\"isPartOf\":{\"@id\":\"https:\/\/hudo.com\/si\/#website\"},\"datePublished\":\"2020-06-08T16:31:21+00:00\",\"dateModified\":\"2020-06-08T16:31:21+00:00\",\"breadcrumb\":{\"@id\":\"https:\/\/hudo.com\/si\/aktualno\/thompsonovega-koncerta-v-mariboru-ne-bo\/#breadcrumb\"},\"inLanguage\":\"sl-SI\",\"potentialAction\":[{\"@type\":\"ReadAction\",\"target\":[\"https:\/\/hudo.com\/si\/aktualno\/thompsonovega-koncerta-v-mariboru-ne-bo\/\"]}]},{\"@type\":\"BreadcrumbList\",\"@id\":\"https:\/\/hudo.com\/si\/aktualno\/thompsonovega-koncerta-v-mariboru-ne-bo\/#breadcrumb\",\"itemListElement\":[{\"@type\":\"ListItem\",\"position\":1,\"name\":\"Home\",\"item\":\"https:\/\/hudo.com\/si\/\"},{\"@type\":\"ListItem\",\"position\":2,\"name\":\"&#8221;Thompsonovega koncerta v Mariboru ne bo!&#8221;\"}]},{\"@type\":\"WebSite\",\"@id\":\"https:\/\/hudo.com\/si\/#website\",\"url\":\"https:\/\/hudo.com\/si\/\",\"name\":\"Hudo Slovenija\",\"description\":\"Vse novice iz Slovenije in sveta\",\"publisher\":{\"@id\":\"https:\/\/hudo.com\/si\/#organization\"},\"potentialAction\":[{\"@type\":\"SearchAction\",\"target\":{\"@type\":\"EntryPoint\",\"urlTemplate\":\"https:\/\/hudo.com\/si\/?s={search_term_string}\"},\"query-input\":\"required name=search_term_string\"}],\"inLanguage\":\"sl-SI\"},{\"@type\":\"Organization\",\"@id\":\"https:\/\/hudo.com\/si\/#organization\",\"name\":\"VSN Media\",\"url\":\"https:\/\/hudo.com\/si\/\",\"logo\":{\"@type\":\"ImageObject\",\"inLanguage\":\"sl-SI\",\"@id\":\"https:\/\/hudo.com\/si\/#\/schema\/logo\/image\/\",\"url\":\"https:\/\/hudo.com\/si\/wp-content\/uploads\/sites\/2\/2021\/03\/hudo-app-2.png\",\"contentUrl\":\"https:\/\/hudo.com\/si\/wp-content\/uploads\/sites\/2\/2021\/03\/hudo-app-2.png\",\"width\":2185,\"height\":2167,\"caption\":\"VSN Media\"},\"image\":{\"@id\":\"https:\/\/hudo.com\/si\/#\/schema\/logo\/image\/\"},\"sameAs\":[\"https:\/\/www.facebook.com\/hudo.si\",\"https:\/\/twitter.com\/hudo_si\"]},{\"@type\":\"Person\",\"@id\":\"https:\/\/hudo.com\/si\/#\/schema\/person\/18f09c02475ba9e606e941a565b80cff\",\"name\":\"A. P., STA\",\"image\":{\"@type\":\"ImageObject\",\"inLanguage\":\"sl-SI\",\"@id\":\"https:\/\/hudo.com\/si\/#\/schema\/person\/image\/\",\"url\":\"https:\/\/secure.gravatar.com\/avatar\/03eac8e609f5f04383125d80eaeaaf3e?s=96&d=mm&r=g\",\"contentUrl\":\"https:\/\/secure.gravatar.com\/avatar\/03eac8e609f5f04383125d80eaeaaf3e?s=96&d=mm&r=g\",\"caption\":\"A. P., STA\"},\"url\":\"https:\/\/hudo.com\/si\/author\/lubu\/\"}]}<\/script>\n<!-- \/ Yoast SEO plugin. -->","yoast_head_json":{"title":"''Thompsonovega koncerta v Mariboru ne bo!'' - Hudo Slovenija","robots":{"index":"index","follow":"follow","max-snippet":"max-snippet:-1","max-image-preview":"max-image-preview:large","max-video-preview":"max-video-preview:-1"},"canonical":"https:\/\/hudo.com\/si\/aktualno\/thompsonovega-koncerta-v-mariboru-ne-bo\/","og_locale":"sl_SI","og_type":"article","og_title":"''Thompsonovega koncerta v Mariboru ne bo!'' - Hudo Slovenija","og_description":"Minister za javno upravo Bo\u0161tjan Koritnik je ob obisku Maribora povedal, da v Sloveniji ni prostora za spodbujanje sovra\u017enega govora, zato je odlo\u010ditev o odpravi prepovedi koncerta pevca Thompsona po njegovem napa\u010dna poteza. Ob tem je podprl delo uslu\u017ebencev na mariborski upravi enoti. Pevec sicer pravi, da koncerta v bli\u017enji prihodnosti ne bo.","og_url":"https:\/\/hudo.com\/si\/aktualno\/thompsonovega-koncerta-v-mariboru-ne-bo\/","og_site_name":"Hudo Slovenija","article_publisher":"https:\/\/www.facebook.com\/hudo.si","article_published_time":"2020-06-08T16:31:21+00:00","og_image":[{"width":1250,"height":845,"url":"https:\/\/hudo.com\/si\/wp-content\/uploads\/sites\/2\/2020\/06\/profimedia-0254869865-1.jpg","type":"image\/jpeg"}],"author":"A. P., STA","twitter_card":"summary_large_image","twitter_creator":"@hudo_si","twitter_site":"@hudo_si","twitter_misc":{"Written by":"A. P., STA","Est. reading time":"4 minute"},"schema":{"@context":"https:\/\/schema.org","@graph":[{"@type":"Article","@id":"https:\/\/hudo.com\/si\/aktualno\/thompsonovega-koncerta-v-mariboru-ne-bo\/#article","isPartOf":{"@id":"https:\/\/hudo.com\/si\/aktualno\/thompsonovega-koncerta-v-mariboru-ne-bo\/"},"author":{"name":"A. P., STA","@id":"https:\/\/hudo.com\/si\/#\/schema\/person\/18f09c02475ba9e606e941a565b80cff"},"headline":"&#8221;Thompsonovega koncerta v Mariboru ne bo!&#8221;","datePublished":"2020-06-08T16:31:21+00:00","dateModified":"2020-06-08T16:31:21+00:00","mainEntityOfPage":{"@id":"https:\/\/hudo.com\/si\/aktualno\/thompsonovega-koncerta-v-mariboru-ne-bo\/"},"wordCount":758,"publisher":{"@id":"https:\/\/hudo.com\/si\/#organization"},"keywords":["maribor","Mark Perkovi\u0107 Thompson","Slovenija"],"articleSection":["Aktualno"],"inLanguage":"sl-SI"},{"@type":"WebPage","@id":"https:\/\/hudo.com\/si\/aktualno\/thompsonovega-koncerta-v-mariboru-ne-bo\/","url":"https:\/\/hudo.com\/si\/aktualno\/thompsonovega-koncerta-v-mariboru-ne-bo\/","name":"''Thompsonovega koncerta v Mariboru ne bo!'' - Hudo Slovenija","isPartOf":{"@id":"https:\/\/hudo.com\/si\/#website"},"datePublished":"2020-06-08T16:31:21+00:00","dateModified":"2020-06-08T16:31:21+00:00","breadcrumb":{"@id":"https:\/\/hudo.com\/si\/aktualno\/thompsonovega-koncerta-v-mariboru-ne-bo\/#breadcrumb"},"inLanguage":"sl-SI","potentialAction":[{"@type":"ReadAction","target":["https:\/\/hudo.com\/si\/aktualno\/thompsonovega-koncerta-v-mariboru-ne-bo\/"]}]},{"@type":"BreadcrumbList","@id":"https:\/\/hudo.com\/si\/aktualno\/thompsonovega-koncerta-v-mariboru-ne-bo\/#breadcrumb","itemListElement":[{"@type":"ListItem","position":1,"name":"Home","item":"https:\/\/hudo.com\/si\/"},{"@type":"ListItem","position":2,"name":"&#8221;Thompsonovega koncerta v Mariboru ne bo!&#8221;"}]},{"@type":"WebSite","@id":"https:\/\/hudo.com\/si\/#website","url":"https:\/\/hudo.com\/si\/","name":"Hudo Slovenija","description":"Vse novice iz Slovenije in sveta","publisher":{"@id":"https:\/\/hudo.com\/si\/#organization"},"potentialAction":[{"@type":"SearchAction","target":{"@type":"EntryPoint","urlTemplate":"https:\/\/hudo.com\/si\/?s={search_term_string}"},"query-input":"required name=search_term_string"}],"inLanguage":"sl-SI"},{"@type":"Organization","@id":"https:\/\/hudo.com\/si\/#organization","name":"VSN Media","url":"https:\/\/hudo.com\/si\/","logo":{"@type":"ImageObject","inLanguage":"sl-SI","@id":"https:\/\/hudo.com\/si\/#\/schema\/logo\/image\/","url":"https:\/\/hudo.com\/si\/wp-content\/uploads\/sites\/2\/2021\/03\/hudo-app-2.png","contentUrl":"https:\/\/hudo.com\/si\/wp-content\/uploads\/sites\/2\/2021\/03\/hudo-app-2.png","width":2185,"height":2167,"caption":"VSN Media"},"image":{"@id":"https:\/\/hudo.com\/si\/#\/schema\/logo\/image\/"},"sameAs":["https:\/\/www.facebook.com\/hudo.si","https:\/\/twitter.com\/hudo_si"]},{"@type":"Person","@id":"https:\/\/hudo.com\/si\/#\/schema\/person\/18f09c02475ba9e606e941a565b80cff","name":"A. P., STA","image":{"@type":"ImageObject","inLanguage":"sl-SI","@id":"https:\/\/hudo.com\/si\/#\/schema\/person\/image\/","url":"https:\/\/secure.gravatar.com\/avatar\/03eac8e609f5f04383125d80eaeaaf3e?s=96&d=mm&r=g","contentUrl":"https:\/\/secure.gravatar.com\/avatar\/03eac8e609f5f04383125d80eaeaaf3e?s=96&d=mm&r=g","caption":"A. P., STA"},"url":"https:\/\/hudo.com\/si\/author\/lubu\/"}]}},"amp_enabled":true,"_links":{"self":[{"href":"https:\/\/hudo.com\/si\/wp-json\/wp\/v2\/posts\/424918"}],"collection":[{"href":"https:\/\/hudo.com\/si\/wp-json\/wp\/v2\/posts"}],"about":[{"href":"https:\/\/hudo.com\/si\/wp-json\/wp\/v2\/types\/post"}],"author":[{"embeddable":true,"href":"https:\/\/hudo.com\/si\/wp-json\/wp\/v2\/users\/7"}],"replies":[{"embeddable":true,"href":"https:\/\/hudo.com\/si\/wp-json\/wp\/v2\/comments?post=424918"}],"version-history":[{"count":1,"href":"https:\/\/hudo.com\/si\/wp-json\/wp\/v2\/posts\/424918\/revisions"}],"predecessor-version":[{"id":424919,"href":"https:\/\/hudo.com\/si\/wp-json\/wp\/v2\/posts\/424918\/revisions\/424919"}],"wp:featuredmedia":[{"embeddable":true,"href":"https:\/\/hudo.com\/si\/wp-json\/wp\/v2\/media\/424747"}],"wp:attachment":[{"href":"https:\/\/hudo.com\/si\/wp-json\/wp\/v2\/media?parent=424918"}],"wp:term":[{"taxonomy":"category","embeddable":true,"href":"https:\/\/hudo.com\/si\/wp-json\/wp\/v2\/categories?post=424918"},{"taxonomy":"post_tag","embeddable":true,"href":"https:\/\/hudo.com\/si\/wp-json\/wp\/v2\/tags?post=424918"},{"taxonomy":"source","embeddable":true,"href":"https:\/\/hudo.com\/si\/wp-json\/wp\/v2\/source?post=424918"},{"taxonomy":"supertag","embeddable":true,"href":"https:\/\/hudo.com\/si\/wp-json\/wp\/v2\/supertag?post=424918"}],"curies":[{"name":"wp","href":"https:\/\/api.w.org\/{rel}","templated":true}]}}