{"id":424961,"date":"2020-06-09T12:17:21","date_gmt":"2020-06-09T10:17:21","guid":{"rendered":"http:\/\/hudo.com\/si\/?p=424961"},"modified":"2020-06-09T12:17:21","modified_gmt":"2020-06-09T10:17:21","slug":"minister-vizjak-ovaden-na-kpk-zaradi-navzkrizja-interesov","status":"publish","type":"post","link":"https:\/\/hudo.com\/si\/aktualno\/minister-vizjak-ovaden-na-kpk-zaradi-navzkrizja-interesov\/","title":{"rendered":"Minister Vizjak ovaden na KPK zaradi navzkri\u017eja interesov"},"content":{"rendered":"<p>V dru\u0161tvu so, kot so zapisali v sporo\u010dilu za javnost, KPK seznanili z ve\u010d dejstvi. Med njimi je to, da je bil Vizjak pred nastopom ministrske funkcije v dru\u017ebi Partner oz. Hidroelektrarne na spodnji Savi (HESS) osebno zadol\u017een za vodenje projekta hidroelektrarne Mokrice, konkretno za pripravo projekta do izdaje gradbenega dovoljenja.<\/p>\n<p>HESS je za projekt mokri\u0161ke hidroelektrarne konec leta 2018 dobil okoljevarstveno soglasje Agencije RS za okolje (Arso), ki pa so ga v DPRS vlo\u017eili v presojo Upravnemu sodi\u0161\u010du. Sodi\u0161\u010de jim je lani spomladi pritrdilo, odpravilo okoljevarstveno soglasje za Hidroelektrarno Mokrice in zadevo vrnilo v ponovno presojo na Arso. Vizjaka je, kot so poudarili v dru\u0161tvu, razsodba sodi\u0161\u010da &#8220;osebno vznemirila&#8221;, krivdo za odpravo soglasja ter odmik za\u010detka gradnje hidroelektrarne pa je pripisal izklju\u010dno DPRS.<\/p>\n<p>Poznavanje teh okoli\u0161\u010din je po mnenju DPRS pomembno za presojo potez Vizjaka takoj po prevzemu ministrske funkcije v vladi v kontekstu zakona o integriteti in prepre\u010devanju korupcije. Vizjak je, kot so spomnili, tudi \u010dlan SDS, najmo\u010dnej\u0161e vladne stranke.<\/p>\n<p>&#8220;Z vrsto predlogov, ki so bili sprejeti v obse\u017enih paketih protikoronske zakonodaje po hitrih, nujnih postopkih brez sodelovanja zainteresirane javnosti, je uspel vsiliti bistvene spremembe na ve\u010d podro\u010djih, povezanih s projektom Hidroelektrarne Mokrice: od odprave klju\u010dnih naravovarstvenih varovalk pri za\u010detku gradnje velikih objektov, ki pomenijo nepopravljive posege v okolje in naravo, do uvedbe dodatnih pogojev za sodelovanje nevladnih organizacij v postopkih pridobivanja gradbenih dovoljenj in za pridobitve statusa delovanja v javnem interesu, pa do izklju\u010ditve stranskih udele\u017eencev v obstoje\u010dih postopkih pridobivanja okoljevarstvenega soglasja,&#8221; so navedli.<\/p>\n<p>Proces izdaje okoljevarstvenega soglasja za gradnjo mokri\u0161ke hidroelektrarne je medtem \u0161e vedno na Arso. &#8220;In \u010deprav strokovna presoja \u0161e ni kon\u010dana in \u010deprav je torej njen izid nejasen, minister Vizjak javno izjavlja, da okoljevarstveno in gradbeno dovoljenje za Hidroelektrarno Mokrice pri\u010dakuje \u0161e letos. Izra\u017eanje takih pri\u010dakovanj v odprtih strokovnih postopkih, ki potekajo na neodvisnih dr\u017eavnih agencijah in organih, je po na\u0161em mnenju problemati\u010dno in nesprejemljivo, saj pomeni nedopusten politi\u010den pritisk na strokovno delo teh organov,&#8221; so zapisali.<\/p>\n<p>Zato menijo, da gre pri Vizjaku &#8220;vsaj za nasprotje interesov&#8221;, ki se ga je skladno z zakonom o prepre\u010devanju korupcije dol\u017ean izogibati. &#8220;Mo\u010d ministrov vladnih strank &#8211; zlasti, \u010de prihajajo iz najmo\u010dnej\u0161e vladne stranke &#8211; po na\u0161em mnenju nikakor ne sme pomeniti padec vseh standardov, ki so jamstvo integritete in etike v politi\u010dnem delovanju, zato menimo, da mora KPK preu\u010diti poteze ministra Vizjaka,&#8221; so izpostavili.<\/p>\n<p>Dodali so, da je KPK dolo\u010deno zaskrbljenost sicer \u017ee izkazala ob sprejetju ustavno spornih sprememb gradbene in okoljske zakonodaje. Dolo\u010dene njegove ukrepe pa presoja tudi ustavno sodi\u0161\u010de.<\/p>\n","protected":false},"excerpt":{"rendered":"<p>Dru\u0161tvo za preu\u010devanje rib Slovenije (DPRS) je podalo prijavo na Komisijo za prepre\u010devanje korupcije (KPK) zoper ministra za okolje in prostor Andreja Vizjaka. O\u010ditajo mu kr\u0161itve predpisov o nasprotju interesov ter kr\u0161itve etike in integritete javnega sektorja.<\/p>\n","protected":false},"author":7,"featured_media":424962,"comment_status":"closed","ping_status":"closed","sticky":false,"template":"","format":"standard","meta":{"footnotes":""},"categories":[1179],"tags":[16493,2171,5221,6499,1595,6249],"source":[4511],"supertag":[7150,5675],"acf":[],"yoast_head":"<!-- This site is optimized with the Yoast SEO plugin v21.3 - https:\/\/yoast.com\/wordpress\/plugins\/seo\/ -->\n<title>Minister Vizjak ovaden na KPK zaradi navzkri\u017eja interesov - Hudo Slovenija<\/title>\n<meta name=\"robots\" content=\"index, follow, max-snippet:-1, max-image-preview:large, max-video-preview:-1\" \/>\n<link rel=\"canonical\" href=\"https:\/\/hudo.com\/si\/aktualno\/minister-vizjak-ovaden-na-kpk-zaradi-navzkrizja-interesov\/\" \/>\n<meta property=\"og:locale\" content=\"sl_SI\" \/>\n<meta property=\"og:type\" content=\"article\" \/>\n<meta property=\"og:title\" content=\"Minister Vizjak ovaden na KPK zaradi navzkri\u017eja interesov - Hudo Slovenija\" \/>\n<meta property=\"og:description\" content=\"Dru\u0161tvo za preu\u010devanje rib Slovenije (DPRS) je podalo prijavo na Komisijo za prepre\u010devanje korupcije (KPK) zoper ministra za okolje in prostor Andreja Vizjaka. O\u010ditajo mu kr\u0161itve predpisov o nasprotju interesov ter kr\u0161itve etike in integritete javnega sektorja.\" \/>\n<meta property=\"og:url\" content=\"https:\/\/hudo.com\/si\/aktualno\/minister-vizjak-ovaden-na-kpk-zaradi-navzkrizja-interesov\/\" \/>\n<meta property=\"og:site_name\" content=\"Hudo Slovenija\" \/>\n<meta property=\"article:publisher\" content=\"https:\/\/www.facebook.com\/hudo.si\" \/>\n<meta property=\"article:published_time\" content=\"2020-06-09T10:17:21+00:00\" \/>\n<meta property=\"og:image\" content=\"https:\/\/hudo.com\/si\/wp-content\/uploads\/sites\/2\/2020\/06\/20200521-01005982.jpg\" \/>\n\t<meta property=\"og:image:width\" content=\"640\" \/>\n\t<meta property=\"og:image:height\" content=\"426\" \/>\n\t<meta property=\"og:image:type\" content=\"image\/jpeg\" \/>\n<meta name=\"author\" content=\"A. P., STA\" \/>\n<meta name=\"twitter:card\" content=\"summary_large_image\" \/>\n<meta name=\"twitter:creator\" content=\"@hudo_si\" \/>\n<meta name=\"twitter:site\" content=\"@hudo_si\" \/>\n<meta name=\"twitter:label1\" content=\"Written by\" \/>\n\t<meta name=\"twitter:data1\" content=\"A. P., STA\" \/>\n\t<meta name=\"twitter:label2\" content=\"Est. reading time\" \/>\n\t<meta name=\"twitter:data2\" content=\"2 minuti\" \/>\n<script type=\"application\/ld+json\" class=\"yoast-schema-graph\">{\"@context\":\"https:\/\/schema.org\",\"@graph\":[{\"@type\":\"Article\",\"@id\":\"https:\/\/hudo.com\/si\/aktualno\/minister-vizjak-ovaden-na-kpk-zaradi-navzkrizja-interesov\/#article\",\"isPartOf\":{\"@id\":\"https:\/\/hudo.com\/si\/aktualno\/minister-vizjak-ovaden-na-kpk-zaradi-navzkrizja-interesov\/\"},\"author\":{\"name\":\"A. P., STA\",\"@id\":\"https:\/\/hudo.com\/si\/#\/schema\/person\/18f09c02475ba9e606e941a565b80cff\"},\"headline\":\"Minister Vizjak ovaden na KPK zaradi navzkri\u017eja interesov\",\"datePublished\":\"2020-06-09T10:17:21+00:00\",\"dateModified\":\"2020-06-09T10:17:21+00:00\",\"mainEntityOfPage\":{\"@id\":\"https:\/\/hudo.com\/si\/aktualno\/minister-vizjak-ovaden-na-kpk-zaradi-navzkrizja-interesov\/\"},\"wordCount\":466,\"publisher\":{\"@id\":\"https:\/\/hudo.com\/si\/#organization\"},\"keywords\":[\"andrej vizjak\",\"ekologija\",\"korupcija\",\"KPK\",\"Slovenija\",\"vlada RS\"],\"articleSection\":[\"Aktualno\"],\"inLanguage\":\"sl-SI\"},{\"@type\":\"WebPage\",\"@id\":\"https:\/\/hudo.com\/si\/aktualno\/minister-vizjak-ovaden-na-kpk-zaradi-navzkrizja-interesov\/\",\"url\":\"https:\/\/hudo.com\/si\/aktualno\/minister-vizjak-ovaden-na-kpk-zaradi-navzkrizja-interesov\/\",\"name\":\"Minister Vizjak ovaden na KPK zaradi navzkri\u017eja interesov - Hudo Slovenija\",\"isPartOf\":{\"@id\":\"https:\/\/hudo.com\/si\/#website\"},\"datePublished\":\"2020-06-09T10:17:21+00:00\",\"dateModified\":\"2020-06-09T10:17:21+00:00\",\"breadcrumb\":{\"@id\":\"https:\/\/hudo.com\/si\/aktualno\/minister-vizjak-ovaden-na-kpk-zaradi-navzkrizja-interesov\/#breadcrumb\"},\"inLanguage\":\"sl-SI\",\"potentialAction\":[{\"@type\":\"ReadAction\",\"target\":[\"https:\/\/hudo.com\/si\/aktualno\/minister-vizjak-ovaden-na-kpk-zaradi-navzkrizja-interesov\/\"]}]},{\"@type\":\"BreadcrumbList\",\"@id\":\"https:\/\/hudo.com\/si\/aktualno\/minister-vizjak-ovaden-na-kpk-zaradi-navzkrizja-interesov\/#breadcrumb\",\"itemListElement\":[{\"@type\":\"ListItem\",\"position\":1,\"name\":\"Home\",\"item\":\"https:\/\/hudo.com\/si\/\"},{\"@type\":\"ListItem\",\"position\":2,\"name\":\"Minister Vizjak ovaden na KPK zaradi navzkri\u017eja interesov\"}]},{\"@type\":\"WebSite\",\"@id\":\"https:\/\/hudo.com\/si\/#website\",\"url\":\"https:\/\/hudo.com\/si\/\",\"name\":\"Hudo Slovenija\",\"description\":\"Vse novice iz Slovenije in sveta\",\"publisher\":{\"@id\":\"https:\/\/hudo.com\/si\/#organization\"},\"potentialAction\":[{\"@type\":\"SearchAction\",\"target\":{\"@type\":\"EntryPoint\",\"urlTemplate\":\"https:\/\/hudo.com\/si\/?s={search_term_string}\"},\"query-input\":\"required name=search_term_string\"}],\"inLanguage\":\"sl-SI\"},{\"@type\":\"Organization\",\"@id\":\"https:\/\/hudo.com\/si\/#organization\",\"name\":\"VSN Media\",\"url\":\"https:\/\/hudo.com\/si\/\",\"logo\":{\"@type\":\"ImageObject\",\"inLanguage\":\"sl-SI\",\"@id\":\"https:\/\/hudo.com\/si\/#\/schema\/logo\/image\/\",\"url\":\"https:\/\/hudo.com\/si\/wp-content\/uploads\/sites\/2\/2021\/03\/hudo-app-2.png\",\"contentUrl\":\"https:\/\/hudo.com\/si\/wp-content\/uploads\/sites\/2\/2021\/03\/hudo-app-2.png\",\"width\":2185,\"height\":2167,\"caption\":\"VSN Media\"},\"image\":{\"@id\":\"https:\/\/hudo.com\/si\/#\/schema\/logo\/image\/\"},\"sameAs\":[\"https:\/\/www.facebook.com\/hudo.si\",\"https:\/\/twitter.com\/hudo_si\"]},{\"@type\":\"Person\",\"@id\":\"https:\/\/hudo.com\/si\/#\/schema\/person\/18f09c02475ba9e606e941a565b80cff\",\"name\":\"A. P., STA\",\"image\":{\"@type\":\"ImageObject\",\"inLanguage\":\"sl-SI\",\"@id\":\"https:\/\/hudo.com\/si\/#\/schema\/person\/image\/\",\"url\":\"https:\/\/secure.gravatar.com\/avatar\/03eac8e609f5f04383125d80eaeaaf3e?s=96&d=mm&r=g\",\"contentUrl\":\"https:\/\/secure.gravatar.com\/avatar\/03eac8e609f5f04383125d80eaeaaf3e?s=96&d=mm&r=g\",\"caption\":\"A. P., STA\"},\"url\":\"https:\/\/hudo.com\/si\/author\/lubu\/\"}]}<\/script>\n<!-- \/ Yoast SEO plugin. -->","yoast_head_json":{"title":"Minister Vizjak ovaden na KPK zaradi navzkri\u017eja interesov - Hudo Slovenija","robots":{"index":"index","follow":"follow","max-snippet":"max-snippet:-1","max-image-preview":"max-image-preview:large","max-video-preview":"max-video-preview:-1"},"canonical":"https:\/\/hudo.com\/si\/aktualno\/minister-vizjak-ovaden-na-kpk-zaradi-navzkrizja-interesov\/","og_locale":"sl_SI","og_type":"article","og_title":"Minister Vizjak ovaden na KPK zaradi navzkri\u017eja interesov - Hudo Slovenija","og_description":"Dru\u0161tvo za preu\u010devanje rib Slovenije (DPRS) je podalo prijavo na Komisijo za prepre\u010devanje korupcije (KPK) zoper ministra za okolje in prostor Andreja Vizjaka. O\u010ditajo mu kr\u0161itve predpisov o nasprotju interesov ter kr\u0161itve etike in integritete javnega sektorja.","og_url":"https:\/\/hudo.com\/si\/aktualno\/minister-vizjak-ovaden-na-kpk-zaradi-navzkrizja-interesov\/","og_site_name":"Hudo Slovenija","article_publisher":"https:\/\/www.facebook.com\/hudo.si","article_published_time":"2020-06-09T10:17:21+00:00","og_image":[{"width":640,"height":426,"url":"https:\/\/hudo.com\/si\/wp-content\/uploads\/sites\/2\/2020\/06\/20200521-01005982.jpg","type":"image\/jpeg"}],"author":"A. P., STA","twitter_card":"summary_large_image","twitter_creator":"@hudo_si","twitter_site":"@hudo_si","twitter_misc":{"Written by":"A. P., STA","Est. reading time":"2 minuti"},"schema":{"@context":"https:\/\/schema.org","@graph":[{"@type":"Article","@id":"https:\/\/hudo.com\/si\/aktualno\/minister-vizjak-ovaden-na-kpk-zaradi-navzkrizja-interesov\/#article","isPartOf":{"@id":"https:\/\/hudo.com\/si\/aktualno\/minister-vizjak-ovaden-na-kpk-zaradi-navzkrizja-interesov\/"},"author":{"name":"A. P., STA","@id":"https:\/\/hudo.com\/si\/#\/schema\/person\/18f09c02475ba9e606e941a565b80cff"},"headline":"Minister Vizjak ovaden na KPK zaradi navzkri\u017eja interesov","datePublished":"2020-06-09T10:17:21+00:00","dateModified":"2020-06-09T10:17:21+00:00","mainEntityOfPage":{"@id":"https:\/\/hudo.com\/si\/aktualno\/minister-vizjak-ovaden-na-kpk-zaradi-navzkrizja-interesov\/"},"wordCount":466,"publisher":{"@id":"https:\/\/hudo.com\/si\/#organization"},"keywords":["andrej vizjak","ekologija","korupcija","KPK","Slovenija","vlada RS"],"articleSection":["Aktualno"],"inLanguage":"sl-SI"},{"@type":"WebPage","@id":"https:\/\/hudo.com\/si\/aktualno\/minister-vizjak-ovaden-na-kpk-zaradi-navzkrizja-interesov\/","url":"https:\/\/hudo.com\/si\/aktualno\/minister-vizjak-ovaden-na-kpk-zaradi-navzkrizja-interesov\/","name":"Minister Vizjak ovaden na KPK zaradi navzkri\u017eja interesov - Hudo Slovenija","isPartOf":{"@id":"https:\/\/hudo.com\/si\/#website"},"datePublished":"2020-06-09T10:17:21+00:00","dateModified":"2020-06-09T10:17:21+00:00","breadcrumb":{"@id":"https:\/\/hudo.com\/si\/aktualno\/minister-vizjak-ovaden-na-kpk-zaradi-navzkrizja-interesov\/#breadcrumb"},"inLanguage":"sl-SI","potentialAction":[{"@type":"ReadAction","target":["https:\/\/hudo.com\/si\/aktualno\/minister-vizjak-ovaden-na-kpk-zaradi-navzkrizja-interesov\/"]}]},{"@type":"BreadcrumbList","@id":"https:\/\/hudo.com\/si\/aktualno\/minister-vizjak-ovaden-na-kpk-zaradi-navzkrizja-interesov\/#breadcrumb","itemListElement":[{"@type":"ListItem","position":1,"name":"Home","item":"https:\/\/hudo.com\/si\/"},{"@type":"ListItem","position":2,"name":"Minister Vizjak ovaden na KPK zaradi navzkri\u017eja interesov"}]},{"@type":"WebSite","@id":"https:\/\/hudo.com\/si\/#website","url":"https:\/\/hudo.com\/si\/","name":"Hudo Slovenija","description":"Vse novice iz Slovenije in sveta","publisher":{"@id":"https:\/\/hudo.com\/si\/#organization"},"potentialAction":[{"@type":"SearchAction","target":{"@type":"EntryPoint","urlTemplate":"https:\/\/hudo.com\/si\/?s={search_term_string}"},"query-input":"required name=search_term_string"}],"inLanguage":"sl-SI"},{"@type":"Organization","@id":"https:\/\/hudo.com\/si\/#organization","name":"VSN Media","url":"https:\/\/hudo.com\/si\/","logo":{"@type":"ImageObject","inLanguage":"sl-SI","@id":"https:\/\/hudo.com\/si\/#\/schema\/logo\/image\/","url":"https:\/\/hudo.com\/si\/wp-content\/uploads\/sites\/2\/2021\/03\/hudo-app-2.png","contentUrl":"https:\/\/hudo.com\/si\/wp-content\/uploads\/sites\/2\/2021\/03\/hudo-app-2.png","width":2185,"height":2167,"caption":"VSN Media"},"image":{"@id":"https:\/\/hudo.com\/si\/#\/schema\/logo\/image\/"},"sameAs":["https:\/\/www.facebook.com\/hudo.si","https:\/\/twitter.com\/hudo_si"]},{"@type":"Person","@id":"https:\/\/hudo.com\/si\/#\/schema\/person\/18f09c02475ba9e606e941a565b80cff","name":"A. P., STA","image":{"@type":"ImageObject","inLanguage":"sl-SI","@id":"https:\/\/hudo.com\/si\/#\/schema\/person\/image\/","url":"https:\/\/secure.gravatar.com\/avatar\/03eac8e609f5f04383125d80eaeaaf3e?s=96&d=mm&r=g","contentUrl":"https:\/\/secure.gravatar.com\/avatar\/03eac8e609f5f04383125d80eaeaaf3e?s=96&d=mm&r=g","caption":"A. P., STA"},"url":"https:\/\/hudo.com\/si\/author\/lubu\/"}]}},"amp_enabled":true,"_links":{"self":[{"href":"https:\/\/hudo.com\/si\/wp-json\/wp\/v2\/posts\/424961"}],"collection":[{"href":"https:\/\/hudo.com\/si\/wp-json\/wp\/v2\/posts"}],"about":[{"href":"https:\/\/hudo.com\/si\/wp-json\/wp\/v2\/types\/post"}],"author":[{"embeddable":true,"href":"https:\/\/hudo.com\/si\/wp-json\/wp\/v2\/users\/7"}],"replies":[{"embeddable":true,"href":"https:\/\/hudo.com\/si\/wp-json\/wp\/v2\/comments?post=424961"}],"version-history":[{"count":1,"href":"https:\/\/hudo.com\/si\/wp-json\/wp\/v2\/posts\/424961\/revisions"}],"predecessor-version":[{"id":424963,"href":"https:\/\/hudo.com\/si\/wp-json\/wp\/v2\/posts\/424961\/revisions\/424963"}],"wp:featuredmedia":[{"embeddable":true,"href":"https:\/\/hudo.com\/si\/wp-json\/wp\/v2\/media\/424962"}],"wp:attachment":[{"href":"https:\/\/hudo.com\/si\/wp-json\/wp\/v2\/media?parent=424961"}],"wp:term":[{"taxonomy":"category","embeddable":true,"href":"https:\/\/hudo.com\/si\/wp-json\/wp\/v2\/categories?post=424961"},{"taxonomy":"post_tag","embeddable":true,"href":"https:\/\/hudo.com\/si\/wp-json\/wp\/v2\/tags?post=424961"},{"taxonomy":"source","embeddable":true,"href":"https:\/\/hudo.com\/si\/wp-json\/wp\/v2\/source?post=424961"},{"taxonomy":"supertag","embeddable":true,"href":"https:\/\/hudo.com\/si\/wp-json\/wp\/v2\/supertag?post=424961"}],"curies":[{"name":"wp","href":"https:\/\/api.w.org\/{rel}","templated":true}]}}