{"id":425128,"date":"2020-06-11T13:40:56","date_gmt":"2020-06-11T11:40:56","guid":{"rendered":"http:\/\/hudo.com\/si\/?p=425128"},"modified":"2020-06-11T13:40:56","modified_gmt":"2020-06-11T11:40:56","slug":"pocivalsek-opozicije-ni-preprical-glede-svoje-nedolznosti-pri-poslih-z-zascitno-opremo","status":"publish","type":"post","link":"https:\/\/hudo.com\/si\/aktualno\/pocivalsek-opozicije-ni-preprical-glede-svoje-nedolznosti-pri-poslih-z-zascitno-opremo\/","title":{"rendered":"Po\u010dival\u0161ek opozicije ni prepri\u010dal glede svoje nedol\u017enosti pri poslih z za\u0161\u010ditno opremo"},"content":{"rendered":"<p>V LM\u0160 so prepri\u010dani, da je minister Po\u010dival\u0161ek soodgovoren za nepregledno in negospodarno delovanje. Pri tem je vodja poslanske skupine LM\u0160 Brane Golubovi\u0107 izpostavil zavajanje glede \u0161tevila ventilatorjev ter vzpostavitev nepreglednega in s korupcijskimi tveganji prepletenega modela izbire posredni\u0161kih podjetij, &#8220;s \u010dimer ste izbrancem omogo\u010dili vojno dobi\u010dkarstvo&#8221;.<\/p>\n<p>Posledice so bile visoke mar\u017ee za &#8220;prijateljska&#8221; podjetja in skupno prepla\u010dilo opreme, po ocenah nekaterih medijev v vi\u0161ini vsaj 30 milijonov evrov, je dejal Golubovi\u0107. Ob tem pa je ponovil, da ni bilo zakonske ovire, ki bi onemogo\u010dala neposredne nakupe dr\u017eave od kitajskih proizvajalcev opreme. Po besedah vodje poslancev LM\u0160 pa odgovornost ni le na Po\u010dival\u0161ku, ampak so odgovorni tudi obrambni in zdravstveni minister Matej Tonin in Toma\u017e Gantar ter premier Janez Jan\u0161a. Pri ventilatorjih je \u0161lo po Golubovi\u0107evih besedah za premi\u0161ljeno igro, pri kateri je bil Po\u010dival\u0161ek le statist.<\/p>\n<p>Poslanec Miha Kordi\u0161 je v imenu poslanske skupine Levice dejal, da cilj nabav opreme ni bila hitra in ekonomi\u010dna oskrba prebivalstva z za\u0161\u010ditno opremo, ampak provizije. &#8220;Zato so ponudbe, ki so omogo\u010dale neposredne nabave in urejeno logistiko, takoj pospravili v predal,&#8221; je dejal. Nasploh so v Levici kriti\u010dno do celotne aktualne vlade, ki da ji boj proti epidemiji in re\u0161evanje problemov, s katerimi so se soo\u010dali ljudje, o\u010ditno ni bil nikoli na vrhu prioritet. &#8220;Rokave je zavihala le za popoln prevzem oblasti, o\u010ditno koruptivni posli za povezana omre\u017eja SDS in drugih koalicijskih strank so del te zgodbe,&#8221; je ocenil Kordi\u0161.<\/p>\n<p>&#8220;Minister Po\u010dival\u0161ek, predsednik stranke, ki se ima \u0161e vedno za sredinsko in liberalno, je osrednja politi\u010dna figura, ki to vlado, njene provizije in uni\u010devanje institucij omogo\u010da. In ki vse skupaj javno \u0161\u010diti, \u010de je treba, tudi z debelimi la\u017emi,&#8221; je \u0161e dejal Kordi\u0161. Po njegovem mnenju se Po\u010dival\u0161ek polo\u017eaja tako oklepa, ker si obeta, &#8220;da si bo v tej vladi ustanovil dr\u017eavni turisti\u010dni holding&#8221;.<\/p>\n<p>Kot je poudarila Bojana Mur\u0161i\u010d (SD), se zavedajo dol\u017eine vladnega mandata in razmer, v katerih sta bila svet in Slovenija v kriti\u010dnih trenutkih, ko je bilo treba nabaviti za\u0161\u010ditno opremo. Vladi je o\u010ditala, da se je fotografirala z najbolj\u0161imi maskami, ki jih je drugim krvavo primanjkovalo. Cilje o koli\u010dini opreme je vlada morda dosegla, je dejala poslanka, a pri tem opozorila na na\u010din doseganja ciljev. &#8220;Minister se je interpeliral sam s svojimi dnevnimi odzivi na utemeljene o\u010ditke,&#8221; je prepri\u010dana Mur\u0161i\u010deva.<\/p>\n<p>Spomnila je tudi, da je odlo\u010ditev za centralizacijo nabave opreme pomenila tudi prepoved nabav drugim. &#8220;Tisti, ki so se vsakodnevno ukvarjali s tem, tega ve\u010d niso smeli,&#8221; je dejala. Odlo\u010ditev za nabave preko posrednikov je po njenih navedbah \u0161e toliko bolj nenavadna, ker ima Slovenija dobre odnose s Kitajsko, svoje gospodarsko-politi\u010dne povezave na Kitajskem pa je ve\u010dkrat izpostavil tudi Po\u010dival\u0161ek. Tako po mnenju Mur\u0161i\u010deve ni jasno, zakaj Slovenija ni izkoristila stikov s prijateljsko dr\u017eavo, da bi pridobila opremo.<\/p>\n<p>Tudi poslanec SAB Marko Bandelli je omenil sume o koruptivnem ravnanju in sodelovanju vplivne\u017eev. V SAB po njegovih navedbah poudarjajo, da je treba za vsak evro davkopla\u010devalskega denarja vedeti, zakaj je porabljen, tako so v DZ med drugim predlagali sprotni parlamentarni nadzor nad porabo sredstev. Od ministra danes pri\u010dakujejo pojasnila, ali je pri nabavi za\u0161\u010ditne opreme resni\u010dno zagotovil preglednost porabe. &#8220;Nedopustno je, da se katerakoli kriza izkoristi in zlorabi za vojno dobi\u010dkarstvo. Na tak\u0161no ravnanje ne bomo nikoli pristali,&#8221; je poudaril.<\/p>\n<p>\u017deli tudi pojasnila, zakaj so bila skladi\u0161\u010da ob menjavi vlad prakti\u010dno prazna. Pomanjkanje opreme je namre\u010d po njegovih navedbah vodilo v urgentne nabave, razkritja pa so pri tem potrdila nepravilnosti. &#8220;Maske bi lahko kupovali brez posrednikov in s tem prihranili milijone,&#8221; je prepri\u010dan Bandelli. Ob tem je omenil, da je imelo eno od podjetij status privilegiranega dobavitelja, saj je lahko imelo dalj\u0161e dobavne roke in vi\u0161je cene, ter da se je kupovala neustrezna oprema z vpra\u0161ljivimi in tudi neustreznimi certifikati. &#8220;Re\u0161evanje \u017eivljenj ne pomeni, da lahko ravnate koruptivno, netransparetno, nezakonito,&#8221; je \u0161e dodal poslanec SAB.<\/p>\n<p>Prvak SNS Zmago Jelin\u010di\u010d pa je interpelacijo ozna\u010dil za sramotno in za slabo srednje\u0161olsko seminarsko nalogo, brez repa in glave, pri \u010demer je &#8220;\u010dutiti hudo bole\u010dino ob izgubi oblasti, kar ves \u010das preveva razmi\u0161ljanje dela opozicije&#8221;. Kot je ugotavljal, vse skupaj temelji na govoricah in izjavah uslu\u017ebenca blagovnih rezerv Ivana Galeta, ki pa ga po njegovih besedah &#8220;ne moremo jemati resno&#8221; in bi ob njegovih izjavah lahko &#8220;marsikdo podvomil o marsi\u010dem&#8221;.<\/p>\n<p>Glede navedb, da so mnogi ljudje klicali in posku\u0161ali pomagati pri nabavah mask, je Jelin\u010di\u010d poudaril, da si &#8220;vsakdo, ki je posku\u0161al pomagat, zaslu\u017ei vsaj zahvalo&#8221;. Se pa predsednik SNS spra\u0161uje, ali je ra\u010dunsko sodi\u0161\u010de primerno za preiskovanje zadeve, med drugim tudi zato, ker naj bi bil predsednik tega sodi\u0161\u010da \u0161e pred izbruhom afere v stiku z Galetom.<\/p>\n","protected":false},"excerpt":{"rendered":"<p>Predlagatelji interpelacije gospodarskega ministra Zdravka Po\u010dival\u0161ka iz opozicijskih LM\u0160, SD, Levica in SAB so prepri\u010dani o njegovem negospodarnem ravnanju in odgovornosti za to, da so z nabavami za\u0161\u010ditne opreme omogo\u010dili visoke mar\u017ee za &#8220;prijateljska&#8221; podjetja. V opozicijski SNS pa interpelacije ne bodo podprli, ozna\u010dili so jo za sramotno.<\/p>\n","protected":false},"author":7,"featured_media":425129,"comment_status":"closed","ping_status":"closed","sticky":false,"template":"","format":"standard","meta":{"footnotes":""},"categories":[1179],"tags":[5545,5221,1595,4629,16108,4992],"source":[4511],"supertag":[7150,5675],"acf":[],"yoast_head":"<!-- This site is optimized with the Yoast SEO plugin v21.3 - https:\/\/yoast.com\/wordpress\/plugins\/seo\/ -->\n<title>Po\u010dival\u0161ek opozicije ni prepri\u010dal glede svoje nedol\u017enosti pri poslih z za\u0161\u010ditno opremo - Hudo Slovenija<\/title>\n<meta name=\"robots\" content=\"index, follow, max-snippet:-1, max-image-preview:large, max-video-preview:-1\" \/>\n<link rel=\"canonical\" href=\"https:\/\/hudo.com\/si\/aktualno\/pocivalsek-opozicije-ni-preprical-glede-svoje-nedolznosti-pri-poslih-z-zascitno-opremo\/\" \/>\n<meta property=\"og:locale\" content=\"sl_SI\" \/>\n<meta property=\"og:type\" content=\"article\" \/>\n<meta property=\"og:title\" content=\"Po\u010dival\u0161ek opozicije ni prepri\u010dal glede svoje nedol\u017enosti pri poslih z za\u0161\u010ditno opremo - Hudo Slovenija\" \/>\n<meta property=\"og:description\" content=\"Predlagatelji interpelacije gospodarskega ministra Zdravka Po\u010dival\u0161ka iz opozicijskih LM\u0160, SD, Levica in SAB so prepri\u010dani o njegovem negospodarnem ravnanju in odgovornosti za to, da so z nabavami za\u0161\u010ditne opreme omogo\u010dili visoke mar\u017ee za &quot;prijateljska&quot; podjetja. V opozicijski SNS pa interpelacije ne bodo podprli, ozna\u010dili so jo za sramotno.\" \/>\n<meta property=\"og:url\" content=\"https:\/\/hudo.com\/si\/aktualno\/pocivalsek-opozicije-ni-preprical-glede-svoje-nedolznosti-pri-poslih-z-zascitno-opremo\/\" \/>\n<meta property=\"og:site_name\" content=\"Hudo Slovenija\" \/>\n<meta property=\"article:publisher\" content=\"https:\/\/www.facebook.com\/hudo.si\" \/>\n<meta property=\"article:published_time\" content=\"2020-06-11T11:40:56+00:00\" \/>\n<meta property=\"og:image\" content=\"https:\/\/hudo.com\/si\/wp-content\/uploads\/sites\/2\/2020\/06\/20200611-01009338.jpg\" \/>\n\t<meta property=\"og:image:width\" content=\"640\" \/>\n\t<meta property=\"og:image:height\" content=\"426\" \/>\n\t<meta property=\"og:image:type\" content=\"image\/jpeg\" \/>\n<meta name=\"author\" content=\"A. P., STA\" \/>\n<meta name=\"twitter:card\" content=\"summary_large_image\" \/>\n<meta name=\"twitter:creator\" content=\"@hudo_si\" \/>\n<meta name=\"twitter:site\" content=\"@hudo_si\" \/>\n<meta name=\"twitter:label1\" content=\"Written by\" \/>\n\t<meta name=\"twitter:data1\" content=\"A. P., STA\" \/>\n\t<meta name=\"twitter:label2\" content=\"Est. reading time\" \/>\n\t<meta name=\"twitter:data2\" content=\"4 minute\" \/>\n<script type=\"application\/ld+json\" class=\"yoast-schema-graph\">{\"@context\":\"https:\/\/schema.org\",\"@graph\":[{\"@type\":\"Article\",\"@id\":\"https:\/\/hudo.com\/si\/aktualno\/pocivalsek-opozicije-ni-preprical-glede-svoje-nedolznosti-pri-poslih-z-zascitno-opremo\/#article\",\"isPartOf\":{\"@id\":\"https:\/\/hudo.com\/si\/aktualno\/pocivalsek-opozicije-ni-preprical-glede-svoje-nedolznosti-pri-poslih-z-zascitno-opremo\/\"},\"author\":{\"name\":\"A. P., STA\",\"@id\":\"https:\/\/hudo.com\/si\/#\/schema\/person\/18f09c02475ba9e606e941a565b80cff\"},\"headline\":\"Po\u010dival\u0161ek opozicije ni prepri\u010dal glede svoje nedol\u017enosti pri poslih z za\u0161\u010ditno opremo\",\"datePublished\":\"2020-06-11T11:40:56+00:00\",\"dateModified\":\"2020-06-11T11:40:56+00:00\",\"mainEntityOfPage\":{\"@id\":\"https:\/\/hudo.com\/si\/aktualno\/pocivalsek-opozicije-ni-preprical-glede-svoje-nedolznosti-pri-poslih-z-zascitno-opremo\/\"},\"wordCount\":868,\"publisher\":{\"@id\":\"https:\/\/hudo.com\/si\/#organization\"},\"keywords\":[\"interpelacija\",\"korupcija\",\"Slovenija\",\"SMC\",\"za\u0161\u010ditna oprema\",\"Zdravko Po\u010dival\u0161ek\"],\"articleSection\":[\"Aktualno\"],\"inLanguage\":\"sl-SI\"},{\"@type\":\"WebPage\",\"@id\":\"https:\/\/hudo.com\/si\/aktualno\/pocivalsek-opozicije-ni-preprical-glede-svoje-nedolznosti-pri-poslih-z-zascitno-opremo\/\",\"url\":\"https:\/\/hudo.com\/si\/aktualno\/pocivalsek-opozicije-ni-preprical-glede-svoje-nedolznosti-pri-poslih-z-zascitno-opremo\/\",\"name\":\"Po\u010dival\u0161ek opozicije ni prepri\u010dal glede svoje nedol\u017enosti pri poslih z za\u0161\u010ditno opremo - Hudo Slovenija\",\"isPartOf\":{\"@id\":\"https:\/\/hudo.com\/si\/#website\"},\"datePublished\":\"2020-06-11T11:40:56+00:00\",\"dateModified\":\"2020-06-11T11:40:56+00:00\",\"breadcrumb\":{\"@id\":\"https:\/\/hudo.com\/si\/aktualno\/pocivalsek-opozicije-ni-preprical-glede-svoje-nedolznosti-pri-poslih-z-zascitno-opremo\/#breadcrumb\"},\"inLanguage\":\"sl-SI\",\"potentialAction\":[{\"@type\":\"ReadAction\",\"target\":[\"https:\/\/hudo.com\/si\/aktualno\/pocivalsek-opozicije-ni-preprical-glede-svoje-nedolznosti-pri-poslih-z-zascitno-opremo\/\"]}]},{\"@type\":\"BreadcrumbList\",\"@id\":\"https:\/\/hudo.com\/si\/aktualno\/pocivalsek-opozicije-ni-preprical-glede-svoje-nedolznosti-pri-poslih-z-zascitno-opremo\/#breadcrumb\",\"itemListElement\":[{\"@type\":\"ListItem\",\"position\":1,\"name\":\"Home\",\"item\":\"https:\/\/hudo.com\/si\/\"},{\"@type\":\"ListItem\",\"position\":2,\"name\":\"Po\u010dival\u0161ek opozicije ni prepri\u010dal glede svoje nedol\u017enosti pri poslih z za\u0161\u010ditno opremo\"}]},{\"@type\":\"WebSite\",\"@id\":\"https:\/\/hudo.com\/si\/#website\",\"url\":\"https:\/\/hudo.com\/si\/\",\"name\":\"Hudo Slovenija\",\"description\":\"Vse novice iz Slovenije in sveta\",\"publisher\":{\"@id\":\"https:\/\/hudo.com\/si\/#organization\"},\"potentialAction\":[{\"@type\":\"SearchAction\",\"target\":{\"@type\":\"EntryPoint\",\"urlTemplate\":\"https:\/\/hudo.com\/si\/?s={search_term_string}\"},\"query-input\":\"required name=search_term_string\"}],\"inLanguage\":\"sl-SI\"},{\"@type\":\"Organization\",\"@id\":\"https:\/\/hudo.com\/si\/#organization\",\"name\":\"VSN Media\",\"url\":\"https:\/\/hudo.com\/si\/\",\"logo\":{\"@type\":\"ImageObject\",\"inLanguage\":\"sl-SI\",\"@id\":\"https:\/\/hudo.com\/si\/#\/schema\/logo\/image\/\",\"url\":\"https:\/\/hudo.com\/si\/wp-content\/uploads\/sites\/2\/2021\/03\/hudo-app-2.png\",\"contentUrl\":\"https:\/\/hudo.com\/si\/wp-content\/uploads\/sites\/2\/2021\/03\/hudo-app-2.png\",\"width\":2185,\"height\":2167,\"caption\":\"VSN Media\"},\"image\":{\"@id\":\"https:\/\/hudo.com\/si\/#\/schema\/logo\/image\/\"},\"sameAs\":[\"https:\/\/www.facebook.com\/hudo.si\",\"https:\/\/twitter.com\/hudo_si\"]},{\"@type\":\"Person\",\"@id\":\"https:\/\/hudo.com\/si\/#\/schema\/person\/18f09c02475ba9e606e941a565b80cff\",\"name\":\"A. P., STA\",\"image\":{\"@type\":\"ImageObject\",\"inLanguage\":\"sl-SI\",\"@id\":\"https:\/\/hudo.com\/si\/#\/schema\/person\/image\/\",\"url\":\"https:\/\/secure.gravatar.com\/avatar\/03eac8e609f5f04383125d80eaeaaf3e?s=96&d=mm&r=g\",\"contentUrl\":\"https:\/\/secure.gravatar.com\/avatar\/03eac8e609f5f04383125d80eaeaaf3e?s=96&d=mm&r=g\",\"caption\":\"A. P., STA\"},\"url\":\"https:\/\/hudo.com\/si\/author\/lubu\/\"}]}<\/script>\n<!-- \/ Yoast SEO plugin. -->","yoast_head_json":{"title":"Po\u010dival\u0161ek opozicije ni prepri\u010dal glede svoje nedol\u017enosti pri poslih z za\u0161\u010ditno opremo - Hudo Slovenija","robots":{"index":"index","follow":"follow","max-snippet":"max-snippet:-1","max-image-preview":"max-image-preview:large","max-video-preview":"max-video-preview:-1"},"canonical":"https:\/\/hudo.com\/si\/aktualno\/pocivalsek-opozicije-ni-preprical-glede-svoje-nedolznosti-pri-poslih-z-zascitno-opremo\/","og_locale":"sl_SI","og_type":"article","og_title":"Po\u010dival\u0161ek opozicije ni prepri\u010dal glede svoje nedol\u017enosti pri poslih z za\u0161\u010ditno opremo - Hudo Slovenija","og_description":"Predlagatelji interpelacije gospodarskega ministra Zdravka Po\u010dival\u0161ka iz opozicijskih LM\u0160, SD, Levica in SAB so prepri\u010dani o njegovem negospodarnem ravnanju in odgovornosti za to, da so z nabavami za\u0161\u010ditne opreme omogo\u010dili visoke mar\u017ee za \"prijateljska\" podjetja. V opozicijski SNS pa interpelacije ne bodo podprli, ozna\u010dili so jo za sramotno.","og_url":"https:\/\/hudo.com\/si\/aktualno\/pocivalsek-opozicije-ni-preprical-glede-svoje-nedolznosti-pri-poslih-z-zascitno-opremo\/","og_site_name":"Hudo Slovenija","article_publisher":"https:\/\/www.facebook.com\/hudo.si","article_published_time":"2020-06-11T11:40:56+00:00","og_image":[{"width":640,"height":426,"url":"https:\/\/hudo.com\/si\/wp-content\/uploads\/sites\/2\/2020\/06\/20200611-01009338.jpg","type":"image\/jpeg"}],"author":"A. P., STA","twitter_card":"summary_large_image","twitter_creator":"@hudo_si","twitter_site":"@hudo_si","twitter_misc":{"Written by":"A. P., STA","Est. reading time":"4 minute"},"schema":{"@context":"https:\/\/schema.org","@graph":[{"@type":"Article","@id":"https:\/\/hudo.com\/si\/aktualno\/pocivalsek-opozicije-ni-preprical-glede-svoje-nedolznosti-pri-poslih-z-zascitno-opremo\/#article","isPartOf":{"@id":"https:\/\/hudo.com\/si\/aktualno\/pocivalsek-opozicije-ni-preprical-glede-svoje-nedolznosti-pri-poslih-z-zascitno-opremo\/"},"author":{"name":"A. P., STA","@id":"https:\/\/hudo.com\/si\/#\/schema\/person\/18f09c02475ba9e606e941a565b80cff"},"headline":"Po\u010dival\u0161ek opozicije ni prepri\u010dal glede svoje nedol\u017enosti pri poslih z za\u0161\u010ditno opremo","datePublished":"2020-06-11T11:40:56+00:00","dateModified":"2020-06-11T11:40:56+00:00","mainEntityOfPage":{"@id":"https:\/\/hudo.com\/si\/aktualno\/pocivalsek-opozicije-ni-preprical-glede-svoje-nedolznosti-pri-poslih-z-zascitno-opremo\/"},"wordCount":868,"publisher":{"@id":"https:\/\/hudo.com\/si\/#organization"},"keywords":["interpelacija","korupcija","Slovenija","SMC","za\u0161\u010ditna oprema","Zdravko Po\u010dival\u0161ek"],"articleSection":["Aktualno"],"inLanguage":"sl-SI"},{"@type":"WebPage","@id":"https:\/\/hudo.com\/si\/aktualno\/pocivalsek-opozicije-ni-preprical-glede-svoje-nedolznosti-pri-poslih-z-zascitno-opremo\/","url":"https:\/\/hudo.com\/si\/aktualno\/pocivalsek-opozicije-ni-preprical-glede-svoje-nedolznosti-pri-poslih-z-zascitno-opremo\/","name":"Po\u010dival\u0161ek opozicije ni prepri\u010dal glede svoje nedol\u017enosti pri poslih z za\u0161\u010ditno opremo - Hudo Slovenija","isPartOf":{"@id":"https:\/\/hudo.com\/si\/#website"},"datePublished":"2020-06-11T11:40:56+00:00","dateModified":"2020-06-11T11:40:56+00:00","breadcrumb":{"@id":"https:\/\/hudo.com\/si\/aktualno\/pocivalsek-opozicije-ni-preprical-glede-svoje-nedolznosti-pri-poslih-z-zascitno-opremo\/#breadcrumb"},"inLanguage":"sl-SI","potentialAction":[{"@type":"ReadAction","target":["https:\/\/hudo.com\/si\/aktualno\/pocivalsek-opozicije-ni-preprical-glede-svoje-nedolznosti-pri-poslih-z-zascitno-opremo\/"]}]},{"@type":"BreadcrumbList","@id":"https:\/\/hudo.com\/si\/aktualno\/pocivalsek-opozicije-ni-preprical-glede-svoje-nedolznosti-pri-poslih-z-zascitno-opremo\/#breadcrumb","itemListElement":[{"@type":"ListItem","position":1,"name":"Home","item":"https:\/\/hudo.com\/si\/"},{"@type":"ListItem","position":2,"name":"Po\u010dival\u0161ek opozicije ni prepri\u010dal glede svoje nedol\u017enosti pri poslih z za\u0161\u010ditno opremo"}]},{"@type":"WebSite","@id":"https:\/\/hudo.com\/si\/#website","url":"https:\/\/hudo.com\/si\/","name":"Hudo Slovenija","description":"Vse novice iz Slovenije in sveta","publisher":{"@id":"https:\/\/hudo.com\/si\/#organization"},"potentialAction":[{"@type":"SearchAction","target":{"@type":"EntryPoint","urlTemplate":"https:\/\/hudo.com\/si\/?s={search_term_string}"},"query-input":"required name=search_term_string"}],"inLanguage":"sl-SI"},{"@type":"Organization","@id":"https:\/\/hudo.com\/si\/#organization","name":"VSN Media","url":"https:\/\/hudo.com\/si\/","logo":{"@type":"ImageObject","inLanguage":"sl-SI","@id":"https:\/\/hudo.com\/si\/#\/schema\/logo\/image\/","url":"https:\/\/hudo.com\/si\/wp-content\/uploads\/sites\/2\/2021\/03\/hudo-app-2.png","contentUrl":"https:\/\/hudo.com\/si\/wp-content\/uploads\/sites\/2\/2021\/03\/hudo-app-2.png","width":2185,"height":2167,"caption":"VSN Media"},"image":{"@id":"https:\/\/hudo.com\/si\/#\/schema\/logo\/image\/"},"sameAs":["https:\/\/www.facebook.com\/hudo.si","https:\/\/twitter.com\/hudo_si"]},{"@type":"Person","@id":"https:\/\/hudo.com\/si\/#\/schema\/person\/18f09c02475ba9e606e941a565b80cff","name":"A. P., STA","image":{"@type":"ImageObject","inLanguage":"sl-SI","@id":"https:\/\/hudo.com\/si\/#\/schema\/person\/image\/","url":"https:\/\/secure.gravatar.com\/avatar\/03eac8e609f5f04383125d80eaeaaf3e?s=96&d=mm&r=g","contentUrl":"https:\/\/secure.gravatar.com\/avatar\/03eac8e609f5f04383125d80eaeaaf3e?s=96&d=mm&r=g","caption":"A. P., STA"},"url":"https:\/\/hudo.com\/si\/author\/lubu\/"}]}},"amp_enabled":true,"_links":{"self":[{"href":"https:\/\/hudo.com\/si\/wp-json\/wp\/v2\/posts\/425128"}],"collection":[{"href":"https:\/\/hudo.com\/si\/wp-json\/wp\/v2\/posts"}],"about":[{"href":"https:\/\/hudo.com\/si\/wp-json\/wp\/v2\/types\/post"}],"author":[{"embeddable":true,"href":"https:\/\/hudo.com\/si\/wp-json\/wp\/v2\/users\/7"}],"replies":[{"embeddable":true,"href":"https:\/\/hudo.com\/si\/wp-json\/wp\/v2\/comments?post=425128"}],"version-history":[{"count":1,"href":"https:\/\/hudo.com\/si\/wp-json\/wp\/v2\/posts\/425128\/revisions"}],"predecessor-version":[{"id":425130,"href":"https:\/\/hudo.com\/si\/wp-json\/wp\/v2\/posts\/425128\/revisions\/425130"}],"wp:featuredmedia":[{"embeddable":true,"href":"https:\/\/hudo.com\/si\/wp-json\/wp\/v2\/media\/425129"}],"wp:attachment":[{"href":"https:\/\/hudo.com\/si\/wp-json\/wp\/v2\/media?parent=425128"}],"wp:term":[{"taxonomy":"category","embeddable":true,"href":"https:\/\/hudo.com\/si\/wp-json\/wp\/v2\/categories?post=425128"},{"taxonomy":"post_tag","embeddable":true,"href":"https:\/\/hudo.com\/si\/wp-json\/wp\/v2\/tags?post=425128"},{"taxonomy":"source","embeddable":true,"href":"https:\/\/hudo.com\/si\/wp-json\/wp\/v2\/source?post=425128"},{"taxonomy":"supertag","embeddable":true,"href":"https:\/\/hudo.com\/si\/wp-json\/wp\/v2\/supertag?post=425128"}],"curies":[{"name":"wp","href":"https:\/\/api.w.org\/{rel}","templated":true}]}}