{"id":425172,"date":"2020-06-12T10:38:44","date_gmt":"2020-06-12T08:38:44","guid":{"rendered":"http:\/\/hudo.com\/si\/?p=425172"},"modified":"2020-06-12T10:38:44","modified_gmt":"2020-06-12T08:38:44","slug":"predor-golovec-bo-zaradi-obnove-dva-meseca-zaprt-na-tem-delu-ljubljanske-obvoznice-pricakovati-gneco","status":"publish","type":"post","link":"https:\/\/hudo.com\/si\/aktualno\/predor-golovec-bo-zaradi-obnove-dva-meseca-zaprt-na-tem-delu-ljubljanske-obvoznice-pricakovati-gneco\/","title":{"rendered":"Predor Golovec bo zaradi obnove dva meseca zaprt,  na tem delu ljubljanske obvoznice pri\u010dakovati gne\u010do"},"content":{"rendered":"<p>Obnova predora Golovec je za Dars po besedah \u010dlana uprave Vilija \u017davrlana izjemno pomemben in problemati\u010den projekt. Kot je povedal pred mesecem dni ob Darsovi predstavitvi projekta, je problemati\u010den predvsem, ker je to del ljubljanskega avtocestnega obro\u010da, ki je na slovenskem avtocestnem omre\u017eju najbolj obremenjen.<\/p>\n<p>Na obnovo so se na Darsu pripravljali ve\u010d kot dve leti, pri oddaji javnega naro\u010dila pa se je upravljavec slovenskih avtocest in hitrih cest soo\u010dil tudi z ve\u010d krogi prito\u017eb neizbranih ponudnikov. V za\u010detku leta so izbrali izvajalca, aprila pa podpisali pogodbo s podjetjem Kolektor CGP. Vrednost pogodbenih del zna\u0161a 8,56 milijona evrov brez DDV.<\/p>\n<p>Po dana\u0161nji zapori bodo vozila preusmerili v vzhodno cev, promet pa bo tekel po sistemu 1+2. To bo Darsu omogo\u010dilo sprotno prilagajanje jutranjim in popoldanskim prometnim konicam. Med obnovo bosta zjutraj vzpostavljena dva pasova v smeri od juga proti severu in en pas v nasprotni smeri, popoldne pa obratno.<\/p>\n<p>Med zaporo zahodne cevi bo sicer po vzhodni dovoljen promet samo za vozila do 3,5 tone in bo potekal po hitrosti do 60 kilometrov na uro. Tovorna vozila in avtobusi bodo preusmerjena na ostalo avtocestno omre\u017eje oz. na druge ceste. Promet po obnovljeni zahodni cevi nameravajo sprostiti 17. avgusta, prenova vzhodne cevi pa bo potekala prihodnje leto.<\/p>\n","protected":false},"excerpt":{"rendered":"<p>Zaradi prenove bo od danes do predvidoma sredi avgusta za promet zaprta zahodna cev predora Golovec, zaradi \u010desar gre na tem delu ljubljanske obvoznice pri\u010dakovati gne\u010do. Vozila bodo preusmerili v vzhodno cev, promet pa bo tekel po sistemu 1+2, ki bo prilagojen prometnim konicam. Tovornjaki in avtobusi bodo preusmerjeni na druge ceste.<\/p>\n","protected":false},"author":8,"featured_media":128812,"comment_status":"closed","ping_status":"closed","sticky":false,"template":"","format":"standard","meta":{"footnotes":""},"categories":[1179],"tags":[4537,16372,1595],"source":[4511],"supertag":[5675],"acf":[],"yoast_head":"<!-- This site is optimized with the Yoast SEO plugin v21.3 - https:\/\/yoast.com\/wordpress\/plugins\/seo\/ -->\n<title>Predor Golovec bo zaradi obnove dva meseca zaprt, na tem delu ljubljanske obvoznice pri\u010dakovati gne\u010do - Hudo Slovenija<\/title>\n<meta name=\"robots\" content=\"index, follow, max-snippet:-1, max-image-preview:large, max-video-preview:-1\" \/>\n<link rel=\"canonical\" href=\"https:\/\/hudo.com\/si\/aktualno\/predor-golovec-bo-zaradi-obnove-dva-meseca-zaprt-na-tem-delu-ljubljanske-obvoznice-pricakovati-gneco\/\" \/>\n<meta property=\"og:locale\" content=\"sl_SI\" \/>\n<meta property=\"og:type\" content=\"article\" \/>\n<meta property=\"og:title\" content=\"Predor Golovec bo zaradi obnove dva meseca zaprt, na tem delu ljubljanske obvoznice pri\u010dakovati gne\u010do - Hudo Slovenija\" \/>\n<meta property=\"og:description\" content=\"Zaradi prenove bo od danes do predvidoma sredi avgusta za promet zaprta zahodna cev predora Golovec, zaradi \u010desar gre na tem delu ljubljanske obvoznice pri\u010dakovati gne\u010do. Vozila bodo preusmerili v vzhodno cev, promet pa bo tekel po sistemu 1+2, ki bo prilagojen prometnim konicam. Tovornjaki in avtobusi bodo preusmerjeni na druge ceste.\" \/>\n<meta property=\"og:url\" content=\"https:\/\/hudo.com\/si\/aktualno\/predor-golovec-bo-zaradi-obnove-dva-meseca-zaprt-na-tem-delu-ljubljanske-obvoznice-pricakovati-gneco\/\" \/>\n<meta property=\"og:site_name\" content=\"Hudo Slovenija\" \/>\n<meta property=\"article:publisher\" content=\"https:\/\/www.facebook.com\/hudo.si\" \/>\n<meta property=\"article:published_time\" content=\"2020-06-12T08:38:44+00:00\" \/>\n<meta property=\"og:image\" content=\"https:\/\/hudo.com\/si\/wp-content\/uploads\/sites\/2\/2016\/09\/20110808-00291359.jpg\" \/>\n\t<meta property=\"og:image:width\" content=\"640\" \/>\n\t<meta property=\"og:image:height\" content=\"443\" \/>\n\t<meta property=\"og:image:type\" content=\"image\/jpeg\" \/>\n<meta name=\"author\" content=\"M. N., STA\" \/>\n<meta name=\"twitter:card\" content=\"summary_large_image\" \/>\n<meta name=\"twitter:creator\" content=\"@hudo_si\" \/>\n<meta name=\"twitter:site\" content=\"@hudo_si\" \/>\n<meta name=\"twitter:label1\" content=\"Written by\" \/>\n\t<meta name=\"twitter:data1\" content=\"M. N., STA\" \/>\n\t<meta name=\"twitter:label2\" content=\"Est. reading time\" \/>\n\t<meta name=\"twitter:data2\" content=\"1 minuta\" \/>\n<script type=\"application\/ld+json\" class=\"yoast-schema-graph\">{\"@context\":\"https:\/\/schema.org\",\"@graph\":[{\"@type\":\"Article\",\"@id\":\"https:\/\/hudo.com\/si\/aktualno\/predor-golovec-bo-zaradi-obnove-dva-meseca-zaprt-na-tem-delu-ljubljanske-obvoznice-pricakovati-gneco\/#article\",\"isPartOf\":{\"@id\":\"https:\/\/hudo.com\/si\/aktualno\/predor-golovec-bo-zaradi-obnove-dva-meseca-zaprt-na-tem-delu-ljubljanske-obvoznice-pricakovati-gneco\/\"},\"author\":{\"name\":\"M. N., STA\",\"@id\":\"https:\/\/hudo.com\/si\/#\/schema\/person\/c2f10ce65d2e6ede2aeda5be2a0611fa\"},\"headline\":\"Predor Golovec bo zaradi obnove dva meseca zaprt, na tem delu ljubljanske obvoznice pri\u010dakovati gne\u010do\",\"datePublished\":\"2020-06-12T08:38:44+00:00\",\"dateModified\":\"2020-06-12T08:38:44+00:00\",\"mainEntityOfPage\":{\"@id\":\"https:\/\/hudo.com\/si\/aktualno\/predor-golovec-bo-zaradi-obnove-dva-meseca-zaprt-na-tem-delu-ljubljanske-obvoznice-pricakovati-gneco\/\"},\"wordCount\":230,\"publisher\":{\"@id\":\"https:\/\/hudo.com\/si\/#organization\"},\"keywords\":[\"delo na cesti\",\"predor Golovec\",\"Slovenija\"],\"articleSection\":[\"Aktualno\"],\"inLanguage\":\"sl-SI\"},{\"@type\":\"WebPage\",\"@id\":\"https:\/\/hudo.com\/si\/aktualno\/predor-golovec-bo-zaradi-obnove-dva-meseca-zaprt-na-tem-delu-ljubljanske-obvoznice-pricakovati-gneco\/\",\"url\":\"https:\/\/hudo.com\/si\/aktualno\/predor-golovec-bo-zaradi-obnove-dva-meseca-zaprt-na-tem-delu-ljubljanske-obvoznice-pricakovati-gneco\/\",\"name\":\"Predor Golovec bo zaradi obnove dva meseca zaprt, na tem delu ljubljanske obvoznice pri\u010dakovati gne\u010do - Hudo Slovenija\",\"isPartOf\":{\"@id\":\"https:\/\/hudo.com\/si\/#website\"},\"datePublished\":\"2020-06-12T08:38:44+00:00\",\"dateModified\":\"2020-06-12T08:38:44+00:00\",\"breadcrumb\":{\"@id\":\"https:\/\/hudo.com\/si\/aktualno\/predor-golovec-bo-zaradi-obnove-dva-meseca-zaprt-na-tem-delu-ljubljanske-obvoznice-pricakovati-gneco\/#breadcrumb\"},\"inLanguage\":\"sl-SI\",\"potentialAction\":[{\"@type\":\"ReadAction\",\"target\":[\"https:\/\/hudo.com\/si\/aktualno\/predor-golovec-bo-zaradi-obnove-dva-meseca-zaprt-na-tem-delu-ljubljanske-obvoznice-pricakovati-gneco\/\"]}]},{\"@type\":\"BreadcrumbList\",\"@id\":\"https:\/\/hudo.com\/si\/aktualno\/predor-golovec-bo-zaradi-obnove-dva-meseca-zaprt-na-tem-delu-ljubljanske-obvoznice-pricakovati-gneco\/#breadcrumb\",\"itemListElement\":[{\"@type\":\"ListItem\",\"position\":1,\"name\":\"Home\",\"item\":\"https:\/\/hudo.com\/si\/\"},{\"@type\":\"ListItem\",\"position\":2,\"name\":\"Predor Golovec bo zaradi obnove dva meseca zaprt, na tem delu ljubljanske obvoznice pri\u010dakovati gne\u010do\"}]},{\"@type\":\"WebSite\",\"@id\":\"https:\/\/hudo.com\/si\/#website\",\"url\":\"https:\/\/hudo.com\/si\/\",\"name\":\"Hudo Slovenija\",\"description\":\"Vse novice iz Slovenije in sveta\",\"publisher\":{\"@id\":\"https:\/\/hudo.com\/si\/#organization\"},\"potentialAction\":[{\"@type\":\"SearchAction\",\"target\":{\"@type\":\"EntryPoint\",\"urlTemplate\":\"https:\/\/hudo.com\/si\/?s={search_term_string}\"},\"query-input\":\"required name=search_term_string\"}],\"inLanguage\":\"sl-SI\"},{\"@type\":\"Organization\",\"@id\":\"https:\/\/hudo.com\/si\/#organization\",\"name\":\"VSN Media\",\"url\":\"https:\/\/hudo.com\/si\/\",\"logo\":{\"@type\":\"ImageObject\",\"inLanguage\":\"sl-SI\",\"@id\":\"https:\/\/hudo.com\/si\/#\/schema\/logo\/image\/\",\"url\":\"https:\/\/hudo.com\/si\/wp-content\/uploads\/sites\/2\/2021\/03\/hudo-app-2.png\",\"contentUrl\":\"https:\/\/hudo.com\/si\/wp-content\/uploads\/sites\/2\/2021\/03\/hudo-app-2.png\",\"width\":2185,\"height\":2167,\"caption\":\"VSN Media\"},\"image\":{\"@id\":\"https:\/\/hudo.com\/si\/#\/schema\/logo\/image\/\"},\"sameAs\":[\"https:\/\/www.facebook.com\/hudo.si\",\"https:\/\/twitter.com\/hudo_si\"]},{\"@type\":\"Person\",\"@id\":\"https:\/\/hudo.com\/si\/#\/schema\/person\/c2f10ce65d2e6ede2aeda5be2a0611fa\",\"name\":\"M. N., STA\",\"image\":{\"@type\":\"ImageObject\",\"inLanguage\":\"sl-SI\",\"@id\":\"https:\/\/hudo.com\/si\/#\/schema\/person\/image\/\",\"url\":\"https:\/\/secure.gravatar.com\/avatar\/f370d38daa10467f755c5c766a4cac20?s=96&d=mm&r=g\",\"contentUrl\":\"https:\/\/secure.gravatar.com\/avatar\/f370d38daa10467f755c5c766a4cac20?s=96&d=mm&r=g\",\"caption\":\"M. N., STA\"},\"url\":\"https:\/\/hudo.com\/si\/author\/mana\/\"}]}<\/script>\n<!-- \/ Yoast SEO plugin. -->","yoast_head_json":{"title":"Predor Golovec bo zaradi obnove dva meseca zaprt, na tem delu ljubljanske obvoznice pri\u010dakovati gne\u010do - Hudo Slovenija","robots":{"index":"index","follow":"follow","max-snippet":"max-snippet:-1","max-image-preview":"max-image-preview:large","max-video-preview":"max-video-preview:-1"},"canonical":"https:\/\/hudo.com\/si\/aktualno\/predor-golovec-bo-zaradi-obnove-dva-meseca-zaprt-na-tem-delu-ljubljanske-obvoznice-pricakovati-gneco\/","og_locale":"sl_SI","og_type":"article","og_title":"Predor Golovec bo zaradi obnove dva meseca zaprt, na tem delu ljubljanske obvoznice pri\u010dakovati gne\u010do - Hudo Slovenija","og_description":"Zaradi prenove bo od danes do predvidoma sredi avgusta za promet zaprta zahodna cev predora Golovec, zaradi \u010desar gre na tem delu ljubljanske obvoznice pri\u010dakovati gne\u010do. Vozila bodo preusmerili v vzhodno cev, promet pa bo tekel po sistemu 1+2, ki bo prilagojen prometnim konicam. Tovornjaki in avtobusi bodo preusmerjeni na druge ceste.","og_url":"https:\/\/hudo.com\/si\/aktualno\/predor-golovec-bo-zaradi-obnove-dva-meseca-zaprt-na-tem-delu-ljubljanske-obvoznice-pricakovati-gneco\/","og_site_name":"Hudo Slovenija","article_publisher":"https:\/\/www.facebook.com\/hudo.si","article_published_time":"2020-06-12T08:38:44+00:00","og_image":[{"width":640,"height":443,"url":"https:\/\/hudo.com\/si\/wp-content\/uploads\/sites\/2\/2016\/09\/20110808-00291359.jpg","type":"image\/jpeg"}],"author":"M. N., STA","twitter_card":"summary_large_image","twitter_creator":"@hudo_si","twitter_site":"@hudo_si","twitter_misc":{"Written by":"M. N., STA","Est. reading time":"1 minuta"},"schema":{"@context":"https:\/\/schema.org","@graph":[{"@type":"Article","@id":"https:\/\/hudo.com\/si\/aktualno\/predor-golovec-bo-zaradi-obnove-dva-meseca-zaprt-na-tem-delu-ljubljanske-obvoznice-pricakovati-gneco\/#article","isPartOf":{"@id":"https:\/\/hudo.com\/si\/aktualno\/predor-golovec-bo-zaradi-obnove-dva-meseca-zaprt-na-tem-delu-ljubljanske-obvoznice-pricakovati-gneco\/"},"author":{"name":"M. N., STA","@id":"https:\/\/hudo.com\/si\/#\/schema\/person\/c2f10ce65d2e6ede2aeda5be2a0611fa"},"headline":"Predor Golovec bo zaradi obnove dva meseca zaprt, na tem delu ljubljanske obvoznice pri\u010dakovati gne\u010do","datePublished":"2020-06-12T08:38:44+00:00","dateModified":"2020-06-12T08:38:44+00:00","mainEntityOfPage":{"@id":"https:\/\/hudo.com\/si\/aktualno\/predor-golovec-bo-zaradi-obnove-dva-meseca-zaprt-na-tem-delu-ljubljanske-obvoznice-pricakovati-gneco\/"},"wordCount":230,"publisher":{"@id":"https:\/\/hudo.com\/si\/#organization"},"keywords":["delo na cesti","predor Golovec","Slovenija"],"articleSection":["Aktualno"],"inLanguage":"sl-SI"},{"@type":"WebPage","@id":"https:\/\/hudo.com\/si\/aktualno\/predor-golovec-bo-zaradi-obnove-dva-meseca-zaprt-na-tem-delu-ljubljanske-obvoznice-pricakovati-gneco\/","url":"https:\/\/hudo.com\/si\/aktualno\/predor-golovec-bo-zaradi-obnove-dva-meseca-zaprt-na-tem-delu-ljubljanske-obvoznice-pricakovati-gneco\/","name":"Predor Golovec bo zaradi obnove dva meseca zaprt, na tem delu ljubljanske obvoznice pri\u010dakovati gne\u010do - Hudo Slovenija","isPartOf":{"@id":"https:\/\/hudo.com\/si\/#website"},"datePublished":"2020-06-12T08:38:44+00:00","dateModified":"2020-06-12T08:38:44+00:00","breadcrumb":{"@id":"https:\/\/hudo.com\/si\/aktualno\/predor-golovec-bo-zaradi-obnove-dva-meseca-zaprt-na-tem-delu-ljubljanske-obvoznice-pricakovati-gneco\/#breadcrumb"},"inLanguage":"sl-SI","potentialAction":[{"@type":"ReadAction","target":["https:\/\/hudo.com\/si\/aktualno\/predor-golovec-bo-zaradi-obnove-dva-meseca-zaprt-na-tem-delu-ljubljanske-obvoznice-pricakovati-gneco\/"]}]},{"@type":"BreadcrumbList","@id":"https:\/\/hudo.com\/si\/aktualno\/predor-golovec-bo-zaradi-obnove-dva-meseca-zaprt-na-tem-delu-ljubljanske-obvoznice-pricakovati-gneco\/#breadcrumb","itemListElement":[{"@type":"ListItem","position":1,"name":"Home","item":"https:\/\/hudo.com\/si\/"},{"@type":"ListItem","position":2,"name":"Predor Golovec bo zaradi obnove dva meseca zaprt, na tem delu ljubljanske obvoznice pri\u010dakovati gne\u010do"}]},{"@type":"WebSite","@id":"https:\/\/hudo.com\/si\/#website","url":"https:\/\/hudo.com\/si\/","name":"Hudo Slovenija","description":"Vse novice iz Slovenije in sveta","publisher":{"@id":"https:\/\/hudo.com\/si\/#organization"},"potentialAction":[{"@type":"SearchAction","target":{"@type":"EntryPoint","urlTemplate":"https:\/\/hudo.com\/si\/?s={search_term_string}"},"query-input":"required name=search_term_string"}],"inLanguage":"sl-SI"},{"@type":"Organization","@id":"https:\/\/hudo.com\/si\/#organization","name":"VSN Media","url":"https:\/\/hudo.com\/si\/","logo":{"@type":"ImageObject","inLanguage":"sl-SI","@id":"https:\/\/hudo.com\/si\/#\/schema\/logo\/image\/","url":"https:\/\/hudo.com\/si\/wp-content\/uploads\/sites\/2\/2021\/03\/hudo-app-2.png","contentUrl":"https:\/\/hudo.com\/si\/wp-content\/uploads\/sites\/2\/2021\/03\/hudo-app-2.png","width":2185,"height":2167,"caption":"VSN Media"},"image":{"@id":"https:\/\/hudo.com\/si\/#\/schema\/logo\/image\/"},"sameAs":["https:\/\/www.facebook.com\/hudo.si","https:\/\/twitter.com\/hudo_si"]},{"@type":"Person","@id":"https:\/\/hudo.com\/si\/#\/schema\/person\/c2f10ce65d2e6ede2aeda5be2a0611fa","name":"M. N., STA","image":{"@type":"ImageObject","inLanguage":"sl-SI","@id":"https:\/\/hudo.com\/si\/#\/schema\/person\/image\/","url":"https:\/\/secure.gravatar.com\/avatar\/f370d38daa10467f755c5c766a4cac20?s=96&d=mm&r=g","contentUrl":"https:\/\/secure.gravatar.com\/avatar\/f370d38daa10467f755c5c766a4cac20?s=96&d=mm&r=g","caption":"M. N., STA"},"url":"https:\/\/hudo.com\/si\/author\/mana\/"}]}},"amp_enabled":true,"_links":{"self":[{"href":"https:\/\/hudo.com\/si\/wp-json\/wp\/v2\/posts\/425172"}],"collection":[{"href":"https:\/\/hudo.com\/si\/wp-json\/wp\/v2\/posts"}],"about":[{"href":"https:\/\/hudo.com\/si\/wp-json\/wp\/v2\/types\/post"}],"author":[{"embeddable":true,"href":"https:\/\/hudo.com\/si\/wp-json\/wp\/v2\/users\/8"}],"replies":[{"embeddable":true,"href":"https:\/\/hudo.com\/si\/wp-json\/wp\/v2\/comments?post=425172"}],"version-history":[{"count":1,"href":"https:\/\/hudo.com\/si\/wp-json\/wp\/v2\/posts\/425172\/revisions"}],"predecessor-version":[{"id":425173,"href":"https:\/\/hudo.com\/si\/wp-json\/wp\/v2\/posts\/425172\/revisions\/425173"}],"wp:featuredmedia":[{"embeddable":true,"href":"https:\/\/hudo.com\/si\/wp-json\/wp\/v2\/media\/128812"}],"wp:attachment":[{"href":"https:\/\/hudo.com\/si\/wp-json\/wp\/v2\/media?parent=425172"}],"wp:term":[{"taxonomy":"category","embeddable":true,"href":"https:\/\/hudo.com\/si\/wp-json\/wp\/v2\/categories?post=425172"},{"taxonomy":"post_tag","embeddable":true,"href":"https:\/\/hudo.com\/si\/wp-json\/wp\/v2\/tags?post=425172"},{"taxonomy":"source","embeddable":true,"href":"https:\/\/hudo.com\/si\/wp-json\/wp\/v2\/source?post=425172"},{"taxonomy":"supertag","embeddable":true,"href":"https:\/\/hudo.com\/si\/wp-json\/wp\/v2\/supertag?post=425172"}],"curies":[{"name":"wp","href":"https:\/\/api.w.org\/{rel}","templated":true}]}}