{"id":425279,"date":"2020-06-14T09:13:54","date_gmt":"2020-06-14T07:13:54","guid":{"rendered":"http:\/\/hudo.com\/si\/?p=425279"},"modified":"2020-06-14T09:13:54","modified_gmt":"2020-06-14T07:13:54","slug":"vreme-danes-bo-spremenljivo-pretezno-oblacno","status":"publish","type":"post","link":"https:\/\/hudo.com\/si\/aktualno\/vreme-danes-bo-spremenljivo-pretezno-oblacno\/","title":{"rendered":"Vreme: Danes bo spremenljivo do prete\u017eno obla\u010dno"},"content":{"rendered":"<p>Pono\u010di bo obla\u010dno, ob\u010dasno bo \u0161e de\u017eevalo, predvsem na Primorskem bodo tudi krajevne nevihte. Najni\u017eje jutranje temperature bodo od 11 do 17 stopinj Celzija.<\/p>\n<p>V ponedeljek bo prete\u017eno obla\u010dno, ob\u010dasno bo de\u017eevalo, ve\u010d de\u017eja bo v vzhodni Sloveniji. Najvi\u0161je dnevne temperature bodo od 17 do 22 stopinj Celzija.<\/p>\n<p>Obeti: V torek bo prete\u017eno obla\u010dno, ob\u010dasno bodo manj\u0161e, krajevne padavine. Tudi v sredo bo \u0161e prevladovalo prete\u017eno obla\u010dno vreme z ob\u010dasnimi padavinami.<\/p>\n<p>Vremenska slika: Nad vzhodno Evropo in Balkanom je plitvo ciklonsko obmo\u010dje. Od zahoda se nam bli\u017ea vi\u0161insko jedro hladnega in vla\u017enega zraka, ki se bo s svojim sredi\u0161\u010dem ju\u017eno od nas pomikalo proti vzhodu.<\/p>\n<p>Napoved za sosednje pokrajine: Poobla\u010dilo se bo, nastajale bodo krajevne plohe in nevihte.<\/p>\n<p>V ponedeljek bo prevladovalo obla\u010dno vreme z ob\u010dasnimi padavinami, deloma nevihtami.<\/p>\n<p>Biovreme: Danes in v ponedeljek bo vpliv vremena na po\u010dutje ljudi zmerno obremenilen, ob\u010dutljivi ljudje bodo imeli manj\u0161e vremensko pogojene te\u017eave.<\/p>\n","protected":false},"excerpt":{"rendered":"<p> \u017de dopoldne bodo krajevne plohe in nevihte predvsem v ju\u017eni Sloveniji, sredi dneva in popoldne tudi drugod. Nekatere bodo lahko mo\u010dnej\u0161e. Najvi\u0161je dnevne temperature bodo od 21 do 27 stopinj Celzija, je zapisano na spletnih straneh Agencije RS za okolje.<\/p>\n","protected":false},"author":8,"featured_media":416462,"comment_status":"closed","ping_status":"closed","sticky":false,"template":"","format":"standard","meta":{"footnotes":""},"categories":[1179],"tags":[1595,2149],"source":[4511],"supertag":[5675,12922],"acf":[],"yoast_head":"<!-- This site is optimized with the Yoast SEO plugin v21.3 - https:\/\/yoast.com\/wordpress\/plugins\/seo\/ -->\n<title>Vreme: Danes bo spremenljivo do prete\u017eno obla\u010dno - Hudo Slovenija<\/title>\n<meta name=\"robots\" content=\"index, follow, max-snippet:-1, max-image-preview:large, max-video-preview:-1\" \/>\n<link rel=\"canonical\" href=\"https:\/\/hudo.com\/si\/aktualno\/vreme-danes-bo-spremenljivo-pretezno-oblacno\/\" \/>\n<meta property=\"og:locale\" content=\"sl_SI\" \/>\n<meta property=\"og:type\" content=\"article\" \/>\n<meta property=\"og:title\" content=\"Vreme: Danes bo spremenljivo do prete\u017eno obla\u010dno - Hudo Slovenija\" \/>\n<meta property=\"og:description\" content=\"\u017de dopoldne bodo krajevne plohe in nevihte predvsem v ju\u017eni Sloveniji, sredi dneva in popoldne tudi drugod. Nekatere bodo lahko mo\u010dnej\u0161e. Najvi\u0161je dnevne temperature bodo od 21 do 27 stopinj Celzija, je zapisano na spletnih straneh Agencije RS za okolje.\" \/>\n<meta property=\"og:url\" content=\"https:\/\/hudo.com\/si\/aktualno\/vreme-danes-bo-spremenljivo-pretezno-oblacno\/\" \/>\n<meta property=\"og:site_name\" content=\"Hudo Slovenija\" \/>\n<meta property=\"article:publisher\" content=\"https:\/\/www.facebook.com\/hudo.si\" \/>\n<meta property=\"article:published_time\" content=\"2020-06-14T07:13:54+00:00\" \/>\n<meta property=\"og:image\" content=\"https:\/\/hudo.com\/si\/wp-content\/uploads\/sites\/2\/2020\/02\/profimedia-0039243427.jpg\" \/>\n\t<meta property=\"og:image:width\" content=\"1250\" \/>\n\t<meta property=\"og:image:height\" content=\"831\" \/>\n\t<meta property=\"og:image:type\" content=\"image\/jpeg\" \/>\n<meta name=\"author\" content=\"M. N., STA\" \/>\n<meta name=\"twitter:card\" content=\"summary_large_image\" \/>\n<meta name=\"twitter:creator\" content=\"@hudo_si\" \/>\n<meta name=\"twitter:site\" content=\"@hudo_si\" \/>\n<meta name=\"twitter:label1\" content=\"Written by\" \/>\n\t<meta name=\"twitter:data1\" content=\"M. N., STA\" \/>\n\t<meta name=\"twitter:label2\" content=\"Est. reading time\" \/>\n\t<meta name=\"twitter:data2\" content=\"1 minuta\" \/>\n<script type=\"application\/ld+json\" class=\"yoast-schema-graph\">{\"@context\":\"https:\/\/schema.org\",\"@graph\":[{\"@type\":\"Article\",\"@id\":\"https:\/\/hudo.com\/si\/aktualno\/vreme-danes-bo-spremenljivo-pretezno-oblacno\/#article\",\"isPartOf\":{\"@id\":\"https:\/\/hudo.com\/si\/aktualno\/vreme-danes-bo-spremenljivo-pretezno-oblacno\/\"},\"author\":{\"name\":\"M. N., STA\",\"@id\":\"https:\/\/hudo.com\/si\/#\/schema\/person\/c2f10ce65d2e6ede2aeda5be2a0611fa\"},\"headline\":\"Vreme: Danes bo spremenljivo do prete\u017eno obla\u010dno\",\"datePublished\":\"2020-06-14T07:13:54+00:00\",\"dateModified\":\"2020-06-14T07:13:54+00:00\",\"mainEntityOfPage\":{\"@id\":\"https:\/\/hudo.com\/si\/aktualno\/vreme-danes-bo-spremenljivo-pretezno-oblacno\/\"},\"wordCount\":186,\"publisher\":{\"@id\":\"https:\/\/hudo.com\/si\/#organization\"},\"keywords\":[\"Slovenija\",\"vreme\"],\"articleSection\":[\"Aktualno\"],\"inLanguage\":\"sl-SI\"},{\"@type\":\"WebPage\",\"@id\":\"https:\/\/hudo.com\/si\/aktualno\/vreme-danes-bo-spremenljivo-pretezno-oblacno\/\",\"url\":\"https:\/\/hudo.com\/si\/aktualno\/vreme-danes-bo-spremenljivo-pretezno-oblacno\/\",\"name\":\"Vreme: Danes bo spremenljivo do prete\u017eno obla\u010dno - Hudo Slovenija\",\"isPartOf\":{\"@id\":\"https:\/\/hudo.com\/si\/#website\"},\"datePublished\":\"2020-06-14T07:13:54+00:00\",\"dateModified\":\"2020-06-14T07:13:54+00:00\",\"breadcrumb\":{\"@id\":\"https:\/\/hudo.com\/si\/aktualno\/vreme-danes-bo-spremenljivo-pretezno-oblacno\/#breadcrumb\"},\"inLanguage\":\"sl-SI\",\"potentialAction\":[{\"@type\":\"ReadAction\",\"target\":[\"https:\/\/hudo.com\/si\/aktualno\/vreme-danes-bo-spremenljivo-pretezno-oblacno\/\"]}]},{\"@type\":\"BreadcrumbList\",\"@id\":\"https:\/\/hudo.com\/si\/aktualno\/vreme-danes-bo-spremenljivo-pretezno-oblacno\/#breadcrumb\",\"itemListElement\":[{\"@type\":\"ListItem\",\"position\":1,\"name\":\"Home\",\"item\":\"https:\/\/hudo.com\/si\/\"},{\"@type\":\"ListItem\",\"position\":2,\"name\":\"Vreme: Danes bo spremenljivo do prete\u017eno obla\u010dno\"}]},{\"@type\":\"WebSite\",\"@id\":\"https:\/\/hudo.com\/si\/#website\",\"url\":\"https:\/\/hudo.com\/si\/\",\"name\":\"Hudo Slovenija\",\"description\":\"Vse novice iz Slovenije in sveta\",\"publisher\":{\"@id\":\"https:\/\/hudo.com\/si\/#organization\"},\"potentialAction\":[{\"@type\":\"SearchAction\",\"target\":{\"@type\":\"EntryPoint\",\"urlTemplate\":\"https:\/\/hudo.com\/si\/?s={search_term_string}\"},\"query-input\":\"required name=search_term_string\"}],\"inLanguage\":\"sl-SI\"},{\"@type\":\"Organization\",\"@id\":\"https:\/\/hudo.com\/si\/#organization\",\"name\":\"VSN Media\",\"url\":\"https:\/\/hudo.com\/si\/\",\"logo\":{\"@type\":\"ImageObject\",\"inLanguage\":\"sl-SI\",\"@id\":\"https:\/\/hudo.com\/si\/#\/schema\/logo\/image\/\",\"url\":\"https:\/\/hudo.com\/si\/wp-content\/uploads\/sites\/2\/2021\/03\/hudo-app-2.png\",\"contentUrl\":\"https:\/\/hudo.com\/si\/wp-content\/uploads\/sites\/2\/2021\/03\/hudo-app-2.png\",\"width\":2185,\"height\":2167,\"caption\":\"VSN Media\"},\"image\":{\"@id\":\"https:\/\/hudo.com\/si\/#\/schema\/logo\/image\/\"},\"sameAs\":[\"https:\/\/www.facebook.com\/hudo.si\",\"https:\/\/twitter.com\/hudo_si\"]},{\"@type\":\"Person\",\"@id\":\"https:\/\/hudo.com\/si\/#\/schema\/person\/c2f10ce65d2e6ede2aeda5be2a0611fa\",\"name\":\"M. N., STA\",\"image\":{\"@type\":\"ImageObject\",\"inLanguage\":\"sl-SI\",\"@id\":\"https:\/\/hudo.com\/si\/#\/schema\/person\/image\/\",\"url\":\"https:\/\/secure.gravatar.com\/avatar\/f370d38daa10467f755c5c766a4cac20?s=96&d=mm&r=g\",\"contentUrl\":\"https:\/\/secure.gravatar.com\/avatar\/f370d38daa10467f755c5c766a4cac20?s=96&d=mm&r=g\",\"caption\":\"M. N., STA\"},\"url\":\"https:\/\/hudo.com\/si\/author\/mana\/\"}]}<\/script>\n<!-- \/ Yoast SEO plugin. -->","yoast_head_json":{"title":"Vreme: Danes bo spremenljivo do prete\u017eno obla\u010dno - Hudo Slovenija","robots":{"index":"index","follow":"follow","max-snippet":"max-snippet:-1","max-image-preview":"max-image-preview:large","max-video-preview":"max-video-preview:-1"},"canonical":"https:\/\/hudo.com\/si\/aktualno\/vreme-danes-bo-spremenljivo-pretezno-oblacno\/","og_locale":"sl_SI","og_type":"article","og_title":"Vreme: Danes bo spremenljivo do prete\u017eno obla\u010dno - Hudo Slovenija","og_description":"\u017de dopoldne bodo krajevne plohe in nevihte predvsem v ju\u017eni Sloveniji, sredi dneva in popoldne tudi drugod. Nekatere bodo lahko mo\u010dnej\u0161e. Najvi\u0161je dnevne temperature bodo od 21 do 27 stopinj Celzija, je zapisano na spletnih straneh Agencije RS za okolje.","og_url":"https:\/\/hudo.com\/si\/aktualno\/vreme-danes-bo-spremenljivo-pretezno-oblacno\/","og_site_name":"Hudo Slovenija","article_publisher":"https:\/\/www.facebook.com\/hudo.si","article_published_time":"2020-06-14T07:13:54+00:00","og_image":[{"width":1250,"height":831,"url":"https:\/\/hudo.com\/si\/wp-content\/uploads\/sites\/2\/2020\/02\/profimedia-0039243427.jpg","type":"image\/jpeg"}],"author":"M. N., STA","twitter_card":"summary_large_image","twitter_creator":"@hudo_si","twitter_site":"@hudo_si","twitter_misc":{"Written by":"M. N., STA","Est. reading time":"1 minuta"},"schema":{"@context":"https:\/\/schema.org","@graph":[{"@type":"Article","@id":"https:\/\/hudo.com\/si\/aktualno\/vreme-danes-bo-spremenljivo-pretezno-oblacno\/#article","isPartOf":{"@id":"https:\/\/hudo.com\/si\/aktualno\/vreme-danes-bo-spremenljivo-pretezno-oblacno\/"},"author":{"name":"M. N., STA","@id":"https:\/\/hudo.com\/si\/#\/schema\/person\/c2f10ce65d2e6ede2aeda5be2a0611fa"},"headline":"Vreme: Danes bo spremenljivo do prete\u017eno obla\u010dno","datePublished":"2020-06-14T07:13:54+00:00","dateModified":"2020-06-14T07:13:54+00:00","mainEntityOfPage":{"@id":"https:\/\/hudo.com\/si\/aktualno\/vreme-danes-bo-spremenljivo-pretezno-oblacno\/"},"wordCount":186,"publisher":{"@id":"https:\/\/hudo.com\/si\/#organization"},"keywords":["Slovenija","vreme"],"articleSection":["Aktualno"],"inLanguage":"sl-SI"},{"@type":"WebPage","@id":"https:\/\/hudo.com\/si\/aktualno\/vreme-danes-bo-spremenljivo-pretezno-oblacno\/","url":"https:\/\/hudo.com\/si\/aktualno\/vreme-danes-bo-spremenljivo-pretezno-oblacno\/","name":"Vreme: Danes bo spremenljivo do prete\u017eno obla\u010dno - Hudo Slovenija","isPartOf":{"@id":"https:\/\/hudo.com\/si\/#website"},"datePublished":"2020-06-14T07:13:54+00:00","dateModified":"2020-06-14T07:13:54+00:00","breadcrumb":{"@id":"https:\/\/hudo.com\/si\/aktualno\/vreme-danes-bo-spremenljivo-pretezno-oblacno\/#breadcrumb"},"inLanguage":"sl-SI","potentialAction":[{"@type":"ReadAction","target":["https:\/\/hudo.com\/si\/aktualno\/vreme-danes-bo-spremenljivo-pretezno-oblacno\/"]}]},{"@type":"BreadcrumbList","@id":"https:\/\/hudo.com\/si\/aktualno\/vreme-danes-bo-spremenljivo-pretezno-oblacno\/#breadcrumb","itemListElement":[{"@type":"ListItem","position":1,"name":"Home","item":"https:\/\/hudo.com\/si\/"},{"@type":"ListItem","position":2,"name":"Vreme: Danes bo spremenljivo do prete\u017eno obla\u010dno"}]},{"@type":"WebSite","@id":"https:\/\/hudo.com\/si\/#website","url":"https:\/\/hudo.com\/si\/","name":"Hudo Slovenija","description":"Vse novice iz Slovenije in sveta","publisher":{"@id":"https:\/\/hudo.com\/si\/#organization"},"potentialAction":[{"@type":"SearchAction","target":{"@type":"EntryPoint","urlTemplate":"https:\/\/hudo.com\/si\/?s={search_term_string}"},"query-input":"required name=search_term_string"}],"inLanguage":"sl-SI"},{"@type":"Organization","@id":"https:\/\/hudo.com\/si\/#organization","name":"VSN Media","url":"https:\/\/hudo.com\/si\/","logo":{"@type":"ImageObject","inLanguage":"sl-SI","@id":"https:\/\/hudo.com\/si\/#\/schema\/logo\/image\/","url":"https:\/\/hudo.com\/si\/wp-content\/uploads\/sites\/2\/2021\/03\/hudo-app-2.png","contentUrl":"https:\/\/hudo.com\/si\/wp-content\/uploads\/sites\/2\/2021\/03\/hudo-app-2.png","width":2185,"height":2167,"caption":"VSN Media"},"image":{"@id":"https:\/\/hudo.com\/si\/#\/schema\/logo\/image\/"},"sameAs":["https:\/\/www.facebook.com\/hudo.si","https:\/\/twitter.com\/hudo_si"]},{"@type":"Person","@id":"https:\/\/hudo.com\/si\/#\/schema\/person\/c2f10ce65d2e6ede2aeda5be2a0611fa","name":"M. N., STA","image":{"@type":"ImageObject","inLanguage":"sl-SI","@id":"https:\/\/hudo.com\/si\/#\/schema\/person\/image\/","url":"https:\/\/secure.gravatar.com\/avatar\/f370d38daa10467f755c5c766a4cac20?s=96&d=mm&r=g","contentUrl":"https:\/\/secure.gravatar.com\/avatar\/f370d38daa10467f755c5c766a4cac20?s=96&d=mm&r=g","caption":"M. N., STA"},"url":"https:\/\/hudo.com\/si\/author\/mana\/"}]}},"amp_enabled":true,"_links":{"self":[{"href":"https:\/\/hudo.com\/si\/wp-json\/wp\/v2\/posts\/425279"}],"collection":[{"href":"https:\/\/hudo.com\/si\/wp-json\/wp\/v2\/posts"}],"about":[{"href":"https:\/\/hudo.com\/si\/wp-json\/wp\/v2\/types\/post"}],"author":[{"embeddable":true,"href":"https:\/\/hudo.com\/si\/wp-json\/wp\/v2\/users\/8"}],"replies":[{"embeddable":true,"href":"https:\/\/hudo.com\/si\/wp-json\/wp\/v2\/comments?post=425279"}],"version-history":[{"count":1,"href":"https:\/\/hudo.com\/si\/wp-json\/wp\/v2\/posts\/425279\/revisions"}],"predecessor-version":[{"id":425280,"href":"https:\/\/hudo.com\/si\/wp-json\/wp\/v2\/posts\/425279\/revisions\/425280"}],"wp:featuredmedia":[{"embeddable":true,"href":"https:\/\/hudo.com\/si\/wp-json\/wp\/v2\/media\/416462"}],"wp:attachment":[{"href":"https:\/\/hudo.com\/si\/wp-json\/wp\/v2\/media?parent=425279"}],"wp:term":[{"taxonomy":"category","embeddable":true,"href":"https:\/\/hudo.com\/si\/wp-json\/wp\/v2\/categories?post=425279"},{"taxonomy":"post_tag","embeddable":true,"href":"https:\/\/hudo.com\/si\/wp-json\/wp\/v2\/tags?post=425279"},{"taxonomy":"source","embeddable":true,"href":"https:\/\/hudo.com\/si\/wp-json\/wp\/v2\/source?post=425279"},{"taxonomy":"supertag","embeddable":true,"href":"https:\/\/hudo.com\/si\/wp-json\/wp\/v2\/supertag?post=425279"}],"curies":[{"name":"wp","href":"https:\/\/api.w.org\/{rel}","templated":true}]}}