{"id":425313,"date":"2020-06-14T20:01:50","date_gmt":"2020-06-14T18:01:50","guid":{"rendered":"http:\/\/hudo.com\/si\/?p=425313"},"modified":"2020-06-14T20:01:50","modified_gmt":"2020-06-14T18:01:50","slug":"ob-trumpovem-74-rojstnem-dnevu-znova-vprasanja-o-njegovem-zdravju-zaradi-tezav-z-ravnotezjem-izgovarjanjem-nekaterih-besed-video","status":"publish","type":"post","link":"https:\/\/hudo.com\/si\/aktualno\/ob-trumpovem-74-rojstnem-dnevu-znova-vprasanja-o-njegovem-zdravju-zaradi-tezav-z-ravnotezjem-izgovarjanjem-nekaterih-besed-video\/","title":{"rendered":"Ob Trumpovem 74. rojstnem dnevu znova vpra\u0161anja o njegovem zdravju zaradi te\u017eav z ravnote\u017ejem in izgovarjanjem nekaterih besed (video)"},"content":{"rendered":"<p>Vpra\u0161anje zdravja predsednika je v ZDA vedno aktualna tema. Trump se je sicer za svojo starost sicer vedno zdel vitalen. Rezultati rutinskega pregleda v za\u010detku meseca so pokazali le, da ima prekomerno telesno te\u017eo &#8211; 110 kilogramov, ostali rezultati pa niso izstopali, poro\u010da francoska tiskovna agencija AFP.<\/p>\n<p><div class=\"embed\"><div class=\"embed-notice\">Za ogled vstavljene vsebine morate omogo\u010diti <a href=\"#\" onclick=\"Optanon.ToggleInfoDisplay()\">shranjevanje pi\u0161kotkov v napravi<\/a><\/div><iframe loading=\"lazy\" width=\"560\" height=\"315\"  class=\"optanon-category-C0002-C0003-C0004\" optanon-src=\"https:\/\/www.youtube.com\/embed\/NObgJ4RRZ2g\" frameborder=\"0\" allow=\"accelerometer; autoplay; encrypted-media; gyroscope; picture-in-picture\" allowfullscreen><\/iframe><\/div><\/p>\n<p>Njegov nastop na prireditvi ameri\u0161ke voja\u0161ke akademiji v West Pointu v New Yorku pa je spro\u017eil nova vpra\u0161anja o njegovi stabilnosti ter te\u017eavah z ravnote\u017ejem in izgovarjanjem nekaterih besed. Na posnetku prireditve je namre\u010d videti, da je Trump po uvodnem nagovoru nezanesljivo odkorakal po dalj\u0161i klan\u010dini.<\/p>\n<p><div class=\"embed\"><div class=\"embed-notice\">Za ogled vstavljene vsebine morate omogo\u010diti <a href=\"#\" onclick=\"Optanon.ToggleInfoDisplay()\">shranjevanje pi\u0161kotkov v napravi<\/a><\/div><iframe loading=\"lazy\" width=\"560\" height=\"315\"  class=\"optanon-category-C0002-C0003-C0004\" optanon-src=\"https:\/\/www.youtube.com\/embed\/FTvuVxUmnZ4\" frameborder=\"0\" allow=\"accelerometer; autoplay; encrypted-media; gyroscope; picture-in-picture\" allowfullscreen><\/iframe><\/div><\/p>\n<p>Trump je te opazke komentiral na Twitterju. Kot je navedel, je bila klan\u010dina, po kateri je hodil, zelo dolga in strma, ni imela ograje, poleg tega pa je bila \u0161e zelo spolzka. &#8220;Vse, kar je \u0161e manjkalo, je bilo, da bi padel. To bi \u0161ele zabavalo nekatere la\u017enive medije,&#8221; je zapisal. Dodal je, da je zadnjih nekaj metrov celo pretekel.<\/p>\n<p>Novinarji so sicer poro\u010dali, da je bilo vreme suho, klan\u010dina pa ne posebej strma, \u0161e pi\u0161e AFP.<\/p>\n","protected":false},"excerpt":{"rendered":"<p>Ameri\u0161ki predsednik Donald Trump se je prav na njegov dana\u0161nji 74. rojstni dan moral soo\u010diti z vpra\u0161anji o svojem zdravju. Rutinski pregled v za\u010detku meseca z izjemo prekomerne telesne te\u017ee sicer ni pokazal posebnosti, so se pa nekateri obregnili ob njegovo nezanesljivo hojo na sobotni prireditvi v New Yorku.<\/p>\n","protected":false},"author":8,"featured_media":425314,"comment_status":"closed","ping_status":"closed","sticky":false,"template":"","format":"standard","meta":{"footnotes":""},"categories":[1179],"tags":[1680,16534],"source":[4511],"supertag":[6103],"acf":[],"yoast_head":"<!-- This site is optimized with the Yoast SEO plugin v21.3 - https:\/\/yoast.com\/wordpress\/plugins\/seo\/ -->\n<title>Ob Trumpovem 74. rojstnem dnevu znova vpra\u0161anja o njegovem zdravju zaradi te\u017eav z ravnote\u017ejem in izgovarjanjem nekaterih besed (video) - Hudo Slovenija<\/title>\n<meta name=\"robots\" content=\"index, follow, max-snippet:-1, max-image-preview:large, max-video-preview:-1\" \/>\n<link rel=\"canonical\" href=\"https:\/\/hudo.com\/si\/aktualno\/ob-trumpovem-74-rojstnem-dnevu-znova-vprasanja-o-njegovem-zdravju-zaradi-tezav-z-ravnotezjem-izgovarjanjem-nekaterih-besed-video\/\" \/>\n<meta property=\"og:locale\" content=\"sl_SI\" \/>\n<meta property=\"og:type\" content=\"article\" \/>\n<meta property=\"og:title\" content=\"Ob Trumpovem 74. rojstnem dnevu znova vpra\u0161anja o njegovem zdravju zaradi te\u017eav z ravnote\u017ejem in izgovarjanjem nekaterih besed (video) - Hudo Slovenija\" \/>\n<meta property=\"og:description\" content=\"Ameri\u0161ki predsednik Donald Trump se je prav na njegov dana\u0161nji 74. rojstni dan moral soo\u010diti z vpra\u0161anji o svojem zdravju. Rutinski pregled v za\u010detku meseca z izjemo prekomerne telesne te\u017ee sicer ni pokazal posebnosti, so se pa nekateri obregnili ob njegovo nezanesljivo hojo na sobotni prireditvi v New Yorku.\" \/>\n<meta property=\"og:url\" content=\"https:\/\/hudo.com\/si\/aktualno\/ob-trumpovem-74-rojstnem-dnevu-znova-vprasanja-o-njegovem-zdravju-zaradi-tezav-z-ravnotezjem-izgovarjanjem-nekaterih-besed-video\/\" \/>\n<meta property=\"og:site_name\" content=\"Hudo Slovenija\" \/>\n<meta property=\"article:publisher\" content=\"https:\/\/www.facebook.com\/hudo.si\" \/>\n<meta property=\"article:published_time\" content=\"2020-06-14T18:01:50+00:00\" \/>\n<meta property=\"og:image\" content=\"https:\/\/hudo.com\/si\/wp-content\/uploads\/sites\/2\/2020\/06\/profimedia-0531190883.jpg\" \/>\n\t<meta property=\"og:image:width\" content=\"1250\" \/>\n\t<meta property=\"og:image:height\" content=\"833\" \/>\n\t<meta property=\"og:image:type\" content=\"image\/jpeg\" \/>\n<meta name=\"author\" content=\"M. N., STA\" \/>\n<meta name=\"twitter:card\" content=\"summary_large_image\" \/>\n<meta name=\"twitter:creator\" content=\"@hudo_si\" \/>\n<meta name=\"twitter:site\" content=\"@hudo_si\" \/>\n<meta name=\"twitter:label1\" content=\"Written by\" \/>\n\t<meta name=\"twitter:data1\" content=\"M. N., STA\" \/>\n\t<meta name=\"twitter:label2\" content=\"Est. reading time\" \/>\n\t<meta name=\"twitter:data2\" content=\"1 minuta\" \/>\n<script type=\"application\/ld+json\" class=\"yoast-schema-graph\">{\"@context\":\"https:\/\/schema.org\",\"@graph\":[{\"@type\":\"Article\",\"@id\":\"https:\/\/hudo.com\/si\/aktualno\/ob-trumpovem-74-rojstnem-dnevu-znova-vprasanja-o-njegovem-zdravju-zaradi-tezav-z-ravnotezjem-izgovarjanjem-nekaterih-besed-video\/#article\",\"isPartOf\":{\"@id\":\"https:\/\/hudo.com\/si\/aktualno\/ob-trumpovem-74-rojstnem-dnevu-znova-vprasanja-o-njegovem-zdravju-zaradi-tezav-z-ravnotezjem-izgovarjanjem-nekaterih-besed-video\/\"},\"author\":{\"name\":\"M. N., STA\",\"@id\":\"https:\/\/hudo.com\/si\/#\/schema\/person\/c2f10ce65d2e6ede2aeda5be2a0611fa\"},\"headline\":\"Ob Trumpovem 74. rojstnem dnevu znova vpra\u0161anja o njegovem zdravju zaradi te\u017eav z ravnote\u017ejem in izgovarjanjem nekaterih besed (video)\",\"datePublished\":\"2020-06-14T18:01:50+00:00\",\"dateModified\":\"2020-06-14T18:01:50+00:00\",\"mainEntityOfPage\":{\"@id\":\"https:\/\/hudo.com\/si\/aktualno\/ob-trumpovem-74-rojstnem-dnevu-znova-vprasanja-o-njegovem-zdravju-zaradi-tezav-z-ravnotezjem-izgovarjanjem-nekaterih-besed-video\/\"},\"wordCount\":207,\"publisher\":{\"@id\":\"https:\/\/hudo.com\/si\/#organization\"},\"keywords\":[\"Donald Trump\",\"Donald Trump zdravje\"],\"articleSection\":[\"Aktualno\"],\"inLanguage\":\"sl-SI\"},{\"@type\":\"WebPage\",\"@id\":\"https:\/\/hudo.com\/si\/aktualno\/ob-trumpovem-74-rojstnem-dnevu-znova-vprasanja-o-njegovem-zdravju-zaradi-tezav-z-ravnotezjem-izgovarjanjem-nekaterih-besed-video\/\",\"url\":\"https:\/\/hudo.com\/si\/aktualno\/ob-trumpovem-74-rojstnem-dnevu-znova-vprasanja-o-njegovem-zdravju-zaradi-tezav-z-ravnotezjem-izgovarjanjem-nekaterih-besed-video\/\",\"name\":\"Ob Trumpovem 74. rojstnem dnevu znova vpra\u0161anja o njegovem zdravju zaradi te\u017eav z ravnote\u017ejem in izgovarjanjem nekaterih besed (video) - Hudo Slovenija\",\"isPartOf\":{\"@id\":\"https:\/\/hudo.com\/si\/#website\"},\"datePublished\":\"2020-06-14T18:01:50+00:00\",\"dateModified\":\"2020-06-14T18:01:50+00:00\",\"breadcrumb\":{\"@id\":\"https:\/\/hudo.com\/si\/aktualno\/ob-trumpovem-74-rojstnem-dnevu-znova-vprasanja-o-njegovem-zdravju-zaradi-tezav-z-ravnotezjem-izgovarjanjem-nekaterih-besed-video\/#breadcrumb\"},\"inLanguage\":\"sl-SI\",\"potentialAction\":[{\"@type\":\"ReadAction\",\"target\":[\"https:\/\/hudo.com\/si\/aktualno\/ob-trumpovem-74-rojstnem-dnevu-znova-vprasanja-o-njegovem-zdravju-zaradi-tezav-z-ravnotezjem-izgovarjanjem-nekaterih-besed-video\/\"]}]},{\"@type\":\"BreadcrumbList\",\"@id\":\"https:\/\/hudo.com\/si\/aktualno\/ob-trumpovem-74-rojstnem-dnevu-znova-vprasanja-o-njegovem-zdravju-zaradi-tezav-z-ravnotezjem-izgovarjanjem-nekaterih-besed-video\/#breadcrumb\",\"itemListElement\":[{\"@type\":\"ListItem\",\"position\":1,\"name\":\"Home\",\"item\":\"https:\/\/hudo.com\/si\/\"},{\"@type\":\"ListItem\",\"position\":2,\"name\":\"Ob Trumpovem 74. rojstnem dnevu znova vpra\u0161anja o njegovem zdravju zaradi te\u017eav z ravnote\u017ejem in izgovarjanjem nekaterih besed (video)\"}]},{\"@type\":\"WebSite\",\"@id\":\"https:\/\/hudo.com\/si\/#website\",\"url\":\"https:\/\/hudo.com\/si\/\",\"name\":\"Hudo Slovenija\",\"description\":\"Vse novice iz Slovenije in sveta\",\"publisher\":{\"@id\":\"https:\/\/hudo.com\/si\/#organization\"},\"potentialAction\":[{\"@type\":\"SearchAction\",\"target\":{\"@type\":\"EntryPoint\",\"urlTemplate\":\"https:\/\/hudo.com\/si\/?s={search_term_string}\"},\"query-input\":\"required name=search_term_string\"}],\"inLanguage\":\"sl-SI\"},{\"@type\":\"Organization\",\"@id\":\"https:\/\/hudo.com\/si\/#organization\",\"name\":\"VSN Media\",\"url\":\"https:\/\/hudo.com\/si\/\",\"logo\":{\"@type\":\"ImageObject\",\"inLanguage\":\"sl-SI\",\"@id\":\"https:\/\/hudo.com\/si\/#\/schema\/logo\/image\/\",\"url\":\"https:\/\/hudo.com\/si\/wp-content\/uploads\/sites\/2\/2021\/03\/hudo-app-2.png\",\"contentUrl\":\"https:\/\/hudo.com\/si\/wp-content\/uploads\/sites\/2\/2021\/03\/hudo-app-2.png\",\"width\":2185,\"height\":2167,\"caption\":\"VSN Media\"},\"image\":{\"@id\":\"https:\/\/hudo.com\/si\/#\/schema\/logo\/image\/\"},\"sameAs\":[\"https:\/\/www.facebook.com\/hudo.si\",\"https:\/\/twitter.com\/hudo_si\"]},{\"@type\":\"Person\",\"@id\":\"https:\/\/hudo.com\/si\/#\/schema\/person\/c2f10ce65d2e6ede2aeda5be2a0611fa\",\"name\":\"M. N., STA\",\"image\":{\"@type\":\"ImageObject\",\"inLanguage\":\"sl-SI\",\"@id\":\"https:\/\/hudo.com\/si\/#\/schema\/person\/image\/\",\"url\":\"https:\/\/secure.gravatar.com\/avatar\/f370d38daa10467f755c5c766a4cac20?s=96&d=mm&r=g\",\"contentUrl\":\"https:\/\/secure.gravatar.com\/avatar\/f370d38daa10467f755c5c766a4cac20?s=96&d=mm&r=g\",\"caption\":\"M. N., STA\"},\"url\":\"https:\/\/hudo.com\/si\/author\/mana\/\"}]}<\/script>\n<!-- \/ Yoast SEO plugin. -->","yoast_head_json":{"title":"Ob Trumpovem 74. rojstnem dnevu znova vpra\u0161anja o njegovem zdravju zaradi te\u017eav z ravnote\u017ejem in izgovarjanjem nekaterih besed (video) - Hudo Slovenija","robots":{"index":"index","follow":"follow","max-snippet":"max-snippet:-1","max-image-preview":"max-image-preview:large","max-video-preview":"max-video-preview:-1"},"canonical":"https:\/\/hudo.com\/si\/aktualno\/ob-trumpovem-74-rojstnem-dnevu-znova-vprasanja-o-njegovem-zdravju-zaradi-tezav-z-ravnotezjem-izgovarjanjem-nekaterih-besed-video\/","og_locale":"sl_SI","og_type":"article","og_title":"Ob Trumpovem 74. rojstnem dnevu znova vpra\u0161anja o njegovem zdravju zaradi te\u017eav z ravnote\u017ejem in izgovarjanjem nekaterih besed (video) - Hudo Slovenija","og_description":"Ameri\u0161ki predsednik Donald Trump se je prav na njegov dana\u0161nji 74. rojstni dan moral soo\u010diti z vpra\u0161anji o svojem zdravju. Rutinski pregled v za\u010detku meseca z izjemo prekomerne telesne te\u017ee sicer ni pokazal posebnosti, so se pa nekateri obregnili ob njegovo nezanesljivo hojo na sobotni prireditvi v New Yorku.","og_url":"https:\/\/hudo.com\/si\/aktualno\/ob-trumpovem-74-rojstnem-dnevu-znova-vprasanja-o-njegovem-zdravju-zaradi-tezav-z-ravnotezjem-izgovarjanjem-nekaterih-besed-video\/","og_site_name":"Hudo Slovenija","article_publisher":"https:\/\/www.facebook.com\/hudo.si","article_published_time":"2020-06-14T18:01:50+00:00","og_image":[{"width":1250,"height":833,"url":"https:\/\/hudo.com\/si\/wp-content\/uploads\/sites\/2\/2020\/06\/profimedia-0531190883.jpg","type":"image\/jpeg"}],"author":"M. N., STA","twitter_card":"summary_large_image","twitter_creator":"@hudo_si","twitter_site":"@hudo_si","twitter_misc":{"Written by":"M. N., STA","Est. reading time":"1 minuta"},"schema":{"@context":"https:\/\/schema.org","@graph":[{"@type":"Article","@id":"https:\/\/hudo.com\/si\/aktualno\/ob-trumpovem-74-rojstnem-dnevu-znova-vprasanja-o-njegovem-zdravju-zaradi-tezav-z-ravnotezjem-izgovarjanjem-nekaterih-besed-video\/#article","isPartOf":{"@id":"https:\/\/hudo.com\/si\/aktualno\/ob-trumpovem-74-rojstnem-dnevu-znova-vprasanja-o-njegovem-zdravju-zaradi-tezav-z-ravnotezjem-izgovarjanjem-nekaterih-besed-video\/"},"author":{"name":"M. N., STA","@id":"https:\/\/hudo.com\/si\/#\/schema\/person\/c2f10ce65d2e6ede2aeda5be2a0611fa"},"headline":"Ob Trumpovem 74. rojstnem dnevu znova vpra\u0161anja o njegovem zdravju zaradi te\u017eav z ravnote\u017ejem in izgovarjanjem nekaterih besed (video)","datePublished":"2020-06-14T18:01:50+00:00","dateModified":"2020-06-14T18:01:50+00:00","mainEntityOfPage":{"@id":"https:\/\/hudo.com\/si\/aktualno\/ob-trumpovem-74-rojstnem-dnevu-znova-vprasanja-o-njegovem-zdravju-zaradi-tezav-z-ravnotezjem-izgovarjanjem-nekaterih-besed-video\/"},"wordCount":207,"publisher":{"@id":"https:\/\/hudo.com\/si\/#organization"},"keywords":["Donald Trump","Donald Trump zdravje"],"articleSection":["Aktualno"],"inLanguage":"sl-SI"},{"@type":"WebPage","@id":"https:\/\/hudo.com\/si\/aktualno\/ob-trumpovem-74-rojstnem-dnevu-znova-vprasanja-o-njegovem-zdravju-zaradi-tezav-z-ravnotezjem-izgovarjanjem-nekaterih-besed-video\/","url":"https:\/\/hudo.com\/si\/aktualno\/ob-trumpovem-74-rojstnem-dnevu-znova-vprasanja-o-njegovem-zdravju-zaradi-tezav-z-ravnotezjem-izgovarjanjem-nekaterih-besed-video\/","name":"Ob Trumpovem 74. rojstnem dnevu znova vpra\u0161anja o njegovem zdravju zaradi te\u017eav z ravnote\u017ejem in izgovarjanjem nekaterih besed (video) - Hudo Slovenija","isPartOf":{"@id":"https:\/\/hudo.com\/si\/#website"},"datePublished":"2020-06-14T18:01:50+00:00","dateModified":"2020-06-14T18:01:50+00:00","breadcrumb":{"@id":"https:\/\/hudo.com\/si\/aktualno\/ob-trumpovem-74-rojstnem-dnevu-znova-vprasanja-o-njegovem-zdravju-zaradi-tezav-z-ravnotezjem-izgovarjanjem-nekaterih-besed-video\/#breadcrumb"},"inLanguage":"sl-SI","potentialAction":[{"@type":"ReadAction","target":["https:\/\/hudo.com\/si\/aktualno\/ob-trumpovem-74-rojstnem-dnevu-znova-vprasanja-o-njegovem-zdravju-zaradi-tezav-z-ravnotezjem-izgovarjanjem-nekaterih-besed-video\/"]}]},{"@type":"BreadcrumbList","@id":"https:\/\/hudo.com\/si\/aktualno\/ob-trumpovem-74-rojstnem-dnevu-znova-vprasanja-o-njegovem-zdravju-zaradi-tezav-z-ravnotezjem-izgovarjanjem-nekaterih-besed-video\/#breadcrumb","itemListElement":[{"@type":"ListItem","position":1,"name":"Home","item":"https:\/\/hudo.com\/si\/"},{"@type":"ListItem","position":2,"name":"Ob Trumpovem 74. rojstnem dnevu znova vpra\u0161anja o njegovem zdravju zaradi te\u017eav z ravnote\u017ejem in izgovarjanjem nekaterih besed (video)"}]},{"@type":"WebSite","@id":"https:\/\/hudo.com\/si\/#website","url":"https:\/\/hudo.com\/si\/","name":"Hudo Slovenija","description":"Vse novice iz Slovenije in sveta","publisher":{"@id":"https:\/\/hudo.com\/si\/#organization"},"potentialAction":[{"@type":"SearchAction","target":{"@type":"EntryPoint","urlTemplate":"https:\/\/hudo.com\/si\/?s={search_term_string}"},"query-input":"required name=search_term_string"}],"inLanguage":"sl-SI"},{"@type":"Organization","@id":"https:\/\/hudo.com\/si\/#organization","name":"VSN Media","url":"https:\/\/hudo.com\/si\/","logo":{"@type":"ImageObject","inLanguage":"sl-SI","@id":"https:\/\/hudo.com\/si\/#\/schema\/logo\/image\/","url":"https:\/\/hudo.com\/si\/wp-content\/uploads\/sites\/2\/2021\/03\/hudo-app-2.png","contentUrl":"https:\/\/hudo.com\/si\/wp-content\/uploads\/sites\/2\/2021\/03\/hudo-app-2.png","width":2185,"height":2167,"caption":"VSN Media"},"image":{"@id":"https:\/\/hudo.com\/si\/#\/schema\/logo\/image\/"},"sameAs":["https:\/\/www.facebook.com\/hudo.si","https:\/\/twitter.com\/hudo_si"]},{"@type":"Person","@id":"https:\/\/hudo.com\/si\/#\/schema\/person\/c2f10ce65d2e6ede2aeda5be2a0611fa","name":"M. N., STA","image":{"@type":"ImageObject","inLanguage":"sl-SI","@id":"https:\/\/hudo.com\/si\/#\/schema\/person\/image\/","url":"https:\/\/secure.gravatar.com\/avatar\/f370d38daa10467f755c5c766a4cac20?s=96&d=mm&r=g","contentUrl":"https:\/\/secure.gravatar.com\/avatar\/f370d38daa10467f755c5c766a4cac20?s=96&d=mm&r=g","caption":"M. N., STA"},"url":"https:\/\/hudo.com\/si\/author\/mana\/"}]}},"amp_enabled":true,"_links":{"self":[{"href":"https:\/\/hudo.com\/si\/wp-json\/wp\/v2\/posts\/425313"}],"collection":[{"href":"https:\/\/hudo.com\/si\/wp-json\/wp\/v2\/posts"}],"about":[{"href":"https:\/\/hudo.com\/si\/wp-json\/wp\/v2\/types\/post"}],"author":[{"embeddable":true,"href":"https:\/\/hudo.com\/si\/wp-json\/wp\/v2\/users\/8"}],"replies":[{"embeddable":true,"href":"https:\/\/hudo.com\/si\/wp-json\/wp\/v2\/comments?post=425313"}],"version-history":[{"count":1,"href":"https:\/\/hudo.com\/si\/wp-json\/wp\/v2\/posts\/425313\/revisions"}],"predecessor-version":[{"id":425315,"href":"https:\/\/hudo.com\/si\/wp-json\/wp\/v2\/posts\/425313\/revisions\/425315"}],"wp:featuredmedia":[{"embeddable":true,"href":"https:\/\/hudo.com\/si\/wp-json\/wp\/v2\/media\/425314"}],"wp:attachment":[{"href":"https:\/\/hudo.com\/si\/wp-json\/wp\/v2\/media?parent=425313"}],"wp:term":[{"taxonomy":"category","embeddable":true,"href":"https:\/\/hudo.com\/si\/wp-json\/wp\/v2\/categories?post=425313"},{"taxonomy":"post_tag","embeddable":true,"href":"https:\/\/hudo.com\/si\/wp-json\/wp\/v2\/tags?post=425313"},{"taxonomy":"source","embeddable":true,"href":"https:\/\/hudo.com\/si\/wp-json\/wp\/v2\/source?post=425313"},{"taxonomy":"supertag","embeddable":true,"href":"https:\/\/hudo.com\/si\/wp-json\/wp\/v2\/supertag?post=425313"}],"curies":[{"name":"wp","href":"https:\/\/api.w.org\/{rel}","templated":true}]}}