{"id":425388,"date":"2020-06-15T14:44:52","date_gmt":"2020-06-15T12:44:52","guid":{"rendered":"http:\/\/hudo.com\/si\/?p=425388"},"modified":"2020-06-15T14:44:52","modified_gmt":"2020-06-15T12:44:52","slug":"v-avstriji-od-danes-veljalo-milejsi-predpisi-za-nosenje-zascitnih-mask-kot-zascito-pred-novim-koronavirusom","status":"publish","type":"post","link":"https:\/\/hudo.com\/si\/aktualno\/v-avstriji-od-danes-veljalo-milejsi-predpisi-za-nosenje-zascitnih-mask-kot-zascito-pred-novim-koronavirusom\/","title":{"rendered":"V Avstriji od danes veljalo milej\u0161i predpisi za no\u0161enje za\u0161\u010ditnih mask kot za\u0161\u010dito pred novim koronavirusom"},"content":{"rendered":"<p>V avstrijskih trgovinah za\u0161\u010ditne maske tako niso ve\u010d obvezne, \u0161e naprej pa v veljavi ostaja najmanj meter varnostne razdalje med ljudmi, ki niso \u010dlani istega gospodinjstva. Maske tudi niso ve\u010d obvezne v osebnih avtomobilih, \u010de se v njih ne vozijo \u010dlani istega gospodinjstva, na spletni strani poro\u010da avstrijska televizija.<\/p>\n<p>Nova pravila tudi veljajo v gastronomiji. Za vstop v avstrijske hotele in lokale za goste za\u0161\u010ditna maska ni ve\u010d potrebna, \u0161e naprej pa jo bo moralo nositi osebje. Odpravili so tudi omejitev \u0161tirih odraslih oseb za mizo, delovni \u010das lokalov pa podalj\u0161ali s 23. na eno uro zjutraj. V avstrijskih fitnesih in wellness centrih prav tako \u0161e naprej v veljavi ostaja ustrezna medsebojna razdalja ter omejitve vstopa glede na \u0161tevilo obiskovalcev.<\/p>\n<p>Avstrijski minister za zdravje Rudolf Anschober je ob rahljanju ukrepov opozoril na lastno odgovornost. \u010ce bo na obmo\u010dju, kjer za\u0161\u010ditne maske niso obvezne, &#8220;morda pretesno&#8221;, si bi morali iz lastne odgovornosti nadeti za\u0161\u010ditno masko, je v nedeljo pozval Anschober. Hkrati je dal jasno vedeti, da bo Avstrija ponovno zaostrila ukrepe, \u010de se bo \u0161tevilo oku\u017eb z novim koronavirusom ponovno za\u010delo pove\u010devati.<\/p>\n<p>V Avstriji so obvezno no\u0161njo za\u0161\u010ditnih mask uvedli 30. marca zaradi pandemije covida-19. Najprej so bile maske obvezne ob vstopu v supermarkete, nato so to obveznost raz\u0161irili \u0161e na druga podro\u010dja, je poro\u010dala avstrijska tiskovna agencija APA.<\/p>\n<p>V Avstriji so od danes ponovno dovoljeni tudi sejmi in kongresi.<\/p>\n","protected":false},"excerpt":{"rendered":"<p>No\u0161enje za\u0161\u010ditnih mask v Avstriji je poslej obvezno v javnem potni\u0161kem prometu, zdravstvenih ustanovah in lekarnah ter pri tistih dejavnostih, kjer ni mogo\u010de zagotoviti priporo\u010dene varnostne razdalje enega metra, kot npr. frizerji.<\/p>\n","protected":false},"author":8,"featured_media":425082,"comment_status":"closed","ping_status":"closed","sticky":false,"template":"","format":"standard","meta":{"footnotes":""},"categories":[1179],"tags":[1934,15632,15947],"source":[4511],"supertag":[],"acf":[],"yoast_head":"<!-- This site is optimized with the Yoast SEO plugin v21.3 - https:\/\/yoast.com\/wordpress\/plugins\/seo\/ -->\n<title>V Avstriji od danes veljalo milej\u0161i predpisi za no\u0161enje za\u0161\u010ditnih mask kot za\u0161\u010dito pred novim koronavirusom - Hudo Slovenija<\/title>\n<meta name=\"robots\" content=\"index, follow, max-snippet:-1, max-image-preview:large, max-video-preview:-1\" \/>\n<link rel=\"canonical\" href=\"https:\/\/hudo.com\/si\/aktualno\/v-avstriji-od-danes-veljalo-milejsi-predpisi-za-nosenje-zascitnih-mask-kot-zascito-pred-novim-koronavirusom\/\" \/>\n<meta property=\"og:locale\" content=\"sl_SI\" \/>\n<meta property=\"og:type\" content=\"article\" \/>\n<meta property=\"og:title\" content=\"V Avstriji od danes veljalo milej\u0161i predpisi za no\u0161enje za\u0161\u010ditnih mask kot za\u0161\u010dito pred novim koronavirusom - Hudo Slovenija\" \/>\n<meta property=\"og:description\" content=\"No\u0161enje za\u0161\u010ditnih mask v Avstriji je poslej obvezno v javnem potni\u0161kem prometu, zdravstvenih ustanovah in lekarnah ter pri tistih dejavnostih, kjer ni mogo\u010de zagotoviti priporo\u010dene varnostne razdalje enega metra, kot npr. frizerji.\" \/>\n<meta property=\"og:url\" content=\"https:\/\/hudo.com\/si\/aktualno\/v-avstriji-od-danes-veljalo-milejsi-predpisi-za-nosenje-zascitnih-mask-kot-zascito-pred-novim-koronavirusom\/\" \/>\n<meta property=\"og:site_name\" content=\"Hudo Slovenija\" \/>\n<meta property=\"article:publisher\" content=\"https:\/\/www.facebook.com\/hudo.si\" \/>\n<meta property=\"article:published_time\" content=\"2020-06-15T12:44:52+00:00\" \/>\n<meta property=\"og:image\" content=\"https:\/\/hudo.com\/si\/wp-content\/uploads\/sites\/2\/2020\/06\/profimedia-0510255435.jpg\" \/>\n\t<meta property=\"og:image:width\" content=\"1250\" \/>\n\t<meta property=\"og:image:height\" content=\"834\" \/>\n\t<meta property=\"og:image:type\" content=\"image\/jpeg\" \/>\n<meta name=\"author\" content=\"M. N., STA\" \/>\n<meta name=\"twitter:card\" content=\"summary_large_image\" \/>\n<meta name=\"twitter:creator\" content=\"@hudo_si\" \/>\n<meta name=\"twitter:site\" content=\"@hudo_si\" \/>\n<meta name=\"twitter:label1\" content=\"Written by\" \/>\n\t<meta name=\"twitter:data1\" content=\"M. N., STA\" \/>\n\t<meta name=\"twitter:label2\" content=\"Est. reading time\" \/>\n\t<meta name=\"twitter:data2\" content=\"1 minuta\" \/>\n<script type=\"application\/ld+json\" class=\"yoast-schema-graph\">{\"@context\":\"https:\/\/schema.org\",\"@graph\":[{\"@type\":\"Article\",\"@id\":\"https:\/\/hudo.com\/si\/aktualno\/v-avstriji-od-danes-veljalo-milejsi-predpisi-za-nosenje-zascitnih-mask-kot-zascito-pred-novim-koronavirusom\/#article\",\"isPartOf\":{\"@id\":\"https:\/\/hudo.com\/si\/aktualno\/v-avstriji-od-danes-veljalo-milejsi-predpisi-za-nosenje-zascitnih-mask-kot-zascito-pred-novim-koronavirusom\/\"},\"author\":{\"name\":\"M. N., STA\",\"@id\":\"https:\/\/hudo.com\/si\/#\/schema\/person\/c2f10ce65d2e6ede2aeda5be2a0611fa\"},\"headline\":\"V Avstriji od danes veljalo milej\u0161i predpisi za no\u0161enje za\u0161\u010ditnih mask kot za\u0161\u010dito pred novim koronavirusom\",\"datePublished\":\"2020-06-15T12:44:52+00:00\",\"dateModified\":\"2020-06-15T12:44:52+00:00\",\"mainEntityOfPage\":{\"@id\":\"https:\/\/hudo.com\/si\/aktualno\/v-avstriji-od-danes-veljalo-milejsi-predpisi-za-nosenje-zascitnih-mask-kot-zascito-pred-novim-koronavirusom\/\"},\"wordCount\":262,\"publisher\":{\"@id\":\"https:\/\/hudo.com\/si\/#organization\"},\"keywords\":[\"Avstrija\",\"koronavirus\",\"za\u0161\u010ditne maske\"],\"articleSection\":[\"Aktualno\"],\"inLanguage\":\"sl-SI\"},{\"@type\":\"WebPage\",\"@id\":\"https:\/\/hudo.com\/si\/aktualno\/v-avstriji-od-danes-veljalo-milejsi-predpisi-za-nosenje-zascitnih-mask-kot-zascito-pred-novim-koronavirusom\/\",\"url\":\"https:\/\/hudo.com\/si\/aktualno\/v-avstriji-od-danes-veljalo-milejsi-predpisi-za-nosenje-zascitnih-mask-kot-zascito-pred-novim-koronavirusom\/\",\"name\":\"V Avstriji od danes veljalo milej\u0161i predpisi za no\u0161enje za\u0161\u010ditnih mask kot za\u0161\u010dito pred novim koronavirusom - Hudo Slovenija\",\"isPartOf\":{\"@id\":\"https:\/\/hudo.com\/si\/#website\"},\"datePublished\":\"2020-06-15T12:44:52+00:00\",\"dateModified\":\"2020-06-15T12:44:52+00:00\",\"breadcrumb\":{\"@id\":\"https:\/\/hudo.com\/si\/aktualno\/v-avstriji-od-danes-veljalo-milejsi-predpisi-za-nosenje-zascitnih-mask-kot-zascito-pred-novim-koronavirusom\/#breadcrumb\"},\"inLanguage\":\"sl-SI\",\"potentialAction\":[{\"@type\":\"ReadAction\",\"target\":[\"https:\/\/hudo.com\/si\/aktualno\/v-avstriji-od-danes-veljalo-milejsi-predpisi-za-nosenje-zascitnih-mask-kot-zascito-pred-novim-koronavirusom\/\"]}]},{\"@type\":\"BreadcrumbList\",\"@id\":\"https:\/\/hudo.com\/si\/aktualno\/v-avstriji-od-danes-veljalo-milejsi-predpisi-za-nosenje-zascitnih-mask-kot-zascito-pred-novim-koronavirusom\/#breadcrumb\",\"itemListElement\":[{\"@type\":\"ListItem\",\"position\":1,\"name\":\"Home\",\"item\":\"https:\/\/hudo.com\/si\/\"},{\"@type\":\"ListItem\",\"position\":2,\"name\":\"V Avstriji od danes veljalo milej\u0161i predpisi za no\u0161enje za\u0161\u010ditnih mask kot za\u0161\u010dito pred novim koronavirusom\"}]},{\"@type\":\"WebSite\",\"@id\":\"https:\/\/hudo.com\/si\/#website\",\"url\":\"https:\/\/hudo.com\/si\/\",\"name\":\"Hudo Slovenija\",\"description\":\"Vse novice iz Slovenije in sveta\",\"publisher\":{\"@id\":\"https:\/\/hudo.com\/si\/#organization\"},\"potentialAction\":[{\"@type\":\"SearchAction\",\"target\":{\"@type\":\"EntryPoint\",\"urlTemplate\":\"https:\/\/hudo.com\/si\/?s={search_term_string}\"},\"query-input\":\"required name=search_term_string\"}],\"inLanguage\":\"sl-SI\"},{\"@type\":\"Organization\",\"@id\":\"https:\/\/hudo.com\/si\/#organization\",\"name\":\"VSN Media\",\"url\":\"https:\/\/hudo.com\/si\/\",\"logo\":{\"@type\":\"ImageObject\",\"inLanguage\":\"sl-SI\",\"@id\":\"https:\/\/hudo.com\/si\/#\/schema\/logo\/image\/\",\"url\":\"https:\/\/hudo.com\/si\/wp-content\/uploads\/sites\/2\/2021\/03\/hudo-app-2.png\",\"contentUrl\":\"https:\/\/hudo.com\/si\/wp-content\/uploads\/sites\/2\/2021\/03\/hudo-app-2.png\",\"width\":2185,\"height\":2167,\"caption\":\"VSN Media\"},\"image\":{\"@id\":\"https:\/\/hudo.com\/si\/#\/schema\/logo\/image\/\"},\"sameAs\":[\"https:\/\/www.facebook.com\/hudo.si\",\"https:\/\/twitter.com\/hudo_si\"]},{\"@type\":\"Person\",\"@id\":\"https:\/\/hudo.com\/si\/#\/schema\/person\/c2f10ce65d2e6ede2aeda5be2a0611fa\",\"name\":\"M. N., STA\",\"image\":{\"@type\":\"ImageObject\",\"inLanguage\":\"sl-SI\",\"@id\":\"https:\/\/hudo.com\/si\/#\/schema\/person\/image\/\",\"url\":\"https:\/\/secure.gravatar.com\/avatar\/f370d38daa10467f755c5c766a4cac20?s=96&d=mm&r=g\",\"contentUrl\":\"https:\/\/secure.gravatar.com\/avatar\/f370d38daa10467f755c5c766a4cac20?s=96&d=mm&r=g\",\"caption\":\"M. N., STA\"},\"url\":\"https:\/\/hudo.com\/si\/author\/mana\/\"}]}<\/script>\n<!-- \/ Yoast SEO plugin. -->","yoast_head_json":{"title":"V Avstriji od danes veljalo milej\u0161i predpisi za no\u0161enje za\u0161\u010ditnih mask kot za\u0161\u010dito pred novim koronavirusom - Hudo Slovenija","robots":{"index":"index","follow":"follow","max-snippet":"max-snippet:-1","max-image-preview":"max-image-preview:large","max-video-preview":"max-video-preview:-1"},"canonical":"https:\/\/hudo.com\/si\/aktualno\/v-avstriji-od-danes-veljalo-milejsi-predpisi-za-nosenje-zascitnih-mask-kot-zascito-pred-novim-koronavirusom\/","og_locale":"sl_SI","og_type":"article","og_title":"V Avstriji od danes veljalo milej\u0161i predpisi za no\u0161enje za\u0161\u010ditnih mask kot za\u0161\u010dito pred novim koronavirusom - Hudo Slovenija","og_description":"No\u0161enje za\u0161\u010ditnih mask v Avstriji je poslej obvezno v javnem potni\u0161kem prometu, zdravstvenih ustanovah in lekarnah ter pri tistih dejavnostih, kjer ni mogo\u010de zagotoviti priporo\u010dene varnostne razdalje enega metra, kot npr. frizerji.","og_url":"https:\/\/hudo.com\/si\/aktualno\/v-avstriji-od-danes-veljalo-milejsi-predpisi-za-nosenje-zascitnih-mask-kot-zascito-pred-novim-koronavirusom\/","og_site_name":"Hudo Slovenija","article_publisher":"https:\/\/www.facebook.com\/hudo.si","article_published_time":"2020-06-15T12:44:52+00:00","og_image":[{"width":1250,"height":834,"url":"https:\/\/hudo.com\/si\/wp-content\/uploads\/sites\/2\/2020\/06\/profimedia-0510255435.jpg","type":"image\/jpeg"}],"author":"M. N., STA","twitter_card":"summary_large_image","twitter_creator":"@hudo_si","twitter_site":"@hudo_si","twitter_misc":{"Written by":"M. N., STA","Est. reading time":"1 minuta"},"schema":{"@context":"https:\/\/schema.org","@graph":[{"@type":"Article","@id":"https:\/\/hudo.com\/si\/aktualno\/v-avstriji-od-danes-veljalo-milejsi-predpisi-za-nosenje-zascitnih-mask-kot-zascito-pred-novim-koronavirusom\/#article","isPartOf":{"@id":"https:\/\/hudo.com\/si\/aktualno\/v-avstriji-od-danes-veljalo-milejsi-predpisi-za-nosenje-zascitnih-mask-kot-zascito-pred-novim-koronavirusom\/"},"author":{"name":"M. N., STA","@id":"https:\/\/hudo.com\/si\/#\/schema\/person\/c2f10ce65d2e6ede2aeda5be2a0611fa"},"headline":"V Avstriji od danes veljalo milej\u0161i predpisi za no\u0161enje za\u0161\u010ditnih mask kot za\u0161\u010dito pred novim koronavirusom","datePublished":"2020-06-15T12:44:52+00:00","dateModified":"2020-06-15T12:44:52+00:00","mainEntityOfPage":{"@id":"https:\/\/hudo.com\/si\/aktualno\/v-avstriji-od-danes-veljalo-milejsi-predpisi-za-nosenje-zascitnih-mask-kot-zascito-pred-novim-koronavirusom\/"},"wordCount":262,"publisher":{"@id":"https:\/\/hudo.com\/si\/#organization"},"keywords":["Avstrija","koronavirus","za\u0161\u010ditne maske"],"articleSection":["Aktualno"],"inLanguage":"sl-SI"},{"@type":"WebPage","@id":"https:\/\/hudo.com\/si\/aktualno\/v-avstriji-od-danes-veljalo-milejsi-predpisi-za-nosenje-zascitnih-mask-kot-zascito-pred-novim-koronavirusom\/","url":"https:\/\/hudo.com\/si\/aktualno\/v-avstriji-od-danes-veljalo-milejsi-predpisi-za-nosenje-zascitnih-mask-kot-zascito-pred-novim-koronavirusom\/","name":"V Avstriji od danes veljalo milej\u0161i predpisi za no\u0161enje za\u0161\u010ditnih mask kot za\u0161\u010dito pred novim koronavirusom - Hudo Slovenija","isPartOf":{"@id":"https:\/\/hudo.com\/si\/#website"},"datePublished":"2020-06-15T12:44:52+00:00","dateModified":"2020-06-15T12:44:52+00:00","breadcrumb":{"@id":"https:\/\/hudo.com\/si\/aktualno\/v-avstriji-od-danes-veljalo-milejsi-predpisi-za-nosenje-zascitnih-mask-kot-zascito-pred-novim-koronavirusom\/#breadcrumb"},"inLanguage":"sl-SI","potentialAction":[{"@type":"ReadAction","target":["https:\/\/hudo.com\/si\/aktualno\/v-avstriji-od-danes-veljalo-milejsi-predpisi-za-nosenje-zascitnih-mask-kot-zascito-pred-novim-koronavirusom\/"]}]},{"@type":"BreadcrumbList","@id":"https:\/\/hudo.com\/si\/aktualno\/v-avstriji-od-danes-veljalo-milejsi-predpisi-za-nosenje-zascitnih-mask-kot-zascito-pred-novim-koronavirusom\/#breadcrumb","itemListElement":[{"@type":"ListItem","position":1,"name":"Home","item":"https:\/\/hudo.com\/si\/"},{"@type":"ListItem","position":2,"name":"V Avstriji od danes veljalo milej\u0161i predpisi za no\u0161enje za\u0161\u010ditnih mask kot za\u0161\u010dito pred novim koronavirusom"}]},{"@type":"WebSite","@id":"https:\/\/hudo.com\/si\/#website","url":"https:\/\/hudo.com\/si\/","name":"Hudo Slovenija","description":"Vse novice iz Slovenije in sveta","publisher":{"@id":"https:\/\/hudo.com\/si\/#organization"},"potentialAction":[{"@type":"SearchAction","target":{"@type":"EntryPoint","urlTemplate":"https:\/\/hudo.com\/si\/?s={search_term_string}"},"query-input":"required name=search_term_string"}],"inLanguage":"sl-SI"},{"@type":"Organization","@id":"https:\/\/hudo.com\/si\/#organization","name":"VSN Media","url":"https:\/\/hudo.com\/si\/","logo":{"@type":"ImageObject","inLanguage":"sl-SI","@id":"https:\/\/hudo.com\/si\/#\/schema\/logo\/image\/","url":"https:\/\/hudo.com\/si\/wp-content\/uploads\/sites\/2\/2021\/03\/hudo-app-2.png","contentUrl":"https:\/\/hudo.com\/si\/wp-content\/uploads\/sites\/2\/2021\/03\/hudo-app-2.png","width":2185,"height":2167,"caption":"VSN Media"},"image":{"@id":"https:\/\/hudo.com\/si\/#\/schema\/logo\/image\/"},"sameAs":["https:\/\/www.facebook.com\/hudo.si","https:\/\/twitter.com\/hudo_si"]},{"@type":"Person","@id":"https:\/\/hudo.com\/si\/#\/schema\/person\/c2f10ce65d2e6ede2aeda5be2a0611fa","name":"M. N., STA","image":{"@type":"ImageObject","inLanguage":"sl-SI","@id":"https:\/\/hudo.com\/si\/#\/schema\/person\/image\/","url":"https:\/\/secure.gravatar.com\/avatar\/f370d38daa10467f755c5c766a4cac20?s=96&d=mm&r=g","contentUrl":"https:\/\/secure.gravatar.com\/avatar\/f370d38daa10467f755c5c766a4cac20?s=96&d=mm&r=g","caption":"M. N., STA"},"url":"https:\/\/hudo.com\/si\/author\/mana\/"}]}},"amp_enabled":true,"_links":{"self":[{"href":"https:\/\/hudo.com\/si\/wp-json\/wp\/v2\/posts\/425388"}],"collection":[{"href":"https:\/\/hudo.com\/si\/wp-json\/wp\/v2\/posts"}],"about":[{"href":"https:\/\/hudo.com\/si\/wp-json\/wp\/v2\/types\/post"}],"author":[{"embeddable":true,"href":"https:\/\/hudo.com\/si\/wp-json\/wp\/v2\/users\/8"}],"replies":[{"embeddable":true,"href":"https:\/\/hudo.com\/si\/wp-json\/wp\/v2\/comments?post=425388"}],"version-history":[{"count":1,"href":"https:\/\/hudo.com\/si\/wp-json\/wp\/v2\/posts\/425388\/revisions"}],"predecessor-version":[{"id":425389,"href":"https:\/\/hudo.com\/si\/wp-json\/wp\/v2\/posts\/425388\/revisions\/425389"}],"wp:featuredmedia":[{"embeddable":true,"href":"https:\/\/hudo.com\/si\/wp-json\/wp\/v2\/media\/425082"}],"wp:attachment":[{"href":"https:\/\/hudo.com\/si\/wp-json\/wp\/v2\/media?parent=425388"}],"wp:term":[{"taxonomy":"category","embeddable":true,"href":"https:\/\/hudo.com\/si\/wp-json\/wp\/v2\/categories?post=425388"},{"taxonomy":"post_tag","embeddable":true,"href":"https:\/\/hudo.com\/si\/wp-json\/wp\/v2\/tags?post=425388"},{"taxonomy":"source","embeddable":true,"href":"https:\/\/hudo.com\/si\/wp-json\/wp\/v2\/source?post=425388"},{"taxonomy":"supertag","embeddable":true,"href":"https:\/\/hudo.com\/si\/wp-json\/wp\/v2\/supertag?post=425388"}],"curies":[{"name":"wp","href":"https:\/\/api.w.org\/{rel}","templated":true}]}}