{"id":425419,"date":"2020-06-16T09:12:54","date_gmt":"2020-06-16T07:12:54","guid":{"rendered":"http:\/\/hudo.com\/si\/?p=425419"},"modified":"2020-06-16T09:12:54","modified_gmt":"2020-06-16T07:12:54","slug":"vreme-pretezno-oblacno-ponekod-bo-obcasno-rahlo-dezevalo-2","status":"publish","type":"post","link":"https:\/\/hudo.com\/si\/aktualno\/vreme-pretezno-oblacno-ponekod-bo-obcasno-rahlo-dezevalo-2\/","title":{"rendered":"Vreme: Prete\u017eno obla\u010dno, ponekod bo ob\u010dasno rahlo de\u017eevalo"},"content":{"rendered":"<p>V sredo dopoldne bo \u0161e obla\u010dno z nekaj de\u017eja, popoldne pa se bo obla\u010dnost od zahoda trgala. Nastala bo \u0161e kak\u0161na krajevna ploha. Jutranje temperature bodo od 10 do 16, najvi\u0161je dnevne od 17 do 22, na Gori\u0161kem in ob morju okoli 25 stopinj Celzija.<\/p>\n<p>Obeti: V \u010detrtek in petek bo delno jasno s spremenljivo obla\u010dnostjo. Predvsem sredi dneva in popoldne bodo krajevne plohe in nevihte.<\/p>\n<p>Vremenska\u00a0slika: Nad Panonsko ni\u017eino in Balkanom je plitvo ciklonsko obmo\u010dje. Na njegovem obrobju doteka k nam s \u0161ibkimi severnimi do severovzhodnimi vetrovi vla\u017een zrak.<\/p>\n<p>Napoved za sosednje pokrajine: Danes bo prete\u017eno obla\u010dno in pove\u010dini brez padavin. V sredo bo sprva obla\u010dno, ponekod bo ob\u010dasno de\u017eevalo. Popoldne se bo od zahoda delno zjasnilo, na obmo\u010dju Alp bo nastala kak\u0161na ploha ali nevihte.<\/p>\n<p>Biovreme: V torek in sredo bo vpliv\u00a0vremena\u00a0na po\u010dutje in razpolo\u017eenje ljudi zmerno obremenilen, ob\u010dutljivi ljudje bodo imeli manj\u0161e\u00a0vremensko\u00a0pogojene te\u017eave.<\/p>\n","protected":false},"excerpt":{"rendered":"<p>Danes bo prete\u017eno obla\u010dno, ob\u010dasno bo ponekod lahko rahlo de\u017eevalo. Na \u0160tajerskem in v Pomurju bo \u010dez dan pihal veter severnih smeri. Najvi\u0161je dnevne temperature bodo od 18 do 23, na Primorskem do 25 stopinj Celzija, je zapisano na spletnih straneh Agencije RS za okolje.<\/p>\n","protected":false},"author":5,"featured_media":397595,"comment_status":"closed","ping_status":"closed","sticky":false,"template":"","format":"standard","meta":{"footnotes":""},"categories":[1179],"tags":[1595,2149],"source":[4511],"supertag":[5675,12922],"acf":[],"yoast_head":"<!-- This site is optimized with the Yoast SEO plugin v21.3 - https:\/\/yoast.com\/wordpress\/plugins\/seo\/ -->\n<title>Vreme: Prete\u017eno obla\u010dno, ponekod bo ob\u010dasno rahlo de\u017eevalo - Hudo Slovenija<\/title>\n<meta name=\"robots\" content=\"index, follow, max-snippet:-1, max-image-preview:large, max-video-preview:-1\" \/>\n<link rel=\"canonical\" href=\"https:\/\/hudo.com\/si\/aktualno\/vreme-pretezno-oblacno-ponekod-bo-obcasno-rahlo-dezevalo-2\/\" \/>\n<meta property=\"og:locale\" content=\"sl_SI\" \/>\n<meta property=\"og:type\" content=\"article\" \/>\n<meta property=\"og:title\" content=\"Vreme: Prete\u017eno obla\u010dno, ponekod bo ob\u010dasno rahlo de\u017eevalo - Hudo Slovenija\" \/>\n<meta property=\"og:description\" content=\"Danes bo prete\u017eno obla\u010dno, ob\u010dasno bo ponekod lahko rahlo de\u017eevalo. Na \u0160tajerskem in v Pomurju bo \u010dez dan pihal veter severnih smeri. Najvi\u0161je dnevne temperature bodo od 18 do 23, na Primorskem do 25 stopinj Celzija, je zapisano na spletnih straneh Agencije RS za okolje.\" \/>\n<meta property=\"og:url\" content=\"https:\/\/hudo.com\/si\/aktualno\/vreme-pretezno-oblacno-ponekod-bo-obcasno-rahlo-dezevalo-2\/\" \/>\n<meta property=\"og:site_name\" content=\"Hudo Slovenija\" \/>\n<meta property=\"article:publisher\" content=\"https:\/\/www.facebook.com\/hudo.si\" \/>\n<meta property=\"article:published_time\" content=\"2020-06-16T07:12:54+00:00\" \/>\n<meta property=\"og:image\" content=\"https:\/\/hudo.com\/si\/wp-content\/uploads\/sites\/2\/2019\/04\/profimedia-0008887166.jpg\" \/>\n\t<meta property=\"og:image:width\" content=\"1250\" \/>\n\t<meta property=\"og:image:height\" content=\"833\" \/>\n\t<meta property=\"og:image:type\" content=\"image\/jpeg\" \/>\n<meta name=\"author\" content=\"A. G., STA\" \/>\n<meta name=\"twitter:card\" content=\"summary_large_image\" \/>\n<meta name=\"twitter:creator\" content=\"@hudo_si\" \/>\n<meta name=\"twitter:site\" content=\"@hudo_si\" \/>\n<meta name=\"twitter:label1\" content=\"Written by\" \/>\n\t<meta name=\"twitter:data1\" content=\"A. G., STA\" \/>\n\t<meta name=\"twitter:label2\" content=\"Est. reading time\" \/>\n\t<meta name=\"twitter:data2\" content=\"1 minuta\" \/>\n<script type=\"application\/ld+json\" class=\"yoast-schema-graph\">{\"@context\":\"https:\/\/schema.org\",\"@graph\":[{\"@type\":\"Article\",\"@id\":\"https:\/\/hudo.com\/si\/aktualno\/vreme-pretezno-oblacno-ponekod-bo-obcasno-rahlo-dezevalo-2\/#article\",\"isPartOf\":{\"@id\":\"https:\/\/hudo.com\/si\/aktualno\/vreme-pretezno-oblacno-ponekod-bo-obcasno-rahlo-dezevalo-2\/\"},\"author\":{\"name\":\"A. G., STA\",\"@id\":\"https:\/\/hudo.com\/si\/#\/schema\/person\/2391667a63ea075ba94f2f2dc6b77537\"},\"headline\":\"Vreme: Prete\u017eno obla\u010dno, ponekod bo ob\u010dasno rahlo de\u017eevalo\",\"datePublished\":\"2020-06-16T07:12:54+00:00\",\"dateModified\":\"2020-06-16T07:12:54+00:00\",\"mainEntityOfPage\":{\"@id\":\"https:\/\/hudo.com\/si\/aktualno\/vreme-pretezno-oblacno-ponekod-bo-obcasno-rahlo-dezevalo-2\/\"},\"wordCount\":181,\"publisher\":{\"@id\":\"https:\/\/hudo.com\/si\/#organization\"},\"keywords\":[\"Slovenija\",\"vreme\"],\"articleSection\":[\"Aktualno\"],\"inLanguage\":\"sl-SI\"},{\"@type\":\"WebPage\",\"@id\":\"https:\/\/hudo.com\/si\/aktualno\/vreme-pretezno-oblacno-ponekod-bo-obcasno-rahlo-dezevalo-2\/\",\"url\":\"https:\/\/hudo.com\/si\/aktualno\/vreme-pretezno-oblacno-ponekod-bo-obcasno-rahlo-dezevalo-2\/\",\"name\":\"Vreme: Prete\u017eno obla\u010dno, ponekod bo ob\u010dasno rahlo de\u017eevalo - Hudo Slovenija\",\"isPartOf\":{\"@id\":\"https:\/\/hudo.com\/si\/#website\"},\"datePublished\":\"2020-06-16T07:12:54+00:00\",\"dateModified\":\"2020-06-16T07:12:54+00:00\",\"breadcrumb\":{\"@id\":\"https:\/\/hudo.com\/si\/aktualno\/vreme-pretezno-oblacno-ponekod-bo-obcasno-rahlo-dezevalo-2\/#breadcrumb\"},\"inLanguage\":\"sl-SI\",\"potentialAction\":[{\"@type\":\"ReadAction\",\"target\":[\"https:\/\/hudo.com\/si\/aktualno\/vreme-pretezno-oblacno-ponekod-bo-obcasno-rahlo-dezevalo-2\/\"]}]},{\"@type\":\"BreadcrumbList\",\"@id\":\"https:\/\/hudo.com\/si\/aktualno\/vreme-pretezno-oblacno-ponekod-bo-obcasno-rahlo-dezevalo-2\/#breadcrumb\",\"itemListElement\":[{\"@type\":\"ListItem\",\"position\":1,\"name\":\"Home\",\"item\":\"https:\/\/hudo.com\/si\/\"},{\"@type\":\"ListItem\",\"position\":2,\"name\":\"Vreme: Prete\u017eno obla\u010dno, ponekod bo ob\u010dasno rahlo de\u017eevalo\"}]},{\"@type\":\"WebSite\",\"@id\":\"https:\/\/hudo.com\/si\/#website\",\"url\":\"https:\/\/hudo.com\/si\/\",\"name\":\"Hudo Slovenija\",\"description\":\"Vse novice iz Slovenije in sveta\",\"publisher\":{\"@id\":\"https:\/\/hudo.com\/si\/#organization\"},\"potentialAction\":[{\"@type\":\"SearchAction\",\"target\":{\"@type\":\"EntryPoint\",\"urlTemplate\":\"https:\/\/hudo.com\/si\/?s={search_term_string}\"},\"query-input\":\"required name=search_term_string\"}],\"inLanguage\":\"sl-SI\"},{\"@type\":\"Organization\",\"@id\":\"https:\/\/hudo.com\/si\/#organization\",\"name\":\"VSN Media\",\"url\":\"https:\/\/hudo.com\/si\/\",\"logo\":{\"@type\":\"ImageObject\",\"inLanguage\":\"sl-SI\",\"@id\":\"https:\/\/hudo.com\/si\/#\/schema\/logo\/image\/\",\"url\":\"https:\/\/hudo.com\/si\/wp-content\/uploads\/sites\/2\/2021\/03\/hudo-app-2.png\",\"contentUrl\":\"https:\/\/hudo.com\/si\/wp-content\/uploads\/sites\/2\/2021\/03\/hudo-app-2.png\",\"width\":2185,\"height\":2167,\"caption\":\"VSN Media\"},\"image\":{\"@id\":\"https:\/\/hudo.com\/si\/#\/schema\/logo\/image\/\"},\"sameAs\":[\"https:\/\/www.facebook.com\/hudo.si\",\"https:\/\/twitter.com\/hudo_si\"]},{\"@type\":\"Person\",\"@id\":\"https:\/\/hudo.com\/si\/#\/schema\/person\/2391667a63ea075ba94f2f2dc6b77537\",\"name\":\"A. G., STA\",\"image\":{\"@type\":\"ImageObject\",\"inLanguage\":\"sl-SI\",\"@id\":\"https:\/\/hudo.com\/si\/#\/schema\/person\/image\/\",\"url\":\"https:\/\/secure.gravatar.com\/avatar\/e13d22ac3e442658d5025fbbe6238a79?s=96&d=mm&r=g\",\"contentUrl\":\"https:\/\/secure.gravatar.com\/avatar\/e13d22ac3e442658d5025fbbe6238a79?s=96&d=mm&r=g\",\"caption\":\"A. G., STA\"},\"url\":\"https:\/\/hudo.com\/si\/author\/alenka\/\"}]}<\/script>\n<!-- \/ Yoast SEO plugin. -->","yoast_head_json":{"title":"Vreme: Prete\u017eno obla\u010dno, ponekod bo ob\u010dasno rahlo de\u017eevalo - Hudo Slovenija","robots":{"index":"index","follow":"follow","max-snippet":"max-snippet:-1","max-image-preview":"max-image-preview:large","max-video-preview":"max-video-preview:-1"},"canonical":"https:\/\/hudo.com\/si\/aktualno\/vreme-pretezno-oblacno-ponekod-bo-obcasno-rahlo-dezevalo-2\/","og_locale":"sl_SI","og_type":"article","og_title":"Vreme: Prete\u017eno obla\u010dno, ponekod bo ob\u010dasno rahlo de\u017eevalo - Hudo Slovenija","og_description":"Danes bo prete\u017eno obla\u010dno, ob\u010dasno bo ponekod lahko rahlo de\u017eevalo. Na \u0160tajerskem in v Pomurju bo \u010dez dan pihal veter severnih smeri. Najvi\u0161je dnevne temperature bodo od 18 do 23, na Primorskem do 25 stopinj Celzija, je zapisano na spletnih straneh Agencije RS za okolje.","og_url":"https:\/\/hudo.com\/si\/aktualno\/vreme-pretezno-oblacno-ponekod-bo-obcasno-rahlo-dezevalo-2\/","og_site_name":"Hudo Slovenija","article_publisher":"https:\/\/www.facebook.com\/hudo.si","article_published_time":"2020-06-16T07:12:54+00:00","og_image":[{"width":1250,"height":833,"url":"https:\/\/hudo.com\/si\/wp-content\/uploads\/sites\/2\/2019\/04\/profimedia-0008887166.jpg","type":"image\/jpeg"}],"author":"A. G., STA","twitter_card":"summary_large_image","twitter_creator":"@hudo_si","twitter_site":"@hudo_si","twitter_misc":{"Written by":"A. G., STA","Est. reading time":"1 minuta"},"schema":{"@context":"https:\/\/schema.org","@graph":[{"@type":"Article","@id":"https:\/\/hudo.com\/si\/aktualno\/vreme-pretezno-oblacno-ponekod-bo-obcasno-rahlo-dezevalo-2\/#article","isPartOf":{"@id":"https:\/\/hudo.com\/si\/aktualno\/vreme-pretezno-oblacno-ponekod-bo-obcasno-rahlo-dezevalo-2\/"},"author":{"name":"A. G., STA","@id":"https:\/\/hudo.com\/si\/#\/schema\/person\/2391667a63ea075ba94f2f2dc6b77537"},"headline":"Vreme: Prete\u017eno obla\u010dno, ponekod bo ob\u010dasno rahlo de\u017eevalo","datePublished":"2020-06-16T07:12:54+00:00","dateModified":"2020-06-16T07:12:54+00:00","mainEntityOfPage":{"@id":"https:\/\/hudo.com\/si\/aktualno\/vreme-pretezno-oblacno-ponekod-bo-obcasno-rahlo-dezevalo-2\/"},"wordCount":181,"publisher":{"@id":"https:\/\/hudo.com\/si\/#organization"},"keywords":["Slovenija","vreme"],"articleSection":["Aktualno"],"inLanguage":"sl-SI"},{"@type":"WebPage","@id":"https:\/\/hudo.com\/si\/aktualno\/vreme-pretezno-oblacno-ponekod-bo-obcasno-rahlo-dezevalo-2\/","url":"https:\/\/hudo.com\/si\/aktualno\/vreme-pretezno-oblacno-ponekod-bo-obcasno-rahlo-dezevalo-2\/","name":"Vreme: Prete\u017eno obla\u010dno, ponekod bo ob\u010dasno rahlo de\u017eevalo - Hudo Slovenija","isPartOf":{"@id":"https:\/\/hudo.com\/si\/#website"},"datePublished":"2020-06-16T07:12:54+00:00","dateModified":"2020-06-16T07:12:54+00:00","breadcrumb":{"@id":"https:\/\/hudo.com\/si\/aktualno\/vreme-pretezno-oblacno-ponekod-bo-obcasno-rahlo-dezevalo-2\/#breadcrumb"},"inLanguage":"sl-SI","potentialAction":[{"@type":"ReadAction","target":["https:\/\/hudo.com\/si\/aktualno\/vreme-pretezno-oblacno-ponekod-bo-obcasno-rahlo-dezevalo-2\/"]}]},{"@type":"BreadcrumbList","@id":"https:\/\/hudo.com\/si\/aktualno\/vreme-pretezno-oblacno-ponekod-bo-obcasno-rahlo-dezevalo-2\/#breadcrumb","itemListElement":[{"@type":"ListItem","position":1,"name":"Home","item":"https:\/\/hudo.com\/si\/"},{"@type":"ListItem","position":2,"name":"Vreme: Prete\u017eno obla\u010dno, ponekod bo ob\u010dasno rahlo de\u017eevalo"}]},{"@type":"WebSite","@id":"https:\/\/hudo.com\/si\/#website","url":"https:\/\/hudo.com\/si\/","name":"Hudo Slovenija","description":"Vse novice iz Slovenije in sveta","publisher":{"@id":"https:\/\/hudo.com\/si\/#organization"},"potentialAction":[{"@type":"SearchAction","target":{"@type":"EntryPoint","urlTemplate":"https:\/\/hudo.com\/si\/?s={search_term_string}"},"query-input":"required name=search_term_string"}],"inLanguage":"sl-SI"},{"@type":"Organization","@id":"https:\/\/hudo.com\/si\/#organization","name":"VSN Media","url":"https:\/\/hudo.com\/si\/","logo":{"@type":"ImageObject","inLanguage":"sl-SI","@id":"https:\/\/hudo.com\/si\/#\/schema\/logo\/image\/","url":"https:\/\/hudo.com\/si\/wp-content\/uploads\/sites\/2\/2021\/03\/hudo-app-2.png","contentUrl":"https:\/\/hudo.com\/si\/wp-content\/uploads\/sites\/2\/2021\/03\/hudo-app-2.png","width":2185,"height":2167,"caption":"VSN Media"},"image":{"@id":"https:\/\/hudo.com\/si\/#\/schema\/logo\/image\/"},"sameAs":["https:\/\/www.facebook.com\/hudo.si","https:\/\/twitter.com\/hudo_si"]},{"@type":"Person","@id":"https:\/\/hudo.com\/si\/#\/schema\/person\/2391667a63ea075ba94f2f2dc6b77537","name":"A. G., STA","image":{"@type":"ImageObject","inLanguage":"sl-SI","@id":"https:\/\/hudo.com\/si\/#\/schema\/person\/image\/","url":"https:\/\/secure.gravatar.com\/avatar\/e13d22ac3e442658d5025fbbe6238a79?s=96&d=mm&r=g","contentUrl":"https:\/\/secure.gravatar.com\/avatar\/e13d22ac3e442658d5025fbbe6238a79?s=96&d=mm&r=g","caption":"A. G., STA"},"url":"https:\/\/hudo.com\/si\/author\/alenka\/"}]}},"amp_enabled":true,"_links":{"self":[{"href":"https:\/\/hudo.com\/si\/wp-json\/wp\/v2\/posts\/425419"}],"collection":[{"href":"https:\/\/hudo.com\/si\/wp-json\/wp\/v2\/posts"}],"about":[{"href":"https:\/\/hudo.com\/si\/wp-json\/wp\/v2\/types\/post"}],"author":[{"embeddable":true,"href":"https:\/\/hudo.com\/si\/wp-json\/wp\/v2\/users\/5"}],"replies":[{"embeddable":true,"href":"https:\/\/hudo.com\/si\/wp-json\/wp\/v2\/comments?post=425419"}],"version-history":[{"count":1,"href":"https:\/\/hudo.com\/si\/wp-json\/wp\/v2\/posts\/425419\/revisions"}],"predecessor-version":[{"id":425420,"href":"https:\/\/hudo.com\/si\/wp-json\/wp\/v2\/posts\/425419\/revisions\/425420"}],"wp:featuredmedia":[{"embeddable":true,"href":"https:\/\/hudo.com\/si\/wp-json\/wp\/v2\/media\/397595"}],"wp:attachment":[{"href":"https:\/\/hudo.com\/si\/wp-json\/wp\/v2\/media?parent=425419"}],"wp:term":[{"taxonomy":"category","embeddable":true,"href":"https:\/\/hudo.com\/si\/wp-json\/wp\/v2\/categories?post=425419"},{"taxonomy":"post_tag","embeddable":true,"href":"https:\/\/hudo.com\/si\/wp-json\/wp\/v2\/tags?post=425419"},{"taxonomy":"source","embeddable":true,"href":"https:\/\/hudo.com\/si\/wp-json\/wp\/v2\/source?post=425419"},{"taxonomy":"supertag","embeddable":true,"href":"https:\/\/hudo.com\/si\/wp-json\/wp\/v2\/supertag?post=425419"}],"curies":[{"name":"wp","href":"https:\/\/api.w.org\/{rel}","templated":true}]}}