{"id":425440,"date":"2020-06-16T12:07:14","date_gmt":"2020-06-16T10:07:14","guid":{"rendered":"http:\/\/hudo.com\/si\/?p=425440"},"modified":"2020-06-16T12:07:14","modified_gmt":"2020-06-16T10:07:14","slug":"na-brnisko-letalisce-sta-se-vrnila-tudi-lufthansa-wizzair","status":"publish","type":"post","link":"https:\/\/hudo.com\/si\/aktualno\/na-brnisko-letalisce-sta-se-vrnila-tudi-lufthansa-wizzair\/","title":{"rendered":"Na brni\u0161ko letali\u0161\u010de sta se vrnila tudi Lufthansa in Wizzair"},"content":{"rendered":"<p>Letalo iz Charleloija je tako na Letali\u0161\u010du Jo\u017eeta Pu\u010dnika pristalo pred nekaj minutami, Lufthansa pa je v Frankfurt spet za\u010dela leteti v ponedeljek.<\/p>\n<p>V juniju bodo leti v nem\u0161ko finan\u010dno prestolnico in na eno najve\u010djih evropskih letali\u0161\u010d enkrat dnevno, razen ob sobotah. Julija po pisanju portala Sierra 5 sledi postopno pove\u010danje \u0161tevila frekvenc, tudi z zelo za\u017eelenim jutranjim odhodom in ve\u010dernim prihodom.<\/p>\n<p>Lufthansa medtem \u0161e ni najavila to\u010dnega datuma, kdaj bo obnovila lete med Ljubljano in M\u00fcnchnom. V Nem\u010dijo je pred koronsko krizo letel tudi britanski nizkocenovni prevoznik Easyjet. Ta po pisanju omenjenega portala predvideva, da bo med slovensko in nem\u0161ko prestolnico spet za\u010del leteti 26. julija, enkrat tedensko ob nedeljah.<\/p>\n<p>Wizzair bo medtem lete v Bruselj prvi mesec izvajal dvakrat tedensko, ob torkih in sobotah, predvidoma v drugi polovici julija pa naj bi dodal \u0161e tretji tedenski let ob \u010detrtkih.<\/p>\n<p>Wizzair je iz Ljubljane v preteklosti letel tudi na londonsko letali\u0161\u010de Luton, a je lani jeseni povezavo ukinil. Z majem naslednje leto jo bo po napovedih obnovil Easyjet.<\/p>\n<p>Mad\u017earski prevoznik je lani najprej \u017eelel za zimsko sezono ukiniti tudi lete z Brnika v Bruselj, a se je nato premislil.<\/p>\n<p>Redni letalski potni\u0161ki promet je na brni\u0161kem letali\u0161\u010du po dveh mesecih in pol sicer stekel konec maja s prihodom prvega letala Air Serbia iz Beograda. Prej\u0161nji teden je nato sledil \u0161e Montenegro Airlines.<\/p>\n<p>V nadaljevanju na ljubljanskem letali\u0161\u010du pri\u010dakujejo \u0161e francoskega prevoznika Air France, ki bo povezavo obnovil prihodnji teden, poljskega prevoznika Lot, do konca junija pa \u0161e Swiss Air, Brussels Airlines, Transavio in British Airways ter nato po 1. juliju, ko naj bi promet stekel bolj smelo, \u0161e druge. Napovedani so \u017ee tudi prvi \u010darterski leti.<\/p>\n<p>Sta se pa povezavi z Ljubljano v leto\u0161nji poletni sezoni odpovedala Iberia in Finnair.<\/p>\n","protected":false},"excerpt":{"rendered":"<p>Na ljubljansko letali\u0161\u010de sta se po prekinitvi potni\u0161kega prometa zaradi pandemije covida-19 vrnila tudi nem\u0161ki letalski prevoznik Lufthansa in mad\u017earski nizkocenovni prevoznik Wizzair. Zadnji je v Bruselj oz. na letali\u0161\u010de Charleloi za\u010del spet leteti danes, Lufthansa je let v Frankfurt obnovila \u017ee v ponedeljek.<\/p>\n","protected":false},"author":8,"featured_media":355716,"comment_status":"closed","ping_status":"closed","sticky":false,"template":"","format":"standard","meta":{"footnotes":""},"categories":[1179],"tags":[3796,3797,1770,7082,1595,12330],"source":[4511],"supertag":[5675],"acf":[],"yoast_head":"<!-- This site is optimized with the Yoast SEO plugin v21.3 - https:\/\/yoast.com\/wordpress\/plugins\/seo\/ -->\n<title>Na brni\u0161ko letali\u0161\u010de sta se vrnila tudi Lufthansa in Wizzair - Hudo Slovenija<\/title>\n<meta name=\"robots\" content=\"index, follow, max-snippet:-1, max-image-preview:large, max-video-preview:-1\" \/>\n<link rel=\"canonical\" href=\"https:\/\/hudo.com\/si\/aktualno\/na-brnisko-letalisce-sta-se-vrnila-tudi-lufthansa-wizzair\/\" \/>\n<meta property=\"og:locale\" content=\"sl_SI\" \/>\n<meta property=\"og:type\" content=\"article\" \/>\n<meta property=\"og:title\" content=\"Na brni\u0161ko letali\u0161\u010de sta se vrnila tudi Lufthansa in Wizzair - Hudo Slovenija\" \/>\n<meta property=\"og:description\" content=\"Na ljubljansko letali\u0161\u010de sta se po prekinitvi potni\u0161kega prometa zaradi pandemije covida-19 vrnila tudi nem\u0161ki letalski prevoznik Lufthansa in mad\u017earski nizkocenovni prevoznik Wizzair. Zadnji je v Bruselj oz. na letali\u0161\u010de Charleloi za\u010del spet leteti danes, Lufthansa je let v Frankfurt obnovila \u017ee v ponedeljek.\" \/>\n<meta property=\"og:url\" content=\"https:\/\/hudo.com\/si\/aktualno\/na-brnisko-letalisce-sta-se-vrnila-tudi-lufthansa-wizzair\/\" \/>\n<meta property=\"og:site_name\" content=\"Hudo Slovenija\" \/>\n<meta property=\"article:publisher\" content=\"https:\/\/www.facebook.com\/hudo.si\" \/>\n<meta property=\"article:published_time\" content=\"2020-06-16T10:07:14+00:00\" \/>\n<meta property=\"og:image\" content=\"https:\/\/hudo.com\/si\/wp-content\/uploads\/sites\/2\/2018\/01\/profimedia-0006501318.jpg\" \/>\n\t<meta property=\"og:image:width\" content=\"1250\" \/>\n\t<meta property=\"og:image:height\" content=\"833\" \/>\n\t<meta property=\"og:image:type\" content=\"image\/jpeg\" \/>\n<meta name=\"author\" content=\"M. N., STA\" \/>\n<meta name=\"twitter:card\" content=\"summary_large_image\" \/>\n<meta name=\"twitter:creator\" content=\"@hudo_si\" \/>\n<meta name=\"twitter:site\" content=\"@hudo_si\" \/>\n<meta name=\"twitter:label1\" content=\"Written by\" \/>\n\t<meta name=\"twitter:data1\" content=\"M. N., STA\" \/>\n\t<meta name=\"twitter:label2\" content=\"Est. reading time\" \/>\n\t<meta name=\"twitter:data2\" content=\"2 minuti\" \/>\n<script type=\"application\/ld+json\" class=\"yoast-schema-graph\">{\"@context\":\"https:\/\/schema.org\",\"@graph\":[{\"@type\":\"Article\",\"@id\":\"https:\/\/hudo.com\/si\/aktualno\/na-brnisko-letalisce-sta-se-vrnila-tudi-lufthansa-wizzair\/#article\",\"isPartOf\":{\"@id\":\"https:\/\/hudo.com\/si\/aktualno\/na-brnisko-letalisce-sta-se-vrnila-tudi-lufthansa-wizzair\/\"},\"author\":{\"name\":\"M. N., STA\",\"@id\":\"https:\/\/hudo.com\/si\/#\/schema\/person\/c2f10ce65d2e6ede2aeda5be2a0611fa\"},\"headline\":\"Na brni\u0161ko letali\u0161\u010de sta se vrnila tudi Lufthansa in Wizzair\",\"datePublished\":\"2020-06-16T10:07:14+00:00\",\"dateModified\":\"2020-06-16T10:07:14+00:00\",\"mainEntityOfPage\":{\"@id\":\"https:\/\/hudo.com\/si\/aktualno\/na-brnisko-letalisce-sta-se-vrnila-tudi-lufthansa-wizzair\/\"},\"wordCount\":324,\"publisher\":{\"@id\":\"https:\/\/hudo.com\/si\/#organization\"},\"keywords\":[\"brnik\",\"letali\u0161\u010de jo\u017eeta pu\u010dnika\",\"letalski promet\",\"Lufthansa\",\"Slovenija\",\"wizz air\"],\"articleSection\":[\"Aktualno\"],\"inLanguage\":\"sl-SI\"},{\"@type\":\"WebPage\",\"@id\":\"https:\/\/hudo.com\/si\/aktualno\/na-brnisko-letalisce-sta-se-vrnila-tudi-lufthansa-wizzair\/\",\"url\":\"https:\/\/hudo.com\/si\/aktualno\/na-brnisko-letalisce-sta-se-vrnila-tudi-lufthansa-wizzair\/\",\"name\":\"Na brni\u0161ko letali\u0161\u010de sta se vrnila tudi Lufthansa in Wizzair - Hudo Slovenija\",\"isPartOf\":{\"@id\":\"https:\/\/hudo.com\/si\/#website\"},\"datePublished\":\"2020-06-16T10:07:14+00:00\",\"dateModified\":\"2020-06-16T10:07:14+00:00\",\"breadcrumb\":{\"@id\":\"https:\/\/hudo.com\/si\/aktualno\/na-brnisko-letalisce-sta-se-vrnila-tudi-lufthansa-wizzair\/#breadcrumb\"},\"inLanguage\":\"sl-SI\",\"potentialAction\":[{\"@type\":\"ReadAction\",\"target\":[\"https:\/\/hudo.com\/si\/aktualno\/na-brnisko-letalisce-sta-se-vrnila-tudi-lufthansa-wizzair\/\"]}]},{\"@type\":\"BreadcrumbList\",\"@id\":\"https:\/\/hudo.com\/si\/aktualno\/na-brnisko-letalisce-sta-se-vrnila-tudi-lufthansa-wizzair\/#breadcrumb\",\"itemListElement\":[{\"@type\":\"ListItem\",\"position\":1,\"name\":\"Home\",\"item\":\"https:\/\/hudo.com\/si\/\"},{\"@type\":\"ListItem\",\"position\":2,\"name\":\"Na brni\u0161ko letali\u0161\u010de sta se vrnila tudi Lufthansa in Wizzair\"}]},{\"@type\":\"WebSite\",\"@id\":\"https:\/\/hudo.com\/si\/#website\",\"url\":\"https:\/\/hudo.com\/si\/\",\"name\":\"Hudo Slovenija\",\"description\":\"Vse novice iz Slovenije in sveta\",\"publisher\":{\"@id\":\"https:\/\/hudo.com\/si\/#organization\"},\"potentialAction\":[{\"@type\":\"SearchAction\",\"target\":{\"@type\":\"EntryPoint\",\"urlTemplate\":\"https:\/\/hudo.com\/si\/?s={search_term_string}\"},\"query-input\":\"required name=search_term_string\"}],\"inLanguage\":\"sl-SI\"},{\"@type\":\"Organization\",\"@id\":\"https:\/\/hudo.com\/si\/#organization\",\"name\":\"VSN Media\",\"url\":\"https:\/\/hudo.com\/si\/\",\"logo\":{\"@type\":\"ImageObject\",\"inLanguage\":\"sl-SI\",\"@id\":\"https:\/\/hudo.com\/si\/#\/schema\/logo\/image\/\",\"url\":\"https:\/\/hudo.com\/si\/wp-content\/uploads\/sites\/2\/2021\/03\/hudo-app-2.png\",\"contentUrl\":\"https:\/\/hudo.com\/si\/wp-content\/uploads\/sites\/2\/2021\/03\/hudo-app-2.png\",\"width\":2185,\"height\":2167,\"caption\":\"VSN Media\"},\"image\":{\"@id\":\"https:\/\/hudo.com\/si\/#\/schema\/logo\/image\/\"},\"sameAs\":[\"https:\/\/www.facebook.com\/hudo.si\",\"https:\/\/twitter.com\/hudo_si\"]},{\"@type\":\"Person\",\"@id\":\"https:\/\/hudo.com\/si\/#\/schema\/person\/c2f10ce65d2e6ede2aeda5be2a0611fa\",\"name\":\"M. N., STA\",\"image\":{\"@type\":\"ImageObject\",\"inLanguage\":\"sl-SI\",\"@id\":\"https:\/\/hudo.com\/si\/#\/schema\/person\/image\/\",\"url\":\"https:\/\/secure.gravatar.com\/avatar\/f370d38daa10467f755c5c766a4cac20?s=96&d=mm&r=g\",\"contentUrl\":\"https:\/\/secure.gravatar.com\/avatar\/f370d38daa10467f755c5c766a4cac20?s=96&d=mm&r=g\",\"caption\":\"M. N., STA\"},\"url\":\"https:\/\/hudo.com\/si\/author\/mana\/\"}]}<\/script>\n<!-- \/ Yoast SEO plugin. -->","yoast_head_json":{"title":"Na brni\u0161ko letali\u0161\u010de sta se vrnila tudi Lufthansa in Wizzair - Hudo Slovenija","robots":{"index":"index","follow":"follow","max-snippet":"max-snippet:-1","max-image-preview":"max-image-preview:large","max-video-preview":"max-video-preview:-1"},"canonical":"https:\/\/hudo.com\/si\/aktualno\/na-brnisko-letalisce-sta-se-vrnila-tudi-lufthansa-wizzair\/","og_locale":"sl_SI","og_type":"article","og_title":"Na brni\u0161ko letali\u0161\u010de sta se vrnila tudi Lufthansa in Wizzair - Hudo Slovenija","og_description":"Na ljubljansko letali\u0161\u010de sta se po prekinitvi potni\u0161kega prometa zaradi pandemije covida-19 vrnila tudi nem\u0161ki letalski prevoznik Lufthansa in mad\u017earski nizkocenovni prevoznik Wizzair. Zadnji je v Bruselj oz. na letali\u0161\u010de Charleloi za\u010del spet leteti danes, Lufthansa je let v Frankfurt obnovila \u017ee v ponedeljek.","og_url":"https:\/\/hudo.com\/si\/aktualno\/na-brnisko-letalisce-sta-se-vrnila-tudi-lufthansa-wizzair\/","og_site_name":"Hudo Slovenija","article_publisher":"https:\/\/www.facebook.com\/hudo.si","article_published_time":"2020-06-16T10:07:14+00:00","og_image":[{"width":1250,"height":833,"url":"https:\/\/hudo.com\/si\/wp-content\/uploads\/sites\/2\/2018\/01\/profimedia-0006501318.jpg","type":"image\/jpeg"}],"author":"M. N., STA","twitter_card":"summary_large_image","twitter_creator":"@hudo_si","twitter_site":"@hudo_si","twitter_misc":{"Written by":"M. N., STA","Est. reading time":"2 minuti"},"schema":{"@context":"https:\/\/schema.org","@graph":[{"@type":"Article","@id":"https:\/\/hudo.com\/si\/aktualno\/na-brnisko-letalisce-sta-se-vrnila-tudi-lufthansa-wizzair\/#article","isPartOf":{"@id":"https:\/\/hudo.com\/si\/aktualno\/na-brnisko-letalisce-sta-se-vrnila-tudi-lufthansa-wizzair\/"},"author":{"name":"M. N., STA","@id":"https:\/\/hudo.com\/si\/#\/schema\/person\/c2f10ce65d2e6ede2aeda5be2a0611fa"},"headline":"Na brni\u0161ko letali\u0161\u010de sta se vrnila tudi Lufthansa in Wizzair","datePublished":"2020-06-16T10:07:14+00:00","dateModified":"2020-06-16T10:07:14+00:00","mainEntityOfPage":{"@id":"https:\/\/hudo.com\/si\/aktualno\/na-brnisko-letalisce-sta-se-vrnila-tudi-lufthansa-wizzair\/"},"wordCount":324,"publisher":{"@id":"https:\/\/hudo.com\/si\/#organization"},"keywords":["brnik","letali\u0161\u010de jo\u017eeta pu\u010dnika","letalski promet","Lufthansa","Slovenija","wizz air"],"articleSection":["Aktualno"],"inLanguage":"sl-SI"},{"@type":"WebPage","@id":"https:\/\/hudo.com\/si\/aktualno\/na-brnisko-letalisce-sta-se-vrnila-tudi-lufthansa-wizzair\/","url":"https:\/\/hudo.com\/si\/aktualno\/na-brnisko-letalisce-sta-se-vrnila-tudi-lufthansa-wizzair\/","name":"Na brni\u0161ko letali\u0161\u010de sta se vrnila tudi Lufthansa in Wizzair - Hudo Slovenija","isPartOf":{"@id":"https:\/\/hudo.com\/si\/#website"},"datePublished":"2020-06-16T10:07:14+00:00","dateModified":"2020-06-16T10:07:14+00:00","breadcrumb":{"@id":"https:\/\/hudo.com\/si\/aktualno\/na-brnisko-letalisce-sta-se-vrnila-tudi-lufthansa-wizzair\/#breadcrumb"},"inLanguage":"sl-SI","potentialAction":[{"@type":"ReadAction","target":["https:\/\/hudo.com\/si\/aktualno\/na-brnisko-letalisce-sta-se-vrnila-tudi-lufthansa-wizzair\/"]}]},{"@type":"BreadcrumbList","@id":"https:\/\/hudo.com\/si\/aktualno\/na-brnisko-letalisce-sta-se-vrnila-tudi-lufthansa-wizzair\/#breadcrumb","itemListElement":[{"@type":"ListItem","position":1,"name":"Home","item":"https:\/\/hudo.com\/si\/"},{"@type":"ListItem","position":2,"name":"Na brni\u0161ko letali\u0161\u010de sta se vrnila tudi Lufthansa in Wizzair"}]},{"@type":"WebSite","@id":"https:\/\/hudo.com\/si\/#website","url":"https:\/\/hudo.com\/si\/","name":"Hudo Slovenija","description":"Vse novice iz Slovenije in sveta","publisher":{"@id":"https:\/\/hudo.com\/si\/#organization"},"potentialAction":[{"@type":"SearchAction","target":{"@type":"EntryPoint","urlTemplate":"https:\/\/hudo.com\/si\/?s={search_term_string}"},"query-input":"required name=search_term_string"}],"inLanguage":"sl-SI"},{"@type":"Organization","@id":"https:\/\/hudo.com\/si\/#organization","name":"VSN Media","url":"https:\/\/hudo.com\/si\/","logo":{"@type":"ImageObject","inLanguage":"sl-SI","@id":"https:\/\/hudo.com\/si\/#\/schema\/logo\/image\/","url":"https:\/\/hudo.com\/si\/wp-content\/uploads\/sites\/2\/2021\/03\/hudo-app-2.png","contentUrl":"https:\/\/hudo.com\/si\/wp-content\/uploads\/sites\/2\/2021\/03\/hudo-app-2.png","width":2185,"height":2167,"caption":"VSN Media"},"image":{"@id":"https:\/\/hudo.com\/si\/#\/schema\/logo\/image\/"},"sameAs":["https:\/\/www.facebook.com\/hudo.si","https:\/\/twitter.com\/hudo_si"]},{"@type":"Person","@id":"https:\/\/hudo.com\/si\/#\/schema\/person\/c2f10ce65d2e6ede2aeda5be2a0611fa","name":"M. N., STA","image":{"@type":"ImageObject","inLanguage":"sl-SI","@id":"https:\/\/hudo.com\/si\/#\/schema\/person\/image\/","url":"https:\/\/secure.gravatar.com\/avatar\/f370d38daa10467f755c5c766a4cac20?s=96&d=mm&r=g","contentUrl":"https:\/\/secure.gravatar.com\/avatar\/f370d38daa10467f755c5c766a4cac20?s=96&d=mm&r=g","caption":"M. N., STA"},"url":"https:\/\/hudo.com\/si\/author\/mana\/"}]}},"amp_enabled":true,"_links":{"self":[{"href":"https:\/\/hudo.com\/si\/wp-json\/wp\/v2\/posts\/425440"}],"collection":[{"href":"https:\/\/hudo.com\/si\/wp-json\/wp\/v2\/posts"}],"about":[{"href":"https:\/\/hudo.com\/si\/wp-json\/wp\/v2\/types\/post"}],"author":[{"embeddable":true,"href":"https:\/\/hudo.com\/si\/wp-json\/wp\/v2\/users\/8"}],"replies":[{"embeddable":true,"href":"https:\/\/hudo.com\/si\/wp-json\/wp\/v2\/comments?post=425440"}],"version-history":[{"count":1,"href":"https:\/\/hudo.com\/si\/wp-json\/wp\/v2\/posts\/425440\/revisions"}],"predecessor-version":[{"id":425441,"href":"https:\/\/hudo.com\/si\/wp-json\/wp\/v2\/posts\/425440\/revisions\/425441"}],"wp:featuredmedia":[{"embeddable":true,"href":"https:\/\/hudo.com\/si\/wp-json\/wp\/v2\/media\/355716"}],"wp:attachment":[{"href":"https:\/\/hudo.com\/si\/wp-json\/wp\/v2\/media?parent=425440"}],"wp:term":[{"taxonomy":"category","embeddable":true,"href":"https:\/\/hudo.com\/si\/wp-json\/wp\/v2\/categories?post=425440"},{"taxonomy":"post_tag","embeddable":true,"href":"https:\/\/hudo.com\/si\/wp-json\/wp\/v2\/tags?post=425440"},{"taxonomy":"source","embeddable":true,"href":"https:\/\/hudo.com\/si\/wp-json\/wp\/v2\/source?post=425440"},{"taxonomy":"supertag","embeddable":true,"href":"https:\/\/hudo.com\/si\/wp-json\/wp\/v2\/supertag?post=425440"}],"curies":[{"name":"wp","href":"https:\/\/api.w.org\/{rel}","templated":true}]}}