{"id":42637,"date":"2016-04-30T08:27:18","date_gmt":"2016-04-30T06:27:18","guid":{"rendered":"http:\/\/hudo.com\/si\/2016\/04\/30\/trcil-v-vozilo-darsa-in-umrl-na-kraju-nesrece\/"},"modified":"2016-05-01T10:17:26","modified_gmt":"2016-05-01T08:17:26","slug":"trcil-v-vozilo-darsa-in-umrl-na-kraju-nesrece","status":"publish","type":"post","link":"https:\/\/hudo.com\/si\/aktualno\/trcil-v-vozilo-darsa-in-umrl-na-kraju-nesrece\/","title":{"rendered":"Tr\u010dil v vozilo Darsa in umrl na kraju nesre\u010de"},"content":{"rendered":"<p>V\u010deraj dopoldne je na dolenjski avtocesti med Bre\u017eicami in Drnovim v ob\u010dini Bre\u017eice tovorno vozilo tr\u010dilo v tovorno vozilo Darsa. Voznik je na kraju nesre\u010de umrl. Posredovali so bre\u017ei\u0161ki re\u0161evalci in gasilci, avtocesta pa je bila zaprta ve\u010d ur. V\u010deraj je nekaj po 11. uri pri\u0161lo do hude prometne nesre\u010de. Voznik tovornega vozila je tr\u010dil<\/p>\n","protected":false},"excerpt":{"rendered":"<p>V\u010deraj dopoldne je na dolenjski avtocesti med Bre\u017eicami in Drnovim v ob\u010dini Bre\u017eice tovorno vozilo tr\u010dilo v tovorno vozilo Darsa. Voznik je na kraju nesre\u010de umrl. Posredovali so bre\u017ei\u0161ki re\u0161evalci in gasilci, avtocesta pa je bila zaprta ve\u010d ur. V\u010deraj je nekaj po 11. uri pri\u0161lo do hude prometne nesre\u010de. Voznik tovornega vozila je tr\u010dil<\/p>\n","protected":false},"author":1,"featured_media":0,"comment_status":"closed","ping_status":"closed","sticky":false,"template":"","format":"standard","meta":{"footnotes":""},"categories":[1179],"tags":[],"source":[1710],"supertag":[],"acf":[],"yoast_head":"<!-- This site is optimized with the Yoast SEO plugin v21.3 - https:\/\/yoast.com\/wordpress\/plugins\/seo\/ -->\n<title>Tr\u010dil v vozilo Darsa in umrl na kraju nesre\u010de - Hudo Slovenija<\/title>\n<meta name=\"robots\" content=\"index, follow, max-snippet:-1, max-image-preview:large, max-video-preview:-1\" \/>\n<link rel=\"canonical\" href=\"https:\/\/hudo.com\/si\/aktualno\/trcil-v-vozilo-darsa-in-umrl-na-kraju-nesrece\/\" \/>\n<meta property=\"og:locale\" content=\"sl_SI\" \/>\n<meta property=\"og:type\" content=\"article\" \/>\n<meta property=\"og:title\" content=\"Tr\u010dil v vozilo Darsa in umrl na kraju nesre\u010de - Hudo Slovenija\" \/>\n<meta property=\"og:description\" content=\"V\u010deraj dopoldne je na dolenjski avtocesti med Bre\u017eicami in Drnovim v ob\u010dini Bre\u017eice tovorno vozilo tr\u010dilo v tovorno vozilo Darsa. Voznik je na kraju nesre\u010de umrl. Posredovali so bre\u017ei\u0161ki re\u0161evalci in gasilci, avtocesta pa je bila zaprta ve\u010d ur. V\u010deraj je nekaj po 11. uri pri\u0161lo do hude prometne nesre\u010de. Voznik tovornega vozila je tr\u010dil\" \/>\n<meta property=\"og:url\" content=\"https:\/\/hudo.com\/si\/aktualno\/trcil-v-vozilo-darsa-in-umrl-na-kraju-nesrece\/\" \/>\n<meta property=\"og:site_name\" content=\"Hudo Slovenija\" \/>\n<meta property=\"article:publisher\" content=\"https:\/\/www.facebook.com\/hudo.si\" \/>\n<meta property=\"article:published_time\" content=\"2016-04-30T06:27:18+00:00\" \/>\n<meta property=\"article:modified_time\" content=\"2016-05-01T08:17:26+00:00\" \/>\n<meta property=\"og:image\" content=\"https:\/\/hudo.com\/si\/wp-content\/uploads\/sites\/2\/2016\/04\/trcil-v-vozilo-darsa-in-umrl-na-kraju-nesrece-01.jpg\" \/>\n\t<meta property=\"og:image:width\" content=\"640\" \/>\n\t<meta property=\"og:image:height\" content=\"426\" \/>\n\t<meta property=\"og:image:type\" content=\"image\/jpeg\" \/>\n<meta name=\"author\" content=\"hudo\" \/>\n<meta name=\"twitter:card\" content=\"summary_large_image\" \/>\n<meta name=\"twitter:creator\" content=\"@hudo_si\" \/>\n<meta name=\"twitter:site\" content=\"@hudo_si\" \/>\n<meta name=\"twitter:label1\" content=\"Written by\" \/>\n\t<meta name=\"twitter:data1\" content=\"hudo\" \/>\n<script type=\"application\/ld+json\" class=\"yoast-schema-graph\">{\"@context\":\"https:\/\/schema.org\",\"@graph\":[{\"@type\":\"Article\",\"@id\":\"https:\/\/hudo.com\/si\/aktualno\/trcil-v-vozilo-darsa-in-umrl-na-kraju-nesrece\/#article\",\"isPartOf\":{\"@id\":\"https:\/\/hudo.com\/si\/aktualno\/trcil-v-vozilo-darsa-in-umrl-na-kraju-nesrece\/\"},\"author\":{\"name\":\"hudo\",\"@id\":\"https:\/\/hudo.com\/si\/#\/schema\/person\/601cf3379633985b20f7e50f2bb47707\"},\"headline\":\"Tr\u010dil v vozilo Darsa in umrl na kraju nesre\u010de\",\"datePublished\":\"2016-04-30T06:27:18+00:00\",\"dateModified\":\"2016-05-01T08:17:26+00:00\",\"mainEntityOfPage\":{\"@id\":\"https:\/\/hudo.com\/si\/aktualno\/trcil-v-vozilo-darsa-in-umrl-na-kraju-nesrece\/\"},\"wordCount\":78,\"publisher\":{\"@id\":\"https:\/\/hudo.com\/si\/#organization\"},\"articleSection\":[\"Aktualno\"],\"inLanguage\":\"sl-SI\"},{\"@type\":\"WebPage\",\"@id\":\"https:\/\/hudo.com\/si\/aktualno\/trcil-v-vozilo-darsa-in-umrl-na-kraju-nesrece\/\",\"url\":\"https:\/\/hudo.com\/si\/aktualno\/trcil-v-vozilo-darsa-in-umrl-na-kraju-nesrece\/\",\"name\":\"Tr\u010dil v vozilo Darsa in umrl na kraju nesre\u010de - Hudo Slovenija\",\"isPartOf\":{\"@id\":\"https:\/\/hudo.com\/si\/#website\"},\"datePublished\":\"2016-04-30T06:27:18+00:00\",\"dateModified\":\"2016-05-01T08:17:26+00:00\",\"breadcrumb\":{\"@id\":\"https:\/\/hudo.com\/si\/aktualno\/trcil-v-vozilo-darsa-in-umrl-na-kraju-nesrece\/#breadcrumb\"},\"inLanguage\":\"sl-SI\",\"potentialAction\":[{\"@type\":\"ReadAction\",\"target\":[\"https:\/\/hudo.com\/si\/aktualno\/trcil-v-vozilo-darsa-in-umrl-na-kraju-nesrece\/\"]}]},{\"@type\":\"BreadcrumbList\",\"@id\":\"https:\/\/hudo.com\/si\/aktualno\/trcil-v-vozilo-darsa-in-umrl-na-kraju-nesrece\/#breadcrumb\",\"itemListElement\":[{\"@type\":\"ListItem\",\"position\":1,\"name\":\"Home\",\"item\":\"https:\/\/hudo.com\/si\/\"},{\"@type\":\"ListItem\",\"position\":2,\"name\":\"Tr\u010dil v vozilo Darsa in umrl na kraju nesre\u010de\"}]},{\"@type\":\"WebSite\",\"@id\":\"https:\/\/hudo.com\/si\/#website\",\"url\":\"https:\/\/hudo.com\/si\/\",\"name\":\"Hudo Slovenija\",\"description\":\"Vse novice iz Slovenije in sveta\",\"publisher\":{\"@id\":\"https:\/\/hudo.com\/si\/#organization\"},\"potentialAction\":[{\"@type\":\"SearchAction\",\"target\":{\"@type\":\"EntryPoint\",\"urlTemplate\":\"https:\/\/hudo.com\/si\/?s={search_term_string}\"},\"query-input\":\"required name=search_term_string\"}],\"inLanguage\":\"sl-SI\"},{\"@type\":\"Organization\",\"@id\":\"https:\/\/hudo.com\/si\/#organization\",\"name\":\"VSN Media\",\"url\":\"https:\/\/hudo.com\/si\/\",\"logo\":{\"@type\":\"ImageObject\",\"inLanguage\":\"sl-SI\",\"@id\":\"https:\/\/hudo.com\/si\/#\/schema\/logo\/image\/\",\"url\":\"https:\/\/hudo.com\/si\/wp-content\/uploads\/sites\/2\/2021\/03\/hudo-app-2.png\",\"contentUrl\":\"https:\/\/hudo.com\/si\/wp-content\/uploads\/sites\/2\/2021\/03\/hudo-app-2.png\",\"width\":2185,\"height\":2167,\"caption\":\"VSN Media\"},\"image\":{\"@id\":\"https:\/\/hudo.com\/si\/#\/schema\/logo\/image\/\"},\"sameAs\":[\"https:\/\/www.facebook.com\/hudo.si\",\"https:\/\/twitter.com\/hudo_si\"]},{\"@type\":\"Person\",\"@id\":\"https:\/\/hudo.com\/si\/#\/schema\/person\/601cf3379633985b20f7e50f2bb47707\",\"name\":\"hudo\",\"image\":{\"@type\":\"ImageObject\",\"inLanguage\":\"sl-SI\",\"@id\":\"https:\/\/hudo.com\/si\/#\/schema\/person\/image\/\",\"url\":\"https:\/\/secure.gravatar.com\/avatar\/c4ca25fa72cace7a696b52ff5db9e095?s=96&d=mm&r=g\",\"contentUrl\":\"https:\/\/secure.gravatar.com\/avatar\/c4ca25fa72cace7a696b52ff5db9e095?s=96&d=mm&r=g\",\"caption\":\"hudo\"},\"url\":\"https:\/\/hudo.com\/si\/author\/hudo\/\"}]}<\/script>\n<!-- \/ Yoast SEO plugin. -->","yoast_head_json":{"title":"Tr\u010dil v vozilo Darsa in umrl na kraju nesre\u010de - Hudo Slovenija","robots":{"index":"index","follow":"follow","max-snippet":"max-snippet:-1","max-image-preview":"max-image-preview:large","max-video-preview":"max-video-preview:-1"},"canonical":"https:\/\/hudo.com\/si\/aktualno\/trcil-v-vozilo-darsa-in-umrl-na-kraju-nesrece\/","og_locale":"sl_SI","og_type":"article","og_title":"Tr\u010dil v vozilo Darsa in umrl na kraju nesre\u010de - Hudo Slovenija","og_description":"V\u010deraj dopoldne je na dolenjski avtocesti med Bre\u017eicami in Drnovim v ob\u010dini Bre\u017eice tovorno vozilo tr\u010dilo v tovorno vozilo Darsa. Voznik je na kraju nesre\u010de umrl. Posredovali so bre\u017ei\u0161ki re\u0161evalci in gasilci, avtocesta pa je bila zaprta ve\u010d ur. V\u010deraj je nekaj po 11. uri pri\u0161lo do hude prometne nesre\u010de. Voznik tovornega vozila je tr\u010dil","og_url":"https:\/\/hudo.com\/si\/aktualno\/trcil-v-vozilo-darsa-in-umrl-na-kraju-nesrece\/","og_site_name":"Hudo Slovenija","article_publisher":"https:\/\/www.facebook.com\/hudo.si","article_published_time":"2016-04-30T06:27:18+00:00","article_modified_time":"2016-05-01T08:17:26+00:00","og_image":[{"width":640,"height":426,"url":"https:\/\/hudo.com\/si\/wp-content\/uploads\/sites\/2\/2016\/04\/trcil-v-vozilo-darsa-in-umrl-na-kraju-nesrece-01.jpg","type":"image\/jpeg"}],"author":"hudo","twitter_card":"summary_large_image","twitter_creator":"@hudo_si","twitter_site":"@hudo_si","twitter_misc":{"Written by":"hudo"},"schema":{"@context":"https:\/\/schema.org","@graph":[{"@type":"Article","@id":"https:\/\/hudo.com\/si\/aktualno\/trcil-v-vozilo-darsa-in-umrl-na-kraju-nesrece\/#article","isPartOf":{"@id":"https:\/\/hudo.com\/si\/aktualno\/trcil-v-vozilo-darsa-in-umrl-na-kraju-nesrece\/"},"author":{"name":"hudo","@id":"https:\/\/hudo.com\/si\/#\/schema\/person\/601cf3379633985b20f7e50f2bb47707"},"headline":"Tr\u010dil v vozilo Darsa in umrl na kraju nesre\u010de","datePublished":"2016-04-30T06:27:18+00:00","dateModified":"2016-05-01T08:17:26+00:00","mainEntityOfPage":{"@id":"https:\/\/hudo.com\/si\/aktualno\/trcil-v-vozilo-darsa-in-umrl-na-kraju-nesrece\/"},"wordCount":78,"publisher":{"@id":"https:\/\/hudo.com\/si\/#organization"},"articleSection":["Aktualno"],"inLanguage":"sl-SI"},{"@type":"WebPage","@id":"https:\/\/hudo.com\/si\/aktualno\/trcil-v-vozilo-darsa-in-umrl-na-kraju-nesrece\/","url":"https:\/\/hudo.com\/si\/aktualno\/trcil-v-vozilo-darsa-in-umrl-na-kraju-nesrece\/","name":"Tr\u010dil v vozilo Darsa in umrl na kraju nesre\u010de - Hudo Slovenija","isPartOf":{"@id":"https:\/\/hudo.com\/si\/#website"},"datePublished":"2016-04-30T06:27:18+00:00","dateModified":"2016-05-01T08:17:26+00:00","breadcrumb":{"@id":"https:\/\/hudo.com\/si\/aktualno\/trcil-v-vozilo-darsa-in-umrl-na-kraju-nesrece\/#breadcrumb"},"inLanguage":"sl-SI","potentialAction":[{"@type":"ReadAction","target":["https:\/\/hudo.com\/si\/aktualno\/trcil-v-vozilo-darsa-in-umrl-na-kraju-nesrece\/"]}]},{"@type":"BreadcrumbList","@id":"https:\/\/hudo.com\/si\/aktualno\/trcil-v-vozilo-darsa-in-umrl-na-kraju-nesrece\/#breadcrumb","itemListElement":[{"@type":"ListItem","position":1,"name":"Home","item":"https:\/\/hudo.com\/si\/"},{"@type":"ListItem","position":2,"name":"Tr\u010dil v vozilo Darsa in umrl na kraju nesre\u010de"}]},{"@type":"WebSite","@id":"https:\/\/hudo.com\/si\/#website","url":"https:\/\/hudo.com\/si\/","name":"Hudo Slovenija","description":"Vse novice iz Slovenije in sveta","publisher":{"@id":"https:\/\/hudo.com\/si\/#organization"},"potentialAction":[{"@type":"SearchAction","target":{"@type":"EntryPoint","urlTemplate":"https:\/\/hudo.com\/si\/?s={search_term_string}"},"query-input":"required name=search_term_string"}],"inLanguage":"sl-SI"},{"@type":"Organization","@id":"https:\/\/hudo.com\/si\/#organization","name":"VSN Media","url":"https:\/\/hudo.com\/si\/","logo":{"@type":"ImageObject","inLanguage":"sl-SI","@id":"https:\/\/hudo.com\/si\/#\/schema\/logo\/image\/","url":"https:\/\/hudo.com\/si\/wp-content\/uploads\/sites\/2\/2021\/03\/hudo-app-2.png","contentUrl":"https:\/\/hudo.com\/si\/wp-content\/uploads\/sites\/2\/2021\/03\/hudo-app-2.png","width":2185,"height":2167,"caption":"VSN Media"},"image":{"@id":"https:\/\/hudo.com\/si\/#\/schema\/logo\/image\/"},"sameAs":["https:\/\/www.facebook.com\/hudo.si","https:\/\/twitter.com\/hudo_si"]},{"@type":"Person","@id":"https:\/\/hudo.com\/si\/#\/schema\/person\/601cf3379633985b20f7e50f2bb47707","name":"hudo","image":{"@type":"ImageObject","inLanguage":"sl-SI","@id":"https:\/\/hudo.com\/si\/#\/schema\/person\/image\/","url":"https:\/\/secure.gravatar.com\/avatar\/c4ca25fa72cace7a696b52ff5db9e095?s=96&d=mm&r=g","contentUrl":"https:\/\/secure.gravatar.com\/avatar\/c4ca25fa72cace7a696b52ff5db9e095?s=96&d=mm&r=g","caption":"hudo"},"url":"https:\/\/hudo.com\/si\/author\/hudo\/"}]}},"amp_enabled":true,"_links":{"self":[{"href":"https:\/\/hudo.com\/si\/wp-json\/wp\/v2\/posts\/42637"}],"collection":[{"href":"https:\/\/hudo.com\/si\/wp-json\/wp\/v2\/posts"}],"about":[{"href":"https:\/\/hudo.com\/si\/wp-json\/wp\/v2\/types\/post"}],"author":[{"embeddable":true,"href":"https:\/\/hudo.com\/si\/wp-json\/wp\/v2\/users\/1"}],"replies":[{"embeddable":true,"href":"https:\/\/hudo.com\/si\/wp-json\/wp\/v2\/comments?post=42637"}],"version-history":[{"count":1,"href":"https:\/\/hudo.com\/si\/wp-json\/wp\/v2\/posts\/42637\/revisions"}],"predecessor-version":[{"id":42712,"href":"https:\/\/hudo.com\/si\/wp-json\/wp\/v2\/posts\/42637\/revisions\/42712"}],"wp:attachment":[{"href":"https:\/\/hudo.com\/si\/wp-json\/wp\/v2\/media?parent=42637"}],"wp:term":[{"taxonomy":"category","embeddable":true,"href":"https:\/\/hudo.com\/si\/wp-json\/wp\/v2\/categories?post=42637"},{"taxonomy":"post_tag","embeddable":true,"href":"https:\/\/hudo.com\/si\/wp-json\/wp\/v2\/tags?post=42637"},{"taxonomy":"source","embeddable":true,"href":"https:\/\/hudo.com\/si\/wp-json\/wp\/v2\/source?post=42637"},{"taxonomy":"supertag","embeddable":true,"href":"https:\/\/hudo.com\/si\/wp-json\/wp\/v2\/supertag?post=42637"}],"curies":[{"name":"wp","href":"https:\/\/api.w.org\/{rel}","templated":true}]}}