{"id":426483,"date":"2020-07-02T11:16:20","date_gmt":"2020-07-02T09:16:20","guid":{"rendered":"http:\/\/hudo.com\/si\/?p=426483"},"modified":"2020-07-02T11:22:29","modified_gmt":"2020-07-02T09:22:29","slug":"george-clooney-priznal-da-ga-moti-mali-archie","status":"publish","type":"post","link":"https:\/\/hudo.com\/si\/vip\/george-clooney-priznal-da-ga-moti-mali-archie\/","title":{"rendered":"George Clooney priznal, da ga moti mali Archie"},"content":{"rendered":"<p>Ni skrivnost, da sta 38-letna Meghan Markle in njen tri leta mlaj\u0161i mo\u017e princ Harry v zelo dobrih odnosih s \u0161e enim priljubljenim parom, 58-letnim igralcem Georgeom Clooneyjem in njegovo 17 let mlaj\u0161o \u017eeno, odvetnico Amal. Mnogi so bili zato presene\u010deni, ko je George,\u00a0za katerega se je \u0161u\u0161ljalo, da\u00a0bi lahko bil boter\u00a0malemu Archieju, neko\u010d priznal, da ga moti, ker mu je Archie ukradel pozornost. Igralec in sin kraljevega para sta se namre\u010d rodila na isti dan.<\/p>\n<figure id=\"attachment_426538\" aria-describedby=\"caption-attachment-426538\" style=\"width: 1000px\" class=\"wp-caption alignnone\"><a href=\"http:\/\/hudo.com\/si\/wp-content\/uploads\/sites\/2\/2020\/07\/profimedia-0520437014.jpg\"><img loading=\"lazy\" decoding=\"async\" class=\"size-large wp-image-426538\" src=\"http:\/\/hudo.com\/si\/wp-content\/uploads\/sites\/2\/2020\/07\/profimedia-0520437014-1024x1022.jpg\" alt=\"\" width=\"1000\" height=\"998\" srcset=\"https:\/\/hudo.com\/si\/wp-content\/uploads\/sites\/2\/2020\/07\/profimedia-0520437014-1024x1022.jpg 1024w, https:\/\/hudo.com\/si\/wp-content\/uploads\/sites\/2\/2020\/07\/profimedia-0520437014-300x300.jpg 300w, https:\/\/hudo.com\/si\/wp-content\/uploads\/sites\/2\/2020\/07\/profimedia-0520437014-150x150.jpg 150w, https:\/\/hudo.com\/si\/wp-content\/uploads\/sites\/2\/2020\/07\/profimedia-0520437014-768x767.jpg 768w, https:\/\/hudo.com\/si\/wp-content\/uploads\/sites\/2\/2020\/07\/profimedia-0520437014-600x599.jpg 600w, https:\/\/hudo.com\/si\/wp-content\/uploads\/sites\/2\/2020\/07\/profimedia-0520437014-60x60.jpg 60w, https:\/\/hudo.com\/si\/wp-content\/uploads\/sites\/2\/2020\/07\/profimedia-0520437014.jpg 1250w\" sizes=\"(max-width: 1000px) 100vw, 1000px\" \/><\/a><figcaption id=\"caption-attachment-426538\" class=\"wp-caption-text\">Foto: Profimedia<\/figcaption><\/figure>\n<p>Mali Archie je 6. maja praznoval prvi, George pa 58. rojstni dan. Vendar pa je igralec v enem od intervjujev z Jimmyjem Kimmelom neko\u010d priznal, da ga izjemno moti dejstvo, da svoj poseben dan deli s kraljevim dojen\u010dkom. &#8216;Ta otrok mi je ukradel pozornost! Moj rojstni dan je!,&#8221; Je iskreno dejal in priznal, da ni bil izbran za botra malega Archieja. &#8220;To bi bila slaba ideja. Imam dvoj\u010dka in \u0161e to komaj zmorem,&#8221; je priznal George, ki ima\u00a0z odvetnico za \u010dlovekove pravice dvoletna dvoj\u010dka, Alexandra in Ello.<\/p>\n<figure id=\"attachment_426537\" aria-describedby=\"caption-attachment-426537\" style=\"width: 682px\" class=\"wp-caption alignnone\"><a href=\"http:\/\/hudo.com\/si\/wp-content\/uploads\/sites\/2\/2020\/07\/profimedia-0474708210.jpg\"><img loading=\"lazy\" decoding=\"async\" class=\"size-large wp-image-426537\" src=\"http:\/\/hudo.com\/si\/wp-content\/uploads\/sites\/2\/2020\/07\/profimedia-0474708210-682x1024.jpg\" alt=\"\" width=\"682\" height=\"1024\" srcset=\"https:\/\/hudo.com\/si\/wp-content\/uploads\/sites\/2\/2020\/07\/profimedia-0474708210-682x1024.jpg 682w, https:\/\/hudo.com\/si\/wp-content\/uploads\/sites\/2\/2020\/07\/profimedia-0474708210-200x300.jpg 200w, https:\/\/hudo.com\/si\/wp-content\/uploads\/sites\/2\/2020\/07\/profimedia-0474708210-768x1152.jpg 768w, https:\/\/hudo.com\/si\/wp-content\/uploads\/sites\/2\/2020\/07\/profimedia-0474708210-600x900.jpg 600w, https:\/\/hudo.com\/si\/wp-content\/uploads\/sites\/2\/2020\/07\/profimedia-0474708210-300x450.jpg 300w, https:\/\/hudo.com\/si\/wp-content\/uploads\/sites\/2\/2020\/07\/profimedia-0474708210.jpg 833w\" sizes=\"(max-width: 682px) 100vw, 682px\" \/><\/a><figcaption id=\"caption-attachment-426537\" class=\"wp-caption-text\">Foto: Profimedia<\/figcaption><\/figure>\n<p>Mimogrede, \u017ee dolgo se pojavljajo govorice o \u0161e enem \u010dlanu dru\u017eine Clooney. Nedavno je vir razkril, da je dojen\u010dek na\u010din,\u00a0s katerim \u017eelita zakonca re\u0161iti svoj zakon. &#8220;Zaupno mi je povedal, da sta zadnjih nekaj mesecev \u017eivela lo\u010deno \u017eivljenje in da sta se v nekem trenutku z odvetnico pogovarjala celo o lo\u010ditvi. No, na koncu\u00a0pa je spoznal, da je Amal najbolj\u0161e, kar se mu je kdajkoli zgodilo, in da je ne \u017eeli izgubiti,&#8221; je nedavno povedal vir in dodal, da par v zadnjem \u010dasu intenzivno\u00a0dela na novem otroku.\u00a0\u010ce\u00a0ne bo \u0161lo po naravni poti, je Amal pripravljena iti na umetno oploditev. Spomnimo, igralec in odvetnica za \u010dlovekove pravice sta se leta 2014 poro\u010dila v Benetkah.<\/p>\n","protected":false},"excerpt":{"rendered":"<p>Nepri\u010dakovano &#8230;<\/p>\n","protected":false},"author":6,"featured_media":426536,"comment_status":"closed","ping_status":"closed","sticky":false,"template":"","format":"standard","meta":{"footnotes":""},"categories":[1093],"tags":[],"source":[4511],"supertag":[],"acf":[],"yoast_head":"<!-- This site is optimized with the Yoast SEO plugin v21.3 - https:\/\/yoast.com\/wordpress\/plugins\/seo\/ -->\n<title>George Clooney priznal, da ga moti mali Archie - Hudo Slovenija<\/title>\n<meta name=\"robots\" content=\"index, follow, max-snippet:-1, max-image-preview:large, max-video-preview:-1\" \/>\n<link rel=\"canonical\" href=\"https:\/\/hudo.com\/si\/vip\/george-clooney-priznal-da-ga-moti-mali-archie\/\" \/>\n<meta property=\"og:locale\" content=\"sl_SI\" \/>\n<meta property=\"og:type\" content=\"article\" \/>\n<meta property=\"og:title\" content=\"George Clooney priznal, da ga moti mali Archie - Hudo Slovenija\" \/>\n<meta property=\"og:description\" content=\"Nepri\u010dakovano ...\" \/>\n<meta property=\"og:url\" content=\"https:\/\/hudo.com\/si\/vip\/george-clooney-priznal-da-ga-moti-mali-archie\/\" \/>\n<meta property=\"og:site_name\" content=\"Hudo Slovenija\" \/>\n<meta property=\"article:publisher\" content=\"https:\/\/www.facebook.com\/hudo.si\" \/>\n<meta property=\"article:published_time\" content=\"2020-07-02T09:16:20+00:00\" \/>\n<meta property=\"article:modified_time\" content=\"2020-07-02T09:22:29+00:00\" \/>\n<meta property=\"og:image\" content=\"https:\/\/hudo.com\/si\/wp-content\/uploads\/sites\/2\/2020\/07\/BeFunky-collage-19-scaled.jpg\" \/>\n\t<meta property=\"og:image:width\" content=\"2560\" \/>\n\t<meta property=\"og:image:height\" content=\"1503\" \/>\n\t<meta property=\"og:image:type\" content=\"image\/jpeg\" \/>\n<meta name=\"author\" content=\"A. G.\" \/>\n<meta name=\"twitter:card\" content=\"summary_large_image\" \/>\n<meta name=\"twitter:creator\" content=\"@hudo_si\" \/>\n<meta name=\"twitter:site\" content=\"@hudo_si\" \/>\n<meta name=\"twitter:label1\" content=\"Written by\" \/>\n\t<meta name=\"twitter:data1\" content=\"A. G.\" \/>\n\t<meta name=\"twitter:label2\" content=\"Est. reading time\" \/>\n\t<meta name=\"twitter:data2\" content=\"2 minuti\" \/>\n<script type=\"application\/ld+json\" class=\"yoast-schema-graph\">{\"@context\":\"https:\/\/schema.org\",\"@graph\":[{\"@type\":\"Article\",\"@id\":\"https:\/\/hudo.com\/si\/vip\/george-clooney-priznal-da-ga-moti-mali-archie\/#article\",\"isPartOf\":{\"@id\":\"https:\/\/hudo.com\/si\/vip\/george-clooney-priznal-da-ga-moti-mali-archie\/\"},\"author\":{\"name\":\"A. G.\",\"@id\":\"https:\/\/hudo.com\/si\/#\/schema\/person\/f95639a66e0dd2c682b0568634e85b8b\"},\"headline\":\"George Clooney priznal, da ga moti mali Archie\",\"datePublished\":\"2020-07-02T09:16:20+00:00\",\"dateModified\":\"2020-07-02T09:22:29+00:00\",\"mainEntityOfPage\":{\"@id\":\"https:\/\/hudo.com\/si\/vip\/george-clooney-priznal-da-ga-moti-mali-archie\/\"},\"wordCount\":322,\"publisher\":{\"@id\":\"https:\/\/hudo.com\/si\/#organization\"},\"articleSection\":[\"VIP\"],\"inLanguage\":\"sl-SI\"},{\"@type\":\"WebPage\",\"@id\":\"https:\/\/hudo.com\/si\/vip\/george-clooney-priznal-da-ga-moti-mali-archie\/\",\"url\":\"https:\/\/hudo.com\/si\/vip\/george-clooney-priznal-da-ga-moti-mali-archie\/\",\"name\":\"George Clooney priznal, da ga moti mali Archie - Hudo Slovenija\",\"isPartOf\":{\"@id\":\"https:\/\/hudo.com\/si\/#website\"},\"datePublished\":\"2020-07-02T09:16:20+00:00\",\"dateModified\":\"2020-07-02T09:22:29+00:00\",\"breadcrumb\":{\"@id\":\"https:\/\/hudo.com\/si\/vip\/george-clooney-priznal-da-ga-moti-mali-archie\/#breadcrumb\"},\"inLanguage\":\"sl-SI\",\"potentialAction\":[{\"@type\":\"ReadAction\",\"target\":[\"https:\/\/hudo.com\/si\/vip\/george-clooney-priznal-da-ga-moti-mali-archie\/\"]}]},{\"@type\":\"BreadcrumbList\",\"@id\":\"https:\/\/hudo.com\/si\/vip\/george-clooney-priznal-da-ga-moti-mali-archie\/#breadcrumb\",\"itemListElement\":[{\"@type\":\"ListItem\",\"position\":1,\"name\":\"Home\",\"item\":\"https:\/\/hudo.com\/si\/\"},{\"@type\":\"ListItem\",\"position\":2,\"name\":\"George Clooney priznal, da ga moti mali Archie\"}]},{\"@type\":\"WebSite\",\"@id\":\"https:\/\/hudo.com\/si\/#website\",\"url\":\"https:\/\/hudo.com\/si\/\",\"name\":\"Hudo Slovenija\",\"description\":\"Vse novice iz Slovenije in sveta\",\"publisher\":{\"@id\":\"https:\/\/hudo.com\/si\/#organization\"},\"potentialAction\":[{\"@type\":\"SearchAction\",\"target\":{\"@type\":\"EntryPoint\",\"urlTemplate\":\"https:\/\/hudo.com\/si\/?s={search_term_string}\"},\"query-input\":\"required name=search_term_string\"}],\"inLanguage\":\"sl-SI\"},{\"@type\":\"Organization\",\"@id\":\"https:\/\/hudo.com\/si\/#organization\",\"name\":\"VSN Media\",\"url\":\"https:\/\/hudo.com\/si\/\",\"logo\":{\"@type\":\"ImageObject\",\"inLanguage\":\"sl-SI\",\"@id\":\"https:\/\/hudo.com\/si\/#\/schema\/logo\/image\/\",\"url\":\"https:\/\/hudo.com\/si\/wp-content\/uploads\/sites\/2\/2021\/03\/hudo-app-2.png\",\"contentUrl\":\"https:\/\/hudo.com\/si\/wp-content\/uploads\/sites\/2\/2021\/03\/hudo-app-2.png\",\"width\":2185,\"height\":2167,\"caption\":\"VSN Media\"},\"image\":{\"@id\":\"https:\/\/hudo.com\/si\/#\/schema\/logo\/image\/\"},\"sameAs\":[\"https:\/\/www.facebook.com\/hudo.si\",\"https:\/\/twitter.com\/hudo_si\"]},{\"@type\":\"Person\",\"@id\":\"https:\/\/hudo.com\/si\/#\/schema\/person\/f95639a66e0dd2c682b0568634e85b8b\",\"name\":\"A. G.\",\"image\":{\"@type\":\"ImageObject\",\"inLanguage\":\"sl-SI\",\"@id\":\"https:\/\/hudo.com\/si\/#\/schema\/person\/image\/\",\"url\":\"https:\/\/secure.gravatar.com\/avatar\/9f44de561c70d5d80348d3ed0f4b142d?s=96&d=mm&r=g\",\"contentUrl\":\"https:\/\/secure.gravatar.com\/avatar\/9f44de561c70d5d80348d3ed0f4b142d?s=96&d=mm&r=g\",\"caption\":\"A. G.\"},\"url\":\"https:\/\/hudo.com\/si\/author\/alenkagrmek\/\"}]}<\/script>\n<!-- \/ Yoast SEO plugin. -->","yoast_head_json":{"title":"George Clooney priznal, da ga moti mali Archie - Hudo Slovenija","robots":{"index":"index","follow":"follow","max-snippet":"max-snippet:-1","max-image-preview":"max-image-preview:large","max-video-preview":"max-video-preview:-1"},"canonical":"https:\/\/hudo.com\/si\/vip\/george-clooney-priznal-da-ga-moti-mali-archie\/","og_locale":"sl_SI","og_type":"article","og_title":"George Clooney priznal, da ga moti mali Archie - Hudo Slovenija","og_description":"Nepri\u010dakovano ...","og_url":"https:\/\/hudo.com\/si\/vip\/george-clooney-priznal-da-ga-moti-mali-archie\/","og_site_name":"Hudo Slovenija","article_publisher":"https:\/\/www.facebook.com\/hudo.si","article_published_time":"2020-07-02T09:16:20+00:00","article_modified_time":"2020-07-02T09:22:29+00:00","og_image":[{"width":2560,"height":1503,"url":"https:\/\/hudo.com\/si\/wp-content\/uploads\/sites\/2\/2020\/07\/BeFunky-collage-19-scaled.jpg","type":"image\/jpeg"}],"author":"A. G.","twitter_card":"summary_large_image","twitter_creator":"@hudo_si","twitter_site":"@hudo_si","twitter_misc":{"Written by":"A. G.","Est. reading time":"2 minuti"},"schema":{"@context":"https:\/\/schema.org","@graph":[{"@type":"Article","@id":"https:\/\/hudo.com\/si\/vip\/george-clooney-priznal-da-ga-moti-mali-archie\/#article","isPartOf":{"@id":"https:\/\/hudo.com\/si\/vip\/george-clooney-priznal-da-ga-moti-mali-archie\/"},"author":{"name":"A. G.","@id":"https:\/\/hudo.com\/si\/#\/schema\/person\/f95639a66e0dd2c682b0568634e85b8b"},"headline":"George Clooney priznal, da ga moti mali Archie","datePublished":"2020-07-02T09:16:20+00:00","dateModified":"2020-07-02T09:22:29+00:00","mainEntityOfPage":{"@id":"https:\/\/hudo.com\/si\/vip\/george-clooney-priznal-da-ga-moti-mali-archie\/"},"wordCount":322,"publisher":{"@id":"https:\/\/hudo.com\/si\/#organization"},"articleSection":["VIP"],"inLanguage":"sl-SI"},{"@type":"WebPage","@id":"https:\/\/hudo.com\/si\/vip\/george-clooney-priznal-da-ga-moti-mali-archie\/","url":"https:\/\/hudo.com\/si\/vip\/george-clooney-priznal-da-ga-moti-mali-archie\/","name":"George Clooney priznal, da ga moti mali Archie - Hudo Slovenija","isPartOf":{"@id":"https:\/\/hudo.com\/si\/#website"},"datePublished":"2020-07-02T09:16:20+00:00","dateModified":"2020-07-02T09:22:29+00:00","breadcrumb":{"@id":"https:\/\/hudo.com\/si\/vip\/george-clooney-priznal-da-ga-moti-mali-archie\/#breadcrumb"},"inLanguage":"sl-SI","potentialAction":[{"@type":"ReadAction","target":["https:\/\/hudo.com\/si\/vip\/george-clooney-priznal-da-ga-moti-mali-archie\/"]}]},{"@type":"BreadcrumbList","@id":"https:\/\/hudo.com\/si\/vip\/george-clooney-priznal-da-ga-moti-mali-archie\/#breadcrumb","itemListElement":[{"@type":"ListItem","position":1,"name":"Home","item":"https:\/\/hudo.com\/si\/"},{"@type":"ListItem","position":2,"name":"George Clooney priznal, da ga moti mali Archie"}]},{"@type":"WebSite","@id":"https:\/\/hudo.com\/si\/#website","url":"https:\/\/hudo.com\/si\/","name":"Hudo Slovenija","description":"Vse novice iz Slovenije in sveta","publisher":{"@id":"https:\/\/hudo.com\/si\/#organization"},"potentialAction":[{"@type":"SearchAction","target":{"@type":"EntryPoint","urlTemplate":"https:\/\/hudo.com\/si\/?s={search_term_string}"},"query-input":"required name=search_term_string"}],"inLanguage":"sl-SI"},{"@type":"Organization","@id":"https:\/\/hudo.com\/si\/#organization","name":"VSN Media","url":"https:\/\/hudo.com\/si\/","logo":{"@type":"ImageObject","inLanguage":"sl-SI","@id":"https:\/\/hudo.com\/si\/#\/schema\/logo\/image\/","url":"https:\/\/hudo.com\/si\/wp-content\/uploads\/sites\/2\/2021\/03\/hudo-app-2.png","contentUrl":"https:\/\/hudo.com\/si\/wp-content\/uploads\/sites\/2\/2021\/03\/hudo-app-2.png","width":2185,"height":2167,"caption":"VSN Media"},"image":{"@id":"https:\/\/hudo.com\/si\/#\/schema\/logo\/image\/"},"sameAs":["https:\/\/www.facebook.com\/hudo.si","https:\/\/twitter.com\/hudo_si"]},{"@type":"Person","@id":"https:\/\/hudo.com\/si\/#\/schema\/person\/f95639a66e0dd2c682b0568634e85b8b","name":"A. G.","image":{"@type":"ImageObject","inLanguage":"sl-SI","@id":"https:\/\/hudo.com\/si\/#\/schema\/person\/image\/","url":"https:\/\/secure.gravatar.com\/avatar\/9f44de561c70d5d80348d3ed0f4b142d?s=96&d=mm&r=g","contentUrl":"https:\/\/secure.gravatar.com\/avatar\/9f44de561c70d5d80348d3ed0f4b142d?s=96&d=mm&r=g","caption":"A. G."},"url":"https:\/\/hudo.com\/si\/author\/alenkagrmek\/"}]}},"amp_enabled":true,"_links":{"self":[{"href":"https:\/\/hudo.com\/si\/wp-json\/wp\/v2\/posts\/426483"}],"collection":[{"href":"https:\/\/hudo.com\/si\/wp-json\/wp\/v2\/posts"}],"about":[{"href":"https:\/\/hudo.com\/si\/wp-json\/wp\/v2\/types\/post"}],"author":[{"embeddable":true,"href":"https:\/\/hudo.com\/si\/wp-json\/wp\/v2\/users\/6"}],"replies":[{"embeddable":true,"href":"https:\/\/hudo.com\/si\/wp-json\/wp\/v2\/comments?post=426483"}],"version-history":[{"count":4,"href":"https:\/\/hudo.com\/si\/wp-json\/wp\/v2\/posts\/426483\/revisions"}],"predecessor-version":[{"id":426541,"href":"https:\/\/hudo.com\/si\/wp-json\/wp\/v2\/posts\/426483\/revisions\/426541"}],"wp:featuredmedia":[{"embeddable":true,"href":"https:\/\/hudo.com\/si\/wp-json\/wp\/v2\/media\/426536"}],"wp:attachment":[{"href":"https:\/\/hudo.com\/si\/wp-json\/wp\/v2\/media?parent=426483"}],"wp:term":[{"taxonomy":"category","embeddable":true,"href":"https:\/\/hudo.com\/si\/wp-json\/wp\/v2\/categories?post=426483"},{"taxonomy":"post_tag","embeddable":true,"href":"https:\/\/hudo.com\/si\/wp-json\/wp\/v2\/tags?post=426483"},{"taxonomy":"source","embeddable":true,"href":"https:\/\/hudo.com\/si\/wp-json\/wp\/v2\/source?post=426483"},{"taxonomy":"supertag","embeddable":true,"href":"https:\/\/hudo.com\/si\/wp-json\/wp\/v2\/supertag?post=426483"}],"curies":[{"name":"wp","href":"https:\/\/api.w.org\/{rel}","templated":true}]}}