{"id":42735,"date":"2016-04-30T10:42:00","date_gmt":"2016-04-30T08:42:00","guid":{"rendered":"http:\/\/hudo.com\/si\/2016\/04\/30\/nemska-policija-pred-kongresom-afd-aretirala-400-protestnikov\/"},"modified":"2016-04-30T21:11:26","modified_gmt":"2016-04-30T19:11:26","slug":"nemska-policija-pred-kongresom-afd-aretirala-400-protestnikov","status":"publish","type":"post","link":"https:\/\/hudo.com\/si\/aktualno\/nemska-policija-pred-kongresom-afd-aretirala-400-protestnikov\/","title":{"rendered":"Nem\u0161ka policija pred kongresom AfD aretirala 400 protestnikov"},"content":{"rendered":"<p>Nem\u0161ka policija je danes aretirala 400 levi\u010darskih protestnikov, ki so sku\u0161ali \u010dlanom desne populisti\u010dne stranke Alternativa za Nem\u010dijo (AfD) onemogo\u010diti prihod na dvodnevni kongres stranke, ki se je za\u010del na sejmi\u0161\u010du v Stuttgartu. Protestniki so v policiste in novinarje metali petarde ter za\u017eigali pnevmatike. Izbruhnili so tudi spopadi med privr\u017eenci levice in \u010dlani AfD. Prizori\u0161\u010de varuje okoli 1000 policistov, ki so po besedah o\u010dividcev uporabili tudi poprov sprej. Na kongresu AfD, ki je bila leta 2013 ustanovljena iz nasprotovanja evru, ob za\u010detku begunske krize pa se je osredoto\u010dila na nasprotovanje prihodu beguncev v Nem\u010dijo, naj bi se zbralo okoli 2400 njenih \u010dlanov. Na kongresu naj bi sprejeli prvi program stranke. Marca je stranka na de\u017eelnih volitvah v treh nem\u0161kih zveznih de\u017eelah do\u017eivela velik uspeh.Svet<\/p>\n","protected":false},"excerpt":{"rendered":"<p>Nem\u0161ka policija je danes aretirala 400 levi\u010darskih protestnikov, ki so sku\u0161ali \u010dlanom desne populisti\u010dne stranke Alternativa za Nem\u010dijo (AfD) onemogo\u010diti prihod na dvodnevni kongres stranke, ki se je za\u010del na sejmi\u0161\u010du v Stuttgartu. Protestniki so v policiste in novinarje metali petarde ter za\u017eigali pnevmatike. Izbruhnili so tudi spopadi med privr\u017eenci levice in \u010dlani AfD. Prizori\u0161\u010de varuje okoli 1000 policistov, ki so po besedah o\u010dividcev uporabili tudi poprov sprej. Na kongresu AfD, ki je bila leta 2013 ustanovljena iz nasprotovanja evru, ob za\u010detku begunske krize pa se je osredoto\u010dila na nasprotovanje prihodu beguncev v Nem\u010dijo, naj bi se zbralo okoli 2400 njenih \u010dlanov. Na kongresu naj bi sprejeli prvi program stranke. Marca je stranka na de\u017eelnih volitvah v treh nem\u0161kih zveznih de\u017eelah do\u017eivela velik uspeh.Svet<\/p>\n","protected":false},"author":1,"featured_media":0,"comment_status":"closed","ping_status":"closed","sticky":false,"template":"","format":"standard","meta":{"footnotes":""},"categories":[1179],"tags":[],"source":[1711],"supertag":[],"acf":[],"yoast_head":"<!-- This site is optimized with the Yoast SEO plugin v21.3 - https:\/\/yoast.com\/wordpress\/plugins\/seo\/ -->\n<title>Nem\u0161ka policija pred kongresom AfD aretirala 400 protestnikov - Hudo Slovenija<\/title>\n<meta name=\"robots\" content=\"index, follow, max-snippet:-1, max-image-preview:large, max-video-preview:-1\" \/>\n<link rel=\"canonical\" href=\"https:\/\/hudo.com\/si\/aktualno\/nemska-policija-pred-kongresom-afd-aretirala-400-protestnikov\/\" \/>\n<meta property=\"og:locale\" content=\"sl_SI\" \/>\n<meta property=\"og:type\" content=\"article\" \/>\n<meta property=\"og:title\" content=\"Nem\u0161ka policija pred kongresom AfD aretirala 400 protestnikov - Hudo Slovenija\" \/>\n<meta property=\"og:description\" content=\"Nem\u0161ka policija je danes aretirala 400 levi\u010darskih protestnikov, ki so sku\u0161ali \u010dlanom desne populisti\u010dne stranke Alternativa za Nem\u010dijo (AfD) onemogo\u010diti prihod na dvodnevni kongres stranke, ki se je za\u010del na sejmi\u0161\u010du v Stuttgartu. Protestniki so v policiste in novinarje metali petarde ter za\u017eigali pnevmatike. Izbruhnili so tudi spopadi med privr\u017eenci levice in \u010dlani AfD. Prizori\u0161\u010de varuje okoli 1000 policistov, ki so po besedah o\u010dividcev uporabili tudi poprov sprej. Na kongresu AfD, ki je bila leta 2013 ustanovljena iz nasprotovanja evru, ob za\u010detku begunske krize pa se je osredoto\u010dila na nasprotovanje prihodu beguncev v Nem\u010dijo, naj bi se zbralo okoli 2400 njenih \u010dlanov. Na kongresu naj bi sprejeli prvi program stranke. Marca je stranka na de\u017eelnih volitvah v treh nem\u0161kih zveznih de\u017eelah do\u017eivela velik uspeh.Svet\" \/>\n<meta property=\"og:url\" content=\"https:\/\/hudo.com\/si\/aktualno\/nemska-policija-pred-kongresom-afd-aretirala-400-protestnikov\/\" \/>\n<meta property=\"og:site_name\" content=\"Hudo Slovenija\" \/>\n<meta property=\"article:publisher\" content=\"https:\/\/www.facebook.com\/hudo.si\" \/>\n<meta property=\"article:published_time\" content=\"2016-04-30T08:42:00+00:00\" \/>\n<meta property=\"article:modified_time\" content=\"2016-04-30T19:11:26+00:00\" \/>\n<meta property=\"og:image\" content=\"https:\/\/hudo.com\/si\/wp-content\/uploads\/sites\/2\/2016\/04\/05283670-300.jpg\" \/>\n\t<meta property=\"og:image:width\" content=\"450\" \/>\n\t<meta property=\"og:image:height\" content=\"236\" \/>\n\t<meta property=\"og:image:type\" content=\"image\/jpeg\" \/>\n<meta name=\"author\" content=\"hudo\" \/>\n<meta name=\"twitter:card\" content=\"summary_large_image\" \/>\n<meta name=\"twitter:creator\" content=\"@hudo_si\" \/>\n<meta name=\"twitter:site\" content=\"@hudo_si\" \/>\n<meta name=\"twitter:label1\" content=\"Written by\" \/>\n\t<meta name=\"twitter:data1\" content=\"hudo\" \/>\n\t<meta name=\"twitter:label2\" content=\"Est. reading time\" \/>\n\t<meta name=\"twitter:data2\" content=\"1 minuta\" \/>\n<script type=\"application\/ld+json\" class=\"yoast-schema-graph\">{\"@context\":\"https:\/\/schema.org\",\"@graph\":[{\"@type\":\"Article\",\"@id\":\"https:\/\/hudo.com\/si\/aktualno\/nemska-policija-pred-kongresom-afd-aretirala-400-protestnikov\/#article\",\"isPartOf\":{\"@id\":\"https:\/\/hudo.com\/si\/aktualno\/nemska-policija-pred-kongresom-afd-aretirala-400-protestnikov\/\"},\"author\":{\"name\":\"hudo\",\"@id\":\"https:\/\/hudo.com\/si\/#\/schema\/person\/601cf3379633985b20f7e50f2bb47707\"},\"headline\":\"Nem\u0161ka policija pred kongresom AfD aretirala 400 protestnikov\",\"datePublished\":\"2016-04-30T08:42:00+00:00\",\"dateModified\":\"2016-04-30T19:11:26+00:00\",\"mainEntityOfPage\":{\"@id\":\"https:\/\/hudo.com\/si\/aktualno\/nemska-policija-pred-kongresom-afd-aretirala-400-protestnikov\/\"},\"wordCount\":148,\"publisher\":{\"@id\":\"https:\/\/hudo.com\/si\/#organization\"},\"articleSection\":[\"Aktualno\"],\"inLanguage\":\"sl-SI\"},{\"@type\":\"WebPage\",\"@id\":\"https:\/\/hudo.com\/si\/aktualno\/nemska-policija-pred-kongresom-afd-aretirala-400-protestnikov\/\",\"url\":\"https:\/\/hudo.com\/si\/aktualno\/nemska-policija-pred-kongresom-afd-aretirala-400-protestnikov\/\",\"name\":\"Nem\u0161ka policija pred kongresom AfD aretirala 400 protestnikov - Hudo Slovenija\",\"isPartOf\":{\"@id\":\"https:\/\/hudo.com\/si\/#website\"},\"datePublished\":\"2016-04-30T08:42:00+00:00\",\"dateModified\":\"2016-04-30T19:11:26+00:00\",\"breadcrumb\":{\"@id\":\"https:\/\/hudo.com\/si\/aktualno\/nemska-policija-pred-kongresom-afd-aretirala-400-protestnikov\/#breadcrumb\"},\"inLanguage\":\"sl-SI\",\"potentialAction\":[{\"@type\":\"ReadAction\",\"target\":[\"https:\/\/hudo.com\/si\/aktualno\/nemska-policija-pred-kongresom-afd-aretirala-400-protestnikov\/\"]}]},{\"@type\":\"BreadcrumbList\",\"@id\":\"https:\/\/hudo.com\/si\/aktualno\/nemska-policija-pred-kongresom-afd-aretirala-400-protestnikov\/#breadcrumb\",\"itemListElement\":[{\"@type\":\"ListItem\",\"position\":1,\"name\":\"Home\",\"item\":\"https:\/\/hudo.com\/si\/\"},{\"@type\":\"ListItem\",\"position\":2,\"name\":\"Nem\u0161ka policija pred kongresom AfD aretirala 400 protestnikov\"}]},{\"@type\":\"WebSite\",\"@id\":\"https:\/\/hudo.com\/si\/#website\",\"url\":\"https:\/\/hudo.com\/si\/\",\"name\":\"Hudo Slovenija\",\"description\":\"Vse novice iz Slovenije in sveta\",\"publisher\":{\"@id\":\"https:\/\/hudo.com\/si\/#organization\"},\"potentialAction\":[{\"@type\":\"SearchAction\",\"target\":{\"@type\":\"EntryPoint\",\"urlTemplate\":\"https:\/\/hudo.com\/si\/?s={search_term_string}\"},\"query-input\":\"required name=search_term_string\"}],\"inLanguage\":\"sl-SI\"},{\"@type\":\"Organization\",\"@id\":\"https:\/\/hudo.com\/si\/#organization\",\"name\":\"VSN Media\",\"url\":\"https:\/\/hudo.com\/si\/\",\"logo\":{\"@type\":\"ImageObject\",\"inLanguage\":\"sl-SI\",\"@id\":\"https:\/\/hudo.com\/si\/#\/schema\/logo\/image\/\",\"url\":\"https:\/\/hudo.com\/si\/wp-content\/uploads\/sites\/2\/2021\/03\/hudo-app-2.png\",\"contentUrl\":\"https:\/\/hudo.com\/si\/wp-content\/uploads\/sites\/2\/2021\/03\/hudo-app-2.png\",\"width\":2185,\"height\":2167,\"caption\":\"VSN Media\"},\"image\":{\"@id\":\"https:\/\/hudo.com\/si\/#\/schema\/logo\/image\/\"},\"sameAs\":[\"https:\/\/www.facebook.com\/hudo.si\",\"https:\/\/twitter.com\/hudo_si\"]},{\"@type\":\"Person\",\"@id\":\"https:\/\/hudo.com\/si\/#\/schema\/person\/601cf3379633985b20f7e50f2bb47707\",\"name\":\"hudo\",\"image\":{\"@type\":\"ImageObject\",\"inLanguage\":\"sl-SI\",\"@id\":\"https:\/\/hudo.com\/si\/#\/schema\/person\/image\/\",\"url\":\"https:\/\/secure.gravatar.com\/avatar\/c4ca25fa72cace7a696b52ff5db9e095?s=96&d=mm&r=g\",\"contentUrl\":\"https:\/\/secure.gravatar.com\/avatar\/c4ca25fa72cace7a696b52ff5db9e095?s=96&d=mm&r=g\",\"caption\":\"hudo\"},\"url\":\"https:\/\/hudo.com\/si\/author\/hudo\/\"}]}<\/script>\n<!-- \/ Yoast SEO plugin. -->","yoast_head_json":{"title":"Nem\u0161ka policija pred kongresom AfD aretirala 400 protestnikov - Hudo Slovenija","robots":{"index":"index","follow":"follow","max-snippet":"max-snippet:-1","max-image-preview":"max-image-preview:large","max-video-preview":"max-video-preview:-1"},"canonical":"https:\/\/hudo.com\/si\/aktualno\/nemska-policija-pred-kongresom-afd-aretirala-400-protestnikov\/","og_locale":"sl_SI","og_type":"article","og_title":"Nem\u0161ka policija pred kongresom AfD aretirala 400 protestnikov - Hudo Slovenija","og_description":"Nem\u0161ka policija je danes aretirala 400 levi\u010darskih protestnikov, ki so sku\u0161ali \u010dlanom desne populisti\u010dne stranke Alternativa za Nem\u010dijo (AfD) onemogo\u010diti prihod na dvodnevni kongres stranke, ki se je za\u010del na sejmi\u0161\u010du v Stuttgartu. Protestniki so v policiste in novinarje metali petarde ter za\u017eigali pnevmatike. Izbruhnili so tudi spopadi med privr\u017eenci levice in \u010dlani AfD. Prizori\u0161\u010de varuje okoli 1000 policistov, ki so po besedah o\u010dividcev uporabili tudi poprov sprej. Na kongresu AfD, ki je bila leta 2013 ustanovljena iz nasprotovanja evru, ob za\u010detku begunske krize pa se je osredoto\u010dila na nasprotovanje prihodu beguncev v Nem\u010dijo, naj bi se zbralo okoli 2400 njenih \u010dlanov. Na kongresu naj bi sprejeli prvi program stranke. Marca je stranka na de\u017eelnih volitvah v treh nem\u0161kih zveznih de\u017eelah do\u017eivela velik uspeh.Svet","og_url":"https:\/\/hudo.com\/si\/aktualno\/nemska-policija-pred-kongresom-afd-aretirala-400-protestnikov\/","og_site_name":"Hudo Slovenija","article_publisher":"https:\/\/www.facebook.com\/hudo.si","article_published_time":"2016-04-30T08:42:00+00:00","article_modified_time":"2016-04-30T19:11:26+00:00","og_image":[{"width":450,"height":236,"url":"https:\/\/hudo.com\/si\/wp-content\/uploads\/sites\/2\/2016\/04\/05283670-300.jpg","type":"image\/jpeg"}],"author":"hudo","twitter_card":"summary_large_image","twitter_creator":"@hudo_si","twitter_site":"@hudo_si","twitter_misc":{"Written by":"hudo","Est. reading time":"1 minuta"},"schema":{"@context":"https:\/\/schema.org","@graph":[{"@type":"Article","@id":"https:\/\/hudo.com\/si\/aktualno\/nemska-policija-pred-kongresom-afd-aretirala-400-protestnikov\/#article","isPartOf":{"@id":"https:\/\/hudo.com\/si\/aktualno\/nemska-policija-pred-kongresom-afd-aretirala-400-protestnikov\/"},"author":{"name":"hudo","@id":"https:\/\/hudo.com\/si\/#\/schema\/person\/601cf3379633985b20f7e50f2bb47707"},"headline":"Nem\u0161ka policija pred kongresom AfD aretirala 400 protestnikov","datePublished":"2016-04-30T08:42:00+00:00","dateModified":"2016-04-30T19:11:26+00:00","mainEntityOfPage":{"@id":"https:\/\/hudo.com\/si\/aktualno\/nemska-policija-pred-kongresom-afd-aretirala-400-protestnikov\/"},"wordCount":148,"publisher":{"@id":"https:\/\/hudo.com\/si\/#organization"},"articleSection":["Aktualno"],"inLanguage":"sl-SI"},{"@type":"WebPage","@id":"https:\/\/hudo.com\/si\/aktualno\/nemska-policija-pred-kongresom-afd-aretirala-400-protestnikov\/","url":"https:\/\/hudo.com\/si\/aktualno\/nemska-policija-pred-kongresom-afd-aretirala-400-protestnikov\/","name":"Nem\u0161ka policija pred kongresom AfD aretirala 400 protestnikov - Hudo Slovenija","isPartOf":{"@id":"https:\/\/hudo.com\/si\/#website"},"datePublished":"2016-04-30T08:42:00+00:00","dateModified":"2016-04-30T19:11:26+00:00","breadcrumb":{"@id":"https:\/\/hudo.com\/si\/aktualno\/nemska-policija-pred-kongresom-afd-aretirala-400-protestnikov\/#breadcrumb"},"inLanguage":"sl-SI","potentialAction":[{"@type":"ReadAction","target":["https:\/\/hudo.com\/si\/aktualno\/nemska-policija-pred-kongresom-afd-aretirala-400-protestnikov\/"]}]},{"@type":"BreadcrumbList","@id":"https:\/\/hudo.com\/si\/aktualno\/nemska-policija-pred-kongresom-afd-aretirala-400-protestnikov\/#breadcrumb","itemListElement":[{"@type":"ListItem","position":1,"name":"Home","item":"https:\/\/hudo.com\/si\/"},{"@type":"ListItem","position":2,"name":"Nem\u0161ka policija pred kongresom AfD aretirala 400 protestnikov"}]},{"@type":"WebSite","@id":"https:\/\/hudo.com\/si\/#website","url":"https:\/\/hudo.com\/si\/","name":"Hudo Slovenija","description":"Vse novice iz Slovenije in sveta","publisher":{"@id":"https:\/\/hudo.com\/si\/#organization"},"potentialAction":[{"@type":"SearchAction","target":{"@type":"EntryPoint","urlTemplate":"https:\/\/hudo.com\/si\/?s={search_term_string}"},"query-input":"required name=search_term_string"}],"inLanguage":"sl-SI"},{"@type":"Organization","@id":"https:\/\/hudo.com\/si\/#organization","name":"VSN Media","url":"https:\/\/hudo.com\/si\/","logo":{"@type":"ImageObject","inLanguage":"sl-SI","@id":"https:\/\/hudo.com\/si\/#\/schema\/logo\/image\/","url":"https:\/\/hudo.com\/si\/wp-content\/uploads\/sites\/2\/2021\/03\/hudo-app-2.png","contentUrl":"https:\/\/hudo.com\/si\/wp-content\/uploads\/sites\/2\/2021\/03\/hudo-app-2.png","width":2185,"height":2167,"caption":"VSN Media"},"image":{"@id":"https:\/\/hudo.com\/si\/#\/schema\/logo\/image\/"},"sameAs":["https:\/\/www.facebook.com\/hudo.si","https:\/\/twitter.com\/hudo_si"]},{"@type":"Person","@id":"https:\/\/hudo.com\/si\/#\/schema\/person\/601cf3379633985b20f7e50f2bb47707","name":"hudo","image":{"@type":"ImageObject","inLanguage":"sl-SI","@id":"https:\/\/hudo.com\/si\/#\/schema\/person\/image\/","url":"https:\/\/secure.gravatar.com\/avatar\/c4ca25fa72cace7a696b52ff5db9e095?s=96&d=mm&r=g","contentUrl":"https:\/\/secure.gravatar.com\/avatar\/c4ca25fa72cace7a696b52ff5db9e095?s=96&d=mm&r=g","caption":"hudo"},"url":"https:\/\/hudo.com\/si\/author\/hudo\/"}]}},"amp_enabled":true,"_links":{"self":[{"href":"https:\/\/hudo.com\/si\/wp-json\/wp\/v2\/posts\/42735"}],"collection":[{"href":"https:\/\/hudo.com\/si\/wp-json\/wp\/v2\/posts"}],"about":[{"href":"https:\/\/hudo.com\/si\/wp-json\/wp\/v2\/types\/post"}],"author":[{"embeddable":true,"href":"https:\/\/hudo.com\/si\/wp-json\/wp\/v2\/users\/1"}],"replies":[{"embeddable":true,"href":"https:\/\/hudo.com\/si\/wp-json\/wp\/v2\/comments?post=42735"}],"version-history":[{"count":1,"href":"https:\/\/hudo.com\/si\/wp-json\/wp\/v2\/posts\/42735\/revisions"}],"predecessor-version":[{"id":42771,"href":"https:\/\/hudo.com\/si\/wp-json\/wp\/v2\/posts\/42735\/revisions\/42771"}],"wp:attachment":[{"href":"https:\/\/hudo.com\/si\/wp-json\/wp\/v2\/media?parent=42735"}],"wp:term":[{"taxonomy":"category","embeddable":true,"href":"https:\/\/hudo.com\/si\/wp-json\/wp\/v2\/categories?post=42735"},{"taxonomy":"post_tag","embeddable":true,"href":"https:\/\/hudo.com\/si\/wp-json\/wp\/v2\/tags?post=42735"},{"taxonomy":"source","embeddable":true,"href":"https:\/\/hudo.com\/si\/wp-json\/wp\/v2\/source?post=42735"},{"taxonomy":"supertag","embeddable":true,"href":"https:\/\/hudo.com\/si\/wp-json\/wp\/v2\/supertag?post=42735"}],"curies":[{"name":"wp","href":"https:\/\/api.w.org\/{rel}","templated":true}]}}