{"id":427717,"date":"2020-07-16T11:30:38","date_gmt":"2020-07-16T09:30:38","guid":{"rendered":"http:\/\/hudo.com\/si\/?p=427717"},"modified":"2020-07-16T11:30:38","modified_gmt":"2020-07-16T09:30:38","slug":"v-skupnostih-socialnih-varstveno-delovnih-centrov-zahtevajo-zagotovitev-zunanjih-enot-za-s-koronaviruom-okuzene-stanovalce","status":"publish","type":"post","link":"https:\/\/hudo.com\/si\/aktualno\/v-skupnostih-socialnih-varstveno-delovnih-centrov-zahtevajo-zagotovitev-zunanjih-enot-za-s-koronaviruom-okuzene-stanovalce\/","title":{"rendered":"V skupnostih socialnih in varstveno delovnih centrov zahtevajo zagotovitev zunanjih enot za s koronaviruom oku\u017eene stanovalce"},"content":{"rendered":"<p>Organizacije so v skupnem zapisu opomnile, da je po trenutno veljavni zakonodaj za obolele s covidom-19 obvezna popolna osamitev. Izpostavile so dolo\u010dbo, da se &#8220;osamitev brez izjeme izvede v poobla\u0161\u010denem zdravstvenem zavodu, v posebnem prostoru z zagotovljeno visoko stopnjo varnosti za prepre\u010ditev \u0161irjenja povzro\u010ditelja&#8221;.<\/p>\n<p>Ob tem so opozorile, da ve\u010dina socialnovarstvenih zavodov in varstveno-delovnih centrov nima osnovnih prostorskih, tehni\u010dnih, kadrovskih in drugih virov za izvajanje popolne in u\u010dinkovite osamitve oseb, oku\u017eenih s koronavirusom, niti ne gre za poobla\u0161\u010den zdravstveni zavod, kot to zahteva veljavna zakonodaja. &#8220;Prisila, da socialnovarstveni zavodi in varstveno-delovni centri vzpostavijo tako imenovano sivo in rde\u010do cono, je torej v nasprotju s trenutno veljavno zakonodajo,&#8221; so navedli.<\/p>\n<p>Dodajajo \u0161e, da lahko zadr\u017eevanje obolelih s covidom-19 v socialnovarstvenih zavodih in centrih ogro\u017ea zdravje in kr\u0161i pravice zdravih stanovalcev.<\/p>\n<p>Podpisniki vztrajajo, da se osamitve izvajajo izklju\u010dno v poobla\u0161\u010denih zdravstvenih zavodih ali v drugih nujnih kapacitetah, ki po arhitekturni zasnovi, opremljenosti in kadru ustrezajo standardom za poobla\u0161\u010dene zdravstvene zavode, da se lahko spopadejo z nalezljivimi boleznimi.<\/p>\n<p>&#8220;Osamitev izven zavoda ali centra ne more biti predmet vsakokratnega zamudnega dogovarjanja ali celo improvizacije, ko pride do oku\u017ebe ali suma oku\u017ebe. Nujna je sistemska ureditev, ki bo tak\u0161no ukrepanje vnaprej predvidela v vseh prizadetih zavodih in centrih ter jim s tem omogo\u010dila hitro odzivanje,&#8221; so pozvali.<\/p>\n<p>Zavra\u010dajo tudi ocene, da je za oku\u017eene stanovalce oziroma uporabnike bolje, da ostanejo v domu, saj naj bi bilo zanje to manj stresno in bolj udobno, okolje pa bolj &#8220;doma\u010de&#8221;. Opozarjajo, da je ve\u010dkratno preme\u0161\u010danje po domskih conah za stanovalce prav tako stresno kot premestitev v zunanji poobla\u0161\u010den zdravstveni zavod za osamitev.<\/p>\n<p>O tej problematiki se danes sestajajo predstavniki skupnosti socialnih zavodov ter ministrstva za delo, dru\u017eino, socialne zadeve in enake mo\u017enosti, so sporo\u010dili iz slovenske Amnesty International.<\/p>\n<p>Glede o\u010ditkov o vnaprej\u0161njem tria\u017eiranju in vlo\u017enih listih, ki \u0161e niso dobili epiloga, pa so organizacije oblasti pozvale, da poleg strokovnega nadzora dela zdravstvenih delavcev glede vpra\u0161anja vlo\u017enih listov izvedejo tudi sistemski nadzor, ki bo zajel odlo\u010devalske procese na vseh, tudi najvi\u0161ji ravni.<\/p>\n","protected":false},"excerpt":{"rendered":"<p>V skupnostih socialnih in varstveno delovnih centrov, slovenski Amnesty International in Dru\u0161tvu Spomin\u010dica zahtevajo, da se do 1. avgusta zagotovijo zunanje enote za oku\u017eene varovance, ki ne potrebujejo bolni\u0161ni\u010dnega zdravljenja. \u010ce zahtevam ne bo ugodeno, se bo skupnost socialnih zavodov umaknila iz vseh delovnih skupin na tem podro\u010dju.<\/p>\n","protected":false},"author":8,"featured_media":426616,"comment_status":"closed","ping_status":"closed","sticky":false,"template":"","format":"standard","meta":{"footnotes":""},"categories":[1179],"tags":[5242,15632,1595,16723],"source":[4511],"supertag":[5675],"acf":[],"yoast_head":"<!-- This site is optimized with the Yoast SEO plugin v21.3 - https:\/\/yoast.com\/wordpress\/plugins\/seo\/ -->\n<title>V skupnostih socialnih in varstveno delovnih centrov zahtevajo zagotovitev zunanjih enot za s koronaviruom oku\u017eene stanovalce - Hudo Slovenija<\/title>\n<meta name=\"robots\" content=\"index, follow, max-snippet:-1, max-image-preview:large, max-video-preview:-1\" \/>\n<link rel=\"canonical\" href=\"https:\/\/hudo.com\/si\/aktualno\/v-skupnostih-socialnih-varstveno-delovnih-centrov-zahtevajo-zagotovitev-zunanjih-enot-za-s-koronaviruom-okuzene-stanovalce\/\" \/>\n<meta property=\"og:locale\" content=\"sl_SI\" \/>\n<meta property=\"og:type\" content=\"article\" \/>\n<meta property=\"og:title\" content=\"V skupnostih socialnih in varstveno delovnih centrov zahtevajo zagotovitev zunanjih enot za s koronaviruom oku\u017eene stanovalce - Hudo Slovenija\" \/>\n<meta property=\"og:description\" content=\"V skupnostih socialnih in varstveno delovnih centrov, slovenski Amnesty International in Dru\u0161tvu Spomin\u010dica zahtevajo, da se do 1. avgusta zagotovijo zunanje enote za oku\u017eene varovance, ki ne potrebujejo bolni\u0161ni\u010dnega zdravljenja. \u010ce zahtevam ne bo ugodeno, se bo skupnost socialnih zavodov umaknila iz vseh delovnih skupin na tem podro\u010dju.\" \/>\n<meta property=\"og:url\" content=\"https:\/\/hudo.com\/si\/aktualno\/v-skupnostih-socialnih-varstveno-delovnih-centrov-zahtevajo-zagotovitev-zunanjih-enot-za-s-koronaviruom-okuzene-stanovalce\/\" \/>\n<meta property=\"og:site_name\" content=\"Hudo Slovenija\" \/>\n<meta property=\"article:publisher\" content=\"https:\/\/www.facebook.com\/hudo.si\" \/>\n<meta property=\"article:published_time\" content=\"2020-07-16T09:30:38+00:00\" \/>\n<meta property=\"og:image\" content=\"https:\/\/hudo.com\/si\/wp-content\/uploads\/sites\/2\/2020\/07\/profimedia-0535889346.jpg\" \/>\n\t<meta property=\"og:image:width\" content=\"1250\" \/>\n\t<meta property=\"og:image:height\" content=\"833\" \/>\n\t<meta property=\"og:image:type\" content=\"image\/jpeg\" \/>\n<meta name=\"author\" content=\"M. N., STA\" \/>\n<meta name=\"twitter:card\" content=\"summary_large_image\" \/>\n<meta name=\"twitter:creator\" content=\"@hudo_si\" \/>\n<meta name=\"twitter:site\" content=\"@hudo_si\" \/>\n<meta name=\"twitter:label1\" content=\"Written by\" \/>\n\t<meta name=\"twitter:data1\" content=\"M. N., STA\" \/>\n\t<meta name=\"twitter:label2\" content=\"Est. reading time\" \/>\n\t<meta name=\"twitter:data2\" content=\"2 minuti\" \/>\n<script type=\"application\/ld+json\" class=\"yoast-schema-graph\">{\"@context\":\"https:\/\/schema.org\",\"@graph\":[{\"@type\":\"Article\",\"@id\":\"https:\/\/hudo.com\/si\/aktualno\/v-skupnostih-socialnih-varstveno-delovnih-centrov-zahtevajo-zagotovitev-zunanjih-enot-za-s-koronaviruom-okuzene-stanovalce\/#article\",\"isPartOf\":{\"@id\":\"https:\/\/hudo.com\/si\/aktualno\/v-skupnostih-socialnih-varstveno-delovnih-centrov-zahtevajo-zagotovitev-zunanjih-enot-za-s-koronaviruom-okuzene-stanovalce\/\"},\"author\":{\"name\":\"M. N., STA\",\"@id\":\"https:\/\/hudo.com\/si\/#\/schema\/person\/c2f10ce65d2e6ede2aeda5be2a0611fa\"},\"headline\":\"V skupnostih socialnih in varstveno delovnih centrov zahtevajo zagotovitev zunanjih enot za s koronaviruom oku\u017eene stanovalce\",\"datePublished\":\"2020-07-16T09:30:38+00:00\",\"dateModified\":\"2020-07-16T09:30:38+00:00\",\"mainEntityOfPage\":{\"@id\":\"https:\/\/hudo.com\/si\/aktualno\/v-skupnostih-socialnih-varstveno-delovnih-centrov-zahtevajo-zagotovitev-zunanjih-enot-za-s-koronaviruom-okuzene-stanovalce\/\"},\"wordCount\":387,\"publisher\":{\"@id\":\"https:\/\/hudo.com\/si\/#organization\"},\"keywords\":[\"Amnesty International\",\"koronavirus\",\"Slovenija\",\"varstveno delovni centri\"],\"articleSection\":[\"Aktualno\"],\"inLanguage\":\"sl-SI\"},{\"@type\":\"WebPage\",\"@id\":\"https:\/\/hudo.com\/si\/aktualno\/v-skupnostih-socialnih-varstveno-delovnih-centrov-zahtevajo-zagotovitev-zunanjih-enot-za-s-koronaviruom-okuzene-stanovalce\/\",\"url\":\"https:\/\/hudo.com\/si\/aktualno\/v-skupnostih-socialnih-varstveno-delovnih-centrov-zahtevajo-zagotovitev-zunanjih-enot-za-s-koronaviruom-okuzene-stanovalce\/\",\"name\":\"V skupnostih socialnih in varstveno delovnih centrov zahtevajo zagotovitev zunanjih enot za s koronaviruom oku\u017eene stanovalce - Hudo Slovenija\",\"isPartOf\":{\"@id\":\"https:\/\/hudo.com\/si\/#website\"},\"datePublished\":\"2020-07-16T09:30:38+00:00\",\"dateModified\":\"2020-07-16T09:30:38+00:00\",\"breadcrumb\":{\"@id\":\"https:\/\/hudo.com\/si\/aktualno\/v-skupnostih-socialnih-varstveno-delovnih-centrov-zahtevajo-zagotovitev-zunanjih-enot-za-s-koronaviruom-okuzene-stanovalce\/#breadcrumb\"},\"inLanguage\":\"sl-SI\",\"potentialAction\":[{\"@type\":\"ReadAction\",\"target\":[\"https:\/\/hudo.com\/si\/aktualno\/v-skupnostih-socialnih-varstveno-delovnih-centrov-zahtevajo-zagotovitev-zunanjih-enot-za-s-koronaviruom-okuzene-stanovalce\/\"]}]},{\"@type\":\"BreadcrumbList\",\"@id\":\"https:\/\/hudo.com\/si\/aktualno\/v-skupnostih-socialnih-varstveno-delovnih-centrov-zahtevajo-zagotovitev-zunanjih-enot-za-s-koronaviruom-okuzene-stanovalce\/#breadcrumb\",\"itemListElement\":[{\"@type\":\"ListItem\",\"position\":1,\"name\":\"Home\",\"item\":\"https:\/\/hudo.com\/si\/\"},{\"@type\":\"ListItem\",\"position\":2,\"name\":\"V skupnostih socialnih in varstveno delovnih centrov zahtevajo zagotovitev zunanjih enot za s koronaviruom oku\u017eene stanovalce\"}]},{\"@type\":\"WebSite\",\"@id\":\"https:\/\/hudo.com\/si\/#website\",\"url\":\"https:\/\/hudo.com\/si\/\",\"name\":\"Hudo Slovenija\",\"description\":\"Vse novice iz Slovenije in sveta\",\"publisher\":{\"@id\":\"https:\/\/hudo.com\/si\/#organization\"},\"potentialAction\":[{\"@type\":\"SearchAction\",\"target\":{\"@type\":\"EntryPoint\",\"urlTemplate\":\"https:\/\/hudo.com\/si\/?s={search_term_string}\"},\"query-input\":\"required name=search_term_string\"}],\"inLanguage\":\"sl-SI\"},{\"@type\":\"Organization\",\"@id\":\"https:\/\/hudo.com\/si\/#organization\",\"name\":\"VSN Media\",\"url\":\"https:\/\/hudo.com\/si\/\",\"logo\":{\"@type\":\"ImageObject\",\"inLanguage\":\"sl-SI\",\"@id\":\"https:\/\/hudo.com\/si\/#\/schema\/logo\/image\/\",\"url\":\"https:\/\/hudo.com\/si\/wp-content\/uploads\/sites\/2\/2021\/03\/hudo-app-2.png\",\"contentUrl\":\"https:\/\/hudo.com\/si\/wp-content\/uploads\/sites\/2\/2021\/03\/hudo-app-2.png\",\"width\":2185,\"height\":2167,\"caption\":\"VSN Media\"},\"image\":{\"@id\":\"https:\/\/hudo.com\/si\/#\/schema\/logo\/image\/\"},\"sameAs\":[\"https:\/\/www.facebook.com\/hudo.si\",\"https:\/\/twitter.com\/hudo_si\"]},{\"@type\":\"Person\",\"@id\":\"https:\/\/hudo.com\/si\/#\/schema\/person\/c2f10ce65d2e6ede2aeda5be2a0611fa\",\"name\":\"M. N., STA\",\"image\":{\"@type\":\"ImageObject\",\"inLanguage\":\"sl-SI\",\"@id\":\"https:\/\/hudo.com\/si\/#\/schema\/person\/image\/\",\"url\":\"https:\/\/secure.gravatar.com\/avatar\/f370d38daa10467f755c5c766a4cac20?s=96&d=mm&r=g\",\"contentUrl\":\"https:\/\/secure.gravatar.com\/avatar\/f370d38daa10467f755c5c766a4cac20?s=96&d=mm&r=g\",\"caption\":\"M. N., STA\"},\"url\":\"https:\/\/hudo.com\/si\/author\/mana\/\"}]}<\/script>\n<!-- \/ Yoast SEO plugin. -->","yoast_head_json":{"title":"V skupnostih socialnih in varstveno delovnih centrov zahtevajo zagotovitev zunanjih enot za s koronaviruom oku\u017eene stanovalce - Hudo Slovenija","robots":{"index":"index","follow":"follow","max-snippet":"max-snippet:-1","max-image-preview":"max-image-preview:large","max-video-preview":"max-video-preview:-1"},"canonical":"https:\/\/hudo.com\/si\/aktualno\/v-skupnostih-socialnih-varstveno-delovnih-centrov-zahtevajo-zagotovitev-zunanjih-enot-za-s-koronaviruom-okuzene-stanovalce\/","og_locale":"sl_SI","og_type":"article","og_title":"V skupnostih socialnih in varstveno delovnih centrov zahtevajo zagotovitev zunanjih enot za s koronaviruom oku\u017eene stanovalce - Hudo Slovenija","og_description":"V skupnostih socialnih in varstveno delovnih centrov, slovenski Amnesty International in Dru\u0161tvu Spomin\u010dica zahtevajo, da se do 1. avgusta zagotovijo zunanje enote za oku\u017eene varovance, ki ne potrebujejo bolni\u0161ni\u010dnega zdravljenja. \u010ce zahtevam ne bo ugodeno, se bo skupnost socialnih zavodov umaknila iz vseh delovnih skupin na tem podro\u010dju.","og_url":"https:\/\/hudo.com\/si\/aktualno\/v-skupnostih-socialnih-varstveno-delovnih-centrov-zahtevajo-zagotovitev-zunanjih-enot-za-s-koronaviruom-okuzene-stanovalce\/","og_site_name":"Hudo Slovenija","article_publisher":"https:\/\/www.facebook.com\/hudo.si","article_published_time":"2020-07-16T09:30:38+00:00","og_image":[{"width":1250,"height":833,"url":"https:\/\/hudo.com\/si\/wp-content\/uploads\/sites\/2\/2020\/07\/profimedia-0535889346.jpg","type":"image\/jpeg"}],"author":"M. N., STA","twitter_card":"summary_large_image","twitter_creator":"@hudo_si","twitter_site":"@hudo_si","twitter_misc":{"Written by":"M. N., STA","Est. reading time":"2 minuti"},"schema":{"@context":"https:\/\/schema.org","@graph":[{"@type":"Article","@id":"https:\/\/hudo.com\/si\/aktualno\/v-skupnostih-socialnih-varstveno-delovnih-centrov-zahtevajo-zagotovitev-zunanjih-enot-za-s-koronaviruom-okuzene-stanovalce\/#article","isPartOf":{"@id":"https:\/\/hudo.com\/si\/aktualno\/v-skupnostih-socialnih-varstveno-delovnih-centrov-zahtevajo-zagotovitev-zunanjih-enot-za-s-koronaviruom-okuzene-stanovalce\/"},"author":{"name":"M. N., STA","@id":"https:\/\/hudo.com\/si\/#\/schema\/person\/c2f10ce65d2e6ede2aeda5be2a0611fa"},"headline":"V skupnostih socialnih in varstveno delovnih centrov zahtevajo zagotovitev zunanjih enot za s koronaviruom oku\u017eene stanovalce","datePublished":"2020-07-16T09:30:38+00:00","dateModified":"2020-07-16T09:30:38+00:00","mainEntityOfPage":{"@id":"https:\/\/hudo.com\/si\/aktualno\/v-skupnostih-socialnih-varstveno-delovnih-centrov-zahtevajo-zagotovitev-zunanjih-enot-za-s-koronaviruom-okuzene-stanovalce\/"},"wordCount":387,"publisher":{"@id":"https:\/\/hudo.com\/si\/#organization"},"keywords":["Amnesty International","koronavirus","Slovenija","varstveno delovni centri"],"articleSection":["Aktualno"],"inLanguage":"sl-SI"},{"@type":"WebPage","@id":"https:\/\/hudo.com\/si\/aktualno\/v-skupnostih-socialnih-varstveno-delovnih-centrov-zahtevajo-zagotovitev-zunanjih-enot-za-s-koronaviruom-okuzene-stanovalce\/","url":"https:\/\/hudo.com\/si\/aktualno\/v-skupnostih-socialnih-varstveno-delovnih-centrov-zahtevajo-zagotovitev-zunanjih-enot-za-s-koronaviruom-okuzene-stanovalce\/","name":"V skupnostih socialnih in varstveno delovnih centrov zahtevajo zagotovitev zunanjih enot za s koronaviruom oku\u017eene stanovalce - Hudo Slovenija","isPartOf":{"@id":"https:\/\/hudo.com\/si\/#website"},"datePublished":"2020-07-16T09:30:38+00:00","dateModified":"2020-07-16T09:30:38+00:00","breadcrumb":{"@id":"https:\/\/hudo.com\/si\/aktualno\/v-skupnostih-socialnih-varstveno-delovnih-centrov-zahtevajo-zagotovitev-zunanjih-enot-za-s-koronaviruom-okuzene-stanovalce\/#breadcrumb"},"inLanguage":"sl-SI","potentialAction":[{"@type":"ReadAction","target":["https:\/\/hudo.com\/si\/aktualno\/v-skupnostih-socialnih-varstveno-delovnih-centrov-zahtevajo-zagotovitev-zunanjih-enot-za-s-koronaviruom-okuzene-stanovalce\/"]}]},{"@type":"BreadcrumbList","@id":"https:\/\/hudo.com\/si\/aktualno\/v-skupnostih-socialnih-varstveno-delovnih-centrov-zahtevajo-zagotovitev-zunanjih-enot-za-s-koronaviruom-okuzene-stanovalce\/#breadcrumb","itemListElement":[{"@type":"ListItem","position":1,"name":"Home","item":"https:\/\/hudo.com\/si\/"},{"@type":"ListItem","position":2,"name":"V skupnostih socialnih in varstveno delovnih centrov zahtevajo zagotovitev zunanjih enot za s koronaviruom oku\u017eene stanovalce"}]},{"@type":"WebSite","@id":"https:\/\/hudo.com\/si\/#website","url":"https:\/\/hudo.com\/si\/","name":"Hudo Slovenija","description":"Vse novice iz Slovenije in sveta","publisher":{"@id":"https:\/\/hudo.com\/si\/#organization"},"potentialAction":[{"@type":"SearchAction","target":{"@type":"EntryPoint","urlTemplate":"https:\/\/hudo.com\/si\/?s={search_term_string}"},"query-input":"required name=search_term_string"}],"inLanguage":"sl-SI"},{"@type":"Organization","@id":"https:\/\/hudo.com\/si\/#organization","name":"VSN Media","url":"https:\/\/hudo.com\/si\/","logo":{"@type":"ImageObject","inLanguage":"sl-SI","@id":"https:\/\/hudo.com\/si\/#\/schema\/logo\/image\/","url":"https:\/\/hudo.com\/si\/wp-content\/uploads\/sites\/2\/2021\/03\/hudo-app-2.png","contentUrl":"https:\/\/hudo.com\/si\/wp-content\/uploads\/sites\/2\/2021\/03\/hudo-app-2.png","width":2185,"height":2167,"caption":"VSN Media"},"image":{"@id":"https:\/\/hudo.com\/si\/#\/schema\/logo\/image\/"},"sameAs":["https:\/\/www.facebook.com\/hudo.si","https:\/\/twitter.com\/hudo_si"]},{"@type":"Person","@id":"https:\/\/hudo.com\/si\/#\/schema\/person\/c2f10ce65d2e6ede2aeda5be2a0611fa","name":"M. N., STA","image":{"@type":"ImageObject","inLanguage":"sl-SI","@id":"https:\/\/hudo.com\/si\/#\/schema\/person\/image\/","url":"https:\/\/secure.gravatar.com\/avatar\/f370d38daa10467f755c5c766a4cac20?s=96&d=mm&r=g","contentUrl":"https:\/\/secure.gravatar.com\/avatar\/f370d38daa10467f755c5c766a4cac20?s=96&d=mm&r=g","caption":"M. N., STA"},"url":"https:\/\/hudo.com\/si\/author\/mana\/"}]}},"amp_enabled":true,"_links":{"self":[{"href":"https:\/\/hudo.com\/si\/wp-json\/wp\/v2\/posts\/427717"}],"collection":[{"href":"https:\/\/hudo.com\/si\/wp-json\/wp\/v2\/posts"}],"about":[{"href":"https:\/\/hudo.com\/si\/wp-json\/wp\/v2\/types\/post"}],"author":[{"embeddable":true,"href":"https:\/\/hudo.com\/si\/wp-json\/wp\/v2\/users\/8"}],"replies":[{"embeddable":true,"href":"https:\/\/hudo.com\/si\/wp-json\/wp\/v2\/comments?post=427717"}],"version-history":[{"count":1,"href":"https:\/\/hudo.com\/si\/wp-json\/wp\/v2\/posts\/427717\/revisions"}],"predecessor-version":[{"id":427718,"href":"https:\/\/hudo.com\/si\/wp-json\/wp\/v2\/posts\/427717\/revisions\/427718"}],"wp:featuredmedia":[{"embeddable":true,"href":"https:\/\/hudo.com\/si\/wp-json\/wp\/v2\/media\/426616"}],"wp:attachment":[{"href":"https:\/\/hudo.com\/si\/wp-json\/wp\/v2\/media?parent=427717"}],"wp:term":[{"taxonomy":"category","embeddable":true,"href":"https:\/\/hudo.com\/si\/wp-json\/wp\/v2\/categories?post=427717"},{"taxonomy":"post_tag","embeddable":true,"href":"https:\/\/hudo.com\/si\/wp-json\/wp\/v2\/tags?post=427717"},{"taxonomy":"source","embeddable":true,"href":"https:\/\/hudo.com\/si\/wp-json\/wp\/v2\/source?post=427717"},{"taxonomy":"supertag","embeddable":true,"href":"https:\/\/hudo.com\/si\/wp-json\/wp\/v2\/supertag?post=427717"}],"curies":[{"name":"wp","href":"https:\/\/api.w.org\/{rel}","templated":true}]}}