{"id":427770,"date":"2020-07-17T08:10:06","date_gmt":"2020-07-17T06:10:06","guid":{"rendered":"http:\/\/hudo.com\/si\/?p=427770"},"modified":"2020-07-17T08:10:06","modified_gmt":"2020-07-17T06:10:06","slug":"danes-zjutraj-obcutili-zmeren-potresni-sunek-v-kobaridu","status":"publish","type":"post","link":"https:\/\/hudo.com\/si\/aktualno\/danes-zjutraj-obcutili-zmeren-potresni-sunek-v-kobaridu\/","title":{"rendered":"Danes zjutraj ob\u010dutili zmeren potresni sunek v Kobaridu"},"content":{"rendered":"<p>Intenziteta potresa v \u0161ir\u0161em nad\u017eari\u0161\u010dnem obmo\u010dju ni presegla IV. stopnje po evropski potresni lestvici, potres pa so \u010dutili prebivalci zahodne in osrednje Slovenije, so \u0161e sporo\u010dili iz Urada za seizmologijo in geologijo pri Agenciji RS za okolje.<\/p>\n","protected":false},"excerpt":{"rendered":"<p>Seizmografi dr\u017eavne mre\u017ee potresnih opazovalnic so danes ob 4.50 zabele\u017eili zmeren potresni sunek, magnitude 3,8. Po prvih podatkih je bilo \u017eari\u0161\u010de potresa 79 kilometrov zahodno od Ljubljane, v Kobaridu.<\/p>\n","protected":false},"author":8,"featured_media":415407,"comment_status":"closed","ping_status":"closed","sticky":false,"template":"","format":"standard","meta":{"footnotes":""},"categories":[1179],"tags":[8458,3718,1595],"source":[4511],"supertag":[5675],"acf":[],"yoast_head":"<!-- This site is optimized with the Yoast SEO plugin v21.3 - https:\/\/yoast.com\/wordpress\/plugins\/seo\/ -->\n<title>Danes zjutraj ob\u010dutili zmeren potresni sunek v Kobaridu - Hudo Slovenija<\/title>\n<meta name=\"robots\" content=\"index, follow, max-snippet:-1, max-image-preview:large, max-video-preview:-1\" \/>\n<link rel=\"canonical\" href=\"https:\/\/hudo.com\/si\/aktualno\/danes-zjutraj-obcutili-zmeren-potresni-sunek-v-kobaridu\/\" \/>\n<meta property=\"og:locale\" content=\"sl_SI\" \/>\n<meta property=\"og:type\" content=\"article\" \/>\n<meta property=\"og:title\" content=\"Danes zjutraj ob\u010dutili zmeren potresni sunek v Kobaridu - Hudo Slovenija\" \/>\n<meta property=\"og:description\" content=\"Seizmografi dr\u017eavne mre\u017ee potresnih opazovalnic so danes ob 4.50 zabele\u017eili zmeren potresni sunek, magnitude 3,8. Po prvih podatkih je bilo \u017eari\u0161\u010de potresa 79 kilometrov zahodno od Ljubljane, v Kobaridu.\" \/>\n<meta property=\"og:url\" content=\"https:\/\/hudo.com\/si\/aktualno\/danes-zjutraj-obcutili-zmeren-potresni-sunek-v-kobaridu\/\" \/>\n<meta property=\"og:site_name\" content=\"Hudo Slovenija\" \/>\n<meta property=\"article:publisher\" content=\"https:\/\/www.facebook.com\/hudo.si\" \/>\n<meta property=\"article:published_time\" content=\"2020-07-17T06:10:06+00:00\" \/>\n<meta property=\"og:image\" content=\"https:\/\/hudo.com\/si\/wp-content\/uploads\/sites\/2\/2020\/02\/profimedia-0102197380.jpg\" \/>\n\t<meta property=\"og:image:width\" content=\"1250\" \/>\n\t<meta property=\"og:image:height\" content=\"846\" \/>\n\t<meta property=\"og:image:type\" content=\"image\/jpeg\" \/>\n<meta name=\"author\" content=\"M. N., STA\" \/>\n<meta name=\"twitter:card\" content=\"summary_large_image\" \/>\n<meta name=\"twitter:creator\" content=\"@hudo_si\" \/>\n<meta name=\"twitter:site\" content=\"@hudo_si\" \/>\n<meta name=\"twitter:label1\" content=\"Written by\" \/>\n\t<meta name=\"twitter:data1\" content=\"M. N., STA\" \/>\n<script type=\"application\/ld+json\" class=\"yoast-schema-graph\">{\"@context\":\"https:\/\/schema.org\",\"@graph\":[{\"@type\":\"Article\",\"@id\":\"https:\/\/hudo.com\/si\/aktualno\/danes-zjutraj-obcutili-zmeren-potresni-sunek-v-kobaridu\/#article\",\"isPartOf\":{\"@id\":\"https:\/\/hudo.com\/si\/aktualno\/danes-zjutraj-obcutili-zmeren-potresni-sunek-v-kobaridu\/\"},\"author\":{\"name\":\"M. N., STA\",\"@id\":\"https:\/\/hudo.com\/si\/#\/schema\/person\/c2f10ce65d2e6ede2aeda5be2a0611fa\"},\"headline\":\"Danes zjutraj ob\u010dutili zmeren potresni sunek v Kobaridu\",\"datePublished\":\"2020-07-17T06:10:06+00:00\",\"dateModified\":\"2020-07-17T06:10:06+00:00\",\"mainEntityOfPage\":{\"@id\":\"https:\/\/hudo.com\/si\/aktualno\/danes-zjutraj-obcutili-zmeren-potresni-sunek-v-kobaridu\/\"},\"wordCount\":51,\"publisher\":{\"@id\":\"https:\/\/hudo.com\/si\/#organization\"},\"keywords\":[\"kobarid\",\"potres\",\"Slovenija\"],\"articleSection\":[\"Aktualno\"],\"inLanguage\":\"sl-SI\"},{\"@type\":\"WebPage\",\"@id\":\"https:\/\/hudo.com\/si\/aktualno\/danes-zjutraj-obcutili-zmeren-potresni-sunek-v-kobaridu\/\",\"url\":\"https:\/\/hudo.com\/si\/aktualno\/danes-zjutraj-obcutili-zmeren-potresni-sunek-v-kobaridu\/\",\"name\":\"Danes zjutraj ob\u010dutili zmeren potresni sunek v Kobaridu - Hudo Slovenija\",\"isPartOf\":{\"@id\":\"https:\/\/hudo.com\/si\/#website\"},\"datePublished\":\"2020-07-17T06:10:06+00:00\",\"dateModified\":\"2020-07-17T06:10:06+00:00\",\"breadcrumb\":{\"@id\":\"https:\/\/hudo.com\/si\/aktualno\/danes-zjutraj-obcutili-zmeren-potresni-sunek-v-kobaridu\/#breadcrumb\"},\"inLanguage\":\"sl-SI\",\"potentialAction\":[{\"@type\":\"ReadAction\",\"target\":[\"https:\/\/hudo.com\/si\/aktualno\/danes-zjutraj-obcutili-zmeren-potresni-sunek-v-kobaridu\/\"]}]},{\"@type\":\"BreadcrumbList\",\"@id\":\"https:\/\/hudo.com\/si\/aktualno\/danes-zjutraj-obcutili-zmeren-potresni-sunek-v-kobaridu\/#breadcrumb\",\"itemListElement\":[{\"@type\":\"ListItem\",\"position\":1,\"name\":\"Home\",\"item\":\"https:\/\/hudo.com\/si\/\"},{\"@type\":\"ListItem\",\"position\":2,\"name\":\"Danes zjutraj ob\u010dutili zmeren potresni sunek v Kobaridu\"}]},{\"@type\":\"WebSite\",\"@id\":\"https:\/\/hudo.com\/si\/#website\",\"url\":\"https:\/\/hudo.com\/si\/\",\"name\":\"Hudo Slovenija\",\"description\":\"Vse novice iz Slovenije in sveta\",\"publisher\":{\"@id\":\"https:\/\/hudo.com\/si\/#organization\"},\"potentialAction\":[{\"@type\":\"SearchAction\",\"target\":{\"@type\":\"EntryPoint\",\"urlTemplate\":\"https:\/\/hudo.com\/si\/?s={search_term_string}\"},\"query-input\":\"required name=search_term_string\"}],\"inLanguage\":\"sl-SI\"},{\"@type\":\"Organization\",\"@id\":\"https:\/\/hudo.com\/si\/#organization\",\"name\":\"VSN Media\",\"url\":\"https:\/\/hudo.com\/si\/\",\"logo\":{\"@type\":\"ImageObject\",\"inLanguage\":\"sl-SI\",\"@id\":\"https:\/\/hudo.com\/si\/#\/schema\/logo\/image\/\",\"url\":\"https:\/\/hudo.com\/si\/wp-content\/uploads\/sites\/2\/2021\/03\/hudo-app-2.png\",\"contentUrl\":\"https:\/\/hudo.com\/si\/wp-content\/uploads\/sites\/2\/2021\/03\/hudo-app-2.png\",\"width\":2185,\"height\":2167,\"caption\":\"VSN Media\"},\"image\":{\"@id\":\"https:\/\/hudo.com\/si\/#\/schema\/logo\/image\/\"},\"sameAs\":[\"https:\/\/www.facebook.com\/hudo.si\",\"https:\/\/twitter.com\/hudo_si\"]},{\"@type\":\"Person\",\"@id\":\"https:\/\/hudo.com\/si\/#\/schema\/person\/c2f10ce65d2e6ede2aeda5be2a0611fa\",\"name\":\"M. N., STA\",\"image\":{\"@type\":\"ImageObject\",\"inLanguage\":\"sl-SI\",\"@id\":\"https:\/\/hudo.com\/si\/#\/schema\/person\/image\/\",\"url\":\"https:\/\/secure.gravatar.com\/avatar\/f370d38daa10467f755c5c766a4cac20?s=96&d=mm&r=g\",\"contentUrl\":\"https:\/\/secure.gravatar.com\/avatar\/f370d38daa10467f755c5c766a4cac20?s=96&d=mm&r=g\",\"caption\":\"M. N., STA\"},\"url\":\"https:\/\/hudo.com\/si\/author\/mana\/\"}]}<\/script>\n<!-- \/ Yoast SEO plugin. -->","yoast_head_json":{"title":"Danes zjutraj ob\u010dutili zmeren potresni sunek v Kobaridu - Hudo Slovenija","robots":{"index":"index","follow":"follow","max-snippet":"max-snippet:-1","max-image-preview":"max-image-preview:large","max-video-preview":"max-video-preview:-1"},"canonical":"https:\/\/hudo.com\/si\/aktualno\/danes-zjutraj-obcutili-zmeren-potresni-sunek-v-kobaridu\/","og_locale":"sl_SI","og_type":"article","og_title":"Danes zjutraj ob\u010dutili zmeren potresni sunek v Kobaridu - Hudo Slovenija","og_description":"Seizmografi dr\u017eavne mre\u017ee potresnih opazovalnic so danes ob 4.50 zabele\u017eili zmeren potresni sunek, magnitude 3,8. Po prvih podatkih je bilo \u017eari\u0161\u010de potresa 79 kilometrov zahodno od Ljubljane, v Kobaridu.","og_url":"https:\/\/hudo.com\/si\/aktualno\/danes-zjutraj-obcutili-zmeren-potresni-sunek-v-kobaridu\/","og_site_name":"Hudo Slovenija","article_publisher":"https:\/\/www.facebook.com\/hudo.si","article_published_time":"2020-07-17T06:10:06+00:00","og_image":[{"width":1250,"height":846,"url":"https:\/\/hudo.com\/si\/wp-content\/uploads\/sites\/2\/2020\/02\/profimedia-0102197380.jpg","type":"image\/jpeg"}],"author":"M. N., STA","twitter_card":"summary_large_image","twitter_creator":"@hudo_si","twitter_site":"@hudo_si","twitter_misc":{"Written by":"M. N., STA"},"schema":{"@context":"https:\/\/schema.org","@graph":[{"@type":"Article","@id":"https:\/\/hudo.com\/si\/aktualno\/danes-zjutraj-obcutili-zmeren-potresni-sunek-v-kobaridu\/#article","isPartOf":{"@id":"https:\/\/hudo.com\/si\/aktualno\/danes-zjutraj-obcutili-zmeren-potresni-sunek-v-kobaridu\/"},"author":{"name":"M. N., STA","@id":"https:\/\/hudo.com\/si\/#\/schema\/person\/c2f10ce65d2e6ede2aeda5be2a0611fa"},"headline":"Danes zjutraj ob\u010dutili zmeren potresni sunek v Kobaridu","datePublished":"2020-07-17T06:10:06+00:00","dateModified":"2020-07-17T06:10:06+00:00","mainEntityOfPage":{"@id":"https:\/\/hudo.com\/si\/aktualno\/danes-zjutraj-obcutili-zmeren-potresni-sunek-v-kobaridu\/"},"wordCount":51,"publisher":{"@id":"https:\/\/hudo.com\/si\/#organization"},"keywords":["kobarid","potres","Slovenija"],"articleSection":["Aktualno"],"inLanguage":"sl-SI"},{"@type":"WebPage","@id":"https:\/\/hudo.com\/si\/aktualno\/danes-zjutraj-obcutili-zmeren-potresni-sunek-v-kobaridu\/","url":"https:\/\/hudo.com\/si\/aktualno\/danes-zjutraj-obcutili-zmeren-potresni-sunek-v-kobaridu\/","name":"Danes zjutraj ob\u010dutili zmeren potresni sunek v Kobaridu - Hudo Slovenija","isPartOf":{"@id":"https:\/\/hudo.com\/si\/#website"},"datePublished":"2020-07-17T06:10:06+00:00","dateModified":"2020-07-17T06:10:06+00:00","breadcrumb":{"@id":"https:\/\/hudo.com\/si\/aktualno\/danes-zjutraj-obcutili-zmeren-potresni-sunek-v-kobaridu\/#breadcrumb"},"inLanguage":"sl-SI","potentialAction":[{"@type":"ReadAction","target":["https:\/\/hudo.com\/si\/aktualno\/danes-zjutraj-obcutili-zmeren-potresni-sunek-v-kobaridu\/"]}]},{"@type":"BreadcrumbList","@id":"https:\/\/hudo.com\/si\/aktualno\/danes-zjutraj-obcutili-zmeren-potresni-sunek-v-kobaridu\/#breadcrumb","itemListElement":[{"@type":"ListItem","position":1,"name":"Home","item":"https:\/\/hudo.com\/si\/"},{"@type":"ListItem","position":2,"name":"Danes zjutraj ob\u010dutili zmeren potresni sunek v Kobaridu"}]},{"@type":"WebSite","@id":"https:\/\/hudo.com\/si\/#website","url":"https:\/\/hudo.com\/si\/","name":"Hudo Slovenija","description":"Vse novice iz Slovenije in sveta","publisher":{"@id":"https:\/\/hudo.com\/si\/#organization"},"potentialAction":[{"@type":"SearchAction","target":{"@type":"EntryPoint","urlTemplate":"https:\/\/hudo.com\/si\/?s={search_term_string}"},"query-input":"required name=search_term_string"}],"inLanguage":"sl-SI"},{"@type":"Organization","@id":"https:\/\/hudo.com\/si\/#organization","name":"VSN Media","url":"https:\/\/hudo.com\/si\/","logo":{"@type":"ImageObject","inLanguage":"sl-SI","@id":"https:\/\/hudo.com\/si\/#\/schema\/logo\/image\/","url":"https:\/\/hudo.com\/si\/wp-content\/uploads\/sites\/2\/2021\/03\/hudo-app-2.png","contentUrl":"https:\/\/hudo.com\/si\/wp-content\/uploads\/sites\/2\/2021\/03\/hudo-app-2.png","width":2185,"height":2167,"caption":"VSN Media"},"image":{"@id":"https:\/\/hudo.com\/si\/#\/schema\/logo\/image\/"},"sameAs":["https:\/\/www.facebook.com\/hudo.si","https:\/\/twitter.com\/hudo_si"]},{"@type":"Person","@id":"https:\/\/hudo.com\/si\/#\/schema\/person\/c2f10ce65d2e6ede2aeda5be2a0611fa","name":"M. N., STA","image":{"@type":"ImageObject","inLanguage":"sl-SI","@id":"https:\/\/hudo.com\/si\/#\/schema\/person\/image\/","url":"https:\/\/secure.gravatar.com\/avatar\/f370d38daa10467f755c5c766a4cac20?s=96&d=mm&r=g","contentUrl":"https:\/\/secure.gravatar.com\/avatar\/f370d38daa10467f755c5c766a4cac20?s=96&d=mm&r=g","caption":"M. N., STA"},"url":"https:\/\/hudo.com\/si\/author\/mana\/"}]}},"amp_enabled":true,"_links":{"self":[{"href":"https:\/\/hudo.com\/si\/wp-json\/wp\/v2\/posts\/427770"}],"collection":[{"href":"https:\/\/hudo.com\/si\/wp-json\/wp\/v2\/posts"}],"about":[{"href":"https:\/\/hudo.com\/si\/wp-json\/wp\/v2\/types\/post"}],"author":[{"embeddable":true,"href":"https:\/\/hudo.com\/si\/wp-json\/wp\/v2\/users\/8"}],"replies":[{"embeddable":true,"href":"https:\/\/hudo.com\/si\/wp-json\/wp\/v2\/comments?post=427770"}],"version-history":[{"count":1,"href":"https:\/\/hudo.com\/si\/wp-json\/wp\/v2\/posts\/427770\/revisions"}],"predecessor-version":[{"id":427771,"href":"https:\/\/hudo.com\/si\/wp-json\/wp\/v2\/posts\/427770\/revisions\/427771"}],"wp:featuredmedia":[{"embeddable":true,"href":"https:\/\/hudo.com\/si\/wp-json\/wp\/v2\/media\/415407"}],"wp:attachment":[{"href":"https:\/\/hudo.com\/si\/wp-json\/wp\/v2\/media?parent=427770"}],"wp:term":[{"taxonomy":"category","embeddable":true,"href":"https:\/\/hudo.com\/si\/wp-json\/wp\/v2\/categories?post=427770"},{"taxonomy":"post_tag","embeddable":true,"href":"https:\/\/hudo.com\/si\/wp-json\/wp\/v2\/tags?post=427770"},{"taxonomy":"source","embeddable":true,"href":"https:\/\/hudo.com\/si\/wp-json\/wp\/v2\/source?post=427770"},{"taxonomy":"supertag","embeddable":true,"href":"https:\/\/hudo.com\/si\/wp-json\/wp\/v2\/supertag?post=427770"}],"curies":[{"name":"wp","href":"https:\/\/api.w.org\/{rel}","templated":true}]}}