{"id":42823,"date":"2016-04-30T13:00:00","date_gmt":"2016-04-30T11:00:00","guid":{"rendered":"http:\/\/hudo.com\/si\/2016\/04\/30\/vlazen-les-se-bolj-onesnazuje\/"},"modified":"2016-04-30T18:11:12","modified_gmt":"2016-04-30T16:11:12","slug":"vlazen-les-se-bolj-onesnazuje","status":"publish","type":"post","link":"https:\/\/hudo.com\/si\/aktualno\/vlazen-les-se-bolj-onesnazuje\/","title":{"rendered":"Vla\u017een les \u0161e bolj onesna\u017euje"},"content":{"rendered":"<p>Kategorija: Kronika Sat, 30 Apr 2016 15:00:00 +0200  Ljubljana \u2013 \u010ce Slovenijo sredi tedna ne bi pre\u0161la hladna fronta, ki je s seboj prinesla de\u017e in sneg, bi po dr\u017eavi v soboto prav gotovo zagorelo ve\u010d kresov. A bo ugodna vremenska napoved danes privabila ljubitelje kresov, bolj spro\u0161\u010deni pa bodo lahko gasilci, saj je nevarnost po\u017eara v naravi zelo majhna.Po vsej dr\u017eavi je nevarnost po\u017eara v naravnem okolju prakti\u010dno ni\u010dna, medtem ko je ve\u010dja nevarnost, a po metodologiji agencije za okolje \u0161e vedno majhna, na obmo\u010dju Obale in Gori\u0161kem. Kurjenje kresov ima v javnosti po oceni ministrstva za okolje in prostor predvsem prizvok prijetnega kulturnega ali dru\u017eabnega dogodka, vendar ima to tudi negativen vpliv na okolje. Onesna\u017eevalci zraka Kurjenje kresov vpliva predvsem na povi\u0161anje trdnih delcev s premerom\u00a0&#8230;<\/p>\n","protected":false},"excerpt":{"rendered":"<p>Kategorija: Kronika Sat, 30 Apr 2016 15:00:00 +0200  Ljubljana \u2013 \u010ce Slovenijo sredi tedna ne bi pre\u0161la hladna fronta, ki je s seboj prinesla de\u017e in sneg, bi po dr\u017eavi v soboto prav gotovo zagorelo ve\u010d kresov. A bo ugodna vremenska napoved danes privabila ljubitelje kresov, bolj spro\u0161\u010deni pa bodo lahko gasilci, saj je nevarnost po\u017eara v naravi zelo majhna.Po vsej dr\u017eavi je nevarnost po\u017eara v naravnem okolju prakti\u010dno ni\u010dna, medtem ko je ve\u010dja nevarnost, a po metodologiji agencije za okolje \u0161e vedno majhna, na obmo\u010dju Obale in Gori\u0161kem. Kurjenje kresov ima v javnosti po oceni ministrstva za okolje in prostor predvsem prizvok prijetnega kulturnega ali dru\u017eabnega dogodka, vendar ima to tudi negativen vpliv na okolje. Onesna\u017eevalci zraka Kurjenje kresov vpliva predvsem na povi\u0161anje trdnih delcev s premerom\u00a0&#8230;<\/p>\n","protected":false},"author":1,"featured_media":0,"comment_status":"closed","ping_status":"closed","sticky":false,"template":"","format":"standard","meta":{"footnotes":""},"categories":[1179],"tags":[],"source":[4511],"supertag":[],"acf":[],"yoast_head":"<!-- This site is optimized with the Yoast SEO plugin v21.3 - https:\/\/yoast.com\/wordpress\/plugins\/seo\/ -->\n<title>Vla\u017een les \u0161e bolj onesna\u017euje - Hudo Slovenija<\/title>\n<meta name=\"robots\" content=\"index, follow, max-snippet:-1, max-image-preview:large, max-video-preview:-1\" \/>\n<link rel=\"canonical\" href=\"https:\/\/hudo.com\/si\/aktualno\/vlazen-les-se-bolj-onesnazuje\/\" \/>\n<meta property=\"og:locale\" content=\"sl_SI\" \/>\n<meta property=\"og:type\" content=\"article\" \/>\n<meta property=\"og:title\" content=\"Vla\u017een les \u0161e bolj onesna\u017euje - Hudo Slovenija\" \/>\n<meta property=\"og:description\" content=\"Kategorija: Kronika Sat, 30 Apr 2016 15:00:00 +0200 Ljubljana \u2013 \u010ce Slovenijo sredi tedna ne bi pre\u0161la hladna fronta, ki je s seboj prinesla de\u017e in sneg, bi po dr\u017eavi v soboto prav gotovo zagorelo ve\u010d kresov. A bo ugodna vremenska napoved danes privabila ljubitelje kresov, bolj spro\u0161\u010deni pa bodo lahko gasilci, saj je nevarnost po\u017eara v naravi zelo majhna.Po vsej dr\u017eavi je nevarnost po\u017eara v naravnem okolju prakti\u010dno ni\u010dna, medtem ko je ve\u010dja nevarnost, a po metodologiji agencije za okolje \u0161e vedno majhna, na obmo\u010dju Obale in Gori\u0161kem. Kurjenje kresov ima v javnosti po oceni ministrstva za okolje in prostor predvsem prizvok prijetnega kulturnega ali dru\u017eabnega dogodka, vendar ima to tudi negativen vpliv na okolje. Onesna\u017eevalci zraka Kurjenje kresov vpliva predvsem na povi\u0161anje trdnih delcev s premerom\u00a0...\" \/>\n<meta property=\"og:url\" content=\"https:\/\/hudo.com\/si\/aktualno\/vlazen-les-se-bolj-onesnazuje\/\" \/>\n<meta property=\"og:site_name\" content=\"Hudo Slovenija\" \/>\n<meta property=\"article:publisher\" content=\"https:\/\/www.facebook.com\/hudo.si\" \/>\n<meta property=\"article:published_time\" content=\"2016-04-30T11:00:00+00:00\" \/>\n<meta property=\"article:modified_time\" content=\"2016-04-30T16:11:12+00:00\" \/>\n<meta property=\"og:image\" content=\"https:\/\/hudo.com\/si\/wp-content\/uploads\/sites\/2\/2016\/04\/480x290_djvu_2185748_korsikam_dja-razstava.jpeg\" \/>\n\t<meta property=\"og:image:width\" content=\"480\" \/>\n\t<meta property=\"og:image:height\" content=\"290\" \/>\n\t<meta property=\"og:image:type\" content=\"image\/jpeg\" \/>\n<meta name=\"author\" content=\"hudo\" \/>\n<meta name=\"twitter:card\" content=\"summary_large_image\" \/>\n<meta name=\"twitter:creator\" content=\"@hudo_si\" \/>\n<meta name=\"twitter:site\" content=\"@hudo_si\" \/>\n<meta name=\"twitter:label1\" content=\"Written by\" \/>\n\t<meta name=\"twitter:data1\" content=\"hudo\" \/>\n\t<meta name=\"twitter:label2\" content=\"Est. reading time\" \/>\n\t<meta name=\"twitter:data2\" content=\"1 minuta\" \/>\n<script type=\"application\/ld+json\" class=\"yoast-schema-graph\">{\"@context\":\"https:\/\/schema.org\",\"@graph\":[{\"@type\":\"Article\",\"@id\":\"https:\/\/hudo.com\/si\/aktualno\/vlazen-les-se-bolj-onesnazuje\/#article\",\"isPartOf\":{\"@id\":\"https:\/\/hudo.com\/si\/aktualno\/vlazen-les-se-bolj-onesnazuje\/\"},\"author\":{\"name\":\"hudo\",\"@id\":\"https:\/\/hudo.com\/si\/#\/schema\/person\/601cf3379633985b20f7e50f2bb47707\"},\"headline\":\"Vla\u017een les \u0161e bolj onesna\u017euje\",\"datePublished\":\"2016-04-30T11:00:00+00:00\",\"dateModified\":\"2016-04-30T16:11:12+00:00\",\"mainEntityOfPage\":{\"@id\":\"https:\/\/hudo.com\/si\/aktualno\/vlazen-les-se-bolj-onesnazuje\/\"},\"wordCount\":145,\"publisher\":{\"@id\":\"https:\/\/hudo.com\/si\/#organization\"},\"articleSection\":[\"Aktualno\"],\"inLanguage\":\"sl-SI\"},{\"@type\":\"WebPage\",\"@id\":\"https:\/\/hudo.com\/si\/aktualno\/vlazen-les-se-bolj-onesnazuje\/\",\"url\":\"https:\/\/hudo.com\/si\/aktualno\/vlazen-les-se-bolj-onesnazuje\/\",\"name\":\"Vla\u017een les \u0161e bolj onesna\u017euje - Hudo Slovenija\",\"isPartOf\":{\"@id\":\"https:\/\/hudo.com\/si\/#website\"},\"datePublished\":\"2016-04-30T11:00:00+00:00\",\"dateModified\":\"2016-04-30T16:11:12+00:00\",\"breadcrumb\":{\"@id\":\"https:\/\/hudo.com\/si\/aktualno\/vlazen-les-se-bolj-onesnazuje\/#breadcrumb\"},\"inLanguage\":\"sl-SI\",\"potentialAction\":[{\"@type\":\"ReadAction\",\"target\":[\"https:\/\/hudo.com\/si\/aktualno\/vlazen-les-se-bolj-onesnazuje\/\"]}]},{\"@type\":\"BreadcrumbList\",\"@id\":\"https:\/\/hudo.com\/si\/aktualno\/vlazen-les-se-bolj-onesnazuje\/#breadcrumb\",\"itemListElement\":[{\"@type\":\"ListItem\",\"position\":1,\"name\":\"Home\",\"item\":\"https:\/\/hudo.com\/si\/\"},{\"@type\":\"ListItem\",\"position\":2,\"name\":\"Vla\u017een les \u0161e bolj onesna\u017euje\"}]},{\"@type\":\"WebSite\",\"@id\":\"https:\/\/hudo.com\/si\/#website\",\"url\":\"https:\/\/hudo.com\/si\/\",\"name\":\"Hudo Slovenija\",\"description\":\"Vse novice iz Slovenije in sveta\",\"publisher\":{\"@id\":\"https:\/\/hudo.com\/si\/#organization\"},\"potentialAction\":[{\"@type\":\"SearchAction\",\"target\":{\"@type\":\"EntryPoint\",\"urlTemplate\":\"https:\/\/hudo.com\/si\/?s={search_term_string}\"},\"query-input\":\"required name=search_term_string\"}],\"inLanguage\":\"sl-SI\"},{\"@type\":\"Organization\",\"@id\":\"https:\/\/hudo.com\/si\/#organization\",\"name\":\"VSN Media\",\"url\":\"https:\/\/hudo.com\/si\/\",\"logo\":{\"@type\":\"ImageObject\",\"inLanguage\":\"sl-SI\",\"@id\":\"https:\/\/hudo.com\/si\/#\/schema\/logo\/image\/\",\"url\":\"https:\/\/hudo.com\/si\/wp-content\/uploads\/sites\/2\/2021\/03\/hudo-app-2.png\",\"contentUrl\":\"https:\/\/hudo.com\/si\/wp-content\/uploads\/sites\/2\/2021\/03\/hudo-app-2.png\",\"width\":2185,\"height\":2167,\"caption\":\"VSN Media\"},\"image\":{\"@id\":\"https:\/\/hudo.com\/si\/#\/schema\/logo\/image\/\"},\"sameAs\":[\"https:\/\/www.facebook.com\/hudo.si\",\"https:\/\/twitter.com\/hudo_si\"]},{\"@type\":\"Person\",\"@id\":\"https:\/\/hudo.com\/si\/#\/schema\/person\/601cf3379633985b20f7e50f2bb47707\",\"name\":\"hudo\",\"image\":{\"@type\":\"ImageObject\",\"inLanguage\":\"sl-SI\",\"@id\":\"https:\/\/hudo.com\/si\/#\/schema\/person\/image\/\",\"url\":\"https:\/\/secure.gravatar.com\/avatar\/c4ca25fa72cace7a696b52ff5db9e095?s=96&d=mm&r=g\",\"contentUrl\":\"https:\/\/secure.gravatar.com\/avatar\/c4ca25fa72cace7a696b52ff5db9e095?s=96&d=mm&r=g\",\"caption\":\"hudo\"},\"url\":\"https:\/\/hudo.com\/si\/author\/hudo\/\"}]}<\/script>\n<!-- \/ Yoast SEO plugin. -->","yoast_head_json":{"title":"Vla\u017een les \u0161e bolj onesna\u017euje - Hudo Slovenija","robots":{"index":"index","follow":"follow","max-snippet":"max-snippet:-1","max-image-preview":"max-image-preview:large","max-video-preview":"max-video-preview:-1"},"canonical":"https:\/\/hudo.com\/si\/aktualno\/vlazen-les-se-bolj-onesnazuje\/","og_locale":"sl_SI","og_type":"article","og_title":"Vla\u017een les \u0161e bolj onesna\u017euje - Hudo Slovenija","og_description":"Kategorija: Kronika Sat, 30 Apr 2016 15:00:00 +0200 Ljubljana \u2013 \u010ce Slovenijo sredi tedna ne bi pre\u0161la hladna fronta, ki je s seboj prinesla de\u017e in sneg, bi po dr\u017eavi v soboto prav gotovo zagorelo ve\u010d kresov. A bo ugodna vremenska napoved danes privabila ljubitelje kresov, bolj spro\u0161\u010deni pa bodo lahko gasilci, saj je nevarnost po\u017eara v naravi zelo majhna.Po vsej dr\u017eavi je nevarnost po\u017eara v naravnem okolju prakti\u010dno ni\u010dna, medtem ko je ve\u010dja nevarnost, a po metodologiji agencije za okolje \u0161e vedno majhna, na obmo\u010dju Obale in Gori\u0161kem. Kurjenje kresov ima v javnosti po oceni ministrstva za okolje in prostor predvsem prizvok prijetnega kulturnega ali dru\u017eabnega dogodka, vendar ima to tudi negativen vpliv na okolje. Onesna\u017eevalci zraka Kurjenje kresov vpliva predvsem na povi\u0161anje trdnih delcev s premerom\u00a0...","og_url":"https:\/\/hudo.com\/si\/aktualno\/vlazen-les-se-bolj-onesnazuje\/","og_site_name":"Hudo Slovenija","article_publisher":"https:\/\/www.facebook.com\/hudo.si","article_published_time":"2016-04-30T11:00:00+00:00","article_modified_time":"2016-04-30T16:11:12+00:00","og_image":[{"width":480,"height":290,"url":"https:\/\/hudo.com\/si\/wp-content\/uploads\/sites\/2\/2016\/04\/480x290_djvu_2185748_korsikam_dja-razstava.jpeg","type":"image\/jpeg"}],"author":"hudo","twitter_card":"summary_large_image","twitter_creator":"@hudo_si","twitter_site":"@hudo_si","twitter_misc":{"Written by":"hudo","Est. reading time":"1 minuta"},"schema":{"@context":"https:\/\/schema.org","@graph":[{"@type":"Article","@id":"https:\/\/hudo.com\/si\/aktualno\/vlazen-les-se-bolj-onesnazuje\/#article","isPartOf":{"@id":"https:\/\/hudo.com\/si\/aktualno\/vlazen-les-se-bolj-onesnazuje\/"},"author":{"name":"hudo","@id":"https:\/\/hudo.com\/si\/#\/schema\/person\/601cf3379633985b20f7e50f2bb47707"},"headline":"Vla\u017een les \u0161e bolj onesna\u017euje","datePublished":"2016-04-30T11:00:00+00:00","dateModified":"2016-04-30T16:11:12+00:00","mainEntityOfPage":{"@id":"https:\/\/hudo.com\/si\/aktualno\/vlazen-les-se-bolj-onesnazuje\/"},"wordCount":145,"publisher":{"@id":"https:\/\/hudo.com\/si\/#organization"},"articleSection":["Aktualno"],"inLanguage":"sl-SI"},{"@type":"WebPage","@id":"https:\/\/hudo.com\/si\/aktualno\/vlazen-les-se-bolj-onesnazuje\/","url":"https:\/\/hudo.com\/si\/aktualno\/vlazen-les-se-bolj-onesnazuje\/","name":"Vla\u017een les \u0161e bolj onesna\u017euje - Hudo Slovenija","isPartOf":{"@id":"https:\/\/hudo.com\/si\/#website"},"datePublished":"2016-04-30T11:00:00+00:00","dateModified":"2016-04-30T16:11:12+00:00","breadcrumb":{"@id":"https:\/\/hudo.com\/si\/aktualno\/vlazen-les-se-bolj-onesnazuje\/#breadcrumb"},"inLanguage":"sl-SI","potentialAction":[{"@type":"ReadAction","target":["https:\/\/hudo.com\/si\/aktualno\/vlazen-les-se-bolj-onesnazuje\/"]}]},{"@type":"BreadcrumbList","@id":"https:\/\/hudo.com\/si\/aktualno\/vlazen-les-se-bolj-onesnazuje\/#breadcrumb","itemListElement":[{"@type":"ListItem","position":1,"name":"Home","item":"https:\/\/hudo.com\/si\/"},{"@type":"ListItem","position":2,"name":"Vla\u017een les \u0161e bolj onesna\u017euje"}]},{"@type":"WebSite","@id":"https:\/\/hudo.com\/si\/#website","url":"https:\/\/hudo.com\/si\/","name":"Hudo Slovenija","description":"Vse novice iz Slovenije in sveta","publisher":{"@id":"https:\/\/hudo.com\/si\/#organization"},"potentialAction":[{"@type":"SearchAction","target":{"@type":"EntryPoint","urlTemplate":"https:\/\/hudo.com\/si\/?s={search_term_string}"},"query-input":"required name=search_term_string"}],"inLanguage":"sl-SI"},{"@type":"Organization","@id":"https:\/\/hudo.com\/si\/#organization","name":"VSN Media","url":"https:\/\/hudo.com\/si\/","logo":{"@type":"ImageObject","inLanguage":"sl-SI","@id":"https:\/\/hudo.com\/si\/#\/schema\/logo\/image\/","url":"https:\/\/hudo.com\/si\/wp-content\/uploads\/sites\/2\/2021\/03\/hudo-app-2.png","contentUrl":"https:\/\/hudo.com\/si\/wp-content\/uploads\/sites\/2\/2021\/03\/hudo-app-2.png","width":2185,"height":2167,"caption":"VSN Media"},"image":{"@id":"https:\/\/hudo.com\/si\/#\/schema\/logo\/image\/"},"sameAs":["https:\/\/www.facebook.com\/hudo.si","https:\/\/twitter.com\/hudo_si"]},{"@type":"Person","@id":"https:\/\/hudo.com\/si\/#\/schema\/person\/601cf3379633985b20f7e50f2bb47707","name":"hudo","image":{"@type":"ImageObject","inLanguage":"sl-SI","@id":"https:\/\/hudo.com\/si\/#\/schema\/person\/image\/","url":"https:\/\/secure.gravatar.com\/avatar\/c4ca25fa72cace7a696b52ff5db9e095?s=96&d=mm&r=g","contentUrl":"https:\/\/secure.gravatar.com\/avatar\/c4ca25fa72cace7a696b52ff5db9e095?s=96&d=mm&r=g","caption":"hudo"},"url":"https:\/\/hudo.com\/si\/author\/hudo\/"}]}},"amp_enabled":true,"_links":{"self":[{"href":"https:\/\/hudo.com\/si\/wp-json\/wp\/v2\/posts\/42823"}],"collection":[{"href":"https:\/\/hudo.com\/si\/wp-json\/wp\/v2\/posts"}],"about":[{"href":"https:\/\/hudo.com\/si\/wp-json\/wp\/v2\/types\/post"}],"author":[{"embeddable":true,"href":"https:\/\/hudo.com\/si\/wp-json\/wp\/v2\/users\/1"}],"replies":[{"embeddable":true,"href":"https:\/\/hudo.com\/si\/wp-json\/wp\/v2\/comments?post=42823"}],"version-history":[{"count":1,"href":"https:\/\/hudo.com\/si\/wp-json\/wp\/v2\/posts\/42823\/revisions"}],"predecessor-version":[{"id":42852,"href":"https:\/\/hudo.com\/si\/wp-json\/wp\/v2\/posts\/42823\/revisions\/42852"}],"wp:attachment":[{"href":"https:\/\/hudo.com\/si\/wp-json\/wp\/v2\/media?parent=42823"}],"wp:term":[{"taxonomy":"category","embeddable":true,"href":"https:\/\/hudo.com\/si\/wp-json\/wp\/v2\/categories?post=42823"},{"taxonomy":"post_tag","embeddable":true,"href":"https:\/\/hudo.com\/si\/wp-json\/wp\/v2\/tags?post=42823"},{"taxonomy":"source","embeddable":true,"href":"https:\/\/hudo.com\/si\/wp-json\/wp\/v2\/source?post=42823"},{"taxonomy":"supertag","embeddable":true,"href":"https:\/\/hudo.com\/si\/wp-json\/wp\/v2\/supertag?post=42823"}],"curies":[{"name":"wp","href":"https:\/\/api.w.org\/{rel}","templated":true}]}}