{"id":428264,"date":"2020-07-22T23:17:02","date_gmt":"2020-07-22T21:17:02","guid":{"rendered":"http:\/\/hudo.com\/si\/?p=428264"},"modified":"2020-07-22T23:17:02","modified_gmt":"2020-07-22T21:17:02","slug":"celjani-prvega-naslova-nogometnih-drzavnih-prvakov","status":"publish","type":"post","link":"https:\/\/hudo.com\/si\/aktualno\/celjani-prvega-naslova-nogometnih-drzavnih-prvakov\/","title":{"rendered":"Celjani do prvega naslova nogometnih dr\u017eavnih prvakov"},"content":{"rendered":"<p>* Stadion Z&#8217;De\u017eele, gledalcev 500, sodniki: Vin\u010di\u0107, Korde\u017e, Smej.<br \/>\n* Strelci: 1:0 Kerin (34.), 1:1 El\u0161nik (58.), 2:1 Vizinger (64.), 2:2 El\u0161nik (75.).<br \/>\n* Celje: Rozman, Kadu\u0161i\u0107 (od 66. Brecl), \u010calu\u0161i\u0107, Zaletel, Marandici, Pungar\u0161ek (od 66. Plantak), \u0160travs (od 85. Novak), Bo\u017ei\u0107 (od 85. Koritnik), Lotri\u010d, Kerin, Vizinger.<br \/>\n* Olimpija: Vidmar, \u0160me (od 46. Andreja\u0161i\u010d), Bagnack, Samard\u017ei\u0107, Pavlovi\u0107 (od 67. Jur\u010devi\u0107), El\u0161nik, Ostrc (od 46. Kne\u017eevi\u0107), Savi\u0107, Bezjak (od 71. Lupeta), Cekici (od 25. Tomi\u0107), Vuku\u0161i\u0107, Andreja\u0161i\u010d.<br \/>\n* Rumeni kartoni: Kadu\u0161i\u0107, Marandici, Lotri\u010d, Jeri\u010d (na klopi), Brecl; \u0160me, Ostrc, Vuku\u0161i\u0107.<br \/>\n* Rde\u010d karton: \/<\/p>\n<p>Olimpija je po neodlo\u010denem izidu &#8211; za morebitno osvojitev naslova bi morala zmagati &#8211; zdrsnila na tretje mesto lestvice, saj jo je zaradi bolj\u0161ega medsebojnega izkupi\u010dka prehitel tudi Maribor.<\/p>\n<p>Ljubljan\u010dani tako ostajajo pri dveh lovorikah iz sezon 2015\/16 in 2017\/18. Celjani pa do te sezone \u0161e nikoli niso bili slovenski prvaki.<\/p>\n<p>Celjanom bi za slavje danes zado\u0161\u010dal tudi neodlo\u010den izid, ker so imeli po 35. krogu dve to\u010dki naskoka. Za Olimpijo pa je \u0161tela le zmaga. V prej\u0161njih treh tekmah te sezone sta ekipi enkrat igrali neodlo\u010deno, Ljubljan\u010dani so zmagali s 3:1, Celjani pa z 1:0.<\/p>\n<p>Olimpija je dvoboj za\u010dela brez kapetana Tomislava Tomi\u0107a, v zvezni vrsti ga je zamenjal Timi Max El\u0161nik. V obrambi sta namesto Jana Andreja\u0161i\u0107a in Maria Jur\u010devi\u0107a dvoboj za\u010dela odhajajo\u010di Macky Bagnack in mladi Michael Pavlovi\u0107.<\/p>\n<p>Namesto kaznovanega Luke Menala je v prvi enajsterici mesto zasedel Roman Bezjak. Celjani kadrovskih te\u017eav niso imeli, so pa na zadnji tekmi znova lahko ra\u010dunali na Mitjo Lotri\u010da.<\/p>\n<p>Olimpija je bila v prvih minutah nevarnej\u0161a, v \u010detrti minuti je do strela z glavo po prostem strelu Endrija Cekicija pri\u0161el Miral Samard\u017ei\u0107, a je bil Matja\u017e Rozman dobro postavljen. Celjani so prvi\u010d zapretili v deveti minuti po strelu z glavo Ivana Bo\u017ei\u0107a.<\/p>\n<p>V 20 minuti je od dale\u010d nevarno spro\u017eil Cekici, Rozman mu je strel odbil, napadalni vezist Olimpije pa si je ob udarcu po\u0161kodoval stegensko mi\u0161ico. Namesto njega je na zelenico pri\u0161el Tomi\u0107. V 27. minuti se je prvi\u010d izkazal tudi Vidmar, ki je po odbiti \u017eogi s hitro reakcijo prepre\u010dil vodstvo doma\u010dih.<\/p>\n<p>Olimpija je imela najlep\u0161o prilo\u017enost v prvem delu igre po pol ure, ko je najbolj\u0161i strelec PLTS Ante Vuku\u0161i\u0107 sam pri\u0161el pred vrata Celjanov, a mu je nekoliko slab\u0161i strel Rozman obranil, odbita \u017eoga pa se je od vratnice odbila v kot.<\/p>\n<p>\u0160tiri minute kasneje so Celjani pvoedli. Novo napako v obrambi si je privo\u0161\u010dil Macky Bagnack, zaradi \u010desar je najbolj\u0161i strelec Celja Dario Vizinger spro\u017eil strel, ki ga je Vidmar obranil, odbito \u017eogo pa je v mre\u017eo pospravil Luka Kerin.<\/p>\n<p>Do konca pol\u010dasa je na zelenici nekajkrat zavrela kri, sodnik Slavko Vin\u010di\u0107 pa je pokazal kar nekaj rumenih kartonov. Do konca pol\u010dasa se je \u0161e enkrat izkazal Vidmar, ki je iz neposredne bli\u017eine obranil strel Kerinu po lepo izigrani akciji doma\u010dih.<\/p>\n<p>V drugem pol\u010dasu so Celjani prepustili \u017eogo Olimpiji, v 58. minuti pa je s pravim projektilom pod pre\u010dko za izena\u010denje zadel Timi Max El\u0161nik. Kljub pobudi Olimpije pa so do vodstva pri\u0161li Celjani.<\/p>\n<p>Ivan Bo\u017ei\u0107 je na desni strani osme\u0161il Pavlovi\u0107a, podal v sredino, po blokiranem strelu pa je \u017eoga pri\u0161la do Nina Pungar\u0161ka. Ta je sicer slabo spro\u017eil proti vratom Vidmarja, a je \u017eogi mojstrsko preusmeril Vizinger, ki je Celjane \u0161e pribli\u017eal prvemu naslovu v klubski zgodovini.<\/p>\n<p>Olimpija je kon\u010dnico z novim sijajnim zadetkom El\u0161nika napravila zelo razburljivo. Do zadetka je pri\u0161lo, ko je predolgo \u017eogo na sredini zadr\u017eeval Lotri\u010d, po odvzeti \u017eogi El\u0161nika pa je ta na\u0161el Savi\u0107a, ki je nato s povratno podajo zaposlil strelca prvega zadetka, ki je z novim neubranljivim strelom izena\u010dil na 2:2.<\/p>\n<p>El\u0161nik je v 77. minuti znova mo\u010dno spro\u017eil, a se je odli\u010dno posredoval Rozman. Do strela je pri\u0161el tudi Stefan Savi\u0107, a so Celjani blokirali njegov poskus. Z novo obrambo se je nato znova izkazal Rozman po prefinjenem strelu Vuku\u0161i\u0107a. Pred\u010dasno odlo\u010ditev o naslovu je imel po protinapadu na desnici tudi Kerin, ki bi s &#8220;hat-trickom&#8221; zape\u010datil usodo Ljubljan\u010danov, spro\u017eil pa je mimo vrat.<\/p>\n<p>Na drugi strani je bil znova blizu Vuku\u0161i\u0107, a so mu v zadnjem trenutku strel Celjani blokirali. \u0160tiri minute sodnikovega dodatka so z izjemo blokiranega strela Lupete in ulovljene \u017eoge Rozmana iz mrtvega kota po podaji Savi\u0107a minile brez izrazitih prilo\u017enosti, prvega naslova pa so se v 100 letih obstoja kluba veselili Celjani.<\/p>\n","protected":false},"excerpt":{"rendered":"<p>Nogometa\u0161i Celja so dr\u017eavni prvaki za sezono 2019\/20. V dana\u0161nji odlo\u010dilni tekmi 36., zadnjega kroga Prve lige Telekom Slovenije so na doma\u010dem stadionu igrali neodlo\u010deno 2:2 (1:0) z neposrednim tekmecem v boju za prvo mesto Olimpijo in si priigrali naslov.<\/p>\n","protected":false},"author":8,"featured_media":428265,"comment_status":"closed","ping_status":"closed","sticky":false,"template":"","format":"standard","meta":{"footnotes":""},"categories":[1179],"tags":[3600,1595],"source":[4511],"supertag":[5675,6098],"acf":[],"yoast_head":"<!-- This site is optimized with the Yoast SEO plugin v21.3 - https:\/\/yoast.com\/wordpress\/plugins\/seo\/ -->\n<title>Celjani do prvega naslova nogometnih dr\u017eavnih prvakov - Hudo Slovenija<\/title>\n<meta name=\"robots\" content=\"index, follow, max-snippet:-1, max-image-preview:large, max-video-preview:-1\" \/>\n<link rel=\"canonical\" href=\"https:\/\/hudo.com\/si\/aktualno\/celjani-prvega-naslova-nogometnih-drzavnih-prvakov\/\" \/>\n<meta property=\"og:locale\" content=\"sl_SI\" \/>\n<meta property=\"og:type\" content=\"article\" \/>\n<meta property=\"og:title\" content=\"Celjani do prvega naslova nogometnih dr\u017eavnih prvakov - Hudo Slovenija\" \/>\n<meta property=\"og:description\" content=\"Nogometa\u0161i Celja so dr\u017eavni prvaki za sezono 2019\/20. V dana\u0161nji odlo\u010dilni tekmi 36., zadnjega kroga Prve lige Telekom Slovenije so na doma\u010dem stadionu igrali neodlo\u010deno 2:2 (1:0) z neposrednim tekmecem v boju za prvo mesto Olimpijo in si priigrali naslov.\" \/>\n<meta property=\"og:url\" content=\"https:\/\/hudo.com\/si\/aktualno\/celjani-prvega-naslova-nogometnih-drzavnih-prvakov\/\" \/>\n<meta property=\"og:site_name\" content=\"Hudo Slovenija\" \/>\n<meta property=\"article:publisher\" content=\"https:\/\/www.facebook.com\/hudo.si\" \/>\n<meta property=\"article:published_time\" content=\"2020-07-22T21:17:02+00:00\" \/>\n<meta property=\"og:image\" content=\"https:\/\/hudo.com\/si\/wp-content\/uploads\/sites\/2\/2020\/07\/20200722-01016636.jpg\" \/>\n\t<meta property=\"og:image:width\" content=\"640\" \/>\n\t<meta property=\"og:image:height\" content=\"480\" \/>\n\t<meta property=\"og:image:type\" content=\"image\/jpeg\" \/>\n<meta name=\"author\" content=\"M. N., STA\" \/>\n<meta name=\"twitter:card\" content=\"summary_large_image\" \/>\n<meta name=\"twitter:creator\" content=\"@hudo_si\" \/>\n<meta name=\"twitter:site\" content=\"@hudo_si\" \/>\n<meta name=\"twitter:label1\" content=\"Written by\" \/>\n\t<meta name=\"twitter:data1\" content=\"M. N., STA\" \/>\n\t<meta name=\"twitter:label2\" content=\"Est. reading time\" \/>\n\t<meta name=\"twitter:data2\" content=\"4 minute\" \/>\n<script type=\"application\/ld+json\" class=\"yoast-schema-graph\">{\"@context\":\"https:\/\/schema.org\",\"@graph\":[{\"@type\":\"Article\",\"@id\":\"https:\/\/hudo.com\/si\/aktualno\/celjani-prvega-naslova-nogometnih-drzavnih-prvakov\/#article\",\"isPartOf\":{\"@id\":\"https:\/\/hudo.com\/si\/aktualno\/celjani-prvega-naslova-nogometnih-drzavnih-prvakov\/\"},\"author\":{\"name\":\"M. N., STA\",\"@id\":\"https:\/\/hudo.com\/si\/#\/schema\/person\/c2f10ce65d2e6ede2aeda5be2a0611fa\"},\"headline\":\"Celjani do prvega naslova nogometnih dr\u017eavnih prvakov\",\"datePublished\":\"2020-07-22T21:17:02+00:00\",\"dateModified\":\"2020-07-22T21:17:02+00:00\",\"mainEntityOfPage\":{\"@id\":\"https:\/\/hudo.com\/si\/aktualno\/celjani-prvega-naslova-nogometnih-drzavnih-prvakov\/\"},\"wordCount\":788,\"publisher\":{\"@id\":\"https:\/\/hudo.com\/si\/#organization\"},\"keywords\":[\"nogomet\",\"Slovenija\"],\"articleSection\":[\"Aktualno\"],\"inLanguage\":\"sl-SI\"},{\"@type\":\"WebPage\",\"@id\":\"https:\/\/hudo.com\/si\/aktualno\/celjani-prvega-naslova-nogometnih-drzavnih-prvakov\/\",\"url\":\"https:\/\/hudo.com\/si\/aktualno\/celjani-prvega-naslova-nogometnih-drzavnih-prvakov\/\",\"name\":\"Celjani do prvega naslova nogometnih dr\u017eavnih prvakov - Hudo Slovenija\",\"isPartOf\":{\"@id\":\"https:\/\/hudo.com\/si\/#website\"},\"datePublished\":\"2020-07-22T21:17:02+00:00\",\"dateModified\":\"2020-07-22T21:17:02+00:00\",\"breadcrumb\":{\"@id\":\"https:\/\/hudo.com\/si\/aktualno\/celjani-prvega-naslova-nogometnih-drzavnih-prvakov\/#breadcrumb\"},\"inLanguage\":\"sl-SI\",\"potentialAction\":[{\"@type\":\"ReadAction\",\"target\":[\"https:\/\/hudo.com\/si\/aktualno\/celjani-prvega-naslova-nogometnih-drzavnih-prvakov\/\"]}]},{\"@type\":\"BreadcrumbList\",\"@id\":\"https:\/\/hudo.com\/si\/aktualno\/celjani-prvega-naslova-nogometnih-drzavnih-prvakov\/#breadcrumb\",\"itemListElement\":[{\"@type\":\"ListItem\",\"position\":1,\"name\":\"Home\",\"item\":\"https:\/\/hudo.com\/si\/\"},{\"@type\":\"ListItem\",\"position\":2,\"name\":\"Celjani do prvega naslova nogometnih dr\u017eavnih prvakov\"}]},{\"@type\":\"WebSite\",\"@id\":\"https:\/\/hudo.com\/si\/#website\",\"url\":\"https:\/\/hudo.com\/si\/\",\"name\":\"Hudo Slovenija\",\"description\":\"Vse novice iz Slovenije in sveta\",\"publisher\":{\"@id\":\"https:\/\/hudo.com\/si\/#organization\"},\"potentialAction\":[{\"@type\":\"SearchAction\",\"target\":{\"@type\":\"EntryPoint\",\"urlTemplate\":\"https:\/\/hudo.com\/si\/?s={search_term_string}\"},\"query-input\":\"required name=search_term_string\"}],\"inLanguage\":\"sl-SI\"},{\"@type\":\"Organization\",\"@id\":\"https:\/\/hudo.com\/si\/#organization\",\"name\":\"VSN Media\",\"url\":\"https:\/\/hudo.com\/si\/\",\"logo\":{\"@type\":\"ImageObject\",\"inLanguage\":\"sl-SI\",\"@id\":\"https:\/\/hudo.com\/si\/#\/schema\/logo\/image\/\",\"url\":\"https:\/\/hudo.com\/si\/wp-content\/uploads\/sites\/2\/2021\/03\/hudo-app-2.png\",\"contentUrl\":\"https:\/\/hudo.com\/si\/wp-content\/uploads\/sites\/2\/2021\/03\/hudo-app-2.png\",\"width\":2185,\"height\":2167,\"caption\":\"VSN Media\"},\"image\":{\"@id\":\"https:\/\/hudo.com\/si\/#\/schema\/logo\/image\/\"},\"sameAs\":[\"https:\/\/www.facebook.com\/hudo.si\",\"https:\/\/twitter.com\/hudo_si\"]},{\"@type\":\"Person\",\"@id\":\"https:\/\/hudo.com\/si\/#\/schema\/person\/c2f10ce65d2e6ede2aeda5be2a0611fa\",\"name\":\"M. N., STA\",\"image\":{\"@type\":\"ImageObject\",\"inLanguage\":\"sl-SI\",\"@id\":\"https:\/\/hudo.com\/si\/#\/schema\/person\/image\/\",\"url\":\"https:\/\/secure.gravatar.com\/avatar\/f370d38daa10467f755c5c766a4cac20?s=96&d=mm&r=g\",\"contentUrl\":\"https:\/\/secure.gravatar.com\/avatar\/f370d38daa10467f755c5c766a4cac20?s=96&d=mm&r=g\",\"caption\":\"M. N., STA\"},\"url\":\"https:\/\/hudo.com\/si\/author\/mana\/\"}]}<\/script>\n<!-- \/ Yoast SEO plugin. -->","yoast_head_json":{"title":"Celjani do prvega naslova nogometnih dr\u017eavnih prvakov - Hudo Slovenija","robots":{"index":"index","follow":"follow","max-snippet":"max-snippet:-1","max-image-preview":"max-image-preview:large","max-video-preview":"max-video-preview:-1"},"canonical":"https:\/\/hudo.com\/si\/aktualno\/celjani-prvega-naslova-nogometnih-drzavnih-prvakov\/","og_locale":"sl_SI","og_type":"article","og_title":"Celjani do prvega naslova nogometnih dr\u017eavnih prvakov - Hudo Slovenija","og_description":"Nogometa\u0161i Celja so dr\u017eavni prvaki za sezono 2019\/20. V dana\u0161nji odlo\u010dilni tekmi 36., zadnjega kroga Prve lige Telekom Slovenije so na doma\u010dem stadionu igrali neodlo\u010deno 2:2 (1:0) z neposrednim tekmecem v boju za prvo mesto Olimpijo in si priigrali naslov.","og_url":"https:\/\/hudo.com\/si\/aktualno\/celjani-prvega-naslova-nogometnih-drzavnih-prvakov\/","og_site_name":"Hudo Slovenija","article_publisher":"https:\/\/www.facebook.com\/hudo.si","article_published_time":"2020-07-22T21:17:02+00:00","og_image":[{"width":640,"height":480,"url":"https:\/\/hudo.com\/si\/wp-content\/uploads\/sites\/2\/2020\/07\/20200722-01016636.jpg","type":"image\/jpeg"}],"author":"M. N., STA","twitter_card":"summary_large_image","twitter_creator":"@hudo_si","twitter_site":"@hudo_si","twitter_misc":{"Written by":"M. N., STA","Est. reading time":"4 minute"},"schema":{"@context":"https:\/\/schema.org","@graph":[{"@type":"Article","@id":"https:\/\/hudo.com\/si\/aktualno\/celjani-prvega-naslova-nogometnih-drzavnih-prvakov\/#article","isPartOf":{"@id":"https:\/\/hudo.com\/si\/aktualno\/celjani-prvega-naslova-nogometnih-drzavnih-prvakov\/"},"author":{"name":"M. N., STA","@id":"https:\/\/hudo.com\/si\/#\/schema\/person\/c2f10ce65d2e6ede2aeda5be2a0611fa"},"headline":"Celjani do prvega naslova nogometnih dr\u017eavnih prvakov","datePublished":"2020-07-22T21:17:02+00:00","dateModified":"2020-07-22T21:17:02+00:00","mainEntityOfPage":{"@id":"https:\/\/hudo.com\/si\/aktualno\/celjani-prvega-naslova-nogometnih-drzavnih-prvakov\/"},"wordCount":788,"publisher":{"@id":"https:\/\/hudo.com\/si\/#organization"},"keywords":["nogomet","Slovenija"],"articleSection":["Aktualno"],"inLanguage":"sl-SI"},{"@type":"WebPage","@id":"https:\/\/hudo.com\/si\/aktualno\/celjani-prvega-naslova-nogometnih-drzavnih-prvakov\/","url":"https:\/\/hudo.com\/si\/aktualno\/celjani-prvega-naslova-nogometnih-drzavnih-prvakov\/","name":"Celjani do prvega naslova nogometnih dr\u017eavnih prvakov - Hudo Slovenija","isPartOf":{"@id":"https:\/\/hudo.com\/si\/#website"},"datePublished":"2020-07-22T21:17:02+00:00","dateModified":"2020-07-22T21:17:02+00:00","breadcrumb":{"@id":"https:\/\/hudo.com\/si\/aktualno\/celjani-prvega-naslova-nogometnih-drzavnih-prvakov\/#breadcrumb"},"inLanguage":"sl-SI","potentialAction":[{"@type":"ReadAction","target":["https:\/\/hudo.com\/si\/aktualno\/celjani-prvega-naslova-nogometnih-drzavnih-prvakov\/"]}]},{"@type":"BreadcrumbList","@id":"https:\/\/hudo.com\/si\/aktualno\/celjani-prvega-naslova-nogometnih-drzavnih-prvakov\/#breadcrumb","itemListElement":[{"@type":"ListItem","position":1,"name":"Home","item":"https:\/\/hudo.com\/si\/"},{"@type":"ListItem","position":2,"name":"Celjani do prvega naslova nogometnih dr\u017eavnih prvakov"}]},{"@type":"WebSite","@id":"https:\/\/hudo.com\/si\/#website","url":"https:\/\/hudo.com\/si\/","name":"Hudo Slovenija","description":"Vse novice iz Slovenije in sveta","publisher":{"@id":"https:\/\/hudo.com\/si\/#organization"},"potentialAction":[{"@type":"SearchAction","target":{"@type":"EntryPoint","urlTemplate":"https:\/\/hudo.com\/si\/?s={search_term_string}"},"query-input":"required name=search_term_string"}],"inLanguage":"sl-SI"},{"@type":"Organization","@id":"https:\/\/hudo.com\/si\/#organization","name":"VSN Media","url":"https:\/\/hudo.com\/si\/","logo":{"@type":"ImageObject","inLanguage":"sl-SI","@id":"https:\/\/hudo.com\/si\/#\/schema\/logo\/image\/","url":"https:\/\/hudo.com\/si\/wp-content\/uploads\/sites\/2\/2021\/03\/hudo-app-2.png","contentUrl":"https:\/\/hudo.com\/si\/wp-content\/uploads\/sites\/2\/2021\/03\/hudo-app-2.png","width":2185,"height":2167,"caption":"VSN Media"},"image":{"@id":"https:\/\/hudo.com\/si\/#\/schema\/logo\/image\/"},"sameAs":["https:\/\/www.facebook.com\/hudo.si","https:\/\/twitter.com\/hudo_si"]},{"@type":"Person","@id":"https:\/\/hudo.com\/si\/#\/schema\/person\/c2f10ce65d2e6ede2aeda5be2a0611fa","name":"M. N., STA","image":{"@type":"ImageObject","inLanguage":"sl-SI","@id":"https:\/\/hudo.com\/si\/#\/schema\/person\/image\/","url":"https:\/\/secure.gravatar.com\/avatar\/f370d38daa10467f755c5c766a4cac20?s=96&d=mm&r=g","contentUrl":"https:\/\/secure.gravatar.com\/avatar\/f370d38daa10467f755c5c766a4cac20?s=96&d=mm&r=g","caption":"M. N., STA"},"url":"https:\/\/hudo.com\/si\/author\/mana\/"}]}},"amp_enabled":true,"_links":{"self":[{"href":"https:\/\/hudo.com\/si\/wp-json\/wp\/v2\/posts\/428264"}],"collection":[{"href":"https:\/\/hudo.com\/si\/wp-json\/wp\/v2\/posts"}],"about":[{"href":"https:\/\/hudo.com\/si\/wp-json\/wp\/v2\/types\/post"}],"author":[{"embeddable":true,"href":"https:\/\/hudo.com\/si\/wp-json\/wp\/v2\/users\/8"}],"replies":[{"embeddable":true,"href":"https:\/\/hudo.com\/si\/wp-json\/wp\/v2\/comments?post=428264"}],"version-history":[{"count":1,"href":"https:\/\/hudo.com\/si\/wp-json\/wp\/v2\/posts\/428264\/revisions"}],"predecessor-version":[{"id":428266,"href":"https:\/\/hudo.com\/si\/wp-json\/wp\/v2\/posts\/428264\/revisions\/428266"}],"wp:featuredmedia":[{"embeddable":true,"href":"https:\/\/hudo.com\/si\/wp-json\/wp\/v2\/media\/428265"}],"wp:attachment":[{"href":"https:\/\/hudo.com\/si\/wp-json\/wp\/v2\/media?parent=428264"}],"wp:term":[{"taxonomy":"category","embeddable":true,"href":"https:\/\/hudo.com\/si\/wp-json\/wp\/v2\/categories?post=428264"},{"taxonomy":"post_tag","embeddable":true,"href":"https:\/\/hudo.com\/si\/wp-json\/wp\/v2\/tags?post=428264"},{"taxonomy":"source","embeddable":true,"href":"https:\/\/hudo.com\/si\/wp-json\/wp\/v2\/source?post=428264"},{"taxonomy":"supertag","embeddable":true,"href":"https:\/\/hudo.com\/si\/wp-json\/wp\/v2\/supertag?post=428264"}],"curies":[{"name":"wp","href":"https:\/\/api.w.org\/{rel}","templated":true}]}}