{"id":42827,"date":"2016-04-30T12:48:00","date_gmt":"2016-04-30T10:48:00","guid":{"rendered":"http:\/\/hudo.com\/si\/2016\/04\/30\/bostjan-videmsek-ime-meseca-na-valu-202\/"},"modified":"2016-04-30T17:11:20","modified_gmt":"2016-04-30T15:11:20","slug":"bostjan-videmsek-ime-meseca-na-valu-202","status":"publish","type":"post","link":"https:\/\/hudo.com\/si\/aktualno\/bostjan-videmsek-ime-meseca-na-valu-202\/","title":{"rendered":"Bo\u0161tjan Videm\u0161ek, ime meseca na Valu 202"},"content":{"rendered":"<p>Kategorija: Slovenija Sat, 30 Apr 2016 14:48:00 +0200  Ljubljana &#8211; Ime meseca marca je postal Bo\u0161tjan Videm\u0161ek, Delov novinar, ki s svojimi zgodbami \u017ee leta opozarja javnost na begunsko krizo. S tem si je skupaj s \u0161e \u0161estimi kolegi iz razli\u010dnih evropskih dr\u017eav prislu\u017eil nominacijo za European Press Prize 2016. Te dni opozarja na katastrofalne razmere, v katerih \u017eivijo begunci v namestitevnem centru VIAL na egejskem otoku Chios. Poglejte si videoposnetek, v ve\u010dernih urah pa pri\u010dakujemo tudi novo Pismo iz Gr\u010dije.Med kandidati za ime meseca marca je bila sicer tudi Anu\u0161ka Deli\u0107, preiskovalna novinarka, ki je kot edina Slovenka sodelovala pri projektu razkrivanja panamskih dokumentov dru\u017ebe Mossack Fonseca, ki je omogo\u010dil vpogled v svet globalnega kriminala in korupcije.Preostala dva kandidata sta bila \u0161e: Andrej Tarfila, fotograf, ki je zmagal na enem najve\u010djih fotografskih nate\u010dajev na\u00a0&#8230;<\/p>\n","protected":false},"excerpt":{"rendered":"<p>Kategorija: Slovenija Sat, 30 Apr 2016 14:48:00 +0200  Ljubljana &#8211; Ime meseca marca je postal Bo\u0161tjan Videm\u0161ek, Delov novinar, ki s svojimi zgodbami \u017ee leta opozarja javnost na begunsko krizo. S tem si je skupaj s \u0161e \u0161estimi kolegi iz razli\u010dnih evropskih dr\u017eav prislu\u017eil nominacijo za European Press Prize 2016. Te dni opozarja na katastrofalne razmere, v katerih \u017eivijo begunci v namestitevnem centru VIAL na egejskem otoku Chios. Poglejte si videoposnetek, v ve\u010dernih urah pa pri\u010dakujemo tudi novo Pismo iz Gr\u010dije.Med kandidati za ime meseca marca je bila sicer tudi Anu\u0161ka Deli\u0107, preiskovalna novinarka, ki je kot edina Slovenka sodelovala pri projektu razkrivanja panamskih dokumentov dru\u017ebe Mossack Fonseca, ki je omogo\u010dil vpogled v svet globalnega kriminala in korupcije.Preostala dva kandidata sta bila \u0161e: Andrej Tarfila, fotograf, ki je zmagal na enem najve\u010djih fotografskih nate\u010dajev na\u00a0&#8230;<\/p>\n","protected":false},"author":1,"featured_media":0,"comment_status":"closed","ping_status":"closed","sticky":false,"template":"","format":"standard","meta":{"footnotes":""},"categories":[1179],"tags":[],"source":[4511],"supertag":[],"acf":[],"yoast_head":"<!-- This site is optimized with the Yoast SEO plugin v21.3 - https:\/\/yoast.com\/wordpress\/plugins\/seo\/ -->\n<title>Bo\u0161tjan Videm\u0161ek, ime meseca na Valu 202 - Hudo Slovenija<\/title>\n<meta name=\"robots\" content=\"index, follow, max-snippet:-1, max-image-preview:large, max-video-preview:-1\" \/>\n<link rel=\"canonical\" href=\"https:\/\/hudo.com\/si\/aktualno\/bostjan-videmsek-ime-meseca-na-valu-202\/\" \/>\n<meta property=\"og:locale\" content=\"sl_SI\" \/>\n<meta property=\"og:type\" content=\"article\" \/>\n<meta property=\"og:title\" content=\"Bo\u0161tjan Videm\u0161ek, ime meseca na Valu 202 - Hudo Slovenija\" \/>\n<meta property=\"og:description\" content=\"Kategorija: Slovenija Sat, 30 Apr 2016 14:48:00 +0200 Ljubljana - Ime meseca marca je postal Bo\u0161tjan Videm\u0161ek, Delov novinar, ki s svojimi zgodbami \u017ee leta opozarja javnost na begunsko krizo. S tem si je skupaj s \u0161e \u0161estimi kolegi iz razli\u010dnih evropskih dr\u017eav prislu\u017eil nominacijo za European Press Prize 2016. Te dni opozarja na katastrofalne razmere, v katerih \u017eivijo begunci v namestitevnem centru VIAL na egejskem otoku Chios. Poglejte si videoposnetek, v ve\u010dernih urah pa pri\u010dakujemo tudi novo Pismo iz Gr\u010dije.Med kandidati za ime meseca marca je bila sicer tudi Anu\u0161ka Deli\u0107, preiskovalna novinarka, ki je kot edina Slovenka sodelovala pri projektu razkrivanja panamskih dokumentov dru\u017ebe Mossack Fonseca, ki je omogo\u010dil vpogled v svet globalnega kriminala in korupcije.Preostala dva kandidata sta bila \u0161e: Andrej Tarfila, fotograf, ki je zmagal na enem najve\u010djih fotografskih nate\u010dajev na\u00a0...\" \/>\n<meta property=\"og:url\" content=\"https:\/\/hudo.com\/si\/aktualno\/bostjan-videmsek-ime-meseca-na-valu-202\/\" \/>\n<meta property=\"og:site_name\" content=\"Hudo Slovenija\" \/>\n<meta property=\"article:publisher\" content=\"https:\/\/www.facebook.com\/hudo.si\" \/>\n<meta property=\"article:published_time\" content=\"2016-04-30T10:48:00+00:00\" \/>\n<meta property=\"article:modified_time\" content=\"2016-04-30T15:11:20+00:00\" \/>\n<meta property=\"og:image\" content=\"https:\/\/hudo.com\/si\/wp-content\/uploads\/sites\/2\/2016\/04\/480x290_videmsek.jpeg\" \/>\n\t<meta property=\"og:image:width\" content=\"480\" \/>\n\t<meta property=\"og:image:height\" content=\"290\" \/>\n\t<meta property=\"og:image:type\" content=\"image\/jpeg\" \/>\n<meta name=\"author\" content=\"hudo\" \/>\n<meta name=\"twitter:card\" content=\"summary_large_image\" \/>\n<meta name=\"twitter:creator\" content=\"@hudo_si\" \/>\n<meta name=\"twitter:site\" content=\"@hudo_si\" \/>\n<meta name=\"twitter:label1\" content=\"Written by\" \/>\n\t<meta name=\"twitter:data1\" content=\"hudo\" \/>\n\t<meta name=\"twitter:label2\" content=\"Est. reading time\" \/>\n\t<meta name=\"twitter:data2\" content=\"1 minuta\" \/>\n<script type=\"application\/ld+json\" class=\"yoast-schema-graph\">{\"@context\":\"https:\/\/schema.org\",\"@graph\":[{\"@type\":\"Article\",\"@id\":\"https:\/\/hudo.com\/si\/aktualno\/bostjan-videmsek-ime-meseca-na-valu-202\/#article\",\"isPartOf\":{\"@id\":\"https:\/\/hudo.com\/si\/aktualno\/bostjan-videmsek-ime-meseca-na-valu-202\/\"},\"author\":{\"name\":\"hudo\",\"@id\":\"https:\/\/hudo.com\/si\/#\/schema\/person\/601cf3379633985b20f7e50f2bb47707\"},\"headline\":\"Bo\u0161tjan Videm\u0161ek, ime meseca na Valu 202\",\"datePublished\":\"2016-04-30T10:48:00+00:00\",\"dateModified\":\"2016-04-30T15:11:20+00:00\",\"mainEntityOfPage\":{\"@id\":\"https:\/\/hudo.com\/si\/aktualno\/bostjan-videmsek-ime-meseca-na-valu-202\/\"},\"wordCount\":153,\"publisher\":{\"@id\":\"https:\/\/hudo.com\/si\/#organization\"},\"articleSection\":[\"Aktualno\"],\"inLanguage\":\"sl-SI\"},{\"@type\":\"WebPage\",\"@id\":\"https:\/\/hudo.com\/si\/aktualno\/bostjan-videmsek-ime-meseca-na-valu-202\/\",\"url\":\"https:\/\/hudo.com\/si\/aktualno\/bostjan-videmsek-ime-meseca-na-valu-202\/\",\"name\":\"Bo\u0161tjan Videm\u0161ek, ime meseca na Valu 202 - Hudo Slovenija\",\"isPartOf\":{\"@id\":\"https:\/\/hudo.com\/si\/#website\"},\"datePublished\":\"2016-04-30T10:48:00+00:00\",\"dateModified\":\"2016-04-30T15:11:20+00:00\",\"breadcrumb\":{\"@id\":\"https:\/\/hudo.com\/si\/aktualno\/bostjan-videmsek-ime-meseca-na-valu-202\/#breadcrumb\"},\"inLanguage\":\"sl-SI\",\"potentialAction\":[{\"@type\":\"ReadAction\",\"target\":[\"https:\/\/hudo.com\/si\/aktualno\/bostjan-videmsek-ime-meseca-na-valu-202\/\"]}]},{\"@type\":\"BreadcrumbList\",\"@id\":\"https:\/\/hudo.com\/si\/aktualno\/bostjan-videmsek-ime-meseca-na-valu-202\/#breadcrumb\",\"itemListElement\":[{\"@type\":\"ListItem\",\"position\":1,\"name\":\"Home\",\"item\":\"https:\/\/hudo.com\/si\/\"},{\"@type\":\"ListItem\",\"position\":2,\"name\":\"Bo\u0161tjan Videm\u0161ek, ime meseca na Valu 202\"}]},{\"@type\":\"WebSite\",\"@id\":\"https:\/\/hudo.com\/si\/#website\",\"url\":\"https:\/\/hudo.com\/si\/\",\"name\":\"Hudo Slovenija\",\"description\":\"Vse novice iz Slovenije in sveta\",\"publisher\":{\"@id\":\"https:\/\/hudo.com\/si\/#organization\"},\"potentialAction\":[{\"@type\":\"SearchAction\",\"target\":{\"@type\":\"EntryPoint\",\"urlTemplate\":\"https:\/\/hudo.com\/si\/?s={search_term_string}\"},\"query-input\":\"required name=search_term_string\"}],\"inLanguage\":\"sl-SI\"},{\"@type\":\"Organization\",\"@id\":\"https:\/\/hudo.com\/si\/#organization\",\"name\":\"VSN Media\",\"url\":\"https:\/\/hudo.com\/si\/\",\"logo\":{\"@type\":\"ImageObject\",\"inLanguage\":\"sl-SI\",\"@id\":\"https:\/\/hudo.com\/si\/#\/schema\/logo\/image\/\",\"url\":\"https:\/\/hudo.com\/si\/wp-content\/uploads\/sites\/2\/2021\/03\/hudo-app-2.png\",\"contentUrl\":\"https:\/\/hudo.com\/si\/wp-content\/uploads\/sites\/2\/2021\/03\/hudo-app-2.png\",\"width\":2185,\"height\":2167,\"caption\":\"VSN Media\"},\"image\":{\"@id\":\"https:\/\/hudo.com\/si\/#\/schema\/logo\/image\/\"},\"sameAs\":[\"https:\/\/www.facebook.com\/hudo.si\",\"https:\/\/twitter.com\/hudo_si\"]},{\"@type\":\"Person\",\"@id\":\"https:\/\/hudo.com\/si\/#\/schema\/person\/601cf3379633985b20f7e50f2bb47707\",\"name\":\"hudo\",\"image\":{\"@type\":\"ImageObject\",\"inLanguage\":\"sl-SI\",\"@id\":\"https:\/\/hudo.com\/si\/#\/schema\/person\/image\/\",\"url\":\"https:\/\/secure.gravatar.com\/avatar\/c4ca25fa72cace7a696b52ff5db9e095?s=96&d=mm&r=g\",\"contentUrl\":\"https:\/\/secure.gravatar.com\/avatar\/c4ca25fa72cace7a696b52ff5db9e095?s=96&d=mm&r=g\",\"caption\":\"hudo\"},\"url\":\"https:\/\/hudo.com\/si\/author\/hudo\/\"}]}<\/script>\n<!-- \/ Yoast SEO plugin. -->","yoast_head_json":{"title":"Bo\u0161tjan Videm\u0161ek, ime meseca na Valu 202 - Hudo Slovenija","robots":{"index":"index","follow":"follow","max-snippet":"max-snippet:-1","max-image-preview":"max-image-preview:large","max-video-preview":"max-video-preview:-1"},"canonical":"https:\/\/hudo.com\/si\/aktualno\/bostjan-videmsek-ime-meseca-na-valu-202\/","og_locale":"sl_SI","og_type":"article","og_title":"Bo\u0161tjan Videm\u0161ek, ime meseca na Valu 202 - Hudo Slovenija","og_description":"Kategorija: Slovenija Sat, 30 Apr 2016 14:48:00 +0200 Ljubljana - Ime meseca marca je postal Bo\u0161tjan Videm\u0161ek, Delov novinar, ki s svojimi zgodbami \u017ee leta opozarja javnost na begunsko krizo. S tem si je skupaj s \u0161e \u0161estimi kolegi iz razli\u010dnih evropskih dr\u017eav prislu\u017eil nominacijo za European Press Prize 2016. Te dni opozarja na katastrofalne razmere, v katerih \u017eivijo begunci v namestitevnem centru VIAL na egejskem otoku Chios. Poglejte si videoposnetek, v ve\u010dernih urah pa pri\u010dakujemo tudi novo Pismo iz Gr\u010dije.Med kandidati za ime meseca marca je bila sicer tudi Anu\u0161ka Deli\u0107, preiskovalna novinarka, ki je kot edina Slovenka sodelovala pri projektu razkrivanja panamskih dokumentov dru\u017ebe Mossack Fonseca, ki je omogo\u010dil vpogled v svet globalnega kriminala in korupcije.Preostala dva kandidata sta bila \u0161e: Andrej Tarfila, fotograf, ki je zmagal na enem najve\u010djih fotografskih nate\u010dajev na\u00a0...","og_url":"https:\/\/hudo.com\/si\/aktualno\/bostjan-videmsek-ime-meseca-na-valu-202\/","og_site_name":"Hudo Slovenija","article_publisher":"https:\/\/www.facebook.com\/hudo.si","article_published_time":"2016-04-30T10:48:00+00:00","article_modified_time":"2016-04-30T15:11:20+00:00","og_image":[{"width":480,"height":290,"url":"https:\/\/hudo.com\/si\/wp-content\/uploads\/sites\/2\/2016\/04\/480x290_videmsek.jpeg","type":"image\/jpeg"}],"author":"hudo","twitter_card":"summary_large_image","twitter_creator":"@hudo_si","twitter_site":"@hudo_si","twitter_misc":{"Written by":"hudo","Est. reading time":"1 minuta"},"schema":{"@context":"https:\/\/schema.org","@graph":[{"@type":"Article","@id":"https:\/\/hudo.com\/si\/aktualno\/bostjan-videmsek-ime-meseca-na-valu-202\/#article","isPartOf":{"@id":"https:\/\/hudo.com\/si\/aktualno\/bostjan-videmsek-ime-meseca-na-valu-202\/"},"author":{"name":"hudo","@id":"https:\/\/hudo.com\/si\/#\/schema\/person\/601cf3379633985b20f7e50f2bb47707"},"headline":"Bo\u0161tjan Videm\u0161ek, ime meseca na Valu 202","datePublished":"2016-04-30T10:48:00+00:00","dateModified":"2016-04-30T15:11:20+00:00","mainEntityOfPage":{"@id":"https:\/\/hudo.com\/si\/aktualno\/bostjan-videmsek-ime-meseca-na-valu-202\/"},"wordCount":153,"publisher":{"@id":"https:\/\/hudo.com\/si\/#organization"},"articleSection":["Aktualno"],"inLanguage":"sl-SI"},{"@type":"WebPage","@id":"https:\/\/hudo.com\/si\/aktualno\/bostjan-videmsek-ime-meseca-na-valu-202\/","url":"https:\/\/hudo.com\/si\/aktualno\/bostjan-videmsek-ime-meseca-na-valu-202\/","name":"Bo\u0161tjan Videm\u0161ek, ime meseca na Valu 202 - Hudo Slovenija","isPartOf":{"@id":"https:\/\/hudo.com\/si\/#website"},"datePublished":"2016-04-30T10:48:00+00:00","dateModified":"2016-04-30T15:11:20+00:00","breadcrumb":{"@id":"https:\/\/hudo.com\/si\/aktualno\/bostjan-videmsek-ime-meseca-na-valu-202\/#breadcrumb"},"inLanguage":"sl-SI","potentialAction":[{"@type":"ReadAction","target":["https:\/\/hudo.com\/si\/aktualno\/bostjan-videmsek-ime-meseca-na-valu-202\/"]}]},{"@type":"BreadcrumbList","@id":"https:\/\/hudo.com\/si\/aktualno\/bostjan-videmsek-ime-meseca-na-valu-202\/#breadcrumb","itemListElement":[{"@type":"ListItem","position":1,"name":"Home","item":"https:\/\/hudo.com\/si\/"},{"@type":"ListItem","position":2,"name":"Bo\u0161tjan Videm\u0161ek, ime meseca na Valu 202"}]},{"@type":"WebSite","@id":"https:\/\/hudo.com\/si\/#website","url":"https:\/\/hudo.com\/si\/","name":"Hudo Slovenija","description":"Vse novice iz Slovenije in sveta","publisher":{"@id":"https:\/\/hudo.com\/si\/#organization"},"potentialAction":[{"@type":"SearchAction","target":{"@type":"EntryPoint","urlTemplate":"https:\/\/hudo.com\/si\/?s={search_term_string}"},"query-input":"required name=search_term_string"}],"inLanguage":"sl-SI"},{"@type":"Organization","@id":"https:\/\/hudo.com\/si\/#organization","name":"VSN Media","url":"https:\/\/hudo.com\/si\/","logo":{"@type":"ImageObject","inLanguage":"sl-SI","@id":"https:\/\/hudo.com\/si\/#\/schema\/logo\/image\/","url":"https:\/\/hudo.com\/si\/wp-content\/uploads\/sites\/2\/2021\/03\/hudo-app-2.png","contentUrl":"https:\/\/hudo.com\/si\/wp-content\/uploads\/sites\/2\/2021\/03\/hudo-app-2.png","width":2185,"height":2167,"caption":"VSN Media"},"image":{"@id":"https:\/\/hudo.com\/si\/#\/schema\/logo\/image\/"},"sameAs":["https:\/\/www.facebook.com\/hudo.si","https:\/\/twitter.com\/hudo_si"]},{"@type":"Person","@id":"https:\/\/hudo.com\/si\/#\/schema\/person\/601cf3379633985b20f7e50f2bb47707","name":"hudo","image":{"@type":"ImageObject","inLanguage":"sl-SI","@id":"https:\/\/hudo.com\/si\/#\/schema\/person\/image\/","url":"https:\/\/secure.gravatar.com\/avatar\/c4ca25fa72cace7a696b52ff5db9e095?s=96&d=mm&r=g","contentUrl":"https:\/\/secure.gravatar.com\/avatar\/c4ca25fa72cace7a696b52ff5db9e095?s=96&d=mm&r=g","caption":"hudo"},"url":"https:\/\/hudo.com\/si\/author\/hudo\/"}]}},"amp_enabled":true,"_links":{"self":[{"href":"https:\/\/hudo.com\/si\/wp-json\/wp\/v2\/posts\/42827"}],"collection":[{"href":"https:\/\/hudo.com\/si\/wp-json\/wp\/v2\/posts"}],"about":[{"href":"https:\/\/hudo.com\/si\/wp-json\/wp\/v2\/types\/post"}],"author":[{"embeddable":true,"href":"https:\/\/hudo.com\/si\/wp-json\/wp\/v2\/users\/1"}],"replies":[{"embeddable":true,"href":"https:\/\/hudo.com\/si\/wp-json\/wp\/v2\/comments?post=42827"}],"version-history":[{"count":1,"href":"https:\/\/hudo.com\/si\/wp-json\/wp\/v2\/posts\/42827\/revisions"}],"predecessor-version":[{"id":42854,"href":"https:\/\/hudo.com\/si\/wp-json\/wp\/v2\/posts\/42827\/revisions\/42854"}],"wp:attachment":[{"href":"https:\/\/hudo.com\/si\/wp-json\/wp\/v2\/media?parent=42827"}],"wp:term":[{"taxonomy":"category","embeddable":true,"href":"https:\/\/hudo.com\/si\/wp-json\/wp\/v2\/categories?post=42827"},{"taxonomy":"post_tag","embeddable":true,"href":"https:\/\/hudo.com\/si\/wp-json\/wp\/v2\/tags?post=42827"},{"taxonomy":"source","embeddable":true,"href":"https:\/\/hudo.com\/si\/wp-json\/wp\/v2\/source?post=42827"},{"taxonomy":"supertag","embeddable":true,"href":"https:\/\/hudo.com\/si\/wp-json\/wp\/v2\/supertag?post=42827"}],"curies":[{"name":"wp","href":"https:\/\/api.w.org\/{rel}","templated":true}]}}