{"id":428409,"date":"2020-07-24T08:24:27","date_gmt":"2020-07-24T06:24:27","guid":{"rendered":"http:\/\/hudo.com\/si\/?p=428409"},"modified":"2020-07-24T08:24:27","modified_gmt":"2020-07-24T06:24:27","slug":"nova-hrvaska-vlada-premierja-plenkovica-se-bo-sestala-na-prvi-seji","status":"publish","type":"post","link":"https:\/\/hudo.com\/si\/aktualno\/nova-hrvaska-vlada-premierja-plenkovica-se-bo-sestala-na-prvi-seji\/","title":{"rendered":"Nova hrva\u0161ka vlada premierja Plenkovi\u0107a se bo sestala na prvi seji"},"content":{"rendered":"<p>Plenkovi\u0107evo drugo vlado je po celodnevni razpravi ve\u010dina hrva\u0161kih poslancev potrdila v \u010detrtek pozno zve\u010der. Podprlo jo je 76 od 135 poslancev, ki so bili prisotni med glasovanjem. Proti je glasovalo 59 poslancev.<\/p>\n<p>Novo vlado sestavljajo HDZ in partnerji iz vrste manj\u0161ih politi\u010dnih strank, vklju\u010dno s poslanci narodnostnih manj\u0161in. V danes potrjeni hrva\u0161ki vladi bo 16 ministrstev.<\/p>\n<p>Po glasovanju so \u010dlani vlade tudi zaprisegli, prvi\u010d pa se bo ministrska ekipa, v kateri je veliko dosedanjih ministrov, sestala danes. Premier Plenkovi\u0107 je napovedal vladno potrditev predloga zakona o popotresni obnovi prestolnice, ob tem pa dejal, da avgusta pri\u010dakuje 89 milijonov evrov akontacije pomo\u010di za obnovo Zagreba iz skladov EU.<\/p>\n<p>Pri\u010dakovati je tudi nekatere primopredaje poslov med dosedanjimi in novimi ministri, kjer je pri\u0161lo do menjav.<\/p>\n","protected":false},"excerpt":{"rendered":"<p>Po \u010detrtkovi potrditvi v hrva\u0161kem parlamentu se bo danes na svoji prvi seji sestala 15. hrva\u0161ka vlada, ki jo bo, tako kot prej\u0161njo, vodil premier Andrej Plenkovi\u0107. Kot je napovedal, bodo danes v parlamentarni postopek poslali zakon o popotresni prenovi Zagreba.<\/p>\n","protected":false},"author":5,"featured_media":381236,"comment_status":"closed","ping_status":"closed","sticky":false,"template":"","format":"standard","meta":{"footnotes":""},"categories":[1179],"tags":[6285,1810,5008,4532],"source":[4511],"supertag":[],"acf":[],"yoast_head":"<!-- This site is optimized with the Yoast SEO plugin v21.3 - https:\/\/yoast.com\/wordpress\/plugins\/seo\/ -->\n<title>Nova hrva\u0161ka vlada premierja Plenkovi\u0107a se bo sestala na prvi seji - Hudo Slovenija<\/title>\n<meta name=\"robots\" content=\"index, follow, max-snippet:-1, max-image-preview:large, max-video-preview:-1\" \/>\n<link rel=\"canonical\" href=\"https:\/\/hudo.com\/si\/aktualno\/nova-hrvaska-vlada-premierja-plenkovica-se-bo-sestala-na-prvi-seji\/\" \/>\n<meta property=\"og:locale\" content=\"sl_SI\" \/>\n<meta property=\"og:type\" content=\"article\" \/>\n<meta property=\"og:title\" content=\"Nova hrva\u0161ka vlada premierja Plenkovi\u0107a se bo sestala na prvi seji - Hudo Slovenija\" \/>\n<meta property=\"og:description\" content=\"Po \u010detrtkovi potrditvi v hrva\u0161kem parlamentu se bo danes na svoji prvi seji sestala 15. hrva\u0161ka vlada, ki jo bo, tako kot prej\u0161njo, vodil premier Andrej Plenkovi\u0107. Kot je napovedal, bodo danes v parlamentarni postopek poslali zakon o popotresni prenovi Zagreba.\" \/>\n<meta property=\"og:url\" content=\"https:\/\/hudo.com\/si\/aktualno\/nova-hrvaska-vlada-premierja-plenkovica-se-bo-sestala-na-prvi-seji\/\" \/>\n<meta property=\"og:site_name\" content=\"Hudo Slovenija\" \/>\n<meta property=\"article:publisher\" content=\"https:\/\/www.facebook.com\/hudo.si\" \/>\n<meta property=\"article:published_time\" content=\"2020-07-24T06:24:27+00:00\" \/>\n<meta property=\"og:image\" content=\"https:\/\/hudo.com\/si\/wp-content\/uploads\/sites\/2\/2018\/11\/profimedia-0358245372.jpg\" \/>\n\t<meta property=\"og:image:width\" content=\"1250\" \/>\n\t<meta property=\"og:image:height\" content=\"792\" \/>\n\t<meta property=\"og:image:type\" content=\"image\/jpeg\" \/>\n<meta name=\"author\" content=\"A. G., STA\" \/>\n<meta name=\"twitter:card\" content=\"summary_large_image\" \/>\n<meta name=\"twitter:creator\" content=\"@hudo_si\" \/>\n<meta name=\"twitter:site\" content=\"@hudo_si\" \/>\n<meta name=\"twitter:label1\" content=\"Written by\" \/>\n\t<meta name=\"twitter:data1\" content=\"A. G., STA\" \/>\n\t<meta name=\"twitter:label2\" content=\"Est. reading time\" \/>\n\t<meta name=\"twitter:data2\" content=\"1 minuta\" \/>\n<script type=\"application\/ld+json\" class=\"yoast-schema-graph\">{\"@context\":\"https:\/\/schema.org\",\"@graph\":[{\"@type\":\"Article\",\"@id\":\"https:\/\/hudo.com\/si\/aktualno\/nova-hrvaska-vlada-premierja-plenkovica-se-bo-sestala-na-prvi-seji\/#article\",\"isPartOf\":{\"@id\":\"https:\/\/hudo.com\/si\/aktualno\/nova-hrvaska-vlada-premierja-plenkovica-se-bo-sestala-na-prvi-seji\/\"},\"author\":{\"name\":\"A. G., STA\",\"@id\":\"https:\/\/hudo.com\/si\/#\/schema\/person\/2391667a63ea075ba94f2f2dc6b77537\"},\"headline\":\"Nova hrva\u0161ka vlada premierja Plenkovi\u0107a se bo sestala na prvi seji\",\"datePublished\":\"2020-07-24T06:24:27+00:00\",\"dateModified\":\"2020-07-24T06:24:27+00:00\",\"mainEntityOfPage\":{\"@id\":\"https:\/\/hudo.com\/si\/aktualno\/nova-hrvaska-vlada-premierja-plenkovica-se-bo-sestala-na-prvi-seji\/\"},\"wordCount\":145,\"publisher\":{\"@id\":\"https:\/\/hudo.com\/si\/#organization\"},\"keywords\":[\"Andrej Plenkovi\u0107\",\"hrva\u0161ka\",\"parlament\",\"vlada\"],\"articleSection\":[\"Aktualno\"],\"inLanguage\":\"sl-SI\"},{\"@type\":\"WebPage\",\"@id\":\"https:\/\/hudo.com\/si\/aktualno\/nova-hrvaska-vlada-premierja-plenkovica-se-bo-sestala-na-prvi-seji\/\",\"url\":\"https:\/\/hudo.com\/si\/aktualno\/nova-hrvaska-vlada-premierja-plenkovica-se-bo-sestala-na-prvi-seji\/\",\"name\":\"Nova hrva\u0161ka vlada premierja Plenkovi\u0107a se bo sestala na prvi seji - Hudo Slovenija\",\"isPartOf\":{\"@id\":\"https:\/\/hudo.com\/si\/#website\"},\"datePublished\":\"2020-07-24T06:24:27+00:00\",\"dateModified\":\"2020-07-24T06:24:27+00:00\",\"breadcrumb\":{\"@id\":\"https:\/\/hudo.com\/si\/aktualno\/nova-hrvaska-vlada-premierja-plenkovica-se-bo-sestala-na-prvi-seji\/#breadcrumb\"},\"inLanguage\":\"sl-SI\",\"potentialAction\":[{\"@type\":\"ReadAction\",\"target\":[\"https:\/\/hudo.com\/si\/aktualno\/nova-hrvaska-vlada-premierja-plenkovica-se-bo-sestala-na-prvi-seji\/\"]}]},{\"@type\":\"BreadcrumbList\",\"@id\":\"https:\/\/hudo.com\/si\/aktualno\/nova-hrvaska-vlada-premierja-plenkovica-se-bo-sestala-na-prvi-seji\/#breadcrumb\",\"itemListElement\":[{\"@type\":\"ListItem\",\"position\":1,\"name\":\"Home\",\"item\":\"https:\/\/hudo.com\/si\/\"},{\"@type\":\"ListItem\",\"position\":2,\"name\":\"Nova hrva\u0161ka vlada premierja Plenkovi\u0107a se bo sestala na prvi seji\"}]},{\"@type\":\"WebSite\",\"@id\":\"https:\/\/hudo.com\/si\/#website\",\"url\":\"https:\/\/hudo.com\/si\/\",\"name\":\"Hudo Slovenija\",\"description\":\"Vse novice iz Slovenije in sveta\",\"publisher\":{\"@id\":\"https:\/\/hudo.com\/si\/#organization\"},\"potentialAction\":[{\"@type\":\"SearchAction\",\"target\":{\"@type\":\"EntryPoint\",\"urlTemplate\":\"https:\/\/hudo.com\/si\/?s={search_term_string}\"},\"query-input\":\"required name=search_term_string\"}],\"inLanguage\":\"sl-SI\"},{\"@type\":\"Organization\",\"@id\":\"https:\/\/hudo.com\/si\/#organization\",\"name\":\"VSN Media\",\"url\":\"https:\/\/hudo.com\/si\/\",\"logo\":{\"@type\":\"ImageObject\",\"inLanguage\":\"sl-SI\",\"@id\":\"https:\/\/hudo.com\/si\/#\/schema\/logo\/image\/\",\"url\":\"https:\/\/hudo.com\/si\/wp-content\/uploads\/sites\/2\/2021\/03\/hudo-app-2.png\",\"contentUrl\":\"https:\/\/hudo.com\/si\/wp-content\/uploads\/sites\/2\/2021\/03\/hudo-app-2.png\",\"width\":2185,\"height\":2167,\"caption\":\"VSN Media\"},\"image\":{\"@id\":\"https:\/\/hudo.com\/si\/#\/schema\/logo\/image\/\"},\"sameAs\":[\"https:\/\/www.facebook.com\/hudo.si\",\"https:\/\/twitter.com\/hudo_si\"]},{\"@type\":\"Person\",\"@id\":\"https:\/\/hudo.com\/si\/#\/schema\/person\/2391667a63ea075ba94f2f2dc6b77537\",\"name\":\"A. G., STA\",\"image\":{\"@type\":\"ImageObject\",\"inLanguage\":\"sl-SI\",\"@id\":\"https:\/\/hudo.com\/si\/#\/schema\/person\/image\/\",\"url\":\"https:\/\/secure.gravatar.com\/avatar\/e13d22ac3e442658d5025fbbe6238a79?s=96&d=mm&r=g\",\"contentUrl\":\"https:\/\/secure.gravatar.com\/avatar\/e13d22ac3e442658d5025fbbe6238a79?s=96&d=mm&r=g\",\"caption\":\"A. G., STA\"},\"url\":\"https:\/\/hudo.com\/si\/author\/alenka\/\"}]}<\/script>\n<!-- \/ Yoast SEO plugin. -->","yoast_head_json":{"title":"Nova hrva\u0161ka vlada premierja Plenkovi\u0107a se bo sestala na prvi seji - Hudo Slovenija","robots":{"index":"index","follow":"follow","max-snippet":"max-snippet:-1","max-image-preview":"max-image-preview:large","max-video-preview":"max-video-preview:-1"},"canonical":"https:\/\/hudo.com\/si\/aktualno\/nova-hrvaska-vlada-premierja-plenkovica-se-bo-sestala-na-prvi-seji\/","og_locale":"sl_SI","og_type":"article","og_title":"Nova hrva\u0161ka vlada premierja Plenkovi\u0107a se bo sestala na prvi seji - Hudo Slovenija","og_description":"Po \u010detrtkovi potrditvi v hrva\u0161kem parlamentu se bo danes na svoji prvi seji sestala 15. hrva\u0161ka vlada, ki jo bo, tako kot prej\u0161njo, vodil premier Andrej Plenkovi\u0107. Kot je napovedal, bodo danes v parlamentarni postopek poslali zakon o popotresni prenovi Zagreba.","og_url":"https:\/\/hudo.com\/si\/aktualno\/nova-hrvaska-vlada-premierja-plenkovica-se-bo-sestala-na-prvi-seji\/","og_site_name":"Hudo Slovenija","article_publisher":"https:\/\/www.facebook.com\/hudo.si","article_published_time":"2020-07-24T06:24:27+00:00","og_image":[{"width":1250,"height":792,"url":"https:\/\/hudo.com\/si\/wp-content\/uploads\/sites\/2\/2018\/11\/profimedia-0358245372.jpg","type":"image\/jpeg"}],"author":"A. G., STA","twitter_card":"summary_large_image","twitter_creator":"@hudo_si","twitter_site":"@hudo_si","twitter_misc":{"Written by":"A. G., STA","Est. reading time":"1 minuta"},"schema":{"@context":"https:\/\/schema.org","@graph":[{"@type":"Article","@id":"https:\/\/hudo.com\/si\/aktualno\/nova-hrvaska-vlada-premierja-plenkovica-se-bo-sestala-na-prvi-seji\/#article","isPartOf":{"@id":"https:\/\/hudo.com\/si\/aktualno\/nova-hrvaska-vlada-premierja-plenkovica-se-bo-sestala-na-prvi-seji\/"},"author":{"name":"A. G., STA","@id":"https:\/\/hudo.com\/si\/#\/schema\/person\/2391667a63ea075ba94f2f2dc6b77537"},"headline":"Nova hrva\u0161ka vlada premierja Plenkovi\u0107a se bo sestala na prvi seji","datePublished":"2020-07-24T06:24:27+00:00","dateModified":"2020-07-24T06:24:27+00:00","mainEntityOfPage":{"@id":"https:\/\/hudo.com\/si\/aktualno\/nova-hrvaska-vlada-premierja-plenkovica-se-bo-sestala-na-prvi-seji\/"},"wordCount":145,"publisher":{"@id":"https:\/\/hudo.com\/si\/#organization"},"keywords":["Andrej Plenkovi\u0107","hrva\u0161ka","parlament","vlada"],"articleSection":["Aktualno"],"inLanguage":"sl-SI"},{"@type":"WebPage","@id":"https:\/\/hudo.com\/si\/aktualno\/nova-hrvaska-vlada-premierja-plenkovica-se-bo-sestala-na-prvi-seji\/","url":"https:\/\/hudo.com\/si\/aktualno\/nova-hrvaska-vlada-premierja-plenkovica-se-bo-sestala-na-prvi-seji\/","name":"Nova hrva\u0161ka vlada premierja Plenkovi\u0107a se bo sestala na prvi seji - Hudo Slovenija","isPartOf":{"@id":"https:\/\/hudo.com\/si\/#website"},"datePublished":"2020-07-24T06:24:27+00:00","dateModified":"2020-07-24T06:24:27+00:00","breadcrumb":{"@id":"https:\/\/hudo.com\/si\/aktualno\/nova-hrvaska-vlada-premierja-plenkovica-se-bo-sestala-na-prvi-seji\/#breadcrumb"},"inLanguage":"sl-SI","potentialAction":[{"@type":"ReadAction","target":["https:\/\/hudo.com\/si\/aktualno\/nova-hrvaska-vlada-premierja-plenkovica-se-bo-sestala-na-prvi-seji\/"]}]},{"@type":"BreadcrumbList","@id":"https:\/\/hudo.com\/si\/aktualno\/nova-hrvaska-vlada-premierja-plenkovica-se-bo-sestala-na-prvi-seji\/#breadcrumb","itemListElement":[{"@type":"ListItem","position":1,"name":"Home","item":"https:\/\/hudo.com\/si\/"},{"@type":"ListItem","position":2,"name":"Nova hrva\u0161ka vlada premierja Plenkovi\u0107a se bo sestala na prvi seji"}]},{"@type":"WebSite","@id":"https:\/\/hudo.com\/si\/#website","url":"https:\/\/hudo.com\/si\/","name":"Hudo Slovenija","description":"Vse novice iz Slovenije in sveta","publisher":{"@id":"https:\/\/hudo.com\/si\/#organization"},"potentialAction":[{"@type":"SearchAction","target":{"@type":"EntryPoint","urlTemplate":"https:\/\/hudo.com\/si\/?s={search_term_string}"},"query-input":"required name=search_term_string"}],"inLanguage":"sl-SI"},{"@type":"Organization","@id":"https:\/\/hudo.com\/si\/#organization","name":"VSN Media","url":"https:\/\/hudo.com\/si\/","logo":{"@type":"ImageObject","inLanguage":"sl-SI","@id":"https:\/\/hudo.com\/si\/#\/schema\/logo\/image\/","url":"https:\/\/hudo.com\/si\/wp-content\/uploads\/sites\/2\/2021\/03\/hudo-app-2.png","contentUrl":"https:\/\/hudo.com\/si\/wp-content\/uploads\/sites\/2\/2021\/03\/hudo-app-2.png","width":2185,"height":2167,"caption":"VSN Media"},"image":{"@id":"https:\/\/hudo.com\/si\/#\/schema\/logo\/image\/"},"sameAs":["https:\/\/www.facebook.com\/hudo.si","https:\/\/twitter.com\/hudo_si"]},{"@type":"Person","@id":"https:\/\/hudo.com\/si\/#\/schema\/person\/2391667a63ea075ba94f2f2dc6b77537","name":"A. G., STA","image":{"@type":"ImageObject","inLanguage":"sl-SI","@id":"https:\/\/hudo.com\/si\/#\/schema\/person\/image\/","url":"https:\/\/secure.gravatar.com\/avatar\/e13d22ac3e442658d5025fbbe6238a79?s=96&d=mm&r=g","contentUrl":"https:\/\/secure.gravatar.com\/avatar\/e13d22ac3e442658d5025fbbe6238a79?s=96&d=mm&r=g","caption":"A. G., STA"},"url":"https:\/\/hudo.com\/si\/author\/alenka\/"}]}},"amp_enabled":true,"_links":{"self":[{"href":"https:\/\/hudo.com\/si\/wp-json\/wp\/v2\/posts\/428409"}],"collection":[{"href":"https:\/\/hudo.com\/si\/wp-json\/wp\/v2\/posts"}],"about":[{"href":"https:\/\/hudo.com\/si\/wp-json\/wp\/v2\/types\/post"}],"author":[{"embeddable":true,"href":"https:\/\/hudo.com\/si\/wp-json\/wp\/v2\/users\/5"}],"replies":[{"embeddable":true,"href":"https:\/\/hudo.com\/si\/wp-json\/wp\/v2\/comments?post=428409"}],"version-history":[{"count":1,"href":"https:\/\/hudo.com\/si\/wp-json\/wp\/v2\/posts\/428409\/revisions"}],"predecessor-version":[{"id":428410,"href":"https:\/\/hudo.com\/si\/wp-json\/wp\/v2\/posts\/428409\/revisions\/428410"}],"wp:featuredmedia":[{"embeddable":true,"href":"https:\/\/hudo.com\/si\/wp-json\/wp\/v2\/media\/381236"}],"wp:attachment":[{"href":"https:\/\/hudo.com\/si\/wp-json\/wp\/v2\/media?parent=428409"}],"wp:term":[{"taxonomy":"category","embeddable":true,"href":"https:\/\/hudo.com\/si\/wp-json\/wp\/v2\/categories?post=428409"},{"taxonomy":"post_tag","embeddable":true,"href":"https:\/\/hudo.com\/si\/wp-json\/wp\/v2\/tags?post=428409"},{"taxonomy":"source","embeddable":true,"href":"https:\/\/hudo.com\/si\/wp-json\/wp\/v2\/source?post=428409"},{"taxonomy":"supertag","embeddable":true,"href":"https:\/\/hudo.com\/si\/wp-json\/wp\/v2\/supertag?post=428409"}],"curies":[{"name":"wp","href":"https:\/\/api.w.org\/{rel}","templated":true}]}}