{"id":42873,"date":"2016-04-30T16:30:00","date_gmt":"2016-04-30T14:30:00","guid":{"rendered":"http:\/\/hudo.com\/si\/2016\/04\/30\/avstrija-bi-podaljsek-kontrole-schengenske-meje-zaradi-migrantov\/"},"modified":"2016-05-01T14:16:58","modified_gmt":"2016-05-01T12:16:58","slug":"avstrija-bi-podaljsek-kontrole-schengenske-meje-zaradi-migrantov","status":"publish","type":"post","link":"https:\/\/hudo.com\/si\/aktualno\/avstrija-bi-podaljsek-kontrole-schengenske-meje-zaradi-migrantov\/","title":{"rendered":"Avstrija bi podalj\u0161ek kontrole schengenske meje zaradi migrantov"},"content":{"rendered":"<p>Avstrija se z Evropsko unijo pogovarja o podalj\u0161anju za\u010dasne kontrole schengenske meje, da se s tem zmanj\u0161a, pravijo na Dunaju, pritok migrantov. Pro\u0161nja sledi pred dnevi sprejeti drasti\u010dno tr\u0161i avstrijski migrantski zakonodaji. In godi se teden pred drugim krogom predsedni\u0161kih volitev v Avstriji, ki jih migrantska kriza zelo dolo\u010da. Novi zakon, med najstro\u017ejimi v Evropi, predvideva najdlje triletni azil v dr\u017eavi. \u010ce je pritisk migrantov prevelik, pa jih Avstrija poslej sme zavrniti na meji in niti do pro\u0161nje za azil ne pridejo. Avstrija, Belgija, Danska, Francija, Nem\u010dija in \u0160vedska so poostrile za\u010dasno kontrolo na mejah, predvidoma do 13. maja letos. \u010ce ne bo podalj\u0161ka\u00a0&#8230;Svet<\/p>\n","protected":false},"excerpt":{"rendered":"<p>Avstrija se z Evropsko unijo pogovarja o podalj\u0161anju za\u010dasne kontrole schengenske meje, da se s tem zmanj\u0161a, pravijo na Dunaju, pritok migrantov. Pro\u0161nja sledi pred dnevi sprejeti drasti\u010dno tr\u0161i avstrijski migrantski zakonodaji. In godi se teden pred drugim krogom predsedni\u0161kih volitev v Avstriji, ki jih migrantska kriza zelo dolo\u010da. Novi zakon, med najstro\u017ejimi v Evropi, predvideva najdlje triletni azil v dr\u017eavi. \u010ce je pritisk migrantov prevelik, pa jih Avstrija poslej sme zavrniti na meji in niti do pro\u0161nje za azil ne pridejo. Avstrija, Belgija, Danska, Francija, Nem\u010dija in \u0160vedska so poostrile za\u010dasno kontrolo na mejah, predvidoma do 13. maja letos. \u010ce ne bo podalj\u0161ka\u00a0&#8230;Svet<\/p>\n","protected":false},"author":1,"featured_media":0,"comment_status":"closed","ping_status":"closed","sticky":false,"template":"","format":"standard","meta":{"footnotes":""},"categories":[1179],"tags":[],"source":[1711],"supertag":[],"acf":[],"yoast_head":"<!-- This site is optimized with the Yoast SEO plugin v21.3 - https:\/\/yoast.com\/wordpress\/plugins\/seo\/ -->\n<title>Avstrija bi podalj\u0161ek kontrole schengenske meje zaradi migrantov - Hudo Slovenija<\/title>\n<meta name=\"robots\" content=\"index, follow, max-snippet:-1, max-image-preview:large, max-video-preview:-1\" \/>\n<link rel=\"canonical\" href=\"https:\/\/hudo.com\/si\/aktualno\/avstrija-bi-podaljsek-kontrole-schengenske-meje-zaradi-migrantov\/\" \/>\n<meta property=\"og:locale\" content=\"sl_SI\" \/>\n<meta property=\"og:type\" content=\"article\" \/>\n<meta property=\"og:title\" content=\"Avstrija bi podalj\u0161ek kontrole schengenske meje zaradi migrantov - Hudo Slovenija\" \/>\n<meta property=\"og:description\" content=\"Avstrija se z Evropsko unijo pogovarja o podalj\u0161anju za\u010dasne kontrole schengenske meje, da se s tem zmanj\u0161a, pravijo na Dunaju, pritok migrantov. Pro\u0161nja sledi pred dnevi sprejeti drasti\u010dno tr\u0161i avstrijski migrantski zakonodaji. In godi se teden pred drugim krogom predsedni\u0161kih volitev v Avstriji, ki jih migrantska kriza zelo dolo\u010da. Novi zakon, med najstro\u017ejimi v Evropi, predvideva najdlje triletni azil v dr\u017eavi. \u010ce je pritisk migrantov prevelik, pa jih Avstrija poslej sme zavrniti na meji in niti do pro\u0161nje za azil ne pridejo. Avstrija, Belgija, Danska, Francija, Nem\u010dija in \u0160vedska so poostrile za\u010dasno kontrolo na mejah, predvidoma do 13. maja letos. \u010ce ne bo podalj\u0161ka\u00a0...Svet\" \/>\n<meta property=\"og:url\" content=\"https:\/\/hudo.com\/si\/aktualno\/avstrija-bi-podaljsek-kontrole-schengenske-meje-zaradi-migrantov\/\" \/>\n<meta property=\"og:site_name\" content=\"Hudo Slovenija\" \/>\n<meta property=\"article:publisher\" content=\"https:\/\/www.facebook.com\/hudo.si\" \/>\n<meta property=\"article:published_time\" content=\"2016-04-30T14:30:00+00:00\" \/>\n<meta property=\"article:modified_time\" content=\"2016-05-01T12:16:58+00:00\" \/>\n<meta property=\"og:image\" content=\"https:\/\/hudo.com\/si\/wp-content\/uploads\/sites\/2\/2016\/04\/01477664F-300.jpg\" \/>\n\t<meta property=\"og:image:width\" content=\"450\" \/>\n\t<meta property=\"og:image:height\" content=\"300\" \/>\n\t<meta property=\"og:image:type\" content=\"image\/jpeg\" \/>\n<meta name=\"author\" content=\"hudo\" \/>\n<meta name=\"twitter:card\" content=\"summary_large_image\" \/>\n<meta name=\"twitter:creator\" content=\"@hudo_si\" \/>\n<meta name=\"twitter:site\" content=\"@hudo_si\" \/>\n<meta name=\"twitter:label1\" content=\"Written by\" \/>\n\t<meta name=\"twitter:data1\" content=\"hudo\" \/>\n\t<meta name=\"twitter:label2\" content=\"Est. reading time\" \/>\n\t<meta name=\"twitter:data2\" content=\"1 minuta\" \/>\n<script type=\"application\/ld+json\" class=\"yoast-schema-graph\">{\"@context\":\"https:\/\/schema.org\",\"@graph\":[{\"@type\":\"Article\",\"@id\":\"https:\/\/hudo.com\/si\/aktualno\/avstrija-bi-podaljsek-kontrole-schengenske-meje-zaradi-migrantov\/#article\",\"isPartOf\":{\"@id\":\"https:\/\/hudo.com\/si\/aktualno\/avstrija-bi-podaljsek-kontrole-schengenske-meje-zaradi-migrantov\/\"},\"author\":{\"name\":\"hudo\",\"@id\":\"https:\/\/hudo.com\/si\/#\/schema\/person\/601cf3379633985b20f7e50f2bb47707\"},\"headline\":\"Avstrija bi podalj\u0161ek kontrole schengenske meje zaradi migrantov\",\"datePublished\":\"2016-04-30T14:30:00+00:00\",\"dateModified\":\"2016-05-01T12:16:58+00:00\",\"mainEntityOfPage\":{\"@id\":\"https:\/\/hudo.com\/si\/aktualno\/avstrija-bi-podaljsek-kontrole-schengenske-meje-zaradi-migrantov\/\"},\"wordCount\":127,\"publisher\":{\"@id\":\"https:\/\/hudo.com\/si\/#organization\"},\"articleSection\":[\"Aktualno\"],\"inLanguage\":\"sl-SI\"},{\"@type\":\"WebPage\",\"@id\":\"https:\/\/hudo.com\/si\/aktualno\/avstrija-bi-podaljsek-kontrole-schengenske-meje-zaradi-migrantov\/\",\"url\":\"https:\/\/hudo.com\/si\/aktualno\/avstrija-bi-podaljsek-kontrole-schengenske-meje-zaradi-migrantov\/\",\"name\":\"Avstrija bi podalj\u0161ek kontrole schengenske meje zaradi migrantov - Hudo Slovenija\",\"isPartOf\":{\"@id\":\"https:\/\/hudo.com\/si\/#website\"},\"datePublished\":\"2016-04-30T14:30:00+00:00\",\"dateModified\":\"2016-05-01T12:16:58+00:00\",\"breadcrumb\":{\"@id\":\"https:\/\/hudo.com\/si\/aktualno\/avstrija-bi-podaljsek-kontrole-schengenske-meje-zaradi-migrantov\/#breadcrumb\"},\"inLanguage\":\"sl-SI\",\"potentialAction\":[{\"@type\":\"ReadAction\",\"target\":[\"https:\/\/hudo.com\/si\/aktualno\/avstrija-bi-podaljsek-kontrole-schengenske-meje-zaradi-migrantov\/\"]}]},{\"@type\":\"BreadcrumbList\",\"@id\":\"https:\/\/hudo.com\/si\/aktualno\/avstrija-bi-podaljsek-kontrole-schengenske-meje-zaradi-migrantov\/#breadcrumb\",\"itemListElement\":[{\"@type\":\"ListItem\",\"position\":1,\"name\":\"Home\",\"item\":\"https:\/\/hudo.com\/si\/\"},{\"@type\":\"ListItem\",\"position\":2,\"name\":\"Avstrija bi podalj\u0161ek kontrole schengenske meje zaradi migrantov\"}]},{\"@type\":\"WebSite\",\"@id\":\"https:\/\/hudo.com\/si\/#website\",\"url\":\"https:\/\/hudo.com\/si\/\",\"name\":\"Hudo Slovenija\",\"description\":\"Vse novice iz Slovenije in sveta\",\"publisher\":{\"@id\":\"https:\/\/hudo.com\/si\/#organization\"},\"potentialAction\":[{\"@type\":\"SearchAction\",\"target\":{\"@type\":\"EntryPoint\",\"urlTemplate\":\"https:\/\/hudo.com\/si\/?s={search_term_string}\"},\"query-input\":\"required name=search_term_string\"}],\"inLanguage\":\"sl-SI\"},{\"@type\":\"Organization\",\"@id\":\"https:\/\/hudo.com\/si\/#organization\",\"name\":\"VSN Media\",\"url\":\"https:\/\/hudo.com\/si\/\",\"logo\":{\"@type\":\"ImageObject\",\"inLanguage\":\"sl-SI\",\"@id\":\"https:\/\/hudo.com\/si\/#\/schema\/logo\/image\/\",\"url\":\"https:\/\/hudo.com\/si\/wp-content\/uploads\/sites\/2\/2021\/03\/hudo-app-2.png\",\"contentUrl\":\"https:\/\/hudo.com\/si\/wp-content\/uploads\/sites\/2\/2021\/03\/hudo-app-2.png\",\"width\":2185,\"height\":2167,\"caption\":\"VSN Media\"},\"image\":{\"@id\":\"https:\/\/hudo.com\/si\/#\/schema\/logo\/image\/\"},\"sameAs\":[\"https:\/\/www.facebook.com\/hudo.si\",\"https:\/\/twitter.com\/hudo_si\"]},{\"@type\":\"Person\",\"@id\":\"https:\/\/hudo.com\/si\/#\/schema\/person\/601cf3379633985b20f7e50f2bb47707\",\"name\":\"hudo\",\"image\":{\"@type\":\"ImageObject\",\"inLanguage\":\"sl-SI\",\"@id\":\"https:\/\/hudo.com\/si\/#\/schema\/person\/image\/\",\"url\":\"https:\/\/secure.gravatar.com\/avatar\/c4ca25fa72cace7a696b52ff5db9e095?s=96&d=mm&r=g\",\"contentUrl\":\"https:\/\/secure.gravatar.com\/avatar\/c4ca25fa72cace7a696b52ff5db9e095?s=96&d=mm&r=g\",\"caption\":\"hudo\"},\"url\":\"https:\/\/hudo.com\/si\/author\/hudo\/\"}]}<\/script>\n<!-- \/ Yoast SEO plugin. -->","yoast_head_json":{"title":"Avstrija bi podalj\u0161ek kontrole schengenske meje zaradi migrantov - Hudo Slovenija","robots":{"index":"index","follow":"follow","max-snippet":"max-snippet:-1","max-image-preview":"max-image-preview:large","max-video-preview":"max-video-preview:-1"},"canonical":"https:\/\/hudo.com\/si\/aktualno\/avstrija-bi-podaljsek-kontrole-schengenske-meje-zaradi-migrantov\/","og_locale":"sl_SI","og_type":"article","og_title":"Avstrija bi podalj\u0161ek kontrole schengenske meje zaradi migrantov - Hudo Slovenija","og_description":"Avstrija se z Evropsko unijo pogovarja o podalj\u0161anju za\u010dasne kontrole schengenske meje, da se s tem zmanj\u0161a, pravijo na Dunaju, pritok migrantov. Pro\u0161nja sledi pred dnevi sprejeti drasti\u010dno tr\u0161i avstrijski migrantski zakonodaji. In godi se teden pred drugim krogom predsedni\u0161kih volitev v Avstriji, ki jih migrantska kriza zelo dolo\u010da. Novi zakon, med najstro\u017ejimi v Evropi, predvideva najdlje triletni azil v dr\u017eavi. \u010ce je pritisk migrantov prevelik, pa jih Avstrija poslej sme zavrniti na meji in niti do pro\u0161nje za azil ne pridejo. Avstrija, Belgija, Danska, Francija, Nem\u010dija in \u0160vedska so poostrile za\u010dasno kontrolo na mejah, predvidoma do 13. maja letos. \u010ce ne bo podalj\u0161ka\u00a0...Svet","og_url":"https:\/\/hudo.com\/si\/aktualno\/avstrija-bi-podaljsek-kontrole-schengenske-meje-zaradi-migrantov\/","og_site_name":"Hudo Slovenija","article_publisher":"https:\/\/www.facebook.com\/hudo.si","article_published_time":"2016-04-30T14:30:00+00:00","article_modified_time":"2016-05-01T12:16:58+00:00","og_image":[{"width":450,"height":300,"url":"https:\/\/hudo.com\/si\/wp-content\/uploads\/sites\/2\/2016\/04\/01477664F-300.jpg","type":"image\/jpeg"}],"author":"hudo","twitter_card":"summary_large_image","twitter_creator":"@hudo_si","twitter_site":"@hudo_si","twitter_misc":{"Written by":"hudo","Est. reading time":"1 minuta"},"schema":{"@context":"https:\/\/schema.org","@graph":[{"@type":"Article","@id":"https:\/\/hudo.com\/si\/aktualno\/avstrija-bi-podaljsek-kontrole-schengenske-meje-zaradi-migrantov\/#article","isPartOf":{"@id":"https:\/\/hudo.com\/si\/aktualno\/avstrija-bi-podaljsek-kontrole-schengenske-meje-zaradi-migrantov\/"},"author":{"name":"hudo","@id":"https:\/\/hudo.com\/si\/#\/schema\/person\/601cf3379633985b20f7e50f2bb47707"},"headline":"Avstrija bi podalj\u0161ek kontrole schengenske meje zaradi migrantov","datePublished":"2016-04-30T14:30:00+00:00","dateModified":"2016-05-01T12:16:58+00:00","mainEntityOfPage":{"@id":"https:\/\/hudo.com\/si\/aktualno\/avstrija-bi-podaljsek-kontrole-schengenske-meje-zaradi-migrantov\/"},"wordCount":127,"publisher":{"@id":"https:\/\/hudo.com\/si\/#organization"},"articleSection":["Aktualno"],"inLanguage":"sl-SI"},{"@type":"WebPage","@id":"https:\/\/hudo.com\/si\/aktualno\/avstrija-bi-podaljsek-kontrole-schengenske-meje-zaradi-migrantov\/","url":"https:\/\/hudo.com\/si\/aktualno\/avstrija-bi-podaljsek-kontrole-schengenske-meje-zaradi-migrantov\/","name":"Avstrija bi podalj\u0161ek kontrole schengenske meje zaradi migrantov - Hudo Slovenija","isPartOf":{"@id":"https:\/\/hudo.com\/si\/#website"},"datePublished":"2016-04-30T14:30:00+00:00","dateModified":"2016-05-01T12:16:58+00:00","breadcrumb":{"@id":"https:\/\/hudo.com\/si\/aktualno\/avstrija-bi-podaljsek-kontrole-schengenske-meje-zaradi-migrantov\/#breadcrumb"},"inLanguage":"sl-SI","potentialAction":[{"@type":"ReadAction","target":["https:\/\/hudo.com\/si\/aktualno\/avstrija-bi-podaljsek-kontrole-schengenske-meje-zaradi-migrantov\/"]}]},{"@type":"BreadcrumbList","@id":"https:\/\/hudo.com\/si\/aktualno\/avstrija-bi-podaljsek-kontrole-schengenske-meje-zaradi-migrantov\/#breadcrumb","itemListElement":[{"@type":"ListItem","position":1,"name":"Home","item":"https:\/\/hudo.com\/si\/"},{"@type":"ListItem","position":2,"name":"Avstrija bi podalj\u0161ek kontrole schengenske meje zaradi migrantov"}]},{"@type":"WebSite","@id":"https:\/\/hudo.com\/si\/#website","url":"https:\/\/hudo.com\/si\/","name":"Hudo Slovenija","description":"Vse novice iz Slovenije in sveta","publisher":{"@id":"https:\/\/hudo.com\/si\/#organization"},"potentialAction":[{"@type":"SearchAction","target":{"@type":"EntryPoint","urlTemplate":"https:\/\/hudo.com\/si\/?s={search_term_string}"},"query-input":"required name=search_term_string"}],"inLanguage":"sl-SI"},{"@type":"Organization","@id":"https:\/\/hudo.com\/si\/#organization","name":"VSN Media","url":"https:\/\/hudo.com\/si\/","logo":{"@type":"ImageObject","inLanguage":"sl-SI","@id":"https:\/\/hudo.com\/si\/#\/schema\/logo\/image\/","url":"https:\/\/hudo.com\/si\/wp-content\/uploads\/sites\/2\/2021\/03\/hudo-app-2.png","contentUrl":"https:\/\/hudo.com\/si\/wp-content\/uploads\/sites\/2\/2021\/03\/hudo-app-2.png","width":2185,"height":2167,"caption":"VSN Media"},"image":{"@id":"https:\/\/hudo.com\/si\/#\/schema\/logo\/image\/"},"sameAs":["https:\/\/www.facebook.com\/hudo.si","https:\/\/twitter.com\/hudo_si"]},{"@type":"Person","@id":"https:\/\/hudo.com\/si\/#\/schema\/person\/601cf3379633985b20f7e50f2bb47707","name":"hudo","image":{"@type":"ImageObject","inLanguage":"sl-SI","@id":"https:\/\/hudo.com\/si\/#\/schema\/person\/image\/","url":"https:\/\/secure.gravatar.com\/avatar\/c4ca25fa72cace7a696b52ff5db9e095?s=96&d=mm&r=g","contentUrl":"https:\/\/secure.gravatar.com\/avatar\/c4ca25fa72cace7a696b52ff5db9e095?s=96&d=mm&r=g","caption":"hudo"},"url":"https:\/\/hudo.com\/si\/author\/hudo\/"}]}},"amp_enabled":true,"_links":{"self":[{"href":"https:\/\/hudo.com\/si\/wp-json\/wp\/v2\/posts\/42873"}],"collection":[{"href":"https:\/\/hudo.com\/si\/wp-json\/wp\/v2\/posts"}],"about":[{"href":"https:\/\/hudo.com\/si\/wp-json\/wp\/v2\/types\/post"}],"author":[{"embeddable":true,"href":"https:\/\/hudo.com\/si\/wp-json\/wp\/v2\/users\/1"}],"replies":[{"embeddable":true,"href":"https:\/\/hudo.com\/si\/wp-json\/wp\/v2\/comments?post=42873"}],"version-history":[{"count":1,"href":"https:\/\/hudo.com\/si\/wp-json\/wp\/v2\/posts\/42873\/revisions"}],"predecessor-version":[{"id":42900,"href":"https:\/\/hudo.com\/si\/wp-json\/wp\/v2\/posts\/42873\/revisions\/42900"}],"wp:attachment":[{"href":"https:\/\/hudo.com\/si\/wp-json\/wp\/v2\/media?parent=42873"}],"wp:term":[{"taxonomy":"category","embeddable":true,"href":"https:\/\/hudo.com\/si\/wp-json\/wp\/v2\/categories?post=42873"},{"taxonomy":"post_tag","embeddable":true,"href":"https:\/\/hudo.com\/si\/wp-json\/wp\/v2\/tags?post=42873"},{"taxonomy":"source","embeddable":true,"href":"https:\/\/hudo.com\/si\/wp-json\/wp\/v2\/source?post=42873"},{"taxonomy":"supertag","embeddable":true,"href":"https:\/\/hudo.com\/si\/wp-json\/wp\/v2\/supertag?post=42873"}],"curies":[{"name":"wp","href":"https:\/\/api.w.org\/{rel}","templated":true}]}}