{"id":42881,"date":"2016-04-30T15:45:00","date_gmt":"2016-04-30T13:45:00","guid":{"rendered":"http:\/\/hudo.com\/si\/2016\/04\/30\/bruseljsko-letalisce-vec-kot-mesec-dni-po-napadih-v-nedeljo-odpira-del-potniskega-terminala\/"},"modified":"2016-04-30T21:11:20","modified_gmt":"2016-04-30T19:11:20","slug":"bruseljsko-letalisce-vec-kot-mesec-dni-po-napadih-v-nedeljo-odpira-del-potniskega-terminala","status":"publish","type":"post","link":"https:\/\/hudo.com\/si\/aktualno\/bruseljsko-letalisce-vec-kot-mesec-dni-po-napadih-v-nedeljo-odpira-del-potniskega-terminala\/","title":{"rendered":"Bruseljsko letali\u0161\u010de ve\u010d kot mesec dni po napadih v nedeljo odpira del potni\u0161kega terminala"},"content":{"rendered":"<p>Po ve\u010d kot mesecu dni bodo na bruseljskem letali\u0161\u010du v nedeljo znova delno odprli potni\u0161ki terminal, namenjen odhodom, ki je bil 22. marca tar\u010da teroristi\u010dnega napada. Letali\u0161\u010de je bilo popolnoma zaprto \u0161e dvanajst dni po napadih. Pri\u010dakujejo pa, da s polno zmogljivostjo ne bodo za\u010deli obratovati pred junijem, poro\u010da francoska tiskovna agencija AFP. Po otvoritveni slovesnosti se bodo v nedeljo popoldne lahko potniki treh letov \u017ee prijavili na let v poslopju za odhode. Od ponedeljka dalje pa bo tam na voljo 111 prijavnih mest, medtem ko bo \u0161e vedno delovalo 35 prijavnih mest v pomo\u017enih prostorih. Kot so \u0161e danes sporo\u010dili z letali\u0161\u010da, se je \u0161tevilo potnikov \u017ee pove\u010dalo na vsaj 80 odstotkov v primerjavi s \u0161tevilom pred napadom. V dvojnem samomorilskem napadu 22. marca na bruseljskem letali\u0161\u010du Zaventem je bilo ubitih 16 ljudi in mo\u010dno razdejano poslopje za odhode. Zadnji mesec so zato obnavljali razbito stekleno fasado, poru\u0161en strop in uni\u010dena mesta za prijavo na let. Pred tem so 25. aprila ponovno odprli postajo podzemne \u017eeleznice Maelbeek v centru Bruslja, kjer se je 22. marca kako uro po napadu na letali\u0161\u010du zgodil tretji samomorilski napad. Skupno so napadi terjali 32 \u017eivljenj, ve\u010d kot 300 ljudi je bilo ranjenih.Svet<\/p>\n","protected":false},"excerpt":{"rendered":"<p>Po ve\u010d kot mesecu dni bodo na bruseljskem letali\u0161\u010du v nedeljo znova delno odprli potni\u0161ki terminal, namenjen odhodom, ki je bil 22. marca tar\u010da teroristi\u010dnega napada. Letali\u0161\u010de je bilo popolnoma zaprto \u0161e dvanajst dni po napadih. Pri\u010dakujejo pa, da s polno zmogljivostjo ne bodo za\u010deli obratovati pred junijem, poro\u010da francoska tiskovna agencija AFP. Po otvoritveni slovesnosti se bodo v nedeljo popoldne lahko potniki treh letov \u017ee prijavili na let v poslopju za odhode. Od ponedeljka dalje pa bo tam na voljo 111 prijavnih mest, medtem ko bo \u0161e vedno delovalo 35 prijavnih mest v pomo\u017enih prostorih. Kot so \u0161e danes sporo\u010dili z letali\u0161\u010da, se je \u0161tevilo potnikov \u017ee pove\u010dalo na vsaj 80 odstotkov v primerjavi s \u0161tevilom pred napadom. V dvojnem samomorilskem napadu 22. marca na bruseljskem letali\u0161\u010du Zaventem je bilo ubitih 16 ljudi in mo\u010dno razdejano poslopje za odhode. Zadnji mesec so zato obnavljali razbito stekleno fasado, poru\u0161en strop in uni\u010dena mesta za prijavo na let. Pred tem so 25. aprila ponovno odprli postajo podzemne \u017eeleznice Maelbeek v centru Bruslja, kjer se je 22. marca kako uro po napadu na letali\u0161\u010du zgodil tretji samomorilski napad. Skupno so napadi terjali 32 \u017eivljenj, ve\u010d kot 300 ljudi je bilo ranjenih.Svet<\/p>\n","protected":false},"author":1,"featured_media":0,"comment_status":"closed","ping_status":"closed","sticky":false,"template":"","format":"standard","meta":{"footnotes":""},"categories":[1179],"tags":[],"source":[1711],"supertag":[],"acf":[],"yoast_head":"<!-- This site is optimized with the Yoast SEO plugin v21.3 - https:\/\/yoast.com\/wordpress\/plugins\/seo\/ -->\n<title>Bruseljsko letali\u0161\u010de ve\u010d kot mesec dni po napadih v nedeljo odpira del potni\u0161kega terminala - Hudo Slovenija<\/title>\n<meta name=\"robots\" content=\"index, follow, max-snippet:-1, max-image-preview:large, max-video-preview:-1\" \/>\n<link rel=\"canonical\" href=\"https:\/\/hudo.com\/si\/aktualno\/bruseljsko-letalisce-vec-kot-mesec-dni-po-napadih-v-nedeljo-odpira-del-potniskega-terminala\/\" \/>\n<meta property=\"og:locale\" content=\"sl_SI\" \/>\n<meta property=\"og:type\" content=\"article\" \/>\n<meta property=\"og:title\" content=\"Bruseljsko letali\u0161\u010de ve\u010d kot mesec dni po napadih v nedeljo odpira del potni\u0161kega terminala - Hudo Slovenija\" \/>\n<meta property=\"og:description\" content=\"Po ve\u010d kot mesecu dni bodo na bruseljskem letali\u0161\u010du v nedeljo znova delno odprli potni\u0161ki terminal, namenjen odhodom, ki je bil 22. marca tar\u010da teroristi\u010dnega napada. Letali\u0161\u010de je bilo popolnoma zaprto \u0161e dvanajst dni po napadih. Pri\u010dakujejo pa, da s polno zmogljivostjo ne bodo za\u010deli obratovati pred junijem, poro\u010da francoska tiskovna agencija AFP. Po otvoritveni slovesnosti se bodo v nedeljo popoldne lahko potniki treh letov \u017ee prijavili na let v poslopju za odhode. Od ponedeljka dalje pa bo tam na voljo 111 prijavnih mest, medtem ko bo \u0161e vedno delovalo 35 prijavnih mest v pomo\u017enih prostorih. Kot so \u0161e danes sporo\u010dili z letali\u0161\u010da, se je \u0161tevilo potnikov \u017ee pove\u010dalo na vsaj 80 odstotkov v primerjavi s \u0161tevilom pred napadom. V dvojnem samomorilskem napadu 22. marca na bruseljskem letali\u0161\u010du Zaventem je bilo ubitih 16 ljudi in mo\u010dno razdejano poslopje za odhode. Zadnji mesec so zato obnavljali razbito stekleno fasado, poru\u0161en strop in uni\u010dena mesta za prijavo na let. Pred tem so 25. aprila ponovno odprli postajo podzemne \u017eeleznice Maelbeek v centru Bruslja, kjer se je 22. marca kako uro po napadu na letali\u0161\u010du zgodil tretji samomorilski napad. Skupno so napadi terjali 32 \u017eivljenj, ve\u010d kot 300 ljudi je bilo ranjenih.Svet\" \/>\n<meta property=\"og:url\" content=\"https:\/\/hudo.com\/si\/aktualno\/bruseljsko-letalisce-vec-kot-mesec-dni-po-napadih-v-nedeljo-odpira-del-potniskega-terminala\/\" \/>\n<meta property=\"og:site_name\" content=\"Hudo Slovenija\" \/>\n<meta property=\"article:publisher\" content=\"https:\/\/www.facebook.com\/hudo.si\" \/>\n<meta property=\"article:published_time\" content=\"2016-04-30T13:45:00+00:00\" \/>\n<meta property=\"article:modified_time\" content=\"2016-04-30T19:11:20+00:00\" \/>\n<meta property=\"og:image\" content=\"https:\/\/hudo.com\/si\/wp-content\/uploads\/sites\/2\/2016\/04\/MDF75443-300.jpg\" \/>\n\t<meta property=\"og:image:width\" content=\"450\" \/>\n\t<meta property=\"og:image:height\" content=\"290\" \/>\n\t<meta property=\"og:image:type\" content=\"image\/jpeg\" \/>\n<meta name=\"author\" content=\"hudo\" \/>\n<meta name=\"twitter:card\" content=\"summary_large_image\" \/>\n<meta name=\"twitter:creator\" content=\"@hudo_si\" \/>\n<meta name=\"twitter:site\" content=\"@hudo_si\" \/>\n<meta name=\"twitter:label1\" content=\"Written by\" \/>\n\t<meta name=\"twitter:data1\" content=\"hudo\" \/>\n\t<meta name=\"twitter:label2\" content=\"Est. reading time\" \/>\n\t<meta name=\"twitter:data2\" content=\"1 minuta\" \/>\n<script type=\"application\/ld+json\" class=\"yoast-schema-graph\">{\"@context\":\"https:\/\/schema.org\",\"@graph\":[{\"@type\":\"Article\",\"@id\":\"https:\/\/hudo.com\/si\/aktualno\/bruseljsko-letalisce-vec-kot-mesec-dni-po-napadih-v-nedeljo-odpira-del-potniskega-terminala\/#article\",\"isPartOf\":{\"@id\":\"https:\/\/hudo.com\/si\/aktualno\/bruseljsko-letalisce-vec-kot-mesec-dni-po-napadih-v-nedeljo-odpira-del-potniskega-terminala\/\"},\"author\":{\"name\":\"hudo\",\"@id\":\"https:\/\/hudo.com\/si\/#\/schema\/person\/601cf3379633985b20f7e50f2bb47707\"},\"headline\":\"Bruseljsko letali\u0161\u010de ve\u010d kot mesec dni po napadih v nedeljo odpira del potni\u0161kega terminala\",\"datePublished\":\"2016-04-30T13:45:00+00:00\",\"dateModified\":\"2016-04-30T19:11:20+00:00\",\"mainEntityOfPage\":{\"@id\":\"https:\/\/hudo.com\/si\/aktualno\/bruseljsko-letalisce-vec-kot-mesec-dni-po-napadih-v-nedeljo-odpira-del-potniskega-terminala\/\"},\"wordCount\":223,\"publisher\":{\"@id\":\"https:\/\/hudo.com\/si\/#organization\"},\"articleSection\":[\"Aktualno\"],\"inLanguage\":\"sl-SI\"},{\"@type\":\"WebPage\",\"@id\":\"https:\/\/hudo.com\/si\/aktualno\/bruseljsko-letalisce-vec-kot-mesec-dni-po-napadih-v-nedeljo-odpira-del-potniskega-terminala\/\",\"url\":\"https:\/\/hudo.com\/si\/aktualno\/bruseljsko-letalisce-vec-kot-mesec-dni-po-napadih-v-nedeljo-odpira-del-potniskega-terminala\/\",\"name\":\"Bruseljsko letali\u0161\u010de ve\u010d kot mesec dni po napadih v nedeljo odpira del potni\u0161kega terminala - Hudo Slovenija\",\"isPartOf\":{\"@id\":\"https:\/\/hudo.com\/si\/#website\"},\"datePublished\":\"2016-04-30T13:45:00+00:00\",\"dateModified\":\"2016-04-30T19:11:20+00:00\",\"breadcrumb\":{\"@id\":\"https:\/\/hudo.com\/si\/aktualno\/bruseljsko-letalisce-vec-kot-mesec-dni-po-napadih-v-nedeljo-odpira-del-potniskega-terminala\/#breadcrumb\"},\"inLanguage\":\"sl-SI\",\"potentialAction\":[{\"@type\":\"ReadAction\",\"target\":[\"https:\/\/hudo.com\/si\/aktualno\/bruseljsko-letalisce-vec-kot-mesec-dni-po-napadih-v-nedeljo-odpira-del-potniskega-terminala\/\"]}]},{\"@type\":\"BreadcrumbList\",\"@id\":\"https:\/\/hudo.com\/si\/aktualno\/bruseljsko-letalisce-vec-kot-mesec-dni-po-napadih-v-nedeljo-odpira-del-potniskega-terminala\/#breadcrumb\",\"itemListElement\":[{\"@type\":\"ListItem\",\"position\":1,\"name\":\"Home\",\"item\":\"https:\/\/hudo.com\/si\/\"},{\"@type\":\"ListItem\",\"position\":2,\"name\":\"Bruseljsko letali\u0161\u010de ve\u010d kot mesec dni po napadih v nedeljo odpira del potni\u0161kega terminala\"}]},{\"@type\":\"WebSite\",\"@id\":\"https:\/\/hudo.com\/si\/#website\",\"url\":\"https:\/\/hudo.com\/si\/\",\"name\":\"Hudo Slovenija\",\"description\":\"Vse novice iz Slovenije in sveta\",\"publisher\":{\"@id\":\"https:\/\/hudo.com\/si\/#organization\"},\"potentialAction\":[{\"@type\":\"SearchAction\",\"target\":{\"@type\":\"EntryPoint\",\"urlTemplate\":\"https:\/\/hudo.com\/si\/?s={search_term_string}\"},\"query-input\":\"required name=search_term_string\"}],\"inLanguage\":\"sl-SI\"},{\"@type\":\"Organization\",\"@id\":\"https:\/\/hudo.com\/si\/#organization\",\"name\":\"VSN Media\",\"url\":\"https:\/\/hudo.com\/si\/\",\"logo\":{\"@type\":\"ImageObject\",\"inLanguage\":\"sl-SI\",\"@id\":\"https:\/\/hudo.com\/si\/#\/schema\/logo\/image\/\",\"url\":\"https:\/\/hudo.com\/si\/wp-content\/uploads\/sites\/2\/2021\/03\/hudo-app-2.png\",\"contentUrl\":\"https:\/\/hudo.com\/si\/wp-content\/uploads\/sites\/2\/2021\/03\/hudo-app-2.png\",\"width\":2185,\"height\":2167,\"caption\":\"VSN Media\"},\"image\":{\"@id\":\"https:\/\/hudo.com\/si\/#\/schema\/logo\/image\/\"},\"sameAs\":[\"https:\/\/www.facebook.com\/hudo.si\",\"https:\/\/twitter.com\/hudo_si\"]},{\"@type\":\"Person\",\"@id\":\"https:\/\/hudo.com\/si\/#\/schema\/person\/601cf3379633985b20f7e50f2bb47707\",\"name\":\"hudo\",\"image\":{\"@type\":\"ImageObject\",\"inLanguage\":\"sl-SI\",\"@id\":\"https:\/\/hudo.com\/si\/#\/schema\/person\/image\/\",\"url\":\"https:\/\/secure.gravatar.com\/avatar\/c4ca25fa72cace7a696b52ff5db9e095?s=96&d=mm&r=g\",\"contentUrl\":\"https:\/\/secure.gravatar.com\/avatar\/c4ca25fa72cace7a696b52ff5db9e095?s=96&d=mm&r=g\",\"caption\":\"hudo\"},\"url\":\"https:\/\/hudo.com\/si\/author\/hudo\/\"}]}<\/script>\n<!-- \/ Yoast SEO plugin. -->","yoast_head_json":{"title":"Bruseljsko letali\u0161\u010de ve\u010d kot mesec dni po napadih v nedeljo odpira del potni\u0161kega terminala - Hudo Slovenija","robots":{"index":"index","follow":"follow","max-snippet":"max-snippet:-1","max-image-preview":"max-image-preview:large","max-video-preview":"max-video-preview:-1"},"canonical":"https:\/\/hudo.com\/si\/aktualno\/bruseljsko-letalisce-vec-kot-mesec-dni-po-napadih-v-nedeljo-odpira-del-potniskega-terminala\/","og_locale":"sl_SI","og_type":"article","og_title":"Bruseljsko letali\u0161\u010de ve\u010d kot mesec dni po napadih v nedeljo odpira del potni\u0161kega terminala - Hudo Slovenija","og_description":"Po ve\u010d kot mesecu dni bodo na bruseljskem letali\u0161\u010du v nedeljo znova delno odprli potni\u0161ki terminal, namenjen odhodom, ki je bil 22. marca tar\u010da teroristi\u010dnega napada. Letali\u0161\u010de je bilo popolnoma zaprto \u0161e dvanajst dni po napadih. Pri\u010dakujejo pa, da s polno zmogljivostjo ne bodo za\u010deli obratovati pred junijem, poro\u010da francoska tiskovna agencija AFP. Po otvoritveni slovesnosti se bodo v nedeljo popoldne lahko potniki treh letov \u017ee prijavili na let v poslopju za odhode. Od ponedeljka dalje pa bo tam na voljo 111 prijavnih mest, medtem ko bo \u0161e vedno delovalo 35 prijavnih mest v pomo\u017enih prostorih. Kot so \u0161e danes sporo\u010dili z letali\u0161\u010da, se je \u0161tevilo potnikov \u017ee pove\u010dalo na vsaj 80 odstotkov v primerjavi s \u0161tevilom pred napadom. V dvojnem samomorilskem napadu 22. marca na bruseljskem letali\u0161\u010du Zaventem je bilo ubitih 16 ljudi in mo\u010dno razdejano poslopje za odhode. Zadnji mesec so zato obnavljali razbito stekleno fasado, poru\u0161en strop in uni\u010dena mesta za prijavo na let. Pred tem so 25. aprila ponovno odprli postajo podzemne \u017eeleznice Maelbeek v centru Bruslja, kjer se je 22. marca kako uro po napadu na letali\u0161\u010du zgodil tretji samomorilski napad. Skupno so napadi terjali 32 \u017eivljenj, ve\u010d kot 300 ljudi je bilo ranjenih.Svet","og_url":"https:\/\/hudo.com\/si\/aktualno\/bruseljsko-letalisce-vec-kot-mesec-dni-po-napadih-v-nedeljo-odpira-del-potniskega-terminala\/","og_site_name":"Hudo Slovenija","article_publisher":"https:\/\/www.facebook.com\/hudo.si","article_published_time":"2016-04-30T13:45:00+00:00","article_modified_time":"2016-04-30T19:11:20+00:00","og_image":[{"width":450,"height":290,"url":"https:\/\/hudo.com\/si\/wp-content\/uploads\/sites\/2\/2016\/04\/MDF75443-300.jpg","type":"image\/jpeg"}],"author":"hudo","twitter_card":"summary_large_image","twitter_creator":"@hudo_si","twitter_site":"@hudo_si","twitter_misc":{"Written by":"hudo","Est. reading time":"1 minuta"},"schema":{"@context":"https:\/\/schema.org","@graph":[{"@type":"Article","@id":"https:\/\/hudo.com\/si\/aktualno\/bruseljsko-letalisce-vec-kot-mesec-dni-po-napadih-v-nedeljo-odpira-del-potniskega-terminala\/#article","isPartOf":{"@id":"https:\/\/hudo.com\/si\/aktualno\/bruseljsko-letalisce-vec-kot-mesec-dni-po-napadih-v-nedeljo-odpira-del-potniskega-terminala\/"},"author":{"name":"hudo","@id":"https:\/\/hudo.com\/si\/#\/schema\/person\/601cf3379633985b20f7e50f2bb47707"},"headline":"Bruseljsko letali\u0161\u010de ve\u010d kot mesec dni po napadih v nedeljo odpira del potni\u0161kega terminala","datePublished":"2016-04-30T13:45:00+00:00","dateModified":"2016-04-30T19:11:20+00:00","mainEntityOfPage":{"@id":"https:\/\/hudo.com\/si\/aktualno\/bruseljsko-letalisce-vec-kot-mesec-dni-po-napadih-v-nedeljo-odpira-del-potniskega-terminala\/"},"wordCount":223,"publisher":{"@id":"https:\/\/hudo.com\/si\/#organization"},"articleSection":["Aktualno"],"inLanguage":"sl-SI"},{"@type":"WebPage","@id":"https:\/\/hudo.com\/si\/aktualno\/bruseljsko-letalisce-vec-kot-mesec-dni-po-napadih-v-nedeljo-odpira-del-potniskega-terminala\/","url":"https:\/\/hudo.com\/si\/aktualno\/bruseljsko-letalisce-vec-kot-mesec-dni-po-napadih-v-nedeljo-odpira-del-potniskega-terminala\/","name":"Bruseljsko letali\u0161\u010de ve\u010d kot mesec dni po napadih v nedeljo odpira del potni\u0161kega terminala - Hudo Slovenija","isPartOf":{"@id":"https:\/\/hudo.com\/si\/#website"},"datePublished":"2016-04-30T13:45:00+00:00","dateModified":"2016-04-30T19:11:20+00:00","breadcrumb":{"@id":"https:\/\/hudo.com\/si\/aktualno\/bruseljsko-letalisce-vec-kot-mesec-dni-po-napadih-v-nedeljo-odpira-del-potniskega-terminala\/#breadcrumb"},"inLanguage":"sl-SI","potentialAction":[{"@type":"ReadAction","target":["https:\/\/hudo.com\/si\/aktualno\/bruseljsko-letalisce-vec-kot-mesec-dni-po-napadih-v-nedeljo-odpira-del-potniskega-terminala\/"]}]},{"@type":"BreadcrumbList","@id":"https:\/\/hudo.com\/si\/aktualno\/bruseljsko-letalisce-vec-kot-mesec-dni-po-napadih-v-nedeljo-odpira-del-potniskega-terminala\/#breadcrumb","itemListElement":[{"@type":"ListItem","position":1,"name":"Home","item":"https:\/\/hudo.com\/si\/"},{"@type":"ListItem","position":2,"name":"Bruseljsko letali\u0161\u010de ve\u010d kot mesec dni po napadih v nedeljo odpira del potni\u0161kega terminala"}]},{"@type":"WebSite","@id":"https:\/\/hudo.com\/si\/#website","url":"https:\/\/hudo.com\/si\/","name":"Hudo Slovenija","description":"Vse novice iz Slovenije in sveta","publisher":{"@id":"https:\/\/hudo.com\/si\/#organization"},"potentialAction":[{"@type":"SearchAction","target":{"@type":"EntryPoint","urlTemplate":"https:\/\/hudo.com\/si\/?s={search_term_string}"},"query-input":"required name=search_term_string"}],"inLanguage":"sl-SI"},{"@type":"Organization","@id":"https:\/\/hudo.com\/si\/#organization","name":"VSN Media","url":"https:\/\/hudo.com\/si\/","logo":{"@type":"ImageObject","inLanguage":"sl-SI","@id":"https:\/\/hudo.com\/si\/#\/schema\/logo\/image\/","url":"https:\/\/hudo.com\/si\/wp-content\/uploads\/sites\/2\/2021\/03\/hudo-app-2.png","contentUrl":"https:\/\/hudo.com\/si\/wp-content\/uploads\/sites\/2\/2021\/03\/hudo-app-2.png","width":2185,"height":2167,"caption":"VSN Media"},"image":{"@id":"https:\/\/hudo.com\/si\/#\/schema\/logo\/image\/"},"sameAs":["https:\/\/www.facebook.com\/hudo.si","https:\/\/twitter.com\/hudo_si"]},{"@type":"Person","@id":"https:\/\/hudo.com\/si\/#\/schema\/person\/601cf3379633985b20f7e50f2bb47707","name":"hudo","image":{"@type":"ImageObject","inLanguage":"sl-SI","@id":"https:\/\/hudo.com\/si\/#\/schema\/person\/image\/","url":"https:\/\/secure.gravatar.com\/avatar\/c4ca25fa72cace7a696b52ff5db9e095?s=96&d=mm&r=g","contentUrl":"https:\/\/secure.gravatar.com\/avatar\/c4ca25fa72cace7a696b52ff5db9e095?s=96&d=mm&r=g","caption":"hudo"},"url":"https:\/\/hudo.com\/si\/author\/hudo\/"}]}},"amp_enabled":true,"_links":{"self":[{"href":"https:\/\/hudo.com\/si\/wp-json\/wp\/v2\/posts\/42881"}],"collection":[{"href":"https:\/\/hudo.com\/si\/wp-json\/wp\/v2\/posts"}],"about":[{"href":"https:\/\/hudo.com\/si\/wp-json\/wp\/v2\/types\/post"}],"author":[{"embeddable":true,"href":"https:\/\/hudo.com\/si\/wp-json\/wp\/v2\/users\/1"}],"replies":[{"embeddable":true,"href":"https:\/\/hudo.com\/si\/wp-json\/wp\/v2\/comments?post=42881"}],"version-history":[{"count":1,"href":"https:\/\/hudo.com\/si\/wp-json\/wp\/v2\/posts\/42881\/revisions"}],"predecessor-version":[{"id":42906,"href":"https:\/\/hudo.com\/si\/wp-json\/wp\/v2\/posts\/42881\/revisions\/42906"}],"wp:attachment":[{"href":"https:\/\/hudo.com\/si\/wp-json\/wp\/v2\/media?parent=42881"}],"wp:term":[{"taxonomy":"category","embeddable":true,"href":"https:\/\/hudo.com\/si\/wp-json\/wp\/v2\/categories?post=42881"},{"taxonomy":"post_tag","embeddable":true,"href":"https:\/\/hudo.com\/si\/wp-json\/wp\/v2\/tags?post=42881"},{"taxonomy":"source","embeddable":true,"href":"https:\/\/hudo.com\/si\/wp-json\/wp\/v2\/source?post=42881"},{"taxonomy":"supertag","embeddable":true,"href":"https:\/\/hudo.com\/si\/wp-json\/wp\/v2\/supertag?post=42881"}],"curies":[{"name":"wp","href":"https:\/\/api.w.org\/{rel}","templated":true}]}}