{"id":428883,"date":"2020-07-29T15:17:23","date_gmt":"2020-07-29T13:17:23","guid":{"rendered":"http:\/\/hudo.com\/si\/?p=428883"},"modified":"2020-07-29T15:22:12","modified_gmt":"2020-07-29T13:22:12","slug":"paparaci-ujeli-objokano-kim-kardashian-je-pred-vrati-locitev","status":"publish","type":"post","link":"https:\/\/hudo.com\/si\/vip\/paparaci-ujeli-objokano-kim-kardashian-je-pred-vrati-locitev\/","title":{"rendered":"Paparaci ujeli objokano Kim Kardashian: je pred vrati lo\u010ditev?"},"content":{"rendered":"<p>Slavni raper trpi za huj\u0161o obliko\u00a0bipolarne motnje, za vse sporne izjave pa naj bi se \u017ee opravi\u010dil svoji \u017eeni, prav tako naj bi tudi \u017ee poiskal zdravni\u0161ko pomo\u010d.\u00a0Kim se izjemno trudi, da bi mo\u017eu pomagala, zato ga je tudi obiskala\u00a0v njihovi dru\u017einski hi\u0161i v Wyomingu, kjer so paparaci\u00a0slavni par prvi\u010d po njegovih javnih izpadih ujeli skupaj. A o\u010ditno njuno sre\u010danje ni obrodilo sadov.<\/p>\n<figure id=\"attachment_428886\" aria-describedby=\"caption-attachment-428886\" style=\"width: 1000px\" class=\"wp-caption alignnone\"><a href=\"http:\/\/hudo.com\/si\/wp-content\/uploads\/sites\/2\/2020\/07\/profimedia-0547707271.jpg\"><img loading=\"lazy\" decoding=\"async\" class=\"size-large wp-image-428886\" src=\"http:\/\/hudo.com\/si\/wp-content\/uploads\/sites\/2\/2020\/07\/profimedia-0547707271-1024x829.jpg\" alt=\"\" width=\"1000\" height=\"810\" srcset=\"https:\/\/hudo.com\/si\/wp-content\/uploads\/sites\/2\/2020\/07\/profimedia-0547707271-1024x829.jpg 1024w, https:\/\/hudo.com\/si\/wp-content\/uploads\/sites\/2\/2020\/07\/profimedia-0547707271-300x243.jpg 300w, https:\/\/hudo.com\/si\/wp-content\/uploads\/sites\/2\/2020\/07\/profimedia-0547707271-768x622.jpg 768w, https:\/\/hudo.com\/si\/wp-content\/uploads\/sites\/2\/2020\/07\/profimedia-0547707271-600x486.jpg 600w, https:\/\/hudo.com\/si\/wp-content\/uploads\/sites\/2\/2020\/07\/profimedia-0547707271.jpg 1250w\" sizes=\"(max-width: 1000px) 100vw, 1000px\" \/><\/a><figcaption id=\"caption-attachment-428886\" class=\"wp-caption-text\">Foto: Profimedia<\/figcaption><\/figure>\n<p>Kim se je name\u010d s Kanyejem soo\u010dila\u00a0kar v avtu, ob tem pa je planila v jok. Tuji mediji pi\u0161ejo, da\u00a0\u017eeli mo\u017ea prepri\u010dati, da upo\u0161teva nasvete zdravnikov in redno jemlje predpisana zdravila. A ni ostalo samo pri tem. Stvar je o\u010ditno \u0161la tako dale\u010d, da mu je celo zabi\u010dala,\u00a0naj se ne vra\u010da domov, dokler se ne spravi v red.<\/p>\n<p>&nbsp;<\/p>\n<h2>Lo\u010ditev naj bi bila na vidiku \u017ee kar nekaj \u010dasa<\/h2>\n<p>Menda naj bi bila za par ta hip precej realna mo\u017enost tudi lo\u010ditev,\u00a0saj naj bi oba nekako \u010dutila, da je njunega zakona konec.<\/p>\n<blockquote class=\"wp-embedded-content\" data-secret=\"6SD5lZbXT0\"><p><a href=\"https:\/\/zenska.hudo.com\/vip\/tuja-scena\/kim-kardashian-je-prvic-javno-spregovorila-o-psihicnem-zdravju-svojega-moza-prijazno-prosim-medije-javnost-da-ste-socutni-empaticni-nas-da-bomo-lahko-prebrodili\/\">Kim Kardashian je prvi\u010d javno spregovorila o psihi\u010dnem zdravju svojega mo\u017ea: &#8220;Prijazno prosim medije in javnost, da ste so\u010dutni in empati\u010dni do nas, da bomo lahko to prebrodili.&#8221;<\/a><\/p><\/blockquote>\n<p><div class=\"embed-notice\">Za ogled vstavljene vsebine morate omogo\u010diti <a href=\"#\" onclick=\"Optanon.ToggleInfoDisplay()\">shranjevanje pi\u0161kotkov v napravi<\/a><\/div><iframe class=\"wp-embedded-content\" sandbox=\"allow-scripts\" security=\"restricted\" style=\"position: absolute; clip: rect(1px, 1px, 1px, 1px);\" title=\"&#8220;Kim Kardashian je prvi\u010d javno spregovorila o psihi\u010dnem zdravju svojega mo\u017ea: &#8220;Prijazno prosim medije in javnost, da ste so\u010dutni in empati\u010dni do nas, da bomo lahko to prebrodili.&#8221;&#8221; &#8212; \u017denska.si\"  class=\"optanon-category-C0002-C0003-C0004\" optanon-src=\"https:\/\/zenska.hudo.com\/vip\/tuja-scena\/kim-kardashian-je-prvic-javno-spregovorila-o-psihicnem-zdravju-svojega-moza-prijazno-prosim-medije-javnost-da-ste-socutni-empaticni-nas-da-bomo-lahko-prebrodili\/embed\/#?secret=6SD5lZbXT0\" data-secret=\"6SD5lZbXT0\" width=\"500\" height=\"282\" frameborder=\"0\" marginwidth=\"0\" marginheight=\"0\" scrolling=\"no\"><\/iframe><\/p>\n","protected":false},"excerpt":{"rendered":"<p>Kim Kardashian zadnje \u010dase ni lahko. Sploh po izpadih njenega mo\u017ea, ki ji je javno grozil z lo\u010ditvijo, jo obto\u017eeval pre\u0161u\u0161tva, in tega da, ga \u017eeli zvle\u010di v psihiatri\u010dno bolni\u0161nico \u2026<\/p>\n","protected":false},"author":6,"featured_media":428885,"comment_status":"closed","ping_status":"closed","sticky":false,"template":"","format":"standard","meta":{"footnotes":""},"categories":[1093],"tags":[2129,2242],"source":[4511],"supertag":[],"acf":[],"yoast_head":"<!-- This site is optimized with the Yoast SEO plugin v21.3 - https:\/\/yoast.com\/wordpress\/plugins\/seo\/ -->\n<title>Paparaci ujeli objokano Kim Kardashian: je pred vrati lo\u010ditev?<\/title>\n<meta name=\"description\" content=\"Kim Kardashian zadnje \u010dase ni lahko. Sploh po izpadih njenega mo\u017ea, ki ji je javno grozil z lo\u010ditvijo in jo obto\u017eeval pre\u0161u\u0161tva.\" \/>\n<meta name=\"robots\" content=\"index, follow, max-snippet:-1, max-image-preview:large, max-video-preview:-1\" \/>\n<link rel=\"canonical\" href=\"https:\/\/hudo.com\/si\/vip\/paparaci-ujeli-objokano-kim-kardashian-je-pred-vrati-locitev\/\" \/>\n<meta property=\"og:locale\" content=\"sl_SI\" \/>\n<meta property=\"og:type\" content=\"article\" \/>\n<meta property=\"og:title\" content=\"Paparaci ujeli objokano Kim Kardashian: je pred vrati lo\u010ditev?\" \/>\n<meta property=\"og:description\" content=\"Kim Kardashian zadnje \u010dase ni lahko. Sploh po izpadih njenega mo\u017ea, ki ji je javno grozil z lo\u010ditvijo in jo obto\u017eeval pre\u0161u\u0161tva.\" \/>\n<meta property=\"og:url\" content=\"https:\/\/hudo.com\/si\/vip\/paparaci-ujeli-objokano-kim-kardashian-je-pred-vrati-locitev\/\" \/>\n<meta property=\"og:site_name\" content=\"Hudo Slovenija\" \/>\n<meta property=\"article:publisher\" content=\"https:\/\/www.facebook.com\/hudo.si\" \/>\n<meta property=\"article:published_time\" content=\"2020-07-29T13:17:23+00:00\" \/>\n<meta property=\"article:modified_time\" content=\"2020-07-29T13:22:12+00:00\" \/>\n<meta property=\"og:image\" content=\"https:\/\/hudo.com\/si\/wp-content\/uploads\/sites\/2\/2020\/07\/profimedia-0547707255.jpg\" \/>\n\t<meta property=\"og:image:width\" content=\"1250\" \/>\n\t<meta property=\"og:image:height\" content=\"1012\" \/>\n\t<meta property=\"og:image:type\" content=\"image\/jpeg\" \/>\n<meta name=\"author\" content=\"A. G.\" \/>\n<meta name=\"twitter:card\" content=\"summary_large_image\" \/>\n<meta name=\"twitter:creator\" content=\"@hudo_si\" \/>\n<meta name=\"twitter:site\" content=\"@hudo_si\" \/>\n<meta name=\"twitter:label1\" content=\"Written by\" \/>\n\t<meta name=\"twitter:data1\" content=\"A. G.\" \/>\n\t<meta name=\"twitter:label2\" content=\"Est. reading time\" \/>\n\t<meta name=\"twitter:data2\" content=\"1 minuta\" \/>\n<script type=\"application\/ld+json\" class=\"yoast-schema-graph\">{\"@context\":\"https:\/\/schema.org\",\"@graph\":[{\"@type\":\"Article\",\"@id\":\"https:\/\/hudo.com\/si\/vip\/paparaci-ujeli-objokano-kim-kardashian-je-pred-vrati-locitev\/#article\",\"isPartOf\":{\"@id\":\"https:\/\/hudo.com\/si\/vip\/paparaci-ujeli-objokano-kim-kardashian-je-pred-vrati-locitev\/\"},\"author\":{\"name\":\"A. G.\",\"@id\":\"https:\/\/hudo.com\/si\/#\/schema\/person\/f95639a66e0dd2c682b0568634e85b8b\"},\"headline\":\"Paparaci ujeli objokano Kim Kardashian: je pred vrati lo\u010ditev?\",\"datePublished\":\"2020-07-29T13:17:23+00:00\",\"dateModified\":\"2020-07-29T13:22:12+00:00\",\"mainEntityOfPage\":{\"@id\":\"https:\/\/hudo.com\/si\/vip\/paparaci-ujeli-objokano-kim-kardashian-je-pred-vrati-locitev\/\"},\"wordCount\":208,\"publisher\":{\"@id\":\"https:\/\/hudo.com\/si\/#organization\"},\"keywords\":[\"kanye west\",\"Kim Kardashian\"],\"articleSection\":[\"VIP\"],\"inLanguage\":\"sl-SI\"},{\"@type\":\"WebPage\",\"@id\":\"https:\/\/hudo.com\/si\/vip\/paparaci-ujeli-objokano-kim-kardashian-je-pred-vrati-locitev\/\",\"url\":\"https:\/\/hudo.com\/si\/vip\/paparaci-ujeli-objokano-kim-kardashian-je-pred-vrati-locitev\/\",\"name\":\"Paparaci ujeli objokano Kim Kardashian: je pred vrati lo\u010ditev?\",\"isPartOf\":{\"@id\":\"https:\/\/hudo.com\/si\/#website\"},\"datePublished\":\"2020-07-29T13:17:23+00:00\",\"dateModified\":\"2020-07-29T13:22:12+00:00\",\"description\":\"Kim Kardashian zadnje \u010dase ni lahko. Sploh po izpadih njenega mo\u017ea, ki ji je javno grozil z lo\u010ditvijo in jo obto\u017eeval pre\u0161u\u0161tva.\",\"breadcrumb\":{\"@id\":\"https:\/\/hudo.com\/si\/vip\/paparaci-ujeli-objokano-kim-kardashian-je-pred-vrati-locitev\/#breadcrumb\"},\"inLanguage\":\"sl-SI\",\"potentialAction\":[{\"@type\":\"ReadAction\",\"target\":[\"https:\/\/hudo.com\/si\/vip\/paparaci-ujeli-objokano-kim-kardashian-je-pred-vrati-locitev\/\"]}]},{\"@type\":\"BreadcrumbList\",\"@id\":\"https:\/\/hudo.com\/si\/vip\/paparaci-ujeli-objokano-kim-kardashian-je-pred-vrati-locitev\/#breadcrumb\",\"itemListElement\":[{\"@type\":\"ListItem\",\"position\":1,\"name\":\"Home\",\"item\":\"https:\/\/hudo.com\/si\/\"},{\"@type\":\"ListItem\",\"position\":2,\"name\":\"Paparaci ujeli objokano Kim Kardashian: je pred vrati lo\u010ditev?\"}]},{\"@type\":\"WebSite\",\"@id\":\"https:\/\/hudo.com\/si\/#website\",\"url\":\"https:\/\/hudo.com\/si\/\",\"name\":\"Hudo Slovenija\",\"description\":\"Vse novice iz Slovenije in sveta\",\"publisher\":{\"@id\":\"https:\/\/hudo.com\/si\/#organization\"},\"potentialAction\":[{\"@type\":\"SearchAction\",\"target\":{\"@type\":\"EntryPoint\",\"urlTemplate\":\"https:\/\/hudo.com\/si\/?s={search_term_string}\"},\"query-input\":\"required name=search_term_string\"}],\"inLanguage\":\"sl-SI\"},{\"@type\":\"Organization\",\"@id\":\"https:\/\/hudo.com\/si\/#organization\",\"name\":\"VSN Media\",\"url\":\"https:\/\/hudo.com\/si\/\",\"logo\":{\"@type\":\"ImageObject\",\"inLanguage\":\"sl-SI\",\"@id\":\"https:\/\/hudo.com\/si\/#\/schema\/logo\/image\/\",\"url\":\"https:\/\/hudo.com\/si\/wp-content\/uploads\/sites\/2\/2021\/03\/hudo-app-2.png\",\"contentUrl\":\"https:\/\/hudo.com\/si\/wp-content\/uploads\/sites\/2\/2021\/03\/hudo-app-2.png\",\"width\":2185,\"height\":2167,\"caption\":\"VSN Media\"},\"image\":{\"@id\":\"https:\/\/hudo.com\/si\/#\/schema\/logo\/image\/\"},\"sameAs\":[\"https:\/\/www.facebook.com\/hudo.si\",\"https:\/\/twitter.com\/hudo_si\"]},{\"@type\":\"Person\",\"@id\":\"https:\/\/hudo.com\/si\/#\/schema\/person\/f95639a66e0dd2c682b0568634e85b8b\",\"name\":\"A. G.\",\"image\":{\"@type\":\"ImageObject\",\"inLanguage\":\"sl-SI\",\"@id\":\"https:\/\/hudo.com\/si\/#\/schema\/person\/image\/\",\"url\":\"https:\/\/secure.gravatar.com\/avatar\/9f44de561c70d5d80348d3ed0f4b142d?s=96&d=mm&r=g\",\"contentUrl\":\"https:\/\/secure.gravatar.com\/avatar\/9f44de561c70d5d80348d3ed0f4b142d?s=96&d=mm&r=g\",\"caption\":\"A. G.\"},\"url\":\"https:\/\/hudo.com\/si\/author\/alenkagrmek\/\"}]}<\/script>\n<!-- \/ Yoast SEO plugin. -->","yoast_head_json":{"title":"Paparaci ujeli objokano Kim Kardashian: je pred vrati lo\u010ditev?","description":"Kim Kardashian zadnje \u010dase ni lahko. Sploh po izpadih njenega mo\u017ea, ki ji je javno grozil z lo\u010ditvijo in jo obto\u017eeval pre\u0161u\u0161tva.","robots":{"index":"index","follow":"follow","max-snippet":"max-snippet:-1","max-image-preview":"max-image-preview:large","max-video-preview":"max-video-preview:-1"},"canonical":"https:\/\/hudo.com\/si\/vip\/paparaci-ujeli-objokano-kim-kardashian-je-pred-vrati-locitev\/","og_locale":"sl_SI","og_type":"article","og_title":"Paparaci ujeli objokano Kim Kardashian: je pred vrati lo\u010ditev?","og_description":"Kim Kardashian zadnje \u010dase ni lahko. Sploh po izpadih njenega mo\u017ea, ki ji je javno grozil z lo\u010ditvijo in jo obto\u017eeval pre\u0161u\u0161tva.","og_url":"https:\/\/hudo.com\/si\/vip\/paparaci-ujeli-objokano-kim-kardashian-je-pred-vrati-locitev\/","og_site_name":"Hudo Slovenija","article_publisher":"https:\/\/www.facebook.com\/hudo.si","article_published_time":"2020-07-29T13:17:23+00:00","article_modified_time":"2020-07-29T13:22:12+00:00","og_image":[{"width":1250,"height":1012,"url":"https:\/\/hudo.com\/si\/wp-content\/uploads\/sites\/2\/2020\/07\/profimedia-0547707255.jpg","type":"image\/jpeg"}],"author":"A. G.","twitter_card":"summary_large_image","twitter_creator":"@hudo_si","twitter_site":"@hudo_si","twitter_misc":{"Written by":"A. G.","Est. reading time":"1 minuta"},"schema":{"@context":"https:\/\/schema.org","@graph":[{"@type":"Article","@id":"https:\/\/hudo.com\/si\/vip\/paparaci-ujeli-objokano-kim-kardashian-je-pred-vrati-locitev\/#article","isPartOf":{"@id":"https:\/\/hudo.com\/si\/vip\/paparaci-ujeli-objokano-kim-kardashian-je-pred-vrati-locitev\/"},"author":{"name":"A. G.","@id":"https:\/\/hudo.com\/si\/#\/schema\/person\/f95639a66e0dd2c682b0568634e85b8b"},"headline":"Paparaci ujeli objokano Kim Kardashian: je pred vrati lo\u010ditev?","datePublished":"2020-07-29T13:17:23+00:00","dateModified":"2020-07-29T13:22:12+00:00","mainEntityOfPage":{"@id":"https:\/\/hudo.com\/si\/vip\/paparaci-ujeli-objokano-kim-kardashian-je-pred-vrati-locitev\/"},"wordCount":208,"publisher":{"@id":"https:\/\/hudo.com\/si\/#organization"},"keywords":["kanye west","Kim Kardashian"],"articleSection":["VIP"],"inLanguage":"sl-SI"},{"@type":"WebPage","@id":"https:\/\/hudo.com\/si\/vip\/paparaci-ujeli-objokano-kim-kardashian-je-pred-vrati-locitev\/","url":"https:\/\/hudo.com\/si\/vip\/paparaci-ujeli-objokano-kim-kardashian-je-pred-vrati-locitev\/","name":"Paparaci ujeli objokano Kim Kardashian: je pred vrati lo\u010ditev?","isPartOf":{"@id":"https:\/\/hudo.com\/si\/#website"},"datePublished":"2020-07-29T13:17:23+00:00","dateModified":"2020-07-29T13:22:12+00:00","description":"Kim Kardashian zadnje \u010dase ni lahko. Sploh po izpadih njenega mo\u017ea, ki ji je javno grozil z lo\u010ditvijo in jo obto\u017eeval pre\u0161u\u0161tva.","breadcrumb":{"@id":"https:\/\/hudo.com\/si\/vip\/paparaci-ujeli-objokano-kim-kardashian-je-pred-vrati-locitev\/#breadcrumb"},"inLanguage":"sl-SI","potentialAction":[{"@type":"ReadAction","target":["https:\/\/hudo.com\/si\/vip\/paparaci-ujeli-objokano-kim-kardashian-je-pred-vrati-locitev\/"]}]},{"@type":"BreadcrumbList","@id":"https:\/\/hudo.com\/si\/vip\/paparaci-ujeli-objokano-kim-kardashian-je-pred-vrati-locitev\/#breadcrumb","itemListElement":[{"@type":"ListItem","position":1,"name":"Home","item":"https:\/\/hudo.com\/si\/"},{"@type":"ListItem","position":2,"name":"Paparaci ujeli objokano Kim Kardashian: je pred vrati lo\u010ditev?"}]},{"@type":"WebSite","@id":"https:\/\/hudo.com\/si\/#website","url":"https:\/\/hudo.com\/si\/","name":"Hudo Slovenija","description":"Vse novice iz Slovenije in sveta","publisher":{"@id":"https:\/\/hudo.com\/si\/#organization"},"potentialAction":[{"@type":"SearchAction","target":{"@type":"EntryPoint","urlTemplate":"https:\/\/hudo.com\/si\/?s={search_term_string}"},"query-input":"required name=search_term_string"}],"inLanguage":"sl-SI"},{"@type":"Organization","@id":"https:\/\/hudo.com\/si\/#organization","name":"VSN Media","url":"https:\/\/hudo.com\/si\/","logo":{"@type":"ImageObject","inLanguage":"sl-SI","@id":"https:\/\/hudo.com\/si\/#\/schema\/logo\/image\/","url":"https:\/\/hudo.com\/si\/wp-content\/uploads\/sites\/2\/2021\/03\/hudo-app-2.png","contentUrl":"https:\/\/hudo.com\/si\/wp-content\/uploads\/sites\/2\/2021\/03\/hudo-app-2.png","width":2185,"height":2167,"caption":"VSN Media"},"image":{"@id":"https:\/\/hudo.com\/si\/#\/schema\/logo\/image\/"},"sameAs":["https:\/\/www.facebook.com\/hudo.si","https:\/\/twitter.com\/hudo_si"]},{"@type":"Person","@id":"https:\/\/hudo.com\/si\/#\/schema\/person\/f95639a66e0dd2c682b0568634e85b8b","name":"A. G.","image":{"@type":"ImageObject","inLanguage":"sl-SI","@id":"https:\/\/hudo.com\/si\/#\/schema\/person\/image\/","url":"https:\/\/secure.gravatar.com\/avatar\/9f44de561c70d5d80348d3ed0f4b142d?s=96&d=mm&r=g","contentUrl":"https:\/\/secure.gravatar.com\/avatar\/9f44de561c70d5d80348d3ed0f4b142d?s=96&d=mm&r=g","caption":"A. G."},"url":"https:\/\/hudo.com\/si\/author\/alenkagrmek\/"}]}},"amp_enabled":true,"_links":{"self":[{"href":"https:\/\/hudo.com\/si\/wp-json\/wp\/v2\/posts\/428883"}],"collection":[{"href":"https:\/\/hudo.com\/si\/wp-json\/wp\/v2\/posts"}],"about":[{"href":"https:\/\/hudo.com\/si\/wp-json\/wp\/v2\/types\/post"}],"author":[{"embeddable":true,"href":"https:\/\/hudo.com\/si\/wp-json\/wp\/v2\/users\/6"}],"replies":[{"embeddable":true,"href":"https:\/\/hudo.com\/si\/wp-json\/wp\/v2\/comments?post=428883"}],"version-history":[{"count":2,"href":"https:\/\/hudo.com\/si\/wp-json\/wp\/v2\/posts\/428883\/revisions"}],"predecessor-version":[{"id":428891,"href":"https:\/\/hudo.com\/si\/wp-json\/wp\/v2\/posts\/428883\/revisions\/428891"}],"wp:featuredmedia":[{"embeddable":true,"href":"https:\/\/hudo.com\/si\/wp-json\/wp\/v2\/media\/428885"}],"wp:attachment":[{"href":"https:\/\/hudo.com\/si\/wp-json\/wp\/v2\/media?parent=428883"}],"wp:term":[{"taxonomy":"category","embeddable":true,"href":"https:\/\/hudo.com\/si\/wp-json\/wp\/v2\/categories?post=428883"},{"taxonomy":"post_tag","embeddable":true,"href":"https:\/\/hudo.com\/si\/wp-json\/wp\/v2\/tags?post=428883"},{"taxonomy":"source","embeddable":true,"href":"https:\/\/hudo.com\/si\/wp-json\/wp\/v2\/source?post=428883"},{"taxonomy":"supertag","embeddable":true,"href":"https:\/\/hudo.com\/si\/wp-json\/wp\/v2\/supertag?post=428883"}],"curies":[{"name":"wp","href":"https:\/\/api.w.org\/{rel}","templated":true}]}}