{"id":42893,"date":"2016-04-30T17:30:00","date_gmt":"2016-04-30T15:30:00","guid":{"rendered":"http:\/\/hudo.com\/si\/2016\/04\/30\/srbija-po-volitvah-opozicija-na-protestu\/"},"modified":"2016-05-01T13:16:46","modified_gmt":"2016-05-01T11:16:46","slug":"srbija-po-volitvah-opozicija-na-protestu","status":"publish","type":"post","link":"https:\/\/hudo.com\/si\/aktualno\/srbija-po-volitvah-opozicija-na-protestu\/","title":{"rendered":"Srbija po volitvah: opozicija na protestu"},"content":{"rendered":"<p>V Beogradu je bil danes protest srbske opozicije zaradi suma volilne kraje na nedeljskih volitvah, na katerem je pred dr\u017eavno volilno komisijo ve\u010d tiso\u010d ljudi zahtevalo odstop predsednika komisije Dejana \u0110ur\u0111evi\u0107a in direktorja dr\u017eavnega zavoda za statistiko Miladina Kova\u010devi\u0107a zaradi domnevnega povolilnega prikrojevanja volilnih izidov. Vodje opozicije so sporo\u010dili, da se bodo borili za vsak glas nedeljskih pred\u010dasnih parlamentarnih volitev, ter pozvali k podpori volilne liste DSS-Vrata, ki je po ponovnem pre\u0161tetju glasov padla pod volilni prag, poro\u010da hrva\u0161ka tiskovna agencija Hina. &#8220;Vu\u010di\u0107u, Nikoli\u0107u sporo\u010damo, da so volilni prag prestopili tako koalicija DSS-Vrata kot SDS-LDP-LSV ter vse stranke, ki so na tem odru, ker so to hoteli dr\u017eavljani in ne zato, ker sta to hotela volilna komisija ali premier Aleksandar Vu\u010di\u0107,&#8221; je pred zbranimi dejal predsednik Demokratske stranke (DS) Bojan Pajti\u0107. Protest, ki se je za\u010del okoli poldneva, je spremljala okrepljena policijska navzo\u010dnost, protestniki pa so se popoldne mirno raz\u0161li. Notranji minister in podpredsednik Vu\u010di\u0107eve Srbske napredne stranke (SNS) Neboj\u0161a Stefanovi\u0107 je protest pred sede\u017eem volilne komisije obsodil in ga ozna\u010dil kot &#8220;polom opozicije&#8221;. Dodal je, da SNS od opozicije pri\u010dakuje samo, da prizna poraz. Opozicija je na dana\u0161nji protest pozvala, potem ko je volilna komisija v no\u010di na \u010detrtek sporo\u010dila izide po pre\u0161tetih glasovih z 99,82 odstotka voli\u0161\u010d, po katerih je koalicija Demokratske stranke Srbije (DSS) in gibanja Vrata (Dveri) padla pod volilni prag zaradi enega glasu. Opozicija premierja Vu\u010di\u0107a, ki je tudi predsednik SNS, obto\u017euje, da \u017eeli prevzeti njene glasove. Pajti\u0107 je zato pozval privr\u017eence svoj stranke, naj na ponovljenem glasovanju na 15 voli\u0161\u010dih 4. maja glasujejo za listo DSS-Vrata. Potem naj bi kon\u010dne uradne izide parlamentarnih volitev objavili prihodnjo soboto po 20. uri. Svet<\/p>\n","protected":false},"excerpt":{"rendered":"<p>V Beogradu je bil danes protest srbske opozicije zaradi suma volilne kraje na nedeljskih volitvah, na katerem je pred dr\u017eavno volilno komisijo ve\u010d tiso\u010d ljudi zahtevalo odstop predsednika komisije Dejana \u0110ur\u0111evi\u0107a in direktorja dr\u017eavnega zavoda za statistiko Miladina Kova\u010devi\u0107a zaradi domnevnega povolilnega prikrojevanja volilnih izidov. Vodje opozicije so sporo\u010dili, da se bodo borili za vsak glas nedeljskih pred\u010dasnih parlamentarnih volitev, ter pozvali k podpori volilne liste DSS-Vrata, ki je po ponovnem pre\u0161tetju glasov padla pod volilni prag, poro\u010da hrva\u0161ka tiskovna agencija Hina. &#8220;Vu\u010di\u0107u, Nikoli\u0107u sporo\u010damo, da so volilni prag prestopili tako koalicija DSS-Vrata kot SDS-LDP-LSV ter vse stranke, ki so na tem odru, ker so to hoteli dr\u017eavljani in ne zato, ker sta to hotela volilna komisija ali premier Aleksandar Vu\u010di\u0107,&#8221; je pred zbranimi dejal predsednik Demokratske stranke (DS) Bojan Pajti\u0107. Protest, ki se je za\u010del okoli poldneva, je spremljala okrepljena policijska navzo\u010dnost, protestniki pa so se popoldne mirno raz\u0161li. Notranji minister in podpredsednik Vu\u010di\u0107eve Srbske napredne stranke (SNS) Neboj\u0161a Stefanovi\u0107 je protest pred sede\u017eem volilne komisije obsodil in ga ozna\u010dil kot &#8220;polom opozicije&#8221;. Dodal je, da SNS od opozicije pri\u010dakuje samo, da prizna poraz. Opozicija je na dana\u0161nji protest pozvala, potem ko je volilna komisija v no\u010di na \u010detrtek sporo\u010dila izide po pre\u0161tetih glasovih z 99,82 odstotka voli\u0161\u010d, po katerih je koalicija Demokratske stranke Srbije (DSS) in gibanja Vrata (Dveri) padla pod volilni prag zaradi enega glasu. Opozicija premierja Vu\u010di\u0107a, ki je tudi predsednik SNS, obto\u017euje, da \u017eeli prevzeti njene glasove. Pajti\u0107 je zato pozval privr\u017eence svoj stranke, naj na ponovljenem glasovanju na 15 voli\u0161\u010dih 4. maja glasujejo za listo DSS-Vrata. Potem naj bi kon\u010dne uradne izide parlamentarnih volitev objavili prihodnjo soboto po 20. uri. Svet<\/p>\n","protected":false},"author":1,"featured_media":0,"comment_status":"closed","ping_status":"closed","sticky":false,"template":"","format":"standard","meta":{"footnotes":""},"categories":[1179],"tags":[],"source":[1711],"supertag":[],"acf":[],"yoast_head":"<!-- This site is optimized with the Yoast SEO plugin v21.3 - https:\/\/yoast.com\/wordpress\/plugins\/seo\/ -->\n<title>Srbija po volitvah: opozicija na protestu - Hudo Slovenija<\/title>\n<meta name=\"robots\" content=\"index, follow, max-snippet:-1, max-image-preview:large, max-video-preview:-1\" \/>\n<link rel=\"canonical\" href=\"https:\/\/hudo.com\/si\/aktualno\/srbija-po-volitvah-opozicija-na-protestu\/\" \/>\n<meta property=\"og:locale\" content=\"sl_SI\" \/>\n<meta property=\"og:type\" content=\"article\" \/>\n<meta property=\"og:title\" content=\"Srbija po volitvah: opozicija na protestu - Hudo Slovenija\" \/>\n<meta property=\"og:description\" content=\"V Beogradu je bil danes protest srbske opozicije zaradi suma volilne kraje na nedeljskih volitvah, na katerem je pred dr\u017eavno volilno komisijo ve\u010d tiso\u010d ljudi zahtevalo odstop predsednika komisije Dejana \u0110ur\u0111evi\u0107a in direktorja dr\u017eavnega zavoda za statistiko Miladina Kova\u010devi\u0107a zaradi domnevnega povolilnega prikrojevanja volilnih izidov. Vodje opozicije so sporo\u010dili, da se bodo borili za vsak glas nedeljskih pred\u010dasnih parlamentarnih volitev, ter pozvali k podpori volilne liste DSS-Vrata, ki je po ponovnem pre\u0161tetju glasov padla pod volilni prag, poro\u010da hrva\u0161ka tiskovna agencija Hina. &quot;Vu\u010di\u0107u, Nikoli\u0107u sporo\u010damo, da so volilni prag prestopili tako koalicija DSS-Vrata kot SDS-LDP-LSV ter vse stranke, ki so na tem odru, ker so to hoteli dr\u017eavljani in ne zato, ker sta to hotela volilna komisija ali premier Aleksandar Vu\u010di\u0107,&quot; je pred zbranimi dejal predsednik Demokratske stranke (DS) Bojan Pajti\u0107. Protest, ki se je za\u010del okoli poldneva, je spremljala okrepljena policijska navzo\u010dnost, protestniki pa so se popoldne mirno raz\u0161li. Notranji minister in podpredsednik Vu\u010di\u0107eve Srbske napredne stranke (SNS) Neboj\u0161a Stefanovi\u0107 je protest pred sede\u017eem volilne komisije obsodil in ga ozna\u010dil kot &quot;polom opozicije&quot;. Dodal je, da SNS od opozicije pri\u010dakuje samo, da prizna poraz. Opozicija je na dana\u0161nji protest pozvala, potem ko je volilna komisija v no\u010di na \u010detrtek sporo\u010dila izide po pre\u0161tetih glasovih z 99,82 odstotka voli\u0161\u010d, po katerih je koalicija Demokratske stranke Srbije (DSS) in gibanja Vrata (Dveri) padla pod volilni prag zaradi enega glasu. Opozicija premierja Vu\u010di\u0107a, ki je tudi predsednik SNS, obto\u017euje, da \u017eeli prevzeti njene glasove. Pajti\u0107 je zato pozval privr\u017eence svoj stranke, naj na ponovljenem glasovanju na 15 voli\u0161\u010dih 4. maja glasujejo za listo DSS-Vrata. Potem naj bi kon\u010dne uradne izide parlamentarnih volitev objavili prihodnjo soboto po 20. uri. Svet\" \/>\n<meta property=\"og:url\" content=\"https:\/\/hudo.com\/si\/aktualno\/srbija-po-volitvah-opozicija-na-protestu\/\" \/>\n<meta property=\"og:site_name\" content=\"Hudo Slovenija\" \/>\n<meta property=\"article:publisher\" content=\"https:\/\/www.facebook.com\/hudo.si\" \/>\n<meta property=\"article:published_time\" content=\"2016-04-30T15:30:00+00:00\" \/>\n<meta property=\"article:modified_time\" content=\"2016-05-01T11:16:46+00:00\" \/>\n<meta property=\"og:image\" content=\"https:\/\/hudo.com\/si\/wp-content\/uploads\/sites\/2\/2016\/04\/05284255-300.jpg\" \/>\n\t<meta property=\"og:image:width\" content=\"450\" \/>\n\t<meta property=\"og:image:height\" content=\"300\" \/>\n\t<meta property=\"og:image:type\" content=\"image\/jpeg\" \/>\n<meta name=\"author\" content=\"hudo\" \/>\n<meta name=\"twitter:card\" content=\"summary_large_image\" \/>\n<meta name=\"twitter:creator\" content=\"@hudo_si\" \/>\n<meta name=\"twitter:site\" content=\"@hudo_si\" \/>\n<meta name=\"twitter:label1\" content=\"Written by\" \/>\n\t<meta name=\"twitter:data1\" content=\"hudo\" \/>\n\t<meta name=\"twitter:label2\" content=\"Est. reading time\" \/>\n\t<meta name=\"twitter:data2\" content=\"2 minuti\" \/>\n<script type=\"application\/ld+json\" class=\"yoast-schema-graph\">{\"@context\":\"https:\/\/schema.org\",\"@graph\":[{\"@type\":\"Article\",\"@id\":\"https:\/\/hudo.com\/si\/aktualno\/srbija-po-volitvah-opozicija-na-protestu\/#article\",\"isPartOf\":{\"@id\":\"https:\/\/hudo.com\/si\/aktualno\/srbija-po-volitvah-opozicija-na-protestu\/\"},\"author\":{\"name\":\"hudo\",\"@id\":\"https:\/\/hudo.com\/si\/#\/schema\/person\/601cf3379633985b20f7e50f2bb47707\"},\"headline\":\"Srbija po volitvah: opozicija na protestu\",\"datePublished\":\"2016-04-30T15:30:00+00:00\",\"dateModified\":\"2016-05-01T11:16:46+00:00\",\"mainEntityOfPage\":{\"@id\":\"https:\/\/hudo.com\/si\/aktualno\/srbija-po-volitvah-opozicija-na-protestu\/\"},\"wordCount\":315,\"publisher\":{\"@id\":\"https:\/\/hudo.com\/si\/#organization\"},\"articleSection\":[\"Aktualno\"],\"inLanguage\":\"sl-SI\"},{\"@type\":\"WebPage\",\"@id\":\"https:\/\/hudo.com\/si\/aktualno\/srbija-po-volitvah-opozicija-na-protestu\/\",\"url\":\"https:\/\/hudo.com\/si\/aktualno\/srbija-po-volitvah-opozicija-na-protestu\/\",\"name\":\"Srbija po volitvah: opozicija na protestu - Hudo Slovenija\",\"isPartOf\":{\"@id\":\"https:\/\/hudo.com\/si\/#website\"},\"datePublished\":\"2016-04-30T15:30:00+00:00\",\"dateModified\":\"2016-05-01T11:16:46+00:00\",\"breadcrumb\":{\"@id\":\"https:\/\/hudo.com\/si\/aktualno\/srbija-po-volitvah-opozicija-na-protestu\/#breadcrumb\"},\"inLanguage\":\"sl-SI\",\"potentialAction\":[{\"@type\":\"ReadAction\",\"target\":[\"https:\/\/hudo.com\/si\/aktualno\/srbija-po-volitvah-opozicija-na-protestu\/\"]}]},{\"@type\":\"BreadcrumbList\",\"@id\":\"https:\/\/hudo.com\/si\/aktualno\/srbija-po-volitvah-opozicija-na-protestu\/#breadcrumb\",\"itemListElement\":[{\"@type\":\"ListItem\",\"position\":1,\"name\":\"Home\",\"item\":\"https:\/\/hudo.com\/si\/\"},{\"@type\":\"ListItem\",\"position\":2,\"name\":\"Srbija po volitvah: opozicija na protestu\"}]},{\"@type\":\"WebSite\",\"@id\":\"https:\/\/hudo.com\/si\/#website\",\"url\":\"https:\/\/hudo.com\/si\/\",\"name\":\"Hudo Slovenija\",\"description\":\"Vse novice iz Slovenije in sveta\",\"publisher\":{\"@id\":\"https:\/\/hudo.com\/si\/#organization\"},\"potentialAction\":[{\"@type\":\"SearchAction\",\"target\":{\"@type\":\"EntryPoint\",\"urlTemplate\":\"https:\/\/hudo.com\/si\/?s={search_term_string}\"},\"query-input\":\"required name=search_term_string\"}],\"inLanguage\":\"sl-SI\"},{\"@type\":\"Organization\",\"@id\":\"https:\/\/hudo.com\/si\/#organization\",\"name\":\"VSN Media\",\"url\":\"https:\/\/hudo.com\/si\/\",\"logo\":{\"@type\":\"ImageObject\",\"inLanguage\":\"sl-SI\",\"@id\":\"https:\/\/hudo.com\/si\/#\/schema\/logo\/image\/\",\"url\":\"https:\/\/hudo.com\/si\/wp-content\/uploads\/sites\/2\/2021\/03\/hudo-app-2.png\",\"contentUrl\":\"https:\/\/hudo.com\/si\/wp-content\/uploads\/sites\/2\/2021\/03\/hudo-app-2.png\",\"width\":2185,\"height\":2167,\"caption\":\"VSN Media\"},\"image\":{\"@id\":\"https:\/\/hudo.com\/si\/#\/schema\/logo\/image\/\"},\"sameAs\":[\"https:\/\/www.facebook.com\/hudo.si\",\"https:\/\/twitter.com\/hudo_si\"]},{\"@type\":\"Person\",\"@id\":\"https:\/\/hudo.com\/si\/#\/schema\/person\/601cf3379633985b20f7e50f2bb47707\",\"name\":\"hudo\",\"image\":{\"@type\":\"ImageObject\",\"inLanguage\":\"sl-SI\",\"@id\":\"https:\/\/hudo.com\/si\/#\/schema\/person\/image\/\",\"url\":\"https:\/\/secure.gravatar.com\/avatar\/c4ca25fa72cace7a696b52ff5db9e095?s=96&d=mm&r=g\",\"contentUrl\":\"https:\/\/secure.gravatar.com\/avatar\/c4ca25fa72cace7a696b52ff5db9e095?s=96&d=mm&r=g\",\"caption\":\"hudo\"},\"url\":\"https:\/\/hudo.com\/si\/author\/hudo\/\"}]}<\/script>\n<!-- \/ Yoast SEO plugin. -->","yoast_head_json":{"title":"Srbija po volitvah: opozicija na protestu - Hudo Slovenija","robots":{"index":"index","follow":"follow","max-snippet":"max-snippet:-1","max-image-preview":"max-image-preview:large","max-video-preview":"max-video-preview:-1"},"canonical":"https:\/\/hudo.com\/si\/aktualno\/srbija-po-volitvah-opozicija-na-protestu\/","og_locale":"sl_SI","og_type":"article","og_title":"Srbija po volitvah: opozicija na protestu - Hudo Slovenija","og_description":"V Beogradu je bil danes protest srbske opozicije zaradi suma volilne kraje na nedeljskih volitvah, na katerem je pred dr\u017eavno volilno komisijo ve\u010d tiso\u010d ljudi zahtevalo odstop predsednika komisije Dejana \u0110ur\u0111evi\u0107a in direktorja dr\u017eavnega zavoda za statistiko Miladina Kova\u010devi\u0107a zaradi domnevnega povolilnega prikrojevanja volilnih izidov. Vodje opozicije so sporo\u010dili, da se bodo borili za vsak glas nedeljskih pred\u010dasnih parlamentarnih volitev, ter pozvali k podpori volilne liste DSS-Vrata, ki je po ponovnem pre\u0161tetju glasov padla pod volilni prag, poro\u010da hrva\u0161ka tiskovna agencija Hina. \"Vu\u010di\u0107u, Nikoli\u0107u sporo\u010damo, da so volilni prag prestopili tako koalicija DSS-Vrata kot SDS-LDP-LSV ter vse stranke, ki so na tem odru, ker so to hoteli dr\u017eavljani in ne zato, ker sta to hotela volilna komisija ali premier Aleksandar Vu\u010di\u0107,\" je pred zbranimi dejal predsednik Demokratske stranke (DS) Bojan Pajti\u0107. Protest, ki se je za\u010del okoli poldneva, je spremljala okrepljena policijska navzo\u010dnost, protestniki pa so se popoldne mirno raz\u0161li. Notranji minister in podpredsednik Vu\u010di\u0107eve Srbske napredne stranke (SNS) Neboj\u0161a Stefanovi\u0107 je protest pred sede\u017eem volilne komisije obsodil in ga ozna\u010dil kot \"polom opozicije\". Dodal je, da SNS od opozicije pri\u010dakuje samo, da prizna poraz. Opozicija je na dana\u0161nji protest pozvala, potem ko je volilna komisija v no\u010di na \u010detrtek sporo\u010dila izide po pre\u0161tetih glasovih z 99,82 odstotka voli\u0161\u010d, po katerih je koalicija Demokratske stranke Srbije (DSS) in gibanja Vrata (Dveri) padla pod volilni prag zaradi enega glasu. Opozicija premierja Vu\u010di\u0107a, ki je tudi predsednik SNS, obto\u017euje, da \u017eeli prevzeti njene glasove. Pajti\u0107 je zato pozval privr\u017eence svoj stranke, naj na ponovljenem glasovanju na 15 voli\u0161\u010dih 4. maja glasujejo za listo DSS-Vrata. Potem naj bi kon\u010dne uradne izide parlamentarnih volitev objavili prihodnjo soboto po 20. uri. Svet","og_url":"https:\/\/hudo.com\/si\/aktualno\/srbija-po-volitvah-opozicija-na-protestu\/","og_site_name":"Hudo Slovenija","article_publisher":"https:\/\/www.facebook.com\/hudo.si","article_published_time":"2016-04-30T15:30:00+00:00","article_modified_time":"2016-05-01T11:16:46+00:00","og_image":[{"width":450,"height":300,"url":"https:\/\/hudo.com\/si\/wp-content\/uploads\/sites\/2\/2016\/04\/05284255-300.jpg","type":"image\/jpeg"}],"author":"hudo","twitter_card":"summary_large_image","twitter_creator":"@hudo_si","twitter_site":"@hudo_si","twitter_misc":{"Written by":"hudo","Est. reading time":"2 minuti"},"schema":{"@context":"https:\/\/schema.org","@graph":[{"@type":"Article","@id":"https:\/\/hudo.com\/si\/aktualno\/srbija-po-volitvah-opozicija-na-protestu\/#article","isPartOf":{"@id":"https:\/\/hudo.com\/si\/aktualno\/srbija-po-volitvah-opozicija-na-protestu\/"},"author":{"name":"hudo","@id":"https:\/\/hudo.com\/si\/#\/schema\/person\/601cf3379633985b20f7e50f2bb47707"},"headline":"Srbija po volitvah: opozicija na protestu","datePublished":"2016-04-30T15:30:00+00:00","dateModified":"2016-05-01T11:16:46+00:00","mainEntityOfPage":{"@id":"https:\/\/hudo.com\/si\/aktualno\/srbija-po-volitvah-opozicija-na-protestu\/"},"wordCount":315,"publisher":{"@id":"https:\/\/hudo.com\/si\/#organization"},"articleSection":["Aktualno"],"inLanguage":"sl-SI"},{"@type":"WebPage","@id":"https:\/\/hudo.com\/si\/aktualno\/srbija-po-volitvah-opozicija-na-protestu\/","url":"https:\/\/hudo.com\/si\/aktualno\/srbija-po-volitvah-opozicija-na-protestu\/","name":"Srbija po volitvah: opozicija na protestu - Hudo Slovenija","isPartOf":{"@id":"https:\/\/hudo.com\/si\/#website"},"datePublished":"2016-04-30T15:30:00+00:00","dateModified":"2016-05-01T11:16:46+00:00","breadcrumb":{"@id":"https:\/\/hudo.com\/si\/aktualno\/srbija-po-volitvah-opozicija-na-protestu\/#breadcrumb"},"inLanguage":"sl-SI","potentialAction":[{"@type":"ReadAction","target":["https:\/\/hudo.com\/si\/aktualno\/srbija-po-volitvah-opozicija-na-protestu\/"]}]},{"@type":"BreadcrumbList","@id":"https:\/\/hudo.com\/si\/aktualno\/srbija-po-volitvah-opozicija-na-protestu\/#breadcrumb","itemListElement":[{"@type":"ListItem","position":1,"name":"Home","item":"https:\/\/hudo.com\/si\/"},{"@type":"ListItem","position":2,"name":"Srbija po volitvah: opozicija na protestu"}]},{"@type":"WebSite","@id":"https:\/\/hudo.com\/si\/#website","url":"https:\/\/hudo.com\/si\/","name":"Hudo Slovenija","description":"Vse novice iz Slovenije in sveta","publisher":{"@id":"https:\/\/hudo.com\/si\/#organization"},"potentialAction":[{"@type":"SearchAction","target":{"@type":"EntryPoint","urlTemplate":"https:\/\/hudo.com\/si\/?s={search_term_string}"},"query-input":"required name=search_term_string"}],"inLanguage":"sl-SI"},{"@type":"Organization","@id":"https:\/\/hudo.com\/si\/#organization","name":"VSN Media","url":"https:\/\/hudo.com\/si\/","logo":{"@type":"ImageObject","inLanguage":"sl-SI","@id":"https:\/\/hudo.com\/si\/#\/schema\/logo\/image\/","url":"https:\/\/hudo.com\/si\/wp-content\/uploads\/sites\/2\/2021\/03\/hudo-app-2.png","contentUrl":"https:\/\/hudo.com\/si\/wp-content\/uploads\/sites\/2\/2021\/03\/hudo-app-2.png","width":2185,"height":2167,"caption":"VSN Media"},"image":{"@id":"https:\/\/hudo.com\/si\/#\/schema\/logo\/image\/"},"sameAs":["https:\/\/www.facebook.com\/hudo.si","https:\/\/twitter.com\/hudo_si"]},{"@type":"Person","@id":"https:\/\/hudo.com\/si\/#\/schema\/person\/601cf3379633985b20f7e50f2bb47707","name":"hudo","image":{"@type":"ImageObject","inLanguage":"sl-SI","@id":"https:\/\/hudo.com\/si\/#\/schema\/person\/image\/","url":"https:\/\/secure.gravatar.com\/avatar\/c4ca25fa72cace7a696b52ff5db9e095?s=96&d=mm&r=g","contentUrl":"https:\/\/secure.gravatar.com\/avatar\/c4ca25fa72cace7a696b52ff5db9e095?s=96&d=mm&r=g","caption":"hudo"},"url":"https:\/\/hudo.com\/si\/author\/hudo\/"}]}},"amp_enabled":true,"_links":{"self":[{"href":"https:\/\/hudo.com\/si\/wp-json\/wp\/v2\/posts\/42893"}],"collection":[{"href":"https:\/\/hudo.com\/si\/wp-json\/wp\/v2\/posts"}],"about":[{"href":"https:\/\/hudo.com\/si\/wp-json\/wp\/v2\/types\/post"}],"author":[{"embeddable":true,"href":"https:\/\/hudo.com\/si\/wp-json\/wp\/v2\/users\/1"}],"replies":[{"embeddable":true,"href":"https:\/\/hudo.com\/si\/wp-json\/wp\/v2\/comments?post=42893"}],"version-history":[{"count":1,"href":"https:\/\/hudo.com\/si\/wp-json\/wp\/v2\/posts\/42893\/revisions"}],"predecessor-version":[{"id":42916,"href":"https:\/\/hudo.com\/si\/wp-json\/wp\/v2\/posts\/42893\/revisions\/42916"}],"wp:attachment":[{"href":"https:\/\/hudo.com\/si\/wp-json\/wp\/v2\/media?parent=42893"}],"wp:term":[{"taxonomy":"category","embeddable":true,"href":"https:\/\/hudo.com\/si\/wp-json\/wp\/v2\/categories?post=42893"},{"taxonomy":"post_tag","embeddable":true,"href":"https:\/\/hudo.com\/si\/wp-json\/wp\/v2\/tags?post=42893"},{"taxonomy":"source","embeddable":true,"href":"https:\/\/hudo.com\/si\/wp-json\/wp\/v2\/source?post=42893"},{"taxonomy":"supertag","embeddable":true,"href":"https:\/\/hudo.com\/si\/wp-json\/wp\/v2\/supertag?post=42893"}],"curies":[{"name":"wp","href":"https:\/\/api.w.org\/{rel}","templated":true}]}}