{"id":429017,"date":"2020-07-30T20:14:08","date_gmt":"2020-07-30T18:14:08","guid":{"rendered":"http:\/\/hudo.com\/si\/?p=429017"},"modified":"2020-07-30T20:14:08","modified_gmt":"2020-07-30T18:14:08","slug":"skoda-zaradi-toce-v-domzalah-po-prvih-ocenah-presegla-dva-milijona-evrov","status":"publish","type":"post","link":"https:\/\/hudo.com\/si\/aktualno\/skoda-zaradi-toce-v-domzalah-po-prvih-ocenah-presegla-dva-milijona-evrov\/","title":{"rendered":"\u0160koda zaradi to\u010de v Dom\u017ealah po prvih ocenah presegla dva milijona evrov"},"content":{"rendered":"<p>Namestnik poveljnika dom\u017ealske civilne za\u0161\u010dite Peter Gubanc je nanizal nekaj statisti\u010dnih podatkov o intervenciji na Dom\u017ealskem, ki se je za gasilce in druge pripadnike civilne za\u0161\u010dite za\u010dela v sredo okoli 21. ure. Gasilske enote so posredovale po vsej ob\u010dini. V sredo zve\u010der, takoj po neurju pa do 4. ure, je bilo na terenu pribli\u017eno 300 gasilcev.<\/p>\n<p>Zjutraj so za\u010deli oglede terena, od 13. ure dalje pa gasilci pomagajo z zasilnim prekrivanjem po\u0161kodovanih streh. Po navedbah Gubanca je na terenu 40 prostovoljni gasilskih enot in dve poklicni oz. pribli\u017eno 250 operativnih gasilcev. Ra\u010dunajo, da bodo intervencije za za\u0161\u010dito premo\u017eenja pred nadaljnjo \u0161kodo kon\u010dali do petka zve\u010der, je ocenil.<\/p>\n<p>Doslej so porabili pribli\u017eno 1500 kvadratnih kilometrov folije, s katero so za\u0161\u010ditili domove ob\u010danov, \u0161e toliko folije imajo na zalogi.<\/p>\n<p>Poveljnik Gasilske zveze Dom\u017eale in Centra za za\u0161\u010dito in re\u0161evanje Dom\u017eale Matja\u017e Merku\u017ei\u010d je za STA izpostavil, da jo je od pomembnih javnih objektov v tokratni ujmi dobro odnesel zdravstveni dom, je pa to\u010da po\u0161kodovala nekatere \u0161olske objekte. A \u0161koda na teh objektih po prvih ocenah ni velika.<\/p>\n<p>Pod\u017eupanja se je zahvalila vsem dom\u017ealskim gasilcem in gasilcem iz drugih ob\u010din, ki so takoj po ujmi prisko\u010dili na pomo\u010d. Pribli\u017eno polovica po\u0161kodovanih objektov je po njenih besedah \u017ee oskrbljena, ves \u010das spremljajo vremensko napoved in upajo, da take ujme ne bo ve\u010d. Kot je izpostavila, so med drugim \u017ee sanirali tudi vsaj 20 kilometrov makadamskih cest v ob\u010dini, da so spet prevozne.<\/p>\n<p>Kot je v izjavi medijem po ogledu najbolj prizadetih objektov v ob\u010dini dejal Po\u010dival\u0161ek, bo z informacijami, ki jih je pridobil, seznanil vlado. Skupaj pa bodo pregledali, \u010de in kako lahko dr\u017eava pomaga. Ob tem je minister izrazil zadovoljstvo, da kljub veliki \u0161kodi na premo\u017eenju med neurjem ni bilo te\u017ejih po\u0161kodb med prebivalstvom. Izrazil je prepri\u010danje, da bodo na\u0161li re\u0161itve za to, da se posledice neurja \u010dim prej odpravijo. Prepri\u010dan je, da bo ve\u010dina del postorjenih do konca dana\u0161njega dne. Izpostavil je \u0161e, da je to\u010da \u0161kodo povzro\u010dila tudi v ob\u010dinah Hrastnik, \u017dalec, Braslov\u010de in Prevalje.<\/p>\n","protected":false},"excerpt":{"rendered":"<p>Prva ocena \u0161kode po sredini to\u010di na Dom\u017ealskem se vrti okoli 2,5 milijona evrov, je po dana\u0161njem obisku gospodarskega ministra Zdravka Po\u010dival\u0161ka pojasnila dom\u017ealska pod\u017eupanja Renata Kosec. Po ministrovih besedah je neurje, ki prizadelo sicer velik del dr\u017eave, najve\u010djo \u0161kodo povzro\u010dilo prav v Dom\u017ealah, kjer je po\u0161kodovalo ve\u010d kot 390 objektov.<\/p>\n","protected":false},"author":8,"featured_media":383384,"comment_status":"closed","ping_status":"closed","sticky":false,"template":"","format":"standard","meta":{"footnotes":""},"categories":[1179],"tags":[7472,1595,8822],"source":[4511],"supertag":[5675],"acf":[],"yoast_head":"<!-- This site is optimized with the Yoast SEO plugin v21.3 - https:\/\/yoast.com\/wordpress\/plugins\/seo\/ -->\n<title>\u0160koda zaradi to\u010de v Dom\u017ealah po prvih ocenah presegla dva milijona evrov - Hudo Slovenija<\/title>\n<meta name=\"robots\" content=\"index, follow, max-snippet:-1, max-image-preview:large, max-video-preview:-1\" \/>\n<link rel=\"canonical\" href=\"https:\/\/hudo.com\/si\/aktualno\/skoda-zaradi-toce-v-domzalah-po-prvih-ocenah-presegla-dva-milijona-evrov\/\" \/>\n<meta property=\"og:locale\" content=\"sl_SI\" \/>\n<meta property=\"og:type\" content=\"article\" \/>\n<meta property=\"og:title\" content=\"\u0160koda zaradi to\u010de v Dom\u017ealah po prvih ocenah presegla dva milijona evrov - Hudo Slovenija\" \/>\n<meta property=\"og:description\" content=\"Prva ocena \u0161kode po sredini to\u010di na Dom\u017ealskem se vrti okoli 2,5 milijona evrov, je po dana\u0161njem obisku gospodarskega ministra Zdravka Po\u010dival\u0161ka pojasnila dom\u017ealska pod\u017eupanja Renata Kosec. Po ministrovih besedah je neurje, ki prizadelo sicer velik del dr\u017eave, najve\u010djo \u0161kodo povzro\u010dilo prav v Dom\u017ealah, kjer je po\u0161kodovalo ve\u010d kot 390 objektov.\" \/>\n<meta property=\"og:url\" content=\"https:\/\/hudo.com\/si\/aktualno\/skoda-zaradi-toce-v-domzalah-po-prvih-ocenah-presegla-dva-milijona-evrov\/\" \/>\n<meta property=\"og:site_name\" content=\"Hudo Slovenija\" \/>\n<meta property=\"article:publisher\" content=\"https:\/\/www.facebook.com\/hudo.si\" \/>\n<meta property=\"article:published_time\" content=\"2020-07-30T18:14:08+00:00\" \/>\n<meta property=\"og:image\" content=\"https:\/\/hudo.com\/si\/wp-content\/uploads\/sites\/2\/2018\/12\/profimedia-0168726892.jpg\" \/>\n\t<meta property=\"og:image:width\" content=\"1250\" \/>\n\t<meta property=\"og:image:height\" content=\"833\" \/>\n\t<meta property=\"og:image:type\" content=\"image\/jpeg\" \/>\n<meta name=\"author\" content=\"M. N., STA\" \/>\n<meta name=\"twitter:card\" content=\"summary_large_image\" \/>\n<meta name=\"twitter:creator\" content=\"@hudo_si\" \/>\n<meta name=\"twitter:site\" content=\"@hudo_si\" \/>\n<meta name=\"twitter:label1\" content=\"Written by\" \/>\n\t<meta name=\"twitter:data1\" content=\"M. N., STA\" \/>\n\t<meta name=\"twitter:label2\" content=\"Est. reading time\" \/>\n\t<meta name=\"twitter:data2\" content=\"2 minuti\" \/>\n<script type=\"application\/ld+json\" class=\"yoast-schema-graph\">{\"@context\":\"https:\/\/schema.org\",\"@graph\":[{\"@type\":\"Article\",\"@id\":\"https:\/\/hudo.com\/si\/aktualno\/skoda-zaradi-toce-v-domzalah-po-prvih-ocenah-presegla-dva-milijona-evrov\/#article\",\"isPartOf\":{\"@id\":\"https:\/\/hudo.com\/si\/aktualno\/skoda-zaradi-toce-v-domzalah-po-prvih-ocenah-presegla-dva-milijona-evrov\/\"},\"author\":{\"name\":\"M. N., STA\",\"@id\":\"https:\/\/hudo.com\/si\/#\/schema\/person\/c2f10ce65d2e6ede2aeda5be2a0611fa\"},\"headline\":\"\u0160koda zaradi to\u010de v Dom\u017ealah po prvih ocenah presegla dva milijona evrov\",\"datePublished\":\"2020-07-30T18:14:08+00:00\",\"dateModified\":\"2020-07-30T18:14:08+00:00\",\"mainEntityOfPage\":{\"@id\":\"https:\/\/hudo.com\/si\/aktualno\/skoda-zaradi-toce-v-domzalah-po-prvih-ocenah-presegla-dva-milijona-evrov\/\"},\"wordCount\":391,\"publisher\":{\"@id\":\"https:\/\/hudo.com\/si\/#organization\"},\"keywords\":[\"Dom\u017eale\",\"Slovenija\",\"to\u010da\"],\"articleSection\":[\"Aktualno\"],\"inLanguage\":\"sl-SI\"},{\"@type\":\"WebPage\",\"@id\":\"https:\/\/hudo.com\/si\/aktualno\/skoda-zaradi-toce-v-domzalah-po-prvih-ocenah-presegla-dva-milijona-evrov\/\",\"url\":\"https:\/\/hudo.com\/si\/aktualno\/skoda-zaradi-toce-v-domzalah-po-prvih-ocenah-presegla-dva-milijona-evrov\/\",\"name\":\"\u0160koda zaradi to\u010de v Dom\u017ealah po prvih ocenah presegla dva milijona evrov - Hudo Slovenija\",\"isPartOf\":{\"@id\":\"https:\/\/hudo.com\/si\/#website\"},\"datePublished\":\"2020-07-30T18:14:08+00:00\",\"dateModified\":\"2020-07-30T18:14:08+00:00\",\"breadcrumb\":{\"@id\":\"https:\/\/hudo.com\/si\/aktualno\/skoda-zaradi-toce-v-domzalah-po-prvih-ocenah-presegla-dva-milijona-evrov\/#breadcrumb\"},\"inLanguage\":\"sl-SI\",\"potentialAction\":[{\"@type\":\"ReadAction\",\"target\":[\"https:\/\/hudo.com\/si\/aktualno\/skoda-zaradi-toce-v-domzalah-po-prvih-ocenah-presegla-dva-milijona-evrov\/\"]}]},{\"@type\":\"BreadcrumbList\",\"@id\":\"https:\/\/hudo.com\/si\/aktualno\/skoda-zaradi-toce-v-domzalah-po-prvih-ocenah-presegla-dva-milijona-evrov\/#breadcrumb\",\"itemListElement\":[{\"@type\":\"ListItem\",\"position\":1,\"name\":\"Home\",\"item\":\"https:\/\/hudo.com\/si\/\"},{\"@type\":\"ListItem\",\"position\":2,\"name\":\"\u0160koda zaradi to\u010de v Dom\u017ealah po prvih ocenah presegla dva milijona evrov\"}]},{\"@type\":\"WebSite\",\"@id\":\"https:\/\/hudo.com\/si\/#website\",\"url\":\"https:\/\/hudo.com\/si\/\",\"name\":\"Hudo Slovenija\",\"description\":\"Vse novice iz Slovenije in sveta\",\"publisher\":{\"@id\":\"https:\/\/hudo.com\/si\/#organization\"},\"potentialAction\":[{\"@type\":\"SearchAction\",\"target\":{\"@type\":\"EntryPoint\",\"urlTemplate\":\"https:\/\/hudo.com\/si\/?s={search_term_string}\"},\"query-input\":\"required name=search_term_string\"}],\"inLanguage\":\"sl-SI\"},{\"@type\":\"Organization\",\"@id\":\"https:\/\/hudo.com\/si\/#organization\",\"name\":\"VSN Media\",\"url\":\"https:\/\/hudo.com\/si\/\",\"logo\":{\"@type\":\"ImageObject\",\"inLanguage\":\"sl-SI\",\"@id\":\"https:\/\/hudo.com\/si\/#\/schema\/logo\/image\/\",\"url\":\"https:\/\/hudo.com\/si\/wp-content\/uploads\/sites\/2\/2021\/03\/hudo-app-2.png\",\"contentUrl\":\"https:\/\/hudo.com\/si\/wp-content\/uploads\/sites\/2\/2021\/03\/hudo-app-2.png\",\"width\":2185,\"height\":2167,\"caption\":\"VSN Media\"},\"image\":{\"@id\":\"https:\/\/hudo.com\/si\/#\/schema\/logo\/image\/\"},\"sameAs\":[\"https:\/\/www.facebook.com\/hudo.si\",\"https:\/\/twitter.com\/hudo_si\"]},{\"@type\":\"Person\",\"@id\":\"https:\/\/hudo.com\/si\/#\/schema\/person\/c2f10ce65d2e6ede2aeda5be2a0611fa\",\"name\":\"M. N., STA\",\"image\":{\"@type\":\"ImageObject\",\"inLanguage\":\"sl-SI\",\"@id\":\"https:\/\/hudo.com\/si\/#\/schema\/person\/image\/\",\"url\":\"https:\/\/secure.gravatar.com\/avatar\/f370d38daa10467f755c5c766a4cac20?s=96&d=mm&r=g\",\"contentUrl\":\"https:\/\/secure.gravatar.com\/avatar\/f370d38daa10467f755c5c766a4cac20?s=96&d=mm&r=g\",\"caption\":\"M. N., STA\"},\"url\":\"https:\/\/hudo.com\/si\/author\/mana\/\"}]}<\/script>\n<!-- \/ Yoast SEO plugin. -->","yoast_head_json":{"title":"\u0160koda zaradi to\u010de v Dom\u017ealah po prvih ocenah presegla dva milijona evrov - Hudo Slovenija","robots":{"index":"index","follow":"follow","max-snippet":"max-snippet:-1","max-image-preview":"max-image-preview:large","max-video-preview":"max-video-preview:-1"},"canonical":"https:\/\/hudo.com\/si\/aktualno\/skoda-zaradi-toce-v-domzalah-po-prvih-ocenah-presegla-dva-milijona-evrov\/","og_locale":"sl_SI","og_type":"article","og_title":"\u0160koda zaradi to\u010de v Dom\u017ealah po prvih ocenah presegla dva milijona evrov - Hudo Slovenija","og_description":"Prva ocena \u0161kode po sredini to\u010di na Dom\u017ealskem se vrti okoli 2,5 milijona evrov, je po dana\u0161njem obisku gospodarskega ministra Zdravka Po\u010dival\u0161ka pojasnila dom\u017ealska pod\u017eupanja Renata Kosec. Po ministrovih besedah je neurje, ki prizadelo sicer velik del dr\u017eave, najve\u010djo \u0161kodo povzro\u010dilo prav v Dom\u017ealah, kjer je po\u0161kodovalo ve\u010d kot 390 objektov.","og_url":"https:\/\/hudo.com\/si\/aktualno\/skoda-zaradi-toce-v-domzalah-po-prvih-ocenah-presegla-dva-milijona-evrov\/","og_site_name":"Hudo Slovenija","article_publisher":"https:\/\/www.facebook.com\/hudo.si","article_published_time":"2020-07-30T18:14:08+00:00","og_image":[{"width":1250,"height":833,"url":"https:\/\/hudo.com\/si\/wp-content\/uploads\/sites\/2\/2018\/12\/profimedia-0168726892.jpg","type":"image\/jpeg"}],"author":"M. N., STA","twitter_card":"summary_large_image","twitter_creator":"@hudo_si","twitter_site":"@hudo_si","twitter_misc":{"Written by":"M. N., STA","Est. reading time":"2 minuti"},"schema":{"@context":"https:\/\/schema.org","@graph":[{"@type":"Article","@id":"https:\/\/hudo.com\/si\/aktualno\/skoda-zaradi-toce-v-domzalah-po-prvih-ocenah-presegla-dva-milijona-evrov\/#article","isPartOf":{"@id":"https:\/\/hudo.com\/si\/aktualno\/skoda-zaradi-toce-v-domzalah-po-prvih-ocenah-presegla-dva-milijona-evrov\/"},"author":{"name":"M. N., STA","@id":"https:\/\/hudo.com\/si\/#\/schema\/person\/c2f10ce65d2e6ede2aeda5be2a0611fa"},"headline":"\u0160koda zaradi to\u010de v Dom\u017ealah po prvih ocenah presegla dva milijona evrov","datePublished":"2020-07-30T18:14:08+00:00","dateModified":"2020-07-30T18:14:08+00:00","mainEntityOfPage":{"@id":"https:\/\/hudo.com\/si\/aktualno\/skoda-zaradi-toce-v-domzalah-po-prvih-ocenah-presegla-dva-milijona-evrov\/"},"wordCount":391,"publisher":{"@id":"https:\/\/hudo.com\/si\/#organization"},"keywords":["Dom\u017eale","Slovenija","to\u010da"],"articleSection":["Aktualno"],"inLanguage":"sl-SI"},{"@type":"WebPage","@id":"https:\/\/hudo.com\/si\/aktualno\/skoda-zaradi-toce-v-domzalah-po-prvih-ocenah-presegla-dva-milijona-evrov\/","url":"https:\/\/hudo.com\/si\/aktualno\/skoda-zaradi-toce-v-domzalah-po-prvih-ocenah-presegla-dva-milijona-evrov\/","name":"\u0160koda zaradi to\u010de v Dom\u017ealah po prvih ocenah presegla dva milijona evrov - Hudo Slovenija","isPartOf":{"@id":"https:\/\/hudo.com\/si\/#website"},"datePublished":"2020-07-30T18:14:08+00:00","dateModified":"2020-07-30T18:14:08+00:00","breadcrumb":{"@id":"https:\/\/hudo.com\/si\/aktualno\/skoda-zaradi-toce-v-domzalah-po-prvih-ocenah-presegla-dva-milijona-evrov\/#breadcrumb"},"inLanguage":"sl-SI","potentialAction":[{"@type":"ReadAction","target":["https:\/\/hudo.com\/si\/aktualno\/skoda-zaradi-toce-v-domzalah-po-prvih-ocenah-presegla-dva-milijona-evrov\/"]}]},{"@type":"BreadcrumbList","@id":"https:\/\/hudo.com\/si\/aktualno\/skoda-zaradi-toce-v-domzalah-po-prvih-ocenah-presegla-dva-milijona-evrov\/#breadcrumb","itemListElement":[{"@type":"ListItem","position":1,"name":"Home","item":"https:\/\/hudo.com\/si\/"},{"@type":"ListItem","position":2,"name":"\u0160koda zaradi to\u010de v Dom\u017ealah po prvih ocenah presegla dva milijona evrov"}]},{"@type":"WebSite","@id":"https:\/\/hudo.com\/si\/#website","url":"https:\/\/hudo.com\/si\/","name":"Hudo Slovenija","description":"Vse novice iz Slovenije in sveta","publisher":{"@id":"https:\/\/hudo.com\/si\/#organization"},"potentialAction":[{"@type":"SearchAction","target":{"@type":"EntryPoint","urlTemplate":"https:\/\/hudo.com\/si\/?s={search_term_string}"},"query-input":"required name=search_term_string"}],"inLanguage":"sl-SI"},{"@type":"Organization","@id":"https:\/\/hudo.com\/si\/#organization","name":"VSN Media","url":"https:\/\/hudo.com\/si\/","logo":{"@type":"ImageObject","inLanguage":"sl-SI","@id":"https:\/\/hudo.com\/si\/#\/schema\/logo\/image\/","url":"https:\/\/hudo.com\/si\/wp-content\/uploads\/sites\/2\/2021\/03\/hudo-app-2.png","contentUrl":"https:\/\/hudo.com\/si\/wp-content\/uploads\/sites\/2\/2021\/03\/hudo-app-2.png","width":2185,"height":2167,"caption":"VSN Media"},"image":{"@id":"https:\/\/hudo.com\/si\/#\/schema\/logo\/image\/"},"sameAs":["https:\/\/www.facebook.com\/hudo.si","https:\/\/twitter.com\/hudo_si"]},{"@type":"Person","@id":"https:\/\/hudo.com\/si\/#\/schema\/person\/c2f10ce65d2e6ede2aeda5be2a0611fa","name":"M. N., STA","image":{"@type":"ImageObject","inLanguage":"sl-SI","@id":"https:\/\/hudo.com\/si\/#\/schema\/person\/image\/","url":"https:\/\/secure.gravatar.com\/avatar\/f370d38daa10467f755c5c766a4cac20?s=96&d=mm&r=g","contentUrl":"https:\/\/secure.gravatar.com\/avatar\/f370d38daa10467f755c5c766a4cac20?s=96&d=mm&r=g","caption":"M. N., STA"},"url":"https:\/\/hudo.com\/si\/author\/mana\/"}]}},"amp_enabled":true,"_links":{"self":[{"href":"https:\/\/hudo.com\/si\/wp-json\/wp\/v2\/posts\/429017"}],"collection":[{"href":"https:\/\/hudo.com\/si\/wp-json\/wp\/v2\/posts"}],"about":[{"href":"https:\/\/hudo.com\/si\/wp-json\/wp\/v2\/types\/post"}],"author":[{"embeddable":true,"href":"https:\/\/hudo.com\/si\/wp-json\/wp\/v2\/users\/8"}],"replies":[{"embeddable":true,"href":"https:\/\/hudo.com\/si\/wp-json\/wp\/v2\/comments?post=429017"}],"version-history":[{"count":1,"href":"https:\/\/hudo.com\/si\/wp-json\/wp\/v2\/posts\/429017\/revisions"}],"predecessor-version":[{"id":429018,"href":"https:\/\/hudo.com\/si\/wp-json\/wp\/v2\/posts\/429017\/revisions\/429018"}],"wp:featuredmedia":[{"embeddable":true,"href":"https:\/\/hudo.com\/si\/wp-json\/wp\/v2\/media\/383384"}],"wp:attachment":[{"href":"https:\/\/hudo.com\/si\/wp-json\/wp\/v2\/media?parent=429017"}],"wp:term":[{"taxonomy":"category","embeddable":true,"href":"https:\/\/hudo.com\/si\/wp-json\/wp\/v2\/categories?post=429017"},{"taxonomy":"post_tag","embeddable":true,"href":"https:\/\/hudo.com\/si\/wp-json\/wp\/v2\/tags?post=429017"},{"taxonomy":"source","embeddable":true,"href":"https:\/\/hudo.com\/si\/wp-json\/wp\/v2\/source?post=429017"},{"taxonomy":"supertag","embeddable":true,"href":"https:\/\/hudo.com\/si\/wp-json\/wp\/v2\/supertag?post=429017"}],"curies":[{"name":"wp","href":"https:\/\/api.w.org\/{rel}","templated":true}]}}