{"id":42910,"date":"2016-04-30T18:34:00","date_gmt":"2016-04-30T16:34:00","guid":{"rendered":"http:\/\/hudo.com\/si\/2016\/04\/30\/tina-in-veronika-v-regati-za-kolajne\/"},"modified":"2016-05-01T00:17:59","modified_gmt":"2016-04-30T22:17:59","slug":"tina-in-veronika-v-regati-za-kolajne","status":"publish","type":"post","link":"https:\/\/hudo.com\/si\/aktualno\/tina-in-veronika-v-regati-za-kolajne\/","title":{"rendered":"Tina in Veronika v regati za kolajne"},"content":{"rendered":"<p>Kategorija: Drugi \u0161porti Sat, 30 Apr 2016 20:34:00 +0200  Marseille &#8211; Regata svetovnega pokala v jadranju v francoskem Hyeresu se bo jutri zaklju\u010dila z regato za kolajne, najbolj\u0161ih deset posadk v posameznem razredu. V razredu 470 se bosta jadrali tudi Tina Mrak in Veronika Macarol. V razredu 470 so jadralke odjadrale \u0161e tri plove, skupaj osem. Slovenki sta po 25., 11. in drugem mestu skupno sedmi. V vodstvu pred jutri\u0161njim zaklju\u010dkom sta Francozinji Camille Lecointre in Helene Defrance, na drugem mestu sta Britanki Hannah Mills in Saskia Clark, tretji pa sta Brazilki Fernanda Oliveira in Ana Luiza Barbachan. V razredu laser so jadralci odjadrali \u0161e zadnja dva plova. \u017dan Luka Zelko je v cilj prijadral na 21. in 29. mestu in regato svetovnega pokala kon\u010duje na 25. mestu. V vodstvu je Avstralec Tom Burton, drugi je Nemec Philipp Buhl, na tretjem\u00a0&#8230;<\/p>\n","protected":false},"excerpt":{"rendered":"<p>Kategorija: Drugi \u0161porti Sat, 30 Apr 2016 20:34:00 +0200  Marseille &#8211; Regata svetovnega pokala v jadranju v francoskem Hyeresu se bo jutri zaklju\u010dila z regato za kolajne, najbolj\u0161ih deset posadk v posameznem razredu. V razredu 470 se bosta jadrali tudi Tina Mrak in Veronika Macarol. V razredu 470 so jadralke odjadrale \u0161e tri plove, skupaj osem. Slovenki sta po 25., 11. in drugem mestu skupno sedmi. V vodstvu pred jutri\u0161njim zaklju\u010dkom sta Francozinji Camille Lecointre in Helene Defrance, na drugem mestu sta Britanki Hannah Mills in Saskia Clark, tretji pa sta Brazilki Fernanda Oliveira in Ana Luiza Barbachan. V razredu laser so jadralci odjadrali \u0161e zadnja dva plova. \u017dan Luka Zelko je v cilj prijadral na 21. in 29. mestu in regato svetovnega pokala kon\u010duje na 25. mestu. V vodstvu je Avstralec Tom Burton, drugi je Nemec Philipp Buhl, na tretjem\u00a0&#8230;<\/p>\n","protected":false},"author":1,"featured_media":0,"comment_status":"closed","ping_status":"closed","sticky":false,"template":"","format":"standard","meta":{"footnotes":""},"categories":[1179],"tags":[],"source":[4511],"supertag":[],"acf":[],"yoast_head":"<!-- This site is optimized with the Yoast SEO plugin v21.3 - https:\/\/yoast.com\/wordpress\/plugins\/seo\/ -->\n<title>Tina in Veronika v regati za kolajne - Hudo Slovenija<\/title>\n<meta name=\"robots\" content=\"index, follow, max-snippet:-1, max-image-preview:large, max-video-preview:-1\" \/>\n<link rel=\"canonical\" href=\"https:\/\/hudo.com\/si\/aktualno\/tina-in-veronika-v-regati-za-kolajne\/\" \/>\n<meta property=\"og:locale\" content=\"sl_SI\" \/>\n<meta property=\"og:type\" content=\"article\" \/>\n<meta property=\"og:title\" content=\"Tina in Veronika v regati za kolajne - Hudo Slovenija\" \/>\n<meta property=\"og:description\" content=\"Kategorija: Drugi \u0161porti Sat, 30 Apr 2016 20:34:00 +0200 Marseille - Regata svetovnega pokala v jadranju v francoskem Hyeresu se bo jutri zaklju\u010dila z regato za kolajne, najbolj\u0161ih deset posadk v posameznem razredu. V razredu 470 se bosta jadrali tudi Tina Mrak in Veronika Macarol. V razredu 470 so jadralke odjadrale \u0161e tri plove, skupaj osem. Slovenki sta po 25., 11. in drugem mestu skupno sedmi. V vodstvu pred jutri\u0161njim zaklju\u010dkom sta Francozinji Camille Lecointre in Helene Defrance, na drugem mestu sta Britanki Hannah Mills in Saskia Clark, tretji pa sta Brazilki Fernanda Oliveira in Ana Luiza Barbachan. V razredu laser so jadralci odjadrali \u0161e zadnja dva plova. \u017dan Luka Zelko je v cilj prijadral na 21. in 29. mestu in regato svetovnega pokala kon\u010duje na 25. mestu. V vodstvu je Avstralec Tom Burton, drugi je Nemec Philipp Buhl, na tretjem\u00a0...\" \/>\n<meta property=\"og:url\" content=\"https:\/\/hudo.com\/si\/aktualno\/tina-in-veronika-v-regati-za-kolajne\/\" \/>\n<meta property=\"og:site_name\" content=\"Hudo Slovenija\" \/>\n<meta property=\"article:publisher\" content=\"https:\/\/www.facebook.com\/hudo.si\" \/>\n<meta property=\"article:published_time\" content=\"2016-04-30T16:34:00+00:00\" \/>\n<meta property=\"article:modified_time\" content=\"2016-04-30T22:17:59+00:00\" \/>\n<meta property=\"og:image\" content=\"https:\/\/hudo.com\/si\/wp-content\/uploads\/sites\/2\/2016\/04\/480x290_djvu_1982531_vrabeca_lvu-jadralci-1.jpeg\" \/>\n\t<meta property=\"og:image:width\" content=\"480\" \/>\n\t<meta property=\"og:image:height\" content=\"290\" \/>\n\t<meta property=\"og:image:type\" content=\"image\/jpeg\" \/>\n<meta name=\"author\" content=\"hudo\" \/>\n<meta name=\"twitter:card\" content=\"summary_large_image\" \/>\n<meta name=\"twitter:creator\" content=\"@hudo_si\" \/>\n<meta name=\"twitter:site\" content=\"@hudo_si\" \/>\n<meta name=\"twitter:label1\" content=\"Written by\" \/>\n\t<meta name=\"twitter:data1\" content=\"hudo\" \/>\n\t<meta name=\"twitter:label2\" content=\"Est. reading time\" \/>\n\t<meta name=\"twitter:data2\" content=\"1 minuta\" \/>\n<script type=\"application\/ld+json\" class=\"yoast-schema-graph\">{\"@context\":\"https:\/\/schema.org\",\"@graph\":[{\"@type\":\"Article\",\"@id\":\"https:\/\/hudo.com\/si\/aktualno\/tina-in-veronika-v-regati-za-kolajne\/#article\",\"isPartOf\":{\"@id\":\"https:\/\/hudo.com\/si\/aktualno\/tina-in-veronika-v-regati-za-kolajne\/\"},\"author\":{\"name\":\"hudo\",\"@id\":\"https:\/\/hudo.com\/si\/#\/schema\/person\/601cf3379633985b20f7e50f2bb47707\"},\"headline\":\"Tina in Veronika v regati za kolajne\",\"datePublished\":\"2016-04-30T16:34:00+00:00\",\"dateModified\":\"2016-04-30T22:17:59+00:00\",\"mainEntityOfPage\":{\"@id\":\"https:\/\/hudo.com\/si\/aktualno\/tina-in-veronika-v-regati-za-kolajne\/\"},\"wordCount\":142,\"publisher\":{\"@id\":\"https:\/\/hudo.com\/si\/#organization\"},\"articleSection\":[\"Aktualno\"],\"inLanguage\":\"sl-SI\"},{\"@type\":\"WebPage\",\"@id\":\"https:\/\/hudo.com\/si\/aktualno\/tina-in-veronika-v-regati-za-kolajne\/\",\"url\":\"https:\/\/hudo.com\/si\/aktualno\/tina-in-veronika-v-regati-za-kolajne\/\",\"name\":\"Tina in Veronika v regati za kolajne - Hudo Slovenija\",\"isPartOf\":{\"@id\":\"https:\/\/hudo.com\/si\/#website\"},\"datePublished\":\"2016-04-30T16:34:00+00:00\",\"dateModified\":\"2016-04-30T22:17:59+00:00\",\"breadcrumb\":{\"@id\":\"https:\/\/hudo.com\/si\/aktualno\/tina-in-veronika-v-regati-za-kolajne\/#breadcrumb\"},\"inLanguage\":\"sl-SI\",\"potentialAction\":[{\"@type\":\"ReadAction\",\"target\":[\"https:\/\/hudo.com\/si\/aktualno\/tina-in-veronika-v-regati-za-kolajne\/\"]}]},{\"@type\":\"BreadcrumbList\",\"@id\":\"https:\/\/hudo.com\/si\/aktualno\/tina-in-veronika-v-regati-za-kolajne\/#breadcrumb\",\"itemListElement\":[{\"@type\":\"ListItem\",\"position\":1,\"name\":\"Home\",\"item\":\"https:\/\/hudo.com\/si\/\"},{\"@type\":\"ListItem\",\"position\":2,\"name\":\"Tina in Veronika v regati za kolajne\"}]},{\"@type\":\"WebSite\",\"@id\":\"https:\/\/hudo.com\/si\/#website\",\"url\":\"https:\/\/hudo.com\/si\/\",\"name\":\"Hudo Slovenija\",\"description\":\"Vse novice iz Slovenije in sveta\",\"publisher\":{\"@id\":\"https:\/\/hudo.com\/si\/#organization\"},\"potentialAction\":[{\"@type\":\"SearchAction\",\"target\":{\"@type\":\"EntryPoint\",\"urlTemplate\":\"https:\/\/hudo.com\/si\/?s={search_term_string}\"},\"query-input\":\"required name=search_term_string\"}],\"inLanguage\":\"sl-SI\"},{\"@type\":\"Organization\",\"@id\":\"https:\/\/hudo.com\/si\/#organization\",\"name\":\"VSN Media\",\"url\":\"https:\/\/hudo.com\/si\/\",\"logo\":{\"@type\":\"ImageObject\",\"inLanguage\":\"sl-SI\",\"@id\":\"https:\/\/hudo.com\/si\/#\/schema\/logo\/image\/\",\"url\":\"https:\/\/hudo.com\/si\/wp-content\/uploads\/sites\/2\/2021\/03\/hudo-app-2.png\",\"contentUrl\":\"https:\/\/hudo.com\/si\/wp-content\/uploads\/sites\/2\/2021\/03\/hudo-app-2.png\",\"width\":2185,\"height\":2167,\"caption\":\"VSN Media\"},\"image\":{\"@id\":\"https:\/\/hudo.com\/si\/#\/schema\/logo\/image\/\"},\"sameAs\":[\"https:\/\/www.facebook.com\/hudo.si\",\"https:\/\/twitter.com\/hudo_si\"]},{\"@type\":\"Person\",\"@id\":\"https:\/\/hudo.com\/si\/#\/schema\/person\/601cf3379633985b20f7e50f2bb47707\",\"name\":\"hudo\",\"image\":{\"@type\":\"ImageObject\",\"inLanguage\":\"sl-SI\",\"@id\":\"https:\/\/hudo.com\/si\/#\/schema\/person\/image\/\",\"url\":\"https:\/\/secure.gravatar.com\/avatar\/c4ca25fa72cace7a696b52ff5db9e095?s=96&d=mm&r=g\",\"contentUrl\":\"https:\/\/secure.gravatar.com\/avatar\/c4ca25fa72cace7a696b52ff5db9e095?s=96&d=mm&r=g\",\"caption\":\"hudo\"},\"url\":\"https:\/\/hudo.com\/si\/author\/hudo\/\"}]}<\/script>\n<!-- \/ Yoast SEO plugin. -->","yoast_head_json":{"title":"Tina in Veronika v regati za kolajne - Hudo Slovenija","robots":{"index":"index","follow":"follow","max-snippet":"max-snippet:-1","max-image-preview":"max-image-preview:large","max-video-preview":"max-video-preview:-1"},"canonical":"https:\/\/hudo.com\/si\/aktualno\/tina-in-veronika-v-regati-za-kolajne\/","og_locale":"sl_SI","og_type":"article","og_title":"Tina in Veronika v regati za kolajne - Hudo Slovenija","og_description":"Kategorija: Drugi \u0161porti Sat, 30 Apr 2016 20:34:00 +0200 Marseille - Regata svetovnega pokala v jadranju v francoskem Hyeresu se bo jutri zaklju\u010dila z regato za kolajne, najbolj\u0161ih deset posadk v posameznem razredu. V razredu 470 se bosta jadrali tudi Tina Mrak in Veronika Macarol. V razredu 470 so jadralke odjadrale \u0161e tri plove, skupaj osem. Slovenki sta po 25., 11. in drugem mestu skupno sedmi. V vodstvu pred jutri\u0161njim zaklju\u010dkom sta Francozinji Camille Lecointre in Helene Defrance, na drugem mestu sta Britanki Hannah Mills in Saskia Clark, tretji pa sta Brazilki Fernanda Oliveira in Ana Luiza Barbachan. V razredu laser so jadralci odjadrali \u0161e zadnja dva plova. \u017dan Luka Zelko je v cilj prijadral na 21. in 29. mestu in regato svetovnega pokala kon\u010duje na 25. mestu. V vodstvu je Avstralec Tom Burton, drugi je Nemec Philipp Buhl, na tretjem\u00a0...","og_url":"https:\/\/hudo.com\/si\/aktualno\/tina-in-veronika-v-regati-za-kolajne\/","og_site_name":"Hudo Slovenija","article_publisher":"https:\/\/www.facebook.com\/hudo.si","article_published_time":"2016-04-30T16:34:00+00:00","article_modified_time":"2016-04-30T22:17:59+00:00","og_image":[{"width":480,"height":290,"url":"https:\/\/hudo.com\/si\/wp-content\/uploads\/sites\/2\/2016\/04\/480x290_djvu_1982531_vrabeca_lvu-jadralci-1.jpeg","type":"image\/jpeg"}],"author":"hudo","twitter_card":"summary_large_image","twitter_creator":"@hudo_si","twitter_site":"@hudo_si","twitter_misc":{"Written by":"hudo","Est. reading time":"1 minuta"},"schema":{"@context":"https:\/\/schema.org","@graph":[{"@type":"Article","@id":"https:\/\/hudo.com\/si\/aktualno\/tina-in-veronika-v-regati-za-kolajne\/#article","isPartOf":{"@id":"https:\/\/hudo.com\/si\/aktualno\/tina-in-veronika-v-regati-za-kolajne\/"},"author":{"name":"hudo","@id":"https:\/\/hudo.com\/si\/#\/schema\/person\/601cf3379633985b20f7e50f2bb47707"},"headline":"Tina in Veronika v regati za kolajne","datePublished":"2016-04-30T16:34:00+00:00","dateModified":"2016-04-30T22:17:59+00:00","mainEntityOfPage":{"@id":"https:\/\/hudo.com\/si\/aktualno\/tina-in-veronika-v-regati-za-kolajne\/"},"wordCount":142,"publisher":{"@id":"https:\/\/hudo.com\/si\/#organization"},"articleSection":["Aktualno"],"inLanguage":"sl-SI"},{"@type":"WebPage","@id":"https:\/\/hudo.com\/si\/aktualno\/tina-in-veronika-v-regati-za-kolajne\/","url":"https:\/\/hudo.com\/si\/aktualno\/tina-in-veronika-v-regati-za-kolajne\/","name":"Tina in Veronika v regati za kolajne - Hudo Slovenija","isPartOf":{"@id":"https:\/\/hudo.com\/si\/#website"},"datePublished":"2016-04-30T16:34:00+00:00","dateModified":"2016-04-30T22:17:59+00:00","breadcrumb":{"@id":"https:\/\/hudo.com\/si\/aktualno\/tina-in-veronika-v-regati-za-kolajne\/#breadcrumb"},"inLanguage":"sl-SI","potentialAction":[{"@type":"ReadAction","target":["https:\/\/hudo.com\/si\/aktualno\/tina-in-veronika-v-regati-za-kolajne\/"]}]},{"@type":"BreadcrumbList","@id":"https:\/\/hudo.com\/si\/aktualno\/tina-in-veronika-v-regati-za-kolajne\/#breadcrumb","itemListElement":[{"@type":"ListItem","position":1,"name":"Home","item":"https:\/\/hudo.com\/si\/"},{"@type":"ListItem","position":2,"name":"Tina in Veronika v regati za kolajne"}]},{"@type":"WebSite","@id":"https:\/\/hudo.com\/si\/#website","url":"https:\/\/hudo.com\/si\/","name":"Hudo Slovenija","description":"Vse novice iz Slovenije in sveta","publisher":{"@id":"https:\/\/hudo.com\/si\/#organization"},"potentialAction":[{"@type":"SearchAction","target":{"@type":"EntryPoint","urlTemplate":"https:\/\/hudo.com\/si\/?s={search_term_string}"},"query-input":"required name=search_term_string"}],"inLanguage":"sl-SI"},{"@type":"Organization","@id":"https:\/\/hudo.com\/si\/#organization","name":"VSN Media","url":"https:\/\/hudo.com\/si\/","logo":{"@type":"ImageObject","inLanguage":"sl-SI","@id":"https:\/\/hudo.com\/si\/#\/schema\/logo\/image\/","url":"https:\/\/hudo.com\/si\/wp-content\/uploads\/sites\/2\/2021\/03\/hudo-app-2.png","contentUrl":"https:\/\/hudo.com\/si\/wp-content\/uploads\/sites\/2\/2021\/03\/hudo-app-2.png","width":2185,"height":2167,"caption":"VSN Media"},"image":{"@id":"https:\/\/hudo.com\/si\/#\/schema\/logo\/image\/"},"sameAs":["https:\/\/www.facebook.com\/hudo.si","https:\/\/twitter.com\/hudo_si"]},{"@type":"Person","@id":"https:\/\/hudo.com\/si\/#\/schema\/person\/601cf3379633985b20f7e50f2bb47707","name":"hudo","image":{"@type":"ImageObject","inLanguage":"sl-SI","@id":"https:\/\/hudo.com\/si\/#\/schema\/person\/image\/","url":"https:\/\/secure.gravatar.com\/avatar\/c4ca25fa72cace7a696b52ff5db9e095?s=96&d=mm&r=g","contentUrl":"https:\/\/secure.gravatar.com\/avatar\/c4ca25fa72cace7a696b52ff5db9e095?s=96&d=mm&r=g","caption":"hudo"},"url":"https:\/\/hudo.com\/si\/author\/hudo\/"}]}},"amp_enabled":true,"_links":{"self":[{"href":"https:\/\/hudo.com\/si\/wp-json\/wp\/v2\/posts\/42910"}],"collection":[{"href":"https:\/\/hudo.com\/si\/wp-json\/wp\/v2\/posts"}],"about":[{"href":"https:\/\/hudo.com\/si\/wp-json\/wp\/v2\/types\/post"}],"author":[{"embeddable":true,"href":"https:\/\/hudo.com\/si\/wp-json\/wp\/v2\/users\/1"}],"replies":[{"embeddable":true,"href":"https:\/\/hudo.com\/si\/wp-json\/wp\/v2\/comments?post=42910"}],"version-history":[{"count":1,"href":"https:\/\/hudo.com\/si\/wp-json\/wp\/v2\/posts\/42910\/revisions"}],"predecessor-version":[{"id":42931,"href":"https:\/\/hudo.com\/si\/wp-json\/wp\/v2\/posts\/42910\/revisions\/42931"}],"wp:attachment":[{"href":"https:\/\/hudo.com\/si\/wp-json\/wp\/v2\/media?parent=42910"}],"wp:term":[{"taxonomy":"category","embeddable":true,"href":"https:\/\/hudo.com\/si\/wp-json\/wp\/v2\/categories?post=42910"},{"taxonomy":"post_tag","embeddable":true,"href":"https:\/\/hudo.com\/si\/wp-json\/wp\/v2\/tags?post=42910"},{"taxonomy":"source","embeddable":true,"href":"https:\/\/hudo.com\/si\/wp-json\/wp\/v2\/source?post=42910"},{"taxonomy":"supertag","embeddable":true,"href":"https:\/\/hudo.com\/si\/wp-json\/wp\/v2\/supertag?post=42910"}],"curies":[{"name":"wp","href":"https:\/\/api.w.org\/{rel}","templated":true}]}}