{"id":429125,"date":"2020-07-31T19:06:13","date_gmt":"2020-07-31T17:06:13","guid":{"rendered":"http:\/\/hudo.com\/si\/?p=429125"},"modified":"2020-07-31T19:06:13","modified_gmt":"2020-07-31T17:06:13","slug":"na-balkanu-stevilo-novih-okuzb-narasca-v-bih-rekordnih-434","status":"publish","type":"post","link":"https:\/\/hudo.com\/si\/aktualno\/na-balkanu-stevilo-novih-okuzb-narasca-v-bih-rekordnih-434\/","title":{"rendered":"Na Balkanu \u0161tevilo novih oku\u017eb nara\u0161\u010da, v BiH rekordnih 434"},"content":{"rendered":"<p>V BiH so v zadnjem dnevu potrdili 434 novih primerov koronavirusa, kar je najve\u010d v enem dnevu doslej. To je tudi precej ve\u010d kot v \u010detrtek, ko so poro\u010dali o 313 novih primerih v zadnjih 24 urah. 309 primerov so v zadnjem dnevu potrdili v Federaciji BiH, 123 v Republiki srbski, dva pa v distriktu Br\u010dko. Opravili so 1735 testiranj.<\/p>\n<p>Najve\u010d oku\u017eb so znova zabele\u017eili v sarajevski \u017eupaniji, in sicer 117. V zadnjih 24 urah je umrlo \u0161e 11 bolnikov s covidom-19, poro\u010da hrva\u0161ka tiskovna agencija Hina.<\/p>\n<p>Danes objavljeni podatki o oku\u017ebah ka\u017eejo, da se oku\u017ebe v zadnjih desetih dneh v BiH hitro \u0161irijo. Pristojne oblasti \u0161e naprej pozivajo k spo\u0161tovanju ukrepov za zajezitev virusa.<\/p>\n<p>Epidemiolo\u0161ke razmere v Srbiji so medtem \u0161e naprej te\u017eke, a stabilne, je ocenil infektolog in \u010dlan tamkaj\u0161njega kriznega \u0161taba Mijomir Pelemi\u0161.<\/p>\n<p>V zadnjih 24 urah so zabele\u017eili \u0161e 339 novih primerov oku\u017ebe s koronavirusom, kar je nekoliko ve\u010d kot dan pred tem, ko so poro\u010dali o 321. Skupaj se je oku\u017eilo 25.552 ljudi. V zadnjem dnevu je umrlo \u0161e osem bolnikov s covidom-19, skupaj 573.<\/p>\n<p>\u017de drugi dan zapored je sicer naraslo \u0161tevilo tistih bolnikov, ki pri zdravljenju potrebujejo pomo\u010d pri dihanju. V \u010detrtek je bilo na ventilatorjih 150 ljudi, danes pa 162. Skupno je v bolni\u0161nicah 4305 ljudi, kar je pribli\u017eno 50 manj kot v \u010detrtek.<\/p>\n<p>Bolni\u0161nice so \u0161e naprej obremenjene, a je dovolj postelj, da bodo tudi \u010dez konec tedna oskrbeli vse bolnike, ki potrebujejo bolni\u0161ni\u010dno zdravljenje, je povedal Pelemi\u0161.<\/p>\n<p>O pove\u010danju dnevnega \u0161tevila oku\u017eb poro\u010dajo tudi iz Severne Makedonije. V zadnjem dnevu so jih ob 1377 testih potrdili 139, kar je 20 ve\u010d kot dan pred tem. Skupaj se je oku\u017eilo 10.754 ljudi, aktivno oku\u017eenih jih je 3714. V zadnjem dnevu pa je umrlo \u0161e \u0161est bolnikov s covidom-19, skupaj 486.<\/p>\n<p>Na Kosovu pa so zabele\u017eili manj primerov. Potem ko so v \u010detrtek poro\u010dali o 258, danes poro\u010dajo o 226 v zadnjih 24 urah. Opravili so 459 testiranj. Skupaj se je oku\u017eilo 8330 ljudi, od tega je 3525 primerov \u0161e aktivnih. V zadnjem dnevu je umrlo \u0161e 15 bolnikov s covidom-19, skupaj 226.<\/p>\n","protected":false},"excerpt":{"rendered":"<p>Iz Bosne in Hercegovine, Srbije in Severne Makedonije poro\u010dajo o pove\u010danju dnevnega \u0161tevila oku\u017eenih z novim koronavirusom. Najve\u010d so jih potrdili v BiH, in sicer rekordnih 434. Iz Srbije poro\u010dajo o 339 novih primerih, iz Severne Makedonije pa o 139. Na Kosovu so jih potrdili 226.<\/p>\n","protected":false},"author":7,"featured_media":427507,"comment_status":"closed","ping_status":"closed","sticky":false,"template":"","format":"standard","meta":{"footnotes":""},"categories":[1179],"tags":[6283,15619,16211],"source":[4511],"supertag":[],"acf":[],"yoast_head":"<!-- This site is optimized with the Yoast SEO plugin v21.3 - https:\/\/yoast.com\/wordpress\/plugins\/seo\/ -->\n<title>Na Balkanu \u0161tevilo novih oku\u017eb nara\u0161\u010da, v BiH rekordnih 434 - Hudo Slovenija<\/title>\n<meta name=\"robots\" content=\"index, follow, max-snippet:-1, max-image-preview:large, max-video-preview:-1\" \/>\n<link rel=\"canonical\" href=\"https:\/\/hudo.com\/si\/aktualno\/na-balkanu-stevilo-novih-okuzb-narasca-v-bih-rekordnih-434\/\" \/>\n<meta property=\"og:locale\" content=\"sl_SI\" \/>\n<meta property=\"og:type\" content=\"article\" \/>\n<meta property=\"og:title\" content=\"Na Balkanu \u0161tevilo novih oku\u017eb nara\u0161\u010da, v BiH rekordnih 434 - Hudo Slovenija\" \/>\n<meta property=\"og:description\" content=\"Iz Bosne in Hercegovine, Srbije in Severne Makedonije poro\u010dajo o pove\u010danju dnevnega \u0161tevila oku\u017eenih z novim koronavirusom. Najve\u010d so jih potrdili v BiH, in sicer rekordnih 434. Iz Srbije poro\u010dajo o 339 novih primerih, iz Severne Makedonije pa o 139. Na Kosovu so jih potrdili 226.\" \/>\n<meta property=\"og:url\" content=\"https:\/\/hudo.com\/si\/aktualno\/na-balkanu-stevilo-novih-okuzb-narasca-v-bih-rekordnih-434\/\" \/>\n<meta property=\"og:site_name\" content=\"Hudo Slovenija\" \/>\n<meta property=\"article:publisher\" content=\"https:\/\/www.facebook.com\/hudo.si\" \/>\n<meta property=\"article:published_time\" content=\"2020-07-31T17:06:13+00:00\" \/>\n<meta property=\"og:image\" content=\"https:\/\/hudo.com\/si\/wp-content\/uploads\/sites\/2\/2020\/07\/profimedia-0517339113.jpg\" \/>\n\t<meta property=\"og:image:width\" content=\"1250\" \/>\n\t<meta property=\"og:image:height\" content=\"834\" \/>\n\t<meta property=\"og:image:type\" content=\"image\/jpeg\" \/>\n<meta name=\"author\" content=\"A. P., STA\" \/>\n<meta name=\"twitter:card\" content=\"summary_large_image\" \/>\n<meta name=\"twitter:creator\" content=\"@hudo_si\" \/>\n<meta name=\"twitter:site\" content=\"@hudo_si\" \/>\n<meta name=\"twitter:label1\" content=\"Written by\" \/>\n\t<meta name=\"twitter:data1\" content=\"A. P., STA\" \/>\n\t<meta name=\"twitter:label2\" content=\"Est. reading time\" \/>\n\t<meta name=\"twitter:data2\" content=\"2 minuti\" \/>\n<script type=\"application\/ld+json\" class=\"yoast-schema-graph\">{\"@context\":\"https:\/\/schema.org\",\"@graph\":[{\"@type\":\"Article\",\"@id\":\"https:\/\/hudo.com\/si\/aktualno\/na-balkanu-stevilo-novih-okuzb-narasca-v-bih-rekordnih-434\/#article\",\"isPartOf\":{\"@id\":\"https:\/\/hudo.com\/si\/aktualno\/na-balkanu-stevilo-novih-okuzb-narasca-v-bih-rekordnih-434\/\"},\"author\":{\"name\":\"A. P., STA\",\"@id\":\"https:\/\/hudo.com\/si\/#\/schema\/person\/18f09c02475ba9e606e941a565b80cff\"},\"headline\":\"Na Balkanu \u0161tevilo novih oku\u017eb nara\u0161\u010da, v BiH rekordnih 434\",\"datePublished\":\"2020-07-31T17:06:13+00:00\",\"dateModified\":\"2020-07-31T17:06:13+00:00\",\"mainEntityOfPage\":{\"@id\":\"https:\/\/hudo.com\/si\/aktualno\/na-balkanu-stevilo-novih-okuzb-narasca-v-bih-rekordnih-434\/\"},\"wordCount\":361,\"publisher\":{\"@id\":\"https:\/\/hudo.com\/si\/#organization\"},\"keywords\":[\"balkan\",\"novi koronavirus\",\"\u0161tevilo oku\u017eenih\"],\"articleSection\":[\"Aktualno\"],\"inLanguage\":\"sl-SI\"},{\"@type\":\"WebPage\",\"@id\":\"https:\/\/hudo.com\/si\/aktualno\/na-balkanu-stevilo-novih-okuzb-narasca-v-bih-rekordnih-434\/\",\"url\":\"https:\/\/hudo.com\/si\/aktualno\/na-balkanu-stevilo-novih-okuzb-narasca-v-bih-rekordnih-434\/\",\"name\":\"Na Balkanu \u0161tevilo novih oku\u017eb nara\u0161\u010da, v BiH rekordnih 434 - Hudo Slovenija\",\"isPartOf\":{\"@id\":\"https:\/\/hudo.com\/si\/#website\"},\"datePublished\":\"2020-07-31T17:06:13+00:00\",\"dateModified\":\"2020-07-31T17:06:13+00:00\",\"breadcrumb\":{\"@id\":\"https:\/\/hudo.com\/si\/aktualno\/na-balkanu-stevilo-novih-okuzb-narasca-v-bih-rekordnih-434\/#breadcrumb\"},\"inLanguage\":\"sl-SI\",\"potentialAction\":[{\"@type\":\"ReadAction\",\"target\":[\"https:\/\/hudo.com\/si\/aktualno\/na-balkanu-stevilo-novih-okuzb-narasca-v-bih-rekordnih-434\/\"]}]},{\"@type\":\"BreadcrumbList\",\"@id\":\"https:\/\/hudo.com\/si\/aktualno\/na-balkanu-stevilo-novih-okuzb-narasca-v-bih-rekordnih-434\/#breadcrumb\",\"itemListElement\":[{\"@type\":\"ListItem\",\"position\":1,\"name\":\"Home\",\"item\":\"https:\/\/hudo.com\/si\/\"},{\"@type\":\"ListItem\",\"position\":2,\"name\":\"Na Balkanu \u0161tevilo novih oku\u017eb nara\u0161\u010da, v BiH rekordnih 434\"}]},{\"@type\":\"WebSite\",\"@id\":\"https:\/\/hudo.com\/si\/#website\",\"url\":\"https:\/\/hudo.com\/si\/\",\"name\":\"Hudo Slovenija\",\"description\":\"Vse novice iz Slovenije in sveta\",\"publisher\":{\"@id\":\"https:\/\/hudo.com\/si\/#organization\"},\"potentialAction\":[{\"@type\":\"SearchAction\",\"target\":{\"@type\":\"EntryPoint\",\"urlTemplate\":\"https:\/\/hudo.com\/si\/?s={search_term_string}\"},\"query-input\":\"required name=search_term_string\"}],\"inLanguage\":\"sl-SI\"},{\"@type\":\"Organization\",\"@id\":\"https:\/\/hudo.com\/si\/#organization\",\"name\":\"VSN Media\",\"url\":\"https:\/\/hudo.com\/si\/\",\"logo\":{\"@type\":\"ImageObject\",\"inLanguage\":\"sl-SI\",\"@id\":\"https:\/\/hudo.com\/si\/#\/schema\/logo\/image\/\",\"url\":\"https:\/\/hudo.com\/si\/wp-content\/uploads\/sites\/2\/2021\/03\/hudo-app-2.png\",\"contentUrl\":\"https:\/\/hudo.com\/si\/wp-content\/uploads\/sites\/2\/2021\/03\/hudo-app-2.png\",\"width\":2185,\"height\":2167,\"caption\":\"VSN Media\"},\"image\":{\"@id\":\"https:\/\/hudo.com\/si\/#\/schema\/logo\/image\/\"},\"sameAs\":[\"https:\/\/www.facebook.com\/hudo.si\",\"https:\/\/twitter.com\/hudo_si\"]},{\"@type\":\"Person\",\"@id\":\"https:\/\/hudo.com\/si\/#\/schema\/person\/18f09c02475ba9e606e941a565b80cff\",\"name\":\"A. P., STA\",\"image\":{\"@type\":\"ImageObject\",\"inLanguage\":\"sl-SI\",\"@id\":\"https:\/\/hudo.com\/si\/#\/schema\/person\/image\/\",\"url\":\"https:\/\/secure.gravatar.com\/avatar\/03eac8e609f5f04383125d80eaeaaf3e?s=96&d=mm&r=g\",\"contentUrl\":\"https:\/\/secure.gravatar.com\/avatar\/03eac8e609f5f04383125d80eaeaaf3e?s=96&d=mm&r=g\",\"caption\":\"A. P., STA\"},\"url\":\"https:\/\/hudo.com\/si\/author\/lubu\/\"}]}<\/script>\n<!-- \/ Yoast SEO plugin. -->","yoast_head_json":{"title":"Na Balkanu \u0161tevilo novih oku\u017eb nara\u0161\u010da, v BiH rekordnih 434 - Hudo Slovenija","robots":{"index":"index","follow":"follow","max-snippet":"max-snippet:-1","max-image-preview":"max-image-preview:large","max-video-preview":"max-video-preview:-1"},"canonical":"https:\/\/hudo.com\/si\/aktualno\/na-balkanu-stevilo-novih-okuzb-narasca-v-bih-rekordnih-434\/","og_locale":"sl_SI","og_type":"article","og_title":"Na Balkanu \u0161tevilo novih oku\u017eb nara\u0161\u010da, v BiH rekordnih 434 - Hudo Slovenija","og_description":"Iz Bosne in Hercegovine, Srbije in Severne Makedonije poro\u010dajo o pove\u010danju dnevnega \u0161tevila oku\u017eenih z novim koronavirusom. Najve\u010d so jih potrdili v BiH, in sicer rekordnih 434. Iz Srbije poro\u010dajo o 339 novih primerih, iz Severne Makedonije pa o 139. Na Kosovu so jih potrdili 226.","og_url":"https:\/\/hudo.com\/si\/aktualno\/na-balkanu-stevilo-novih-okuzb-narasca-v-bih-rekordnih-434\/","og_site_name":"Hudo Slovenija","article_publisher":"https:\/\/www.facebook.com\/hudo.si","article_published_time":"2020-07-31T17:06:13+00:00","og_image":[{"width":1250,"height":834,"url":"https:\/\/hudo.com\/si\/wp-content\/uploads\/sites\/2\/2020\/07\/profimedia-0517339113.jpg","type":"image\/jpeg"}],"author":"A. P., STA","twitter_card":"summary_large_image","twitter_creator":"@hudo_si","twitter_site":"@hudo_si","twitter_misc":{"Written by":"A. P., STA","Est. reading time":"2 minuti"},"schema":{"@context":"https:\/\/schema.org","@graph":[{"@type":"Article","@id":"https:\/\/hudo.com\/si\/aktualno\/na-balkanu-stevilo-novih-okuzb-narasca-v-bih-rekordnih-434\/#article","isPartOf":{"@id":"https:\/\/hudo.com\/si\/aktualno\/na-balkanu-stevilo-novih-okuzb-narasca-v-bih-rekordnih-434\/"},"author":{"name":"A. P., STA","@id":"https:\/\/hudo.com\/si\/#\/schema\/person\/18f09c02475ba9e606e941a565b80cff"},"headline":"Na Balkanu \u0161tevilo novih oku\u017eb nara\u0161\u010da, v BiH rekordnih 434","datePublished":"2020-07-31T17:06:13+00:00","dateModified":"2020-07-31T17:06:13+00:00","mainEntityOfPage":{"@id":"https:\/\/hudo.com\/si\/aktualno\/na-balkanu-stevilo-novih-okuzb-narasca-v-bih-rekordnih-434\/"},"wordCount":361,"publisher":{"@id":"https:\/\/hudo.com\/si\/#organization"},"keywords":["balkan","novi koronavirus","\u0161tevilo oku\u017eenih"],"articleSection":["Aktualno"],"inLanguage":"sl-SI"},{"@type":"WebPage","@id":"https:\/\/hudo.com\/si\/aktualno\/na-balkanu-stevilo-novih-okuzb-narasca-v-bih-rekordnih-434\/","url":"https:\/\/hudo.com\/si\/aktualno\/na-balkanu-stevilo-novih-okuzb-narasca-v-bih-rekordnih-434\/","name":"Na Balkanu \u0161tevilo novih oku\u017eb nara\u0161\u010da, v BiH rekordnih 434 - Hudo Slovenija","isPartOf":{"@id":"https:\/\/hudo.com\/si\/#website"},"datePublished":"2020-07-31T17:06:13+00:00","dateModified":"2020-07-31T17:06:13+00:00","breadcrumb":{"@id":"https:\/\/hudo.com\/si\/aktualno\/na-balkanu-stevilo-novih-okuzb-narasca-v-bih-rekordnih-434\/#breadcrumb"},"inLanguage":"sl-SI","potentialAction":[{"@type":"ReadAction","target":["https:\/\/hudo.com\/si\/aktualno\/na-balkanu-stevilo-novih-okuzb-narasca-v-bih-rekordnih-434\/"]}]},{"@type":"BreadcrumbList","@id":"https:\/\/hudo.com\/si\/aktualno\/na-balkanu-stevilo-novih-okuzb-narasca-v-bih-rekordnih-434\/#breadcrumb","itemListElement":[{"@type":"ListItem","position":1,"name":"Home","item":"https:\/\/hudo.com\/si\/"},{"@type":"ListItem","position":2,"name":"Na Balkanu \u0161tevilo novih oku\u017eb nara\u0161\u010da, v BiH rekordnih 434"}]},{"@type":"WebSite","@id":"https:\/\/hudo.com\/si\/#website","url":"https:\/\/hudo.com\/si\/","name":"Hudo Slovenija","description":"Vse novice iz Slovenije in sveta","publisher":{"@id":"https:\/\/hudo.com\/si\/#organization"},"potentialAction":[{"@type":"SearchAction","target":{"@type":"EntryPoint","urlTemplate":"https:\/\/hudo.com\/si\/?s={search_term_string}"},"query-input":"required name=search_term_string"}],"inLanguage":"sl-SI"},{"@type":"Organization","@id":"https:\/\/hudo.com\/si\/#organization","name":"VSN Media","url":"https:\/\/hudo.com\/si\/","logo":{"@type":"ImageObject","inLanguage":"sl-SI","@id":"https:\/\/hudo.com\/si\/#\/schema\/logo\/image\/","url":"https:\/\/hudo.com\/si\/wp-content\/uploads\/sites\/2\/2021\/03\/hudo-app-2.png","contentUrl":"https:\/\/hudo.com\/si\/wp-content\/uploads\/sites\/2\/2021\/03\/hudo-app-2.png","width":2185,"height":2167,"caption":"VSN Media"},"image":{"@id":"https:\/\/hudo.com\/si\/#\/schema\/logo\/image\/"},"sameAs":["https:\/\/www.facebook.com\/hudo.si","https:\/\/twitter.com\/hudo_si"]},{"@type":"Person","@id":"https:\/\/hudo.com\/si\/#\/schema\/person\/18f09c02475ba9e606e941a565b80cff","name":"A. P., STA","image":{"@type":"ImageObject","inLanguage":"sl-SI","@id":"https:\/\/hudo.com\/si\/#\/schema\/person\/image\/","url":"https:\/\/secure.gravatar.com\/avatar\/03eac8e609f5f04383125d80eaeaaf3e?s=96&d=mm&r=g","contentUrl":"https:\/\/secure.gravatar.com\/avatar\/03eac8e609f5f04383125d80eaeaaf3e?s=96&d=mm&r=g","caption":"A. P., STA"},"url":"https:\/\/hudo.com\/si\/author\/lubu\/"}]}},"amp_enabled":true,"_links":{"self":[{"href":"https:\/\/hudo.com\/si\/wp-json\/wp\/v2\/posts\/429125"}],"collection":[{"href":"https:\/\/hudo.com\/si\/wp-json\/wp\/v2\/posts"}],"about":[{"href":"https:\/\/hudo.com\/si\/wp-json\/wp\/v2\/types\/post"}],"author":[{"embeddable":true,"href":"https:\/\/hudo.com\/si\/wp-json\/wp\/v2\/users\/7"}],"replies":[{"embeddable":true,"href":"https:\/\/hudo.com\/si\/wp-json\/wp\/v2\/comments?post=429125"}],"version-history":[{"count":1,"href":"https:\/\/hudo.com\/si\/wp-json\/wp\/v2\/posts\/429125\/revisions"}],"predecessor-version":[{"id":429126,"href":"https:\/\/hudo.com\/si\/wp-json\/wp\/v2\/posts\/429125\/revisions\/429126"}],"wp:featuredmedia":[{"embeddable":true,"href":"https:\/\/hudo.com\/si\/wp-json\/wp\/v2\/media\/427507"}],"wp:attachment":[{"href":"https:\/\/hudo.com\/si\/wp-json\/wp\/v2\/media?parent=429125"}],"wp:term":[{"taxonomy":"category","embeddable":true,"href":"https:\/\/hudo.com\/si\/wp-json\/wp\/v2\/categories?post=429125"},{"taxonomy":"post_tag","embeddable":true,"href":"https:\/\/hudo.com\/si\/wp-json\/wp\/v2\/tags?post=429125"},{"taxonomy":"source","embeddable":true,"href":"https:\/\/hudo.com\/si\/wp-json\/wp\/v2\/source?post=429125"},{"taxonomy":"supertag","embeddable":true,"href":"https:\/\/hudo.com\/si\/wp-json\/wp\/v2\/supertag?post=429125"}],"curies":[{"name":"wp","href":"https:\/\/api.w.org\/{rel}","templated":true}]}}