{"id":429211,"date":"2020-08-02T11:04:41","date_gmt":"2020-08-02T09:04:41","guid":{"rendered":"http:\/\/hudo.com\/si\/?p=429211"},"modified":"2020-08-02T11:04:41","modified_gmt":"2020-08-02T09:04:41","slug":"kapsula-dragon-z-ameriskima-astronavtoma-zapustila-iss","status":"publish","type":"post","link":"https:\/\/hudo.com\/si\/aktualno\/kapsula-dragon-z-ameriskima-astronavtoma-zapustila-iss\/","title":{"rendered":"Kapsula Dragon z ameri\u0161kima astronavtoma zapustila ISS"},"content":{"rendered":"<p>&#8220;In sta od\u0161la,&#8221; je na Twitterju zapisala ameri\u0161ka vesoljska agencija Nasa. &#8220;\u0160e eno no\u010d bosta pre\u017eivela v vesolju, preden se bosta vrnila domov na Zemljo,&#8221; so dodali po poro\u010danju francoske tiskovne agencije AFP.<\/p>\n<p>Predvidoma bosta pristala v morju zahodno od Floride ob 20.41 po srednjeevropskem \u010dasu, \u010deprav vzhodni obali te ameri\u0161ke zvezne dr\u017eave grozi tropska nevihta Isaias, ki bi lahko postala orkan.<\/p>\n<p>Pred odhodom sta se Nasina astronavta poslovila od drugih \u010dlanov posadke na ISS. Med kraj\u0161o slovesnostjo je Behnken dejal, da je bil najte\u017eji del izstrelitev pred dvema mesecema, najpomembneje pa je, da prideta domov.<\/p>\n<p>Hurley je medtem dejal, da ekipe na Zemlji zelo trdo delajo, predvsem glede na vreme okoli Floride.<\/p>\n<p>Vodja misije Chris Cassidy je povedal, da je &#8220;vznemirljiv dan&#8221; in poudaril pomen novih na\u010dinov transporta astronavtov. Od ameri\u0161kih kolegov sta se poslovila tudi ruska kozmonavta Anatolij Ivani\u0161in in Ivan Vagner.<\/p>\n<p>Behnken in Hurley sta proti ISS poletela 30. maja na nosilni raketi podjetja SpaceX Falcon. To je bil prvi polet \u010dlove\u0161ke posadke proti ISS z ameri\u0161kega ozemlja po letu 2011, ko je Nasa upokojila vesoljske raketoplane. Vse odtlej so ameri\u0161ki astronavti na ISS potovali s pomo\u010djo ruskih raket. To je bil tudi prvi polet astronavtov v vesolje s plovilom zasebnega podjetja.<\/p>\n","protected":false},"excerpt":{"rendered":"<p>Kapsula ameri\u0161kega podjetja SpaceX Dragon z ameri\u0161kima astronavtoma Bobom Behnkenom in Dougom Hurleyjem je v soboto po dveh mesecih zapustila Mednarodno vesoljsko postajo (ISS). Pristala bosta predvidoma drevi po srednjeevropskem \u010dasu v morju ob obali Floride, ki se ji sicer pribli\u017euje tropska nevihta.<\/p>\n","protected":false},"author":7,"featured_media":429212,"comment_status":"closed","ping_status":"closed","sticky":false,"template":"","format":"standard","meta":{"footnotes":""},"categories":[1179],"tags":[9815,8033,2023,1682],"source":[4511],"supertag":[6103],"acf":[],"yoast_head":"<!-- This site is optimized with the Yoast SEO plugin v21.3 - https:\/\/yoast.com\/wordpress\/plugins\/seo\/ -->\n<title>Kapsula Dragon z ameri\u0161kima astronavtoma zapustila ISS - Hudo Slovenija<\/title>\n<meta name=\"robots\" content=\"index, follow, max-snippet:-1, max-image-preview:large, max-video-preview:-1\" \/>\n<link rel=\"canonical\" href=\"https:\/\/hudo.com\/si\/aktualno\/kapsula-dragon-z-ameriskima-astronavtoma-zapustila-iss\/\" \/>\n<meta property=\"og:locale\" content=\"sl_SI\" \/>\n<meta property=\"og:type\" content=\"article\" \/>\n<meta property=\"og:title\" content=\"Kapsula Dragon z ameri\u0161kima astronavtoma zapustila ISS - Hudo Slovenija\" \/>\n<meta property=\"og:description\" content=\"Kapsula ameri\u0161kega podjetja SpaceX Dragon z ameri\u0161kima astronavtoma Bobom Behnkenom in Dougom Hurleyjem je v soboto po dveh mesecih zapustila Mednarodno vesoljsko postajo (ISS). Pristala bosta predvidoma drevi po srednjeevropskem \u010dasu v morju ob obali Floride, ki se ji sicer pribli\u017euje tropska nevihta.\" \/>\n<meta property=\"og:url\" content=\"https:\/\/hudo.com\/si\/aktualno\/kapsula-dragon-z-ameriskima-astronavtoma-zapustila-iss\/\" \/>\n<meta property=\"og:site_name\" content=\"Hudo Slovenija\" \/>\n<meta property=\"article:publisher\" content=\"https:\/\/www.facebook.com\/hudo.si\" \/>\n<meta property=\"article:published_time\" content=\"2020-08-02T09:04:41+00:00\" \/>\n<meta property=\"og:image\" content=\"https:\/\/hudo.com\/si\/wp-content\/uploads\/sites\/2\/2020\/08\/profimedia-0543021428.jpg\" \/>\n\t<meta property=\"og:image:width\" content=\"1250\" \/>\n\t<meta property=\"og:image:height\" content=\"833\" \/>\n\t<meta property=\"og:image:type\" content=\"image\/jpeg\" \/>\n<meta name=\"author\" content=\"A. P., STA\" \/>\n<meta name=\"twitter:card\" content=\"summary_large_image\" \/>\n<meta name=\"twitter:creator\" content=\"@hudo_si\" \/>\n<meta name=\"twitter:site\" content=\"@hudo_si\" \/>\n<meta name=\"twitter:label1\" content=\"Written by\" \/>\n\t<meta name=\"twitter:data1\" content=\"A. P., STA\" \/>\n\t<meta name=\"twitter:label2\" content=\"Est. reading time\" \/>\n\t<meta name=\"twitter:data2\" content=\"1 minuta\" \/>\n<script type=\"application\/ld+json\" class=\"yoast-schema-graph\">{\"@context\":\"https:\/\/schema.org\",\"@graph\":[{\"@type\":\"Article\",\"@id\":\"https:\/\/hudo.com\/si\/aktualno\/kapsula-dragon-z-ameriskima-astronavtoma-zapustila-iss\/#article\",\"isPartOf\":{\"@id\":\"https:\/\/hudo.com\/si\/aktualno\/kapsula-dragon-z-ameriskima-astronavtoma-zapustila-iss\/\"},\"author\":{\"name\":\"A. P., STA\",\"@id\":\"https:\/\/hudo.com\/si\/#\/schema\/person\/18f09c02475ba9e606e941a565b80cff\"},\"headline\":\"Kapsula Dragon z ameri\u0161kima astronavtoma zapustila ISS\",\"datePublished\":\"2020-08-02T09:04:41+00:00\",\"dateModified\":\"2020-08-02T09:04:41+00:00\",\"mainEntityOfPage\":{\"@id\":\"https:\/\/hudo.com\/si\/aktualno\/kapsula-dragon-z-ameriskima-astronavtoma-zapustila-iss\/\"},\"wordCount\":225,\"publisher\":{\"@id\":\"https:\/\/hudo.com\/si\/#organization\"},\"keywords\":[\"Mednarodna vesoljska postaja\",\"Space X\",\"vesolje\",\"ZDA\"],\"articleSection\":[\"Aktualno\"],\"inLanguage\":\"sl-SI\"},{\"@type\":\"WebPage\",\"@id\":\"https:\/\/hudo.com\/si\/aktualno\/kapsula-dragon-z-ameriskima-astronavtoma-zapustila-iss\/\",\"url\":\"https:\/\/hudo.com\/si\/aktualno\/kapsula-dragon-z-ameriskima-astronavtoma-zapustila-iss\/\",\"name\":\"Kapsula Dragon z ameri\u0161kima astronavtoma zapustila ISS - Hudo Slovenija\",\"isPartOf\":{\"@id\":\"https:\/\/hudo.com\/si\/#website\"},\"datePublished\":\"2020-08-02T09:04:41+00:00\",\"dateModified\":\"2020-08-02T09:04:41+00:00\",\"breadcrumb\":{\"@id\":\"https:\/\/hudo.com\/si\/aktualno\/kapsula-dragon-z-ameriskima-astronavtoma-zapustila-iss\/#breadcrumb\"},\"inLanguage\":\"sl-SI\",\"potentialAction\":[{\"@type\":\"ReadAction\",\"target\":[\"https:\/\/hudo.com\/si\/aktualno\/kapsula-dragon-z-ameriskima-astronavtoma-zapustila-iss\/\"]}]},{\"@type\":\"BreadcrumbList\",\"@id\":\"https:\/\/hudo.com\/si\/aktualno\/kapsula-dragon-z-ameriskima-astronavtoma-zapustila-iss\/#breadcrumb\",\"itemListElement\":[{\"@type\":\"ListItem\",\"position\":1,\"name\":\"Home\",\"item\":\"https:\/\/hudo.com\/si\/\"},{\"@type\":\"ListItem\",\"position\":2,\"name\":\"Kapsula Dragon z ameri\u0161kima astronavtoma zapustila ISS\"}]},{\"@type\":\"WebSite\",\"@id\":\"https:\/\/hudo.com\/si\/#website\",\"url\":\"https:\/\/hudo.com\/si\/\",\"name\":\"Hudo Slovenija\",\"description\":\"Vse novice iz Slovenije in sveta\",\"publisher\":{\"@id\":\"https:\/\/hudo.com\/si\/#organization\"},\"potentialAction\":[{\"@type\":\"SearchAction\",\"target\":{\"@type\":\"EntryPoint\",\"urlTemplate\":\"https:\/\/hudo.com\/si\/?s={search_term_string}\"},\"query-input\":\"required name=search_term_string\"}],\"inLanguage\":\"sl-SI\"},{\"@type\":\"Organization\",\"@id\":\"https:\/\/hudo.com\/si\/#organization\",\"name\":\"VSN Media\",\"url\":\"https:\/\/hudo.com\/si\/\",\"logo\":{\"@type\":\"ImageObject\",\"inLanguage\":\"sl-SI\",\"@id\":\"https:\/\/hudo.com\/si\/#\/schema\/logo\/image\/\",\"url\":\"https:\/\/hudo.com\/si\/wp-content\/uploads\/sites\/2\/2021\/03\/hudo-app-2.png\",\"contentUrl\":\"https:\/\/hudo.com\/si\/wp-content\/uploads\/sites\/2\/2021\/03\/hudo-app-2.png\",\"width\":2185,\"height\":2167,\"caption\":\"VSN Media\"},\"image\":{\"@id\":\"https:\/\/hudo.com\/si\/#\/schema\/logo\/image\/\"},\"sameAs\":[\"https:\/\/www.facebook.com\/hudo.si\",\"https:\/\/twitter.com\/hudo_si\"]},{\"@type\":\"Person\",\"@id\":\"https:\/\/hudo.com\/si\/#\/schema\/person\/18f09c02475ba9e606e941a565b80cff\",\"name\":\"A. P., STA\",\"image\":{\"@type\":\"ImageObject\",\"inLanguage\":\"sl-SI\",\"@id\":\"https:\/\/hudo.com\/si\/#\/schema\/person\/image\/\",\"url\":\"https:\/\/secure.gravatar.com\/avatar\/03eac8e609f5f04383125d80eaeaaf3e?s=96&d=mm&r=g\",\"contentUrl\":\"https:\/\/secure.gravatar.com\/avatar\/03eac8e609f5f04383125d80eaeaaf3e?s=96&d=mm&r=g\",\"caption\":\"A. P., STA\"},\"url\":\"https:\/\/hudo.com\/si\/author\/lubu\/\"}]}<\/script>\n<!-- \/ Yoast SEO plugin. -->","yoast_head_json":{"title":"Kapsula Dragon z ameri\u0161kima astronavtoma zapustila ISS - Hudo Slovenija","robots":{"index":"index","follow":"follow","max-snippet":"max-snippet:-1","max-image-preview":"max-image-preview:large","max-video-preview":"max-video-preview:-1"},"canonical":"https:\/\/hudo.com\/si\/aktualno\/kapsula-dragon-z-ameriskima-astronavtoma-zapustila-iss\/","og_locale":"sl_SI","og_type":"article","og_title":"Kapsula Dragon z ameri\u0161kima astronavtoma zapustila ISS - Hudo Slovenija","og_description":"Kapsula ameri\u0161kega podjetja SpaceX Dragon z ameri\u0161kima astronavtoma Bobom Behnkenom in Dougom Hurleyjem je v soboto po dveh mesecih zapustila Mednarodno vesoljsko postajo (ISS). Pristala bosta predvidoma drevi po srednjeevropskem \u010dasu v morju ob obali Floride, ki se ji sicer pribli\u017euje tropska nevihta.","og_url":"https:\/\/hudo.com\/si\/aktualno\/kapsula-dragon-z-ameriskima-astronavtoma-zapustila-iss\/","og_site_name":"Hudo Slovenija","article_publisher":"https:\/\/www.facebook.com\/hudo.si","article_published_time":"2020-08-02T09:04:41+00:00","og_image":[{"width":1250,"height":833,"url":"https:\/\/hudo.com\/si\/wp-content\/uploads\/sites\/2\/2020\/08\/profimedia-0543021428.jpg","type":"image\/jpeg"}],"author":"A. P., STA","twitter_card":"summary_large_image","twitter_creator":"@hudo_si","twitter_site":"@hudo_si","twitter_misc":{"Written by":"A. P., STA","Est. reading time":"1 minuta"},"schema":{"@context":"https:\/\/schema.org","@graph":[{"@type":"Article","@id":"https:\/\/hudo.com\/si\/aktualno\/kapsula-dragon-z-ameriskima-astronavtoma-zapustila-iss\/#article","isPartOf":{"@id":"https:\/\/hudo.com\/si\/aktualno\/kapsula-dragon-z-ameriskima-astronavtoma-zapustila-iss\/"},"author":{"name":"A. P., STA","@id":"https:\/\/hudo.com\/si\/#\/schema\/person\/18f09c02475ba9e606e941a565b80cff"},"headline":"Kapsula Dragon z ameri\u0161kima astronavtoma zapustila ISS","datePublished":"2020-08-02T09:04:41+00:00","dateModified":"2020-08-02T09:04:41+00:00","mainEntityOfPage":{"@id":"https:\/\/hudo.com\/si\/aktualno\/kapsula-dragon-z-ameriskima-astronavtoma-zapustila-iss\/"},"wordCount":225,"publisher":{"@id":"https:\/\/hudo.com\/si\/#organization"},"keywords":["Mednarodna vesoljska postaja","Space X","vesolje","ZDA"],"articleSection":["Aktualno"],"inLanguage":"sl-SI"},{"@type":"WebPage","@id":"https:\/\/hudo.com\/si\/aktualno\/kapsula-dragon-z-ameriskima-astronavtoma-zapustila-iss\/","url":"https:\/\/hudo.com\/si\/aktualno\/kapsula-dragon-z-ameriskima-astronavtoma-zapustila-iss\/","name":"Kapsula Dragon z ameri\u0161kima astronavtoma zapustila ISS - Hudo Slovenija","isPartOf":{"@id":"https:\/\/hudo.com\/si\/#website"},"datePublished":"2020-08-02T09:04:41+00:00","dateModified":"2020-08-02T09:04:41+00:00","breadcrumb":{"@id":"https:\/\/hudo.com\/si\/aktualno\/kapsula-dragon-z-ameriskima-astronavtoma-zapustila-iss\/#breadcrumb"},"inLanguage":"sl-SI","potentialAction":[{"@type":"ReadAction","target":["https:\/\/hudo.com\/si\/aktualno\/kapsula-dragon-z-ameriskima-astronavtoma-zapustila-iss\/"]}]},{"@type":"BreadcrumbList","@id":"https:\/\/hudo.com\/si\/aktualno\/kapsula-dragon-z-ameriskima-astronavtoma-zapustila-iss\/#breadcrumb","itemListElement":[{"@type":"ListItem","position":1,"name":"Home","item":"https:\/\/hudo.com\/si\/"},{"@type":"ListItem","position":2,"name":"Kapsula Dragon z ameri\u0161kima astronavtoma zapustila ISS"}]},{"@type":"WebSite","@id":"https:\/\/hudo.com\/si\/#website","url":"https:\/\/hudo.com\/si\/","name":"Hudo Slovenija","description":"Vse novice iz Slovenije in sveta","publisher":{"@id":"https:\/\/hudo.com\/si\/#organization"},"potentialAction":[{"@type":"SearchAction","target":{"@type":"EntryPoint","urlTemplate":"https:\/\/hudo.com\/si\/?s={search_term_string}"},"query-input":"required name=search_term_string"}],"inLanguage":"sl-SI"},{"@type":"Organization","@id":"https:\/\/hudo.com\/si\/#organization","name":"VSN Media","url":"https:\/\/hudo.com\/si\/","logo":{"@type":"ImageObject","inLanguage":"sl-SI","@id":"https:\/\/hudo.com\/si\/#\/schema\/logo\/image\/","url":"https:\/\/hudo.com\/si\/wp-content\/uploads\/sites\/2\/2021\/03\/hudo-app-2.png","contentUrl":"https:\/\/hudo.com\/si\/wp-content\/uploads\/sites\/2\/2021\/03\/hudo-app-2.png","width":2185,"height":2167,"caption":"VSN Media"},"image":{"@id":"https:\/\/hudo.com\/si\/#\/schema\/logo\/image\/"},"sameAs":["https:\/\/www.facebook.com\/hudo.si","https:\/\/twitter.com\/hudo_si"]},{"@type":"Person","@id":"https:\/\/hudo.com\/si\/#\/schema\/person\/18f09c02475ba9e606e941a565b80cff","name":"A. P., STA","image":{"@type":"ImageObject","inLanguage":"sl-SI","@id":"https:\/\/hudo.com\/si\/#\/schema\/person\/image\/","url":"https:\/\/secure.gravatar.com\/avatar\/03eac8e609f5f04383125d80eaeaaf3e?s=96&d=mm&r=g","contentUrl":"https:\/\/secure.gravatar.com\/avatar\/03eac8e609f5f04383125d80eaeaaf3e?s=96&d=mm&r=g","caption":"A. P., STA"},"url":"https:\/\/hudo.com\/si\/author\/lubu\/"}]}},"amp_enabled":true,"_links":{"self":[{"href":"https:\/\/hudo.com\/si\/wp-json\/wp\/v2\/posts\/429211"}],"collection":[{"href":"https:\/\/hudo.com\/si\/wp-json\/wp\/v2\/posts"}],"about":[{"href":"https:\/\/hudo.com\/si\/wp-json\/wp\/v2\/types\/post"}],"author":[{"embeddable":true,"href":"https:\/\/hudo.com\/si\/wp-json\/wp\/v2\/users\/7"}],"replies":[{"embeddable":true,"href":"https:\/\/hudo.com\/si\/wp-json\/wp\/v2\/comments?post=429211"}],"version-history":[{"count":1,"href":"https:\/\/hudo.com\/si\/wp-json\/wp\/v2\/posts\/429211\/revisions"}],"predecessor-version":[{"id":429213,"href":"https:\/\/hudo.com\/si\/wp-json\/wp\/v2\/posts\/429211\/revisions\/429213"}],"wp:featuredmedia":[{"embeddable":true,"href":"https:\/\/hudo.com\/si\/wp-json\/wp\/v2\/media\/429212"}],"wp:attachment":[{"href":"https:\/\/hudo.com\/si\/wp-json\/wp\/v2\/media?parent=429211"}],"wp:term":[{"taxonomy":"category","embeddable":true,"href":"https:\/\/hudo.com\/si\/wp-json\/wp\/v2\/categories?post=429211"},{"taxonomy":"post_tag","embeddable":true,"href":"https:\/\/hudo.com\/si\/wp-json\/wp\/v2\/tags?post=429211"},{"taxonomy":"source","embeddable":true,"href":"https:\/\/hudo.com\/si\/wp-json\/wp\/v2\/source?post=429211"},{"taxonomy":"supertag","embeddable":true,"href":"https:\/\/hudo.com\/si\/wp-json\/wp\/v2\/supertag?post=429211"}],"curies":[{"name":"wp","href":"https:\/\/api.w.org\/{rel}","templated":true}]}}