{"id":429414,"date":"2020-08-04T13:42:46","date_gmt":"2020-08-04T11:42:46","guid":{"rendered":"http:\/\/hudo.com\/si\/?p=429414"},"modified":"2020-08-04T13:42:46","modified_gmt":"2020-08-04T11:42:46","slug":"svetovni-prvak-marc-marquez-znova-na-operacijski-mizi","status":"publish","type":"post","link":"https:\/\/hudo.com\/si\/aktualno\/svetovni-prvak-marc-marquez-znova-na-operacijski-mizi\/","title":{"rendered":"Svetovni prvak Marc Marquez znova na operacijski mizi"},"content":{"rendered":"<p>Novico je sporo\u010dila njegova ekipa Repsol Honda, ki pa ni dodala, ali bo lahko starej\u0161i od bratov Marquez nastopil na dirki za veliko nagrado \u010ce\u0161ke ta konec tedna.<\/p>\n<p>Po poro\u010danju razli\u010dnih \u0161panskih \u010dasnikov je to malo verjetno, a vsi ob tem dodajajo, da je bilo tako tudi po prvi operaciji po padcu na prvi dirki v Jerezu, a je Marquez nekaj dni za tem vseeno sedel na motocikel in sku\u0161al odpeljati nekaj krogov.<\/p>\n<p>Tedaj je Marquez hitro ugotovil, da je po\u0161kodba prezahtevna, tako da ni mogel na vso mo\u010d upravljati z motociklom.<\/p>\n<p>Marquez bo moral po\u010dakati najmanj 48 ur, da bodo lahko zdravniki ocenili uspe\u0161nost drugega posega in mu izdali zdravni\u0161ko spri\u010devalo. Ob prvi operaciji 21. julija je v desno ramo dobil dvanajst vijakov in plo\u0161\u010dico iz titana.<\/p>\n","protected":false},"excerpt":{"rendered":"<p>Svetovni motociklisti\u010dni prvak \u0160panec Marc Marquez je moral dobrih deset dni po operaciji nadlahtnice desne roke znova pod kirur\u0161ko rezilo. Zdravniki so mu popravili titanovo plo\u0161\u010dico, ki se je po\u0161kodovala zaradi nabiranja stresa.<\/p>\n","protected":false},"author":5,"featured_media":312930,"comment_status":"closed","ping_status":"closed","sticky":false,"template":"","format":"standard","meta":{"footnotes":""},"categories":[1179],"tags":[6985,5541,3526],"source":[4511],"supertag":[6098],"acf":[],"yoast_head":"<!-- This site is optimized with the Yoast SEO plugin v21.3 - https:\/\/yoast.com\/wordpress\/plugins\/seo\/ -->\n<title>Svetovni prvak Marc Marquez znova na operacijski mizi - Hudo Slovenija<\/title>\n<meta name=\"robots\" content=\"index, follow, max-snippet:-1, max-image-preview:large, max-video-preview:-1\" \/>\n<link rel=\"canonical\" href=\"https:\/\/hudo.com\/si\/aktualno\/svetovni-prvak-marc-marquez-znova-na-operacijski-mizi\/\" \/>\n<meta property=\"og:locale\" content=\"sl_SI\" \/>\n<meta property=\"og:type\" content=\"article\" \/>\n<meta property=\"og:title\" content=\"Svetovni prvak Marc Marquez znova na operacijski mizi - Hudo Slovenija\" \/>\n<meta property=\"og:description\" content=\"Svetovni motociklisti\u010dni prvak \u0160panec Marc Marquez je moral dobrih deset dni po operaciji nadlahtnice desne roke znova pod kirur\u0161ko rezilo. Zdravniki so mu popravili titanovo plo\u0161\u010dico, ki se je po\u0161kodovala zaradi nabiranja stresa.\" \/>\n<meta property=\"og:url\" content=\"https:\/\/hudo.com\/si\/aktualno\/svetovni-prvak-marc-marquez-znova-na-operacijski-mizi\/\" \/>\n<meta property=\"og:site_name\" content=\"Hudo Slovenija\" \/>\n<meta property=\"article:publisher\" content=\"https:\/\/www.facebook.com\/hudo.si\" \/>\n<meta property=\"article:published_time\" content=\"2020-08-04T11:42:46+00:00\" \/>\n<meta property=\"og:image\" content=\"https:\/\/hudo.com\/si\/wp-content\/uploads\/sites\/2\/2017\/10\/profimedia-0195245802.jpg\" \/>\n\t<meta property=\"og:image:width\" content=\"1250\" \/>\n\t<meta property=\"og:image:height\" content=\"832\" \/>\n\t<meta property=\"og:image:type\" content=\"image\/jpeg\" \/>\n<meta name=\"author\" content=\"A. G., STA\" \/>\n<meta name=\"twitter:card\" content=\"summary_large_image\" \/>\n<meta name=\"twitter:creator\" content=\"@hudo_si\" \/>\n<meta name=\"twitter:site\" content=\"@hudo_si\" \/>\n<meta name=\"twitter:label1\" content=\"Written by\" \/>\n\t<meta name=\"twitter:data1\" content=\"A. G., STA\" \/>\n\t<meta name=\"twitter:label2\" content=\"Est. reading time\" \/>\n\t<meta name=\"twitter:data2\" content=\"1 minuta\" \/>\n<script type=\"application\/ld+json\" class=\"yoast-schema-graph\">{\"@context\":\"https:\/\/schema.org\",\"@graph\":[{\"@type\":\"Article\",\"@id\":\"https:\/\/hudo.com\/si\/aktualno\/svetovni-prvak-marc-marquez-znova-na-operacijski-mizi\/#article\",\"isPartOf\":{\"@id\":\"https:\/\/hudo.com\/si\/aktualno\/svetovni-prvak-marc-marquez-znova-na-operacijski-mizi\/\"},\"author\":{\"name\":\"A. G., STA\",\"@id\":\"https:\/\/hudo.com\/si\/#\/schema\/person\/2391667a63ea075ba94f2f2dc6b77537\"},\"headline\":\"Svetovni prvak Marc Marquez znova na operacijski mizi\",\"datePublished\":\"2020-08-04T11:42:46+00:00\",\"dateModified\":\"2020-08-04T11:42:46+00:00\",\"mainEntityOfPage\":{\"@id\":\"https:\/\/hudo.com\/si\/aktualno\/svetovni-prvak-marc-marquez-znova-na-operacijski-mizi\/\"},\"wordCount\":146,\"publisher\":{\"@id\":\"https:\/\/hudo.com\/si\/#organization\"},\"keywords\":[\"Marc Marquez\",\"motociklizem\",\"operacija\"],\"articleSection\":[\"Aktualno\"],\"inLanguage\":\"sl-SI\"},{\"@type\":\"WebPage\",\"@id\":\"https:\/\/hudo.com\/si\/aktualno\/svetovni-prvak-marc-marquez-znova-na-operacijski-mizi\/\",\"url\":\"https:\/\/hudo.com\/si\/aktualno\/svetovni-prvak-marc-marquez-znova-na-operacijski-mizi\/\",\"name\":\"Svetovni prvak Marc Marquez znova na operacijski mizi - Hudo Slovenija\",\"isPartOf\":{\"@id\":\"https:\/\/hudo.com\/si\/#website\"},\"datePublished\":\"2020-08-04T11:42:46+00:00\",\"dateModified\":\"2020-08-04T11:42:46+00:00\",\"breadcrumb\":{\"@id\":\"https:\/\/hudo.com\/si\/aktualno\/svetovni-prvak-marc-marquez-znova-na-operacijski-mizi\/#breadcrumb\"},\"inLanguage\":\"sl-SI\",\"potentialAction\":[{\"@type\":\"ReadAction\",\"target\":[\"https:\/\/hudo.com\/si\/aktualno\/svetovni-prvak-marc-marquez-znova-na-operacijski-mizi\/\"]}]},{\"@type\":\"BreadcrumbList\",\"@id\":\"https:\/\/hudo.com\/si\/aktualno\/svetovni-prvak-marc-marquez-znova-na-operacijski-mizi\/#breadcrumb\",\"itemListElement\":[{\"@type\":\"ListItem\",\"position\":1,\"name\":\"Home\",\"item\":\"https:\/\/hudo.com\/si\/\"},{\"@type\":\"ListItem\",\"position\":2,\"name\":\"Svetovni prvak Marc Marquez znova na operacijski mizi\"}]},{\"@type\":\"WebSite\",\"@id\":\"https:\/\/hudo.com\/si\/#website\",\"url\":\"https:\/\/hudo.com\/si\/\",\"name\":\"Hudo Slovenija\",\"description\":\"Vse novice iz Slovenije in sveta\",\"publisher\":{\"@id\":\"https:\/\/hudo.com\/si\/#organization\"},\"potentialAction\":[{\"@type\":\"SearchAction\",\"target\":{\"@type\":\"EntryPoint\",\"urlTemplate\":\"https:\/\/hudo.com\/si\/?s={search_term_string}\"},\"query-input\":\"required name=search_term_string\"}],\"inLanguage\":\"sl-SI\"},{\"@type\":\"Organization\",\"@id\":\"https:\/\/hudo.com\/si\/#organization\",\"name\":\"VSN Media\",\"url\":\"https:\/\/hudo.com\/si\/\",\"logo\":{\"@type\":\"ImageObject\",\"inLanguage\":\"sl-SI\",\"@id\":\"https:\/\/hudo.com\/si\/#\/schema\/logo\/image\/\",\"url\":\"https:\/\/hudo.com\/si\/wp-content\/uploads\/sites\/2\/2021\/03\/hudo-app-2.png\",\"contentUrl\":\"https:\/\/hudo.com\/si\/wp-content\/uploads\/sites\/2\/2021\/03\/hudo-app-2.png\",\"width\":2185,\"height\":2167,\"caption\":\"VSN Media\"},\"image\":{\"@id\":\"https:\/\/hudo.com\/si\/#\/schema\/logo\/image\/\"},\"sameAs\":[\"https:\/\/www.facebook.com\/hudo.si\",\"https:\/\/twitter.com\/hudo_si\"]},{\"@type\":\"Person\",\"@id\":\"https:\/\/hudo.com\/si\/#\/schema\/person\/2391667a63ea075ba94f2f2dc6b77537\",\"name\":\"A. G., STA\",\"image\":{\"@type\":\"ImageObject\",\"inLanguage\":\"sl-SI\",\"@id\":\"https:\/\/hudo.com\/si\/#\/schema\/person\/image\/\",\"url\":\"https:\/\/secure.gravatar.com\/avatar\/e13d22ac3e442658d5025fbbe6238a79?s=96&d=mm&r=g\",\"contentUrl\":\"https:\/\/secure.gravatar.com\/avatar\/e13d22ac3e442658d5025fbbe6238a79?s=96&d=mm&r=g\",\"caption\":\"A. G., STA\"},\"url\":\"https:\/\/hudo.com\/si\/author\/alenka\/\"}]}<\/script>\n<!-- \/ Yoast SEO plugin. -->","yoast_head_json":{"title":"Svetovni prvak Marc Marquez znova na operacijski mizi - Hudo Slovenija","robots":{"index":"index","follow":"follow","max-snippet":"max-snippet:-1","max-image-preview":"max-image-preview:large","max-video-preview":"max-video-preview:-1"},"canonical":"https:\/\/hudo.com\/si\/aktualno\/svetovni-prvak-marc-marquez-znova-na-operacijski-mizi\/","og_locale":"sl_SI","og_type":"article","og_title":"Svetovni prvak Marc Marquez znova na operacijski mizi - Hudo Slovenija","og_description":"Svetovni motociklisti\u010dni prvak \u0160panec Marc Marquez je moral dobrih deset dni po operaciji nadlahtnice desne roke znova pod kirur\u0161ko rezilo. Zdravniki so mu popravili titanovo plo\u0161\u010dico, ki se je po\u0161kodovala zaradi nabiranja stresa.","og_url":"https:\/\/hudo.com\/si\/aktualno\/svetovni-prvak-marc-marquez-znova-na-operacijski-mizi\/","og_site_name":"Hudo Slovenija","article_publisher":"https:\/\/www.facebook.com\/hudo.si","article_published_time":"2020-08-04T11:42:46+00:00","og_image":[{"width":1250,"height":832,"url":"https:\/\/hudo.com\/si\/wp-content\/uploads\/sites\/2\/2017\/10\/profimedia-0195245802.jpg","type":"image\/jpeg"}],"author":"A. G., STA","twitter_card":"summary_large_image","twitter_creator":"@hudo_si","twitter_site":"@hudo_si","twitter_misc":{"Written by":"A. G., STA","Est. reading time":"1 minuta"},"schema":{"@context":"https:\/\/schema.org","@graph":[{"@type":"Article","@id":"https:\/\/hudo.com\/si\/aktualno\/svetovni-prvak-marc-marquez-znova-na-operacijski-mizi\/#article","isPartOf":{"@id":"https:\/\/hudo.com\/si\/aktualno\/svetovni-prvak-marc-marquez-znova-na-operacijski-mizi\/"},"author":{"name":"A. G., STA","@id":"https:\/\/hudo.com\/si\/#\/schema\/person\/2391667a63ea075ba94f2f2dc6b77537"},"headline":"Svetovni prvak Marc Marquez znova na operacijski mizi","datePublished":"2020-08-04T11:42:46+00:00","dateModified":"2020-08-04T11:42:46+00:00","mainEntityOfPage":{"@id":"https:\/\/hudo.com\/si\/aktualno\/svetovni-prvak-marc-marquez-znova-na-operacijski-mizi\/"},"wordCount":146,"publisher":{"@id":"https:\/\/hudo.com\/si\/#organization"},"keywords":["Marc Marquez","motociklizem","operacija"],"articleSection":["Aktualno"],"inLanguage":"sl-SI"},{"@type":"WebPage","@id":"https:\/\/hudo.com\/si\/aktualno\/svetovni-prvak-marc-marquez-znova-na-operacijski-mizi\/","url":"https:\/\/hudo.com\/si\/aktualno\/svetovni-prvak-marc-marquez-znova-na-operacijski-mizi\/","name":"Svetovni prvak Marc Marquez znova na operacijski mizi - Hudo Slovenija","isPartOf":{"@id":"https:\/\/hudo.com\/si\/#website"},"datePublished":"2020-08-04T11:42:46+00:00","dateModified":"2020-08-04T11:42:46+00:00","breadcrumb":{"@id":"https:\/\/hudo.com\/si\/aktualno\/svetovni-prvak-marc-marquez-znova-na-operacijski-mizi\/#breadcrumb"},"inLanguage":"sl-SI","potentialAction":[{"@type":"ReadAction","target":["https:\/\/hudo.com\/si\/aktualno\/svetovni-prvak-marc-marquez-znova-na-operacijski-mizi\/"]}]},{"@type":"BreadcrumbList","@id":"https:\/\/hudo.com\/si\/aktualno\/svetovni-prvak-marc-marquez-znova-na-operacijski-mizi\/#breadcrumb","itemListElement":[{"@type":"ListItem","position":1,"name":"Home","item":"https:\/\/hudo.com\/si\/"},{"@type":"ListItem","position":2,"name":"Svetovni prvak Marc Marquez znova na operacijski mizi"}]},{"@type":"WebSite","@id":"https:\/\/hudo.com\/si\/#website","url":"https:\/\/hudo.com\/si\/","name":"Hudo Slovenija","description":"Vse novice iz Slovenije in sveta","publisher":{"@id":"https:\/\/hudo.com\/si\/#organization"},"potentialAction":[{"@type":"SearchAction","target":{"@type":"EntryPoint","urlTemplate":"https:\/\/hudo.com\/si\/?s={search_term_string}"},"query-input":"required name=search_term_string"}],"inLanguage":"sl-SI"},{"@type":"Organization","@id":"https:\/\/hudo.com\/si\/#organization","name":"VSN Media","url":"https:\/\/hudo.com\/si\/","logo":{"@type":"ImageObject","inLanguage":"sl-SI","@id":"https:\/\/hudo.com\/si\/#\/schema\/logo\/image\/","url":"https:\/\/hudo.com\/si\/wp-content\/uploads\/sites\/2\/2021\/03\/hudo-app-2.png","contentUrl":"https:\/\/hudo.com\/si\/wp-content\/uploads\/sites\/2\/2021\/03\/hudo-app-2.png","width":2185,"height":2167,"caption":"VSN Media"},"image":{"@id":"https:\/\/hudo.com\/si\/#\/schema\/logo\/image\/"},"sameAs":["https:\/\/www.facebook.com\/hudo.si","https:\/\/twitter.com\/hudo_si"]},{"@type":"Person","@id":"https:\/\/hudo.com\/si\/#\/schema\/person\/2391667a63ea075ba94f2f2dc6b77537","name":"A. G., STA","image":{"@type":"ImageObject","inLanguage":"sl-SI","@id":"https:\/\/hudo.com\/si\/#\/schema\/person\/image\/","url":"https:\/\/secure.gravatar.com\/avatar\/e13d22ac3e442658d5025fbbe6238a79?s=96&d=mm&r=g","contentUrl":"https:\/\/secure.gravatar.com\/avatar\/e13d22ac3e442658d5025fbbe6238a79?s=96&d=mm&r=g","caption":"A. G., STA"},"url":"https:\/\/hudo.com\/si\/author\/alenka\/"}]}},"amp_enabled":true,"_links":{"self":[{"href":"https:\/\/hudo.com\/si\/wp-json\/wp\/v2\/posts\/429414"}],"collection":[{"href":"https:\/\/hudo.com\/si\/wp-json\/wp\/v2\/posts"}],"about":[{"href":"https:\/\/hudo.com\/si\/wp-json\/wp\/v2\/types\/post"}],"author":[{"embeddable":true,"href":"https:\/\/hudo.com\/si\/wp-json\/wp\/v2\/users\/5"}],"replies":[{"embeddable":true,"href":"https:\/\/hudo.com\/si\/wp-json\/wp\/v2\/comments?post=429414"}],"version-history":[{"count":1,"href":"https:\/\/hudo.com\/si\/wp-json\/wp\/v2\/posts\/429414\/revisions"}],"predecessor-version":[{"id":429415,"href":"https:\/\/hudo.com\/si\/wp-json\/wp\/v2\/posts\/429414\/revisions\/429415"}],"wp:featuredmedia":[{"embeddable":true,"href":"https:\/\/hudo.com\/si\/wp-json\/wp\/v2\/media\/312930"}],"wp:attachment":[{"href":"https:\/\/hudo.com\/si\/wp-json\/wp\/v2\/media?parent=429414"}],"wp:term":[{"taxonomy":"category","embeddable":true,"href":"https:\/\/hudo.com\/si\/wp-json\/wp\/v2\/categories?post=429414"},{"taxonomy":"post_tag","embeddable":true,"href":"https:\/\/hudo.com\/si\/wp-json\/wp\/v2\/tags?post=429414"},{"taxonomy":"source","embeddable":true,"href":"https:\/\/hudo.com\/si\/wp-json\/wp\/v2\/source?post=429414"},{"taxonomy":"supertag","embeddable":true,"href":"https:\/\/hudo.com\/si\/wp-json\/wp\/v2\/supertag?post=429414"}],"curies":[{"name":"wp","href":"https:\/\/api.w.org\/{rel}","templated":true}]}}