{"id":430270,"date":"2020-08-14T08:19:58","date_gmt":"2020-08-14T06:19:58","guid":{"rendered":"http:\/\/hudo.com\/si\/?p=430270"},"modified":"2020-08-14T08:19:58","modified_gmt":"2020-08-14T06:19:58","slug":"trump-bidna-obtozil-da-politizira-virus","status":"publish","type":"post","link":"https:\/\/hudo.com\/si\/aktualno\/trump-bidna-obtozil-da-politizira-virus\/","title":{"rendered":"Trump Bidna obto\u017eil, da politizira virus"},"content":{"rendered":"<p>Biden je ukrep predlagal, potem ko so v ZDA v sredo na\u0161teli 1499 smrti zaradi koronavirusa, kar je najve\u010d od maja. Skupno se je \u0161tevilo smrtnih \u017ertev covida-19 povzpelo \u017ee \u010dez 167.000. Predlagal je, da re\u0161ijo \u017eivljenja s tem, da vsi naslednje tri mesece obvezno v javnosti nosijo maske.<\/p>\n<p>Trump je odgovoril, da se Biden nenehno moti glede koronavirusa, zanemarja znanost in potiska naprej levi\u010darske politike. Dodal je \u0161e, da se Biden zavzema, da bi vse Ameri\u010dane za naslednje mesece zaklenili v njihove kleti.<\/p>\n<p>Biden je sicer dejal, naj mandat za maske uvedejo guvernerji dr\u017eav, s \u010dimer bi lahko re\u0161ili 40.000 \u017eivljenj. Opozoril je, da je bilo odpravljanje ukrepov proti pandemiji prehitro in brez smernic zvezne vlade.<\/p>\n<p>Trump se je ob izbruhu pandemije nor\u010deval iz tistih, ki nosijo maske. Uporaba za\u0161\u010ditne maske v ZDA velja tudi za politi\u010dno opredelitev. Trumpovi podporniki tako ponosno zavra\u010dajo maske, demokrati pa jih z enakim ponosom nosijo.<\/p>\n<p>Trump je masko prvi\u010d uporabil v javnosti \u0161ele julija, v \u010detrtek pa je spet sejal dvom o njihovi koristnosti. &#8220;Domoljubni Ameri\u010dani nosijo maske. Mogo\u010de so imenitne, mogo\u010de so v redu, mogo\u010de pa niso tako v redu,&#8221; je dejal.<\/p>\n<p>Trump je v \u010detrtek znova zavrnil vsakr\u0161no odgovornost za to, da je pandemija od vseh dr\u017eav na svetu najbolj prizadela prav ZDA. &#8220;Mene nih\u010de ne krivi za ni\u010d. Udarila nas je kitajska kuga, \u010desar ne bomo pozabili. Udarila nas je kitajska kuga,&#8221; je dejal.<\/p>\n","protected":false},"excerpt":{"rendered":"<p>Demokratski predsedni\u0161ki kandidat Joe Biden je v \u010detrtek predlagal uvedbo obveznega no\u0161enja za\u0161\u010ditnih mask proti koronavirusu po vseh ZDA. Njegov republikanski protikandidat, sedanji predsednik Donald Trump je to zavrnil in Bidna obto\u017eil, da politizira virus.<\/p>\n","protected":false},"author":5,"featured_media":420927,"comment_status":"closed","ping_status":"closed","sticky":false,"template":"","format":"standard","meta":{"footnotes":""},"categories":[1179],"tags":[1680,5244,15632,1682],"source":[4511],"supertag":[6103],"acf":[],"yoast_head":"<!-- This site is optimized with the Yoast SEO plugin v21.3 - https:\/\/yoast.com\/wordpress\/plugins\/seo\/ -->\n<title>Trump Bidna obto\u017eil, da politizira virus - Hudo Slovenija<\/title>\n<meta name=\"robots\" content=\"index, follow, max-snippet:-1, max-image-preview:large, max-video-preview:-1\" \/>\n<link rel=\"canonical\" href=\"https:\/\/hudo.com\/si\/aktualno\/trump-bidna-obtozil-da-politizira-virus\/\" \/>\n<meta property=\"og:locale\" content=\"sl_SI\" \/>\n<meta property=\"og:type\" content=\"article\" \/>\n<meta property=\"og:title\" content=\"Trump Bidna obto\u017eil, da politizira virus - Hudo Slovenija\" \/>\n<meta property=\"og:description\" content=\"Demokratski predsedni\u0161ki kandidat Joe Biden je v \u010detrtek predlagal uvedbo obveznega no\u0161enja za\u0161\u010ditnih mask proti koronavirusu po vseh ZDA. Njegov republikanski protikandidat, sedanji predsednik Donald Trump je to zavrnil in Bidna obto\u017eil, da politizira virus.\" \/>\n<meta property=\"og:url\" content=\"https:\/\/hudo.com\/si\/aktualno\/trump-bidna-obtozil-da-politizira-virus\/\" \/>\n<meta property=\"og:site_name\" content=\"Hudo Slovenija\" \/>\n<meta property=\"article:publisher\" content=\"https:\/\/www.facebook.com\/hudo.si\" \/>\n<meta property=\"article:published_time\" content=\"2020-08-14T06:19:58+00:00\" \/>\n<meta property=\"og:image\" content=\"https:\/\/hudo.com\/si\/wp-content\/uploads\/sites\/2\/2020\/04\/profimedia-0513918302.jpg\" \/>\n\t<meta property=\"og:image:width\" content=\"1250\" \/>\n\t<meta property=\"og:image:height\" content=\"833\" \/>\n\t<meta property=\"og:image:type\" content=\"image\/jpeg\" \/>\n<meta name=\"author\" content=\"A. G., STA\" \/>\n<meta name=\"twitter:card\" content=\"summary_large_image\" \/>\n<meta name=\"twitter:creator\" content=\"@hudo_si\" \/>\n<meta name=\"twitter:site\" content=\"@hudo_si\" \/>\n<meta name=\"twitter:label1\" content=\"Written by\" \/>\n\t<meta name=\"twitter:data1\" content=\"A. G., STA\" \/>\n\t<meta name=\"twitter:label2\" content=\"Est. reading time\" \/>\n\t<meta name=\"twitter:data2\" content=\"1 minuta\" \/>\n<script type=\"application\/ld+json\" class=\"yoast-schema-graph\">{\"@context\":\"https:\/\/schema.org\",\"@graph\":[{\"@type\":\"Article\",\"@id\":\"https:\/\/hudo.com\/si\/aktualno\/trump-bidna-obtozil-da-politizira-virus\/#article\",\"isPartOf\":{\"@id\":\"https:\/\/hudo.com\/si\/aktualno\/trump-bidna-obtozil-da-politizira-virus\/\"},\"author\":{\"name\":\"A. G., STA\",\"@id\":\"https:\/\/hudo.com\/si\/#\/schema\/person\/2391667a63ea075ba94f2f2dc6b77537\"},\"headline\":\"Trump Bidna obto\u017eil, da politizira virus\",\"datePublished\":\"2020-08-14T06:19:58+00:00\",\"dateModified\":\"2020-08-14T06:19:58+00:00\",\"mainEntityOfPage\":{\"@id\":\"https:\/\/hudo.com\/si\/aktualno\/trump-bidna-obtozil-da-politizira-virus\/\"},\"wordCount\":255,\"publisher\":{\"@id\":\"https:\/\/hudo.com\/si\/#organization\"},\"keywords\":[\"Donald Trump\",\"Joe Biden\",\"koronavirus\",\"ZDA\"],\"articleSection\":[\"Aktualno\"],\"inLanguage\":\"sl-SI\"},{\"@type\":\"WebPage\",\"@id\":\"https:\/\/hudo.com\/si\/aktualno\/trump-bidna-obtozil-da-politizira-virus\/\",\"url\":\"https:\/\/hudo.com\/si\/aktualno\/trump-bidna-obtozil-da-politizira-virus\/\",\"name\":\"Trump Bidna obto\u017eil, da politizira virus - Hudo Slovenija\",\"isPartOf\":{\"@id\":\"https:\/\/hudo.com\/si\/#website\"},\"datePublished\":\"2020-08-14T06:19:58+00:00\",\"dateModified\":\"2020-08-14T06:19:58+00:00\",\"breadcrumb\":{\"@id\":\"https:\/\/hudo.com\/si\/aktualno\/trump-bidna-obtozil-da-politizira-virus\/#breadcrumb\"},\"inLanguage\":\"sl-SI\",\"potentialAction\":[{\"@type\":\"ReadAction\",\"target\":[\"https:\/\/hudo.com\/si\/aktualno\/trump-bidna-obtozil-da-politizira-virus\/\"]}]},{\"@type\":\"BreadcrumbList\",\"@id\":\"https:\/\/hudo.com\/si\/aktualno\/trump-bidna-obtozil-da-politizira-virus\/#breadcrumb\",\"itemListElement\":[{\"@type\":\"ListItem\",\"position\":1,\"name\":\"Home\",\"item\":\"https:\/\/hudo.com\/si\/\"},{\"@type\":\"ListItem\",\"position\":2,\"name\":\"Trump Bidna obto\u017eil, da politizira virus\"}]},{\"@type\":\"WebSite\",\"@id\":\"https:\/\/hudo.com\/si\/#website\",\"url\":\"https:\/\/hudo.com\/si\/\",\"name\":\"Hudo Slovenija\",\"description\":\"Vse novice iz Slovenije in sveta\",\"publisher\":{\"@id\":\"https:\/\/hudo.com\/si\/#organization\"},\"potentialAction\":[{\"@type\":\"SearchAction\",\"target\":{\"@type\":\"EntryPoint\",\"urlTemplate\":\"https:\/\/hudo.com\/si\/?s={search_term_string}\"},\"query-input\":\"required name=search_term_string\"}],\"inLanguage\":\"sl-SI\"},{\"@type\":\"Organization\",\"@id\":\"https:\/\/hudo.com\/si\/#organization\",\"name\":\"VSN Media\",\"url\":\"https:\/\/hudo.com\/si\/\",\"logo\":{\"@type\":\"ImageObject\",\"inLanguage\":\"sl-SI\",\"@id\":\"https:\/\/hudo.com\/si\/#\/schema\/logo\/image\/\",\"url\":\"https:\/\/hudo.com\/si\/wp-content\/uploads\/sites\/2\/2021\/03\/hudo-app-2.png\",\"contentUrl\":\"https:\/\/hudo.com\/si\/wp-content\/uploads\/sites\/2\/2021\/03\/hudo-app-2.png\",\"width\":2185,\"height\":2167,\"caption\":\"VSN Media\"},\"image\":{\"@id\":\"https:\/\/hudo.com\/si\/#\/schema\/logo\/image\/\"},\"sameAs\":[\"https:\/\/www.facebook.com\/hudo.si\",\"https:\/\/twitter.com\/hudo_si\"]},{\"@type\":\"Person\",\"@id\":\"https:\/\/hudo.com\/si\/#\/schema\/person\/2391667a63ea075ba94f2f2dc6b77537\",\"name\":\"A. G., STA\",\"image\":{\"@type\":\"ImageObject\",\"inLanguage\":\"sl-SI\",\"@id\":\"https:\/\/hudo.com\/si\/#\/schema\/person\/image\/\",\"url\":\"https:\/\/secure.gravatar.com\/avatar\/e13d22ac3e442658d5025fbbe6238a79?s=96&d=mm&r=g\",\"contentUrl\":\"https:\/\/secure.gravatar.com\/avatar\/e13d22ac3e442658d5025fbbe6238a79?s=96&d=mm&r=g\",\"caption\":\"A. G., STA\"},\"url\":\"https:\/\/hudo.com\/si\/author\/alenka\/\"}]}<\/script>\n<!-- \/ Yoast SEO plugin. -->","yoast_head_json":{"title":"Trump Bidna obto\u017eil, da politizira virus - Hudo Slovenija","robots":{"index":"index","follow":"follow","max-snippet":"max-snippet:-1","max-image-preview":"max-image-preview:large","max-video-preview":"max-video-preview:-1"},"canonical":"https:\/\/hudo.com\/si\/aktualno\/trump-bidna-obtozil-da-politizira-virus\/","og_locale":"sl_SI","og_type":"article","og_title":"Trump Bidna obto\u017eil, da politizira virus - Hudo Slovenija","og_description":"Demokratski predsedni\u0161ki kandidat Joe Biden je v \u010detrtek predlagal uvedbo obveznega no\u0161enja za\u0161\u010ditnih mask proti koronavirusu po vseh ZDA. Njegov republikanski protikandidat, sedanji predsednik Donald Trump je to zavrnil in Bidna obto\u017eil, da politizira virus.","og_url":"https:\/\/hudo.com\/si\/aktualno\/trump-bidna-obtozil-da-politizira-virus\/","og_site_name":"Hudo Slovenija","article_publisher":"https:\/\/www.facebook.com\/hudo.si","article_published_time":"2020-08-14T06:19:58+00:00","og_image":[{"width":1250,"height":833,"url":"https:\/\/hudo.com\/si\/wp-content\/uploads\/sites\/2\/2020\/04\/profimedia-0513918302.jpg","type":"image\/jpeg"}],"author":"A. G., STA","twitter_card":"summary_large_image","twitter_creator":"@hudo_si","twitter_site":"@hudo_si","twitter_misc":{"Written by":"A. G., STA","Est. reading time":"1 minuta"},"schema":{"@context":"https:\/\/schema.org","@graph":[{"@type":"Article","@id":"https:\/\/hudo.com\/si\/aktualno\/trump-bidna-obtozil-da-politizira-virus\/#article","isPartOf":{"@id":"https:\/\/hudo.com\/si\/aktualno\/trump-bidna-obtozil-da-politizira-virus\/"},"author":{"name":"A. G., STA","@id":"https:\/\/hudo.com\/si\/#\/schema\/person\/2391667a63ea075ba94f2f2dc6b77537"},"headline":"Trump Bidna obto\u017eil, da politizira virus","datePublished":"2020-08-14T06:19:58+00:00","dateModified":"2020-08-14T06:19:58+00:00","mainEntityOfPage":{"@id":"https:\/\/hudo.com\/si\/aktualno\/trump-bidna-obtozil-da-politizira-virus\/"},"wordCount":255,"publisher":{"@id":"https:\/\/hudo.com\/si\/#organization"},"keywords":["Donald Trump","Joe Biden","koronavirus","ZDA"],"articleSection":["Aktualno"],"inLanguage":"sl-SI"},{"@type":"WebPage","@id":"https:\/\/hudo.com\/si\/aktualno\/trump-bidna-obtozil-da-politizira-virus\/","url":"https:\/\/hudo.com\/si\/aktualno\/trump-bidna-obtozil-da-politizira-virus\/","name":"Trump Bidna obto\u017eil, da politizira virus - Hudo Slovenija","isPartOf":{"@id":"https:\/\/hudo.com\/si\/#website"},"datePublished":"2020-08-14T06:19:58+00:00","dateModified":"2020-08-14T06:19:58+00:00","breadcrumb":{"@id":"https:\/\/hudo.com\/si\/aktualno\/trump-bidna-obtozil-da-politizira-virus\/#breadcrumb"},"inLanguage":"sl-SI","potentialAction":[{"@type":"ReadAction","target":["https:\/\/hudo.com\/si\/aktualno\/trump-bidna-obtozil-da-politizira-virus\/"]}]},{"@type":"BreadcrumbList","@id":"https:\/\/hudo.com\/si\/aktualno\/trump-bidna-obtozil-da-politizira-virus\/#breadcrumb","itemListElement":[{"@type":"ListItem","position":1,"name":"Home","item":"https:\/\/hudo.com\/si\/"},{"@type":"ListItem","position":2,"name":"Trump Bidna obto\u017eil, da politizira virus"}]},{"@type":"WebSite","@id":"https:\/\/hudo.com\/si\/#website","url":"https:\/\/hudo.com\/si\/","name":"Hudo Slovenija","description":"Vse novice iz Slovenije in sveta","publisher":{"@id":"https:\/\/hudo.com\/si\/#organization"},"potentialAction":[{"@type":"SearchAction","target":{"@type":"EntryPoint","urlTemplate":"https:\/\/hudo.com\/si\/?s={search_term_string}"},"query-input":"required name=search_term_string"}],"inLanguage":"sl-SI"},{"@type":"Organization","@id":"https:\/\/hudo.com\/si\/#organization","name":"VSN Media","url":"https:\/\/hudo.com\/si\/","logo":{"@type":"ImageObject","inLanguage":"sl-SI","@id":"https:\/\/hudo.com\/si\/#\/schema\/logo\/image\/","url":"https:\/\/hudo.com\/si\/wp-content\/uploads\/sites\/2\/2021\/03\/hudo-app-2.png","contentUrl":"https:\/\/hudo.com\/si\/wp-content\/uploads\/sites\/2\/2021\/03\/hudo-app-2.png","width":2185,"height":2167,"caption":"VSN Media"},"image":{"@id":"https:\/\/hudo.com\/si\/#\/schema\/logo\/image\/"},"sameAs":["https:\/\/www.facebook.com\/hudo.si","https:\/\/twitter.com\/hudo_si"]},{"@type":"Person","@id":"https:\/\/hudo.com\/si\/#\/schema\/person\/2391667a63ea075ba94f2f2dc6b77537","name":"A. G., STA","image":{"@type":"ImageObject","inLanguage":"sl-SI","@id":"https:\/\/hudo.com\/si\/#\/schema\/person\/image\/","url":"https:\/\/secure.gravatar.com\/avatar\/e13d22ac3e442658d5025fbbe6238a79?s=96&d=mm&r=g","contentUrl":"https:\/\/secure.gravatar.com\/avatar\/e13d22ac3e442658d5025fbbe6238a79?s=96&d=mm&r=g","caption":"A. G., STA"},"url":"https:\/\/hudo.com\/si\/author\/alenka\/"}]}},"amp_enabled":true,"_links":{"self":[{"href":"https:\/\/hudo.com\/si\/wp-json\/wp\/v2\/posts\/430270"}],"collection":[{"href":"https:\/\/hudo.com\/si\/wp-json\/wp\/v2\/posts"}],"about":[{"href":"https:\/\/hudo.com\/si\/wp-json\/wp\/v2\/types\/post"}],"author":[{"embeddable":true,"href":"https:\/\/hudo.com\/si\/wp-json\/wp\/v2\/users\/5"}],"replies":[{"embeddable":true,"href":"https:\/\/hudo.com\/si\/wp-json\/wp\/v2\/comments?post=430270"}],"version-history":[{"count":1,"href":"https:\/\/hudo.com\/si\/wp-json\/wp\/v2\/posts\/430270\/revisions"}],"predecessor-version":[{"id":430271,"href":"https:\/\/hudo.com\/si\/wp-json\/wp\/v2\/posts\/430270\/revisions\/430271"}],"wp:featuredmedia":[{"embeddable":true,"href":"https:\/\/hudo.com\/si\/wp-json\/wp\/v2\/media\/420927"}],"wp:attachment":[{"href":"https:\/\/hudo.com\/si\/wp-json\/wp\/v2\/media?parent=430270"}],"wp:term":[{"taxonomy":"category","embeddable":true,"href":"https:\/\/hudo.com\/si\/wp-json\/wp\/v2\/categories?post=430270"},{"taxonomy":"post_tag","embeddable":true,"href":"https:\/\/hudo.com\/si\/wp-json\/wp\/v2\/tags?post=430270"},{"taxonomy":"source","embeddable":true,"href":"https:\/\/hudo.com\/si\/wp-json\/wp\/v2\/source?post=430270"},{"taxonomy":"supertag","embeddable":true,"href":"https:\/\/hudo.com\/si\/wp-json\/wp\/v2\/supertag?post=430270"}],"curies":[{"name":"wp","href":"https:\/\/api.w.org\/{rel}","templated":true}]}}