{"id":430491,"date":"2020-08-17T15:02:09","date_gmt":"2020-08-17T13:02:09","guid":{"rendered":"http:\/\/hudo.com\/si\/?p=430491"},"modified":"2020-08-17T15:02:09","modified_gmt":"2020-08-17T13:02:09","slug":"ryanair-bo-v-zacetku-jeseni-zmanjsal-stevilo-nacrtovanih-letov-ce-odhajate-na-dopust-preverite","status":"publish","type":"post","link":"https:\/\/hudo.com\/si\/aktualno\/ryanair-bo-v-zacetku-jeseni-zmanjsal-stevilo-nacrtovanih-letov-ce-odhajate-na-dopust-preverite\/","title":{"rendered":"Ryanair bo v za\u010detku jeseni zmanj\u0161al \u0161tevilo na\u010drtovanih letov, \u010de odhajate na dopust preverite"},"content":{"rendered":"<p>Povpra\u0161evanje po letih se je mo\u010dno zmanj\u0161alo v \u0160paniji, Franciji, na \u0160vedskem in Irskem, kjer so vlade zaostrile ukrepe proti \u0161irjenju koronavirusa. Vse ve\u010d je dr\u017eav, ki ob prihodu iz drugih delov Evrope zapovedujejo 14-dnevno karanteno.<\/p>\n<p>Kot poro\u010dajo tuje tiskovne agencije, bo Ryanair zato septembra in oktobra zmanj\u0161al obseg poslovanja za 20 odstotkov. V dru\u017ebi v primeru \u0161e ve\u010djega zaostrovanja razmer niso izklju\u010dili mo\u017enosti odpovedi vseh letov.<\/p>\n","protected":false},"excerpt":{"rendered":"<p>Irski nizkocenovni letalski prevoznik Ryanair bo septembra in oktobra ob manj rezervacijah zaradi vnovi\u010dnega \u0161irjenja novega koronavirusa po Evropi zmanj\u0161al \u0161tevilo letov za 20 odstotkov. Dr\u017eave za zajezitev oku\u017eb sprejemajo razli\u010dne ukrepe, \u0161tevilo rezervacij letalskih kart pa je v zadnjih dneh mo\u010dno upadlo.<\/p>\n","protected":false},"author":8,"featured_media":170819,"comment_status":"closed","ping_status":"closed","sticky":false,"template":"","format":"standard","meta":{"footnotes":""},"categories":[1179],"tags":[15632,1770,3814],"source":[4511],"supertag":[],"acf":[],"yoast_head":"<!-- This site is optimized with the Yoast SEO plugin v21.3 - https:\/\/yoast.com\/wordpress\/plugins\/seo\/ -->\n<title>Ryanair bo v za\u010detku jeseni zmanj\u0161al \u0161tevilo na\u010drtovanih letov, \u010de odhajate na dopust preverite - Hudo Slovenija<\/title>\n<meta name=\"robots\" content=\"index, follow, max-snippet:-1, max-image-preview:large, max-video-preview:-1\" \/>\n<link rel=\"canonical\" href=\"https:\/\/hudo.com\/si\/aktualno\/ryanair-bo-v-zacetku-jeseni-zmanjsal-stevilo-nacrtovanih-letov-ce-odhajate-na-dopust-preverite\/\" \/>\n<meta property=\"og:locale\" content=\"sl_SI\" \/>\n<meta property=\"og:type\" content=\"article\" \/>\n<meta property=\"og:title\" content=\"Ryanair bo v za\u010detku jeseni zmanj\u0161al \u0161tevilo na\u010drtovanih letov, \u010de odhajate na dopust preverite - Hudo Slovenija\" \/>\n<meta property=\"og:description\" content=\"Irski nizkocenovni letalski prevoznik Ryanair bo septembra in oktobra ob manj rezervacijah zaradi vnovi\u010dnega \u0161irjenja novega koronavirusa po Evropi zmanj\u0161al \u0161tevilo letov za 20 odstotkov. Dr\u017eave za zajezitev oku\u017eb sprejemajo razli\u010dne ukrepe, \u0161tevilo rezervacij letalskih kart pa je v zadnjih dneh mo\u010dno upadlo.\" \/>\n<meta property=\"og:url\" content=\"https:\/\/hudo.com\/si\/aktualno\/ryanair-bo-v-zacetku-jeseni-zmanjsal-stevilo-nacrtovanih-letov-ce-odhajate-na-dopust-preverite\/\" \/>\n<meta property=\"og:site_name\" content=\"Hudo Slovenija\" \/>\n<meta property=\"article:publisher\" content=\"https:\/\/www.facebook.com\/hudo.si\" \/>\n<meta property=\"article:published_time\" content=\"2020-08-17T13:02:09+00:00\" \/>\n<meta property=\"og:image\" content=\"https:\/\/hudo.com\/si\/wp-content\/uploads\/sites\/2\/2016\/11\/profimedia-0088426300.jpg\" \/>\n\t<meta property=\"og:image:width\" content=\"1250\" \/>\n\t<meta property=\"og:image:height\" content=\"833\" \/>\n\t<meta property=\"og:image:type\" content=\"image\/jpeg\" \/>\n<meta name=\"author\" content=\"M. N., STA\" \/>\n<meta name=\"twitter:card\" content=\"summary_large_image\" \/>\n<meta name=\"twitter:creator\" content=\"@hudo_si\" \/>\n<meta name=\"twitter:site\" content=\"@hudo_si\" \/>\n<meta name=\"twitter:label1\" content=\"Written by\" \/>\n\t<meta name=\"twitter:data1\" content=\"M. N., STA\" \/>\n<script type=\"application\/ld+json\" class=\"yoast-schema-graph\">{\"@context\":\"https:\/\/schema.org\",\"@graph\":[{\"@type\":\"Article\",\"@id\":\"https:\/\/hudo.com\/si\/aktualno\/ryanair-bo-v-zacetku-jeseni-zmanjsal-stevilo-nacrtovanih-letov-ce-odhajate-na-dopust-preverite\/#article\",\"isPartOf\":{\"@id\":\"https:\/\/hudo.com\/si\/aktualno\/ryanair-bo-v-zacetku-jeseni-zmanjsal-stevilo-nacrtovanih-letov-ce-odhajate-na-dopust-preverite\/\"},\"author\":{\"name\":\"M. N., STA\",\"@id\":\"https:\/\/hudo.com\/si\/#\/schema\/person\/c2f10ce65d2e6ede2aeda5be2a0611fa\"},\"headline\":\"Ryanair bo v za\u010detku jeseni zmanj\u0161al \u0161tevilo na\u010drtovanih letov, \u010de odhajate na dopust preverite\",\"datePublished\":\"2020-08-17T13:02:09+00:00\",\"dateModified\":\"2020-08-17T13:02:09+00:00\",\"mainEntityOfPage\":{\"@id\":\"https:\/\/hudo.com\/si\/aktualno\/ryanair-bo-v-zacetku-jeseni-zmanjsal-stevilo-nacrtovanih-letov-ce-odhajate-na-dopust-preverite\/\"},\"wordCount\":93,\"publisher\":{\"@id\":\"https:\/\/hudo.com\/si\/#organization\"},\"keywords\":[\"koronavirus\",\"letalski promet\",\"ryanair\"],\"articleSection\":[\"Aktualno\"],\"inLanguage\":\"sl-SI\"},{\"@type\":\"WebPage\",\"@id\":\"https:\/\/hudo.com\/si\/aktualno\/ryanair-bo-v-zacetku-jeseni-zmanjsal-stevilo-nacrtovanih-letov-ce-odhajate-na-dopust-preverite\/\",\"url\":\"https:\/\/hudo.com\/si\/aktualno\/ryanair-bo-v-zacetku-jeseni-zmanjsal-stevilo-nacrtovanih-letov-ce-odhajate-na-dopust-preverite\/\",\"name\":\"Ryanair bo v za\u010detku jeseni zmanj\u0161al \u0161tevilo na\u010drtovanih letov, \u010de odhajate na dopust preverite - Hudo Slovenija\",\"isPartOf\":{\"@id\":\"https:\/\/hudo.com\/si\/#website\"},\"datePublished\":\"2020-08-17T13:02:09+00:00\",\"dateModified\":\"2020-08-17T13:02:09+00:00\",\"breadcrumb\":{\"@id\":\"https:\/\/hudo.com\/si\/aktualno\/ryanair-bo-v-zacetku-jeseni-zmanjsal-stevilo-nacrtovanih-letov-ce-odhajate-na-dopust-preverite\/#breadcrumb\"},\"inLanguage\":\"sl-SI\",\"potentialAction\":[{\"@type\":\"ReadAction\",\"target\":[\"https:\/\/hudo.com\/si\/aktualno\/ryanair-bo-v-zacetku-jeseni-zmanjsal-stevilo-nacrtovanih-letov-ce-odhajate-na-dopust-preverite\/\"]}]},{\"@type\":\"BreadcrumbList\",\"@id\":\"https:\/\/hudo.com\/si\/aktualno\/ryanair-bo-v-zacetku-jeseni-zmanjsal-stevilo-nacrtovanih-letov-ce-odhajate-na-dopust-preverite\/#breadcrumb\",\"itemListElement\":[{\"@type\":\"ListItem\",\"position\":1,\"name\":\"Home\",\"item\":\"https:\/\/hudo.com\/si\/\"},{\"@type\":\"ListItem\",\"position\":2,\"name\":\"Ryanair bo v za\u010detku jeseni zmanj\u0161al \u0161tevilo na\u010drtovanih letov, \u010de odhajate na dopust preverite\"}]},{\"@type\":\"WebSite\",\"@id\":\"https:\/\/hudo.com\/si\/#website\",\"url\":\"https:\/\/hudo.com\/si\/\",\"name\":\"Hudo Slovenija\",\"description\":\"Vse novice iz Slovenije in sveta\",\"publisher\":{\"@id\":\"https:\/\/hudo.com\/si\/#organization\"},\"potentialAction\":[{\"@type\":\"SearchAction\",\"target\":{\"@type\":\"EntryPoint\",\"urlTemplate\":\"https:\/\/hudo.com\/si\/?s={search_term_string}\"},\"query-input\":\"required name=search_term_string\"}],\"inLanguage\":\"sl-SI\"},{\"@type\":\"Organization\",\"@id\":\"https:\/\/hudo.com\/si\/#organization\",\"name\":\"VSN Media\",\"url\":\"https:\/\/hudo.com\/si\/\",\"logo\":{\"@type\":\"ImageObject\",\"inLanguage\":\"sl-SI\",\"@id\":\"https:\/\/hudo.com\/si\/#\/schema\/logo\/image\/\",\"url\":\"https:\/\/hudo.com\/si\/wp-content\/uploads\/sites\/2\/2021\/03\/hudo-app-2.png\",\"contentUrl\":\"https:\/\/hudo.com\/si\/wp-content\/uploads\/sites\/2\/2021\/03\/hudo-app-2.png\",\"width\":2185,\"height\":2167,\"caption\":\"VSN Media\"},\"image\":{\"@id\":\"https:\/\/hudo.com\/si\/#\/schema\/logo\/image\/\"},\"sameAs\":[\"https:\/\/www.facebook.com\/hudo.si\",\"https:\/\/twitter.com\/hudo_si\"]},{\"@type\":\"Person\",\"@id\":\"https:\/\/hudo.com\/si\/#\/schema\/person\/c2f10ce65d2e6ede2aeda5be2a0611fa\",\"name\":\"M. N., STA\",\"image\":{\"@type\":\"ImageObject\",\"inLanguage\":\"sl-SI\",\"@id\":\"https:\/\/hudo.com\/si\/#\/schema\/person\/image\/\",\"url\":\"https:\/\/secure.gravatar.com\/avatar\/f370d38daa10467f755c5c766a4cac20?s=96&d=mm&r=g\",\"contentUrl\":\"https:\/\/secure.gravatar.com\/avatar\/f370d38daa10467f755c5c766a4cac20?s=96&d=mm&r=g\",\"caption\":\"M. N., STA\"},\"url\":\"https:\/\/hudo.com\/si\/author\/mana\/\"}]}<\/script>\n<!-- \/ Yoast SEO plugin. -->","yoast_head_json":{"title":"Ryanair bo v za\u010detku jeseni zmanj\u0161al \u0161tevilo na\u010drtovanih letov, \u010de odhajate na dopust preverite - Hudo Slovenija","robots":{"index":"index","follow":"follow","max-snippet":"max-snippet:-1","max-image-preview":"max-image-preview:large","max-video-preview":"max-video-preview:-1"},"canonical":"https:\/\/hudo.com\/si\/aktualno\/ryanair-bo-v-zacetku-jeseni-zmanjsal-stevilo-nacrtovanih-letov-ce-odhajate-na-dopust-preverite\/","og_locale":"sl_SI","og_type":"article","og_title":"Ryanair bo v za\u010detku jeseni zmanj\u0161al \u0161tevilo na\u010drtovanih letov, \u010de odhajate na dopust preverite - Hudo Slovenija","og_description":"Irski nizkocenovni letalski prevoznik Ryanair bo septembra in oktobra ob manj rezervacijah zaradi vnovi\u010dnega \u0161irjenja novega koronavirusa po Evropi zmanj\u0161al \u0161tevilo letov za 20 odstotkov. Dr\u017eave za zajezitev oku\u017eb sprejemajo razli\u010dne ukrepe, \u0161tevilo rezervacij letalskih kart pa je v zadnjih dneh mo\u010dno upadlo.","og_url":"https:\/\/hudo.com\/si\/aktualno\/ryanair-bo-v-zacetku-jeseni-zmanjsal-stevilo-nacrtovanih-letov-ce-odhajate-na-dopust-preverite\/","og_site_name":"Hudo Slovenija","article_publisher":"https:\/\/www.facebook.com\/hudo.si","article_published_time":"2020-08-17T13:02:09+00:00","og_image":[{"width":1250,"height":833,"url":"https:\/\/hudo.com\/si\/wp-content\/uploads\/sites\/2\/2016\/11\/profimedia-0088426300.jpg","type":"image\/jpeg"}],"author":"M. N., STA","twitter_card":"summary_large_image","twitter_creator":"@hudo_si","twitter_site":"@hudo_si","twitter_misc":{"Written by":"M. N., STA"},"schema":{"@context":"https:\/\/schema.org","@graph":[{"@type":"Article","@id":"https:\/\/hudo.com\/si\/aktualno\/ryanair-bo-v-zacetku-jeseni-zmanjsal-stevilo-nacrtovanih-letov-ce-odhajate-na-dopust-preverite\/#article","isPartOf":{"@id":"https:\/\/hudo.com\/si\/aktualno\/ryanair-bo-v-zacetku-jeseni-zmanjsal-stevilo-nacrtovanih-letov-ce-odhajate-na-dopust-preverite\/"},"author":{"name":"M. N., STA","@id":"https:\/\/hudo.com\/si\/#\/schema\/person\/c2f10ce65d2e6ede2aeda5be2a0611fa"},"headline":"Ryanair bo v za\u010detku jeseni zmanj\u0161al \u0161tevilo na\u010drtovanih letov, \u010de odhajate na dopust preverite","datePublished":"2020-08-17T13:02:09+00:00","dateModified":"2020-08-17T13:02:09+00:00","mainEntityOfPage":{"@id":"https:\/\/hudo.com\/si\/aktualno\/ryanair-bo-v-zacetku-jeseni-zmanjsal-stevilo-nacrtovanih-letov-ce-odhajate-na-dopust-preverite\/"},"wordCount":93,"publisher":{"@id":"https:\/\/hudo.com\/si\/#organization"},"keywords":["koronavirus","letalski promet","ryanair"],"articleSection":["Aktualno"],"inLanguage":"sl-SI"},{"@type":"WebPage","@id":"https:\/\/hudo.com\/si\/aktualno\/ryanair-bo-v-zacetku-jeseni-zmanjsal-stevilo-nacrtovanih-letov-ce-odhajate-na-dopust-preverite\/","url":"https:\/\/hudo.com\/si\/aktualno\/ryanair-bo-v-zacetku-jeseni-zmanjsal-stevilo-nacrtovanih-letov-ce-odhajate-na-dopust-preverite\/","name":"Ryanair bo v za\u010detku jeseni zmanj\u0161al \u0161tevilo na\u010drtovanih letov, \u010de odhajate na dopust preverite - Hudo Slovenija","isPartOf":{"@id":"https:\/\/hudo.com\/si\/#website"},"datePublished":"2020-08-17T13:02:09+00:00","dateModified":"2020-08-17T13:02:09+00:00","breadcrumb":{"@id":"https:\/\/hudo.com\/si\/aktualno\/ryanair-bo-v-zacetku-jeseni-zmanjsal-stevilo-nacrtovanih-letov-ce-odhajate-na-dopust-preverite\/#breadcrumb"},"inLanguage":"sl-SI","potentialAction":[{"@type":"ReadAction","target":["https:\/\/hudo.com\/si\/aktualno\/ryanair-bo-v-zacetku-jeseni-zmanjsal-stevilo-nacrtovanih-letov-ce-odhajate-na-dopust-preverite\/"]}]},{"@type":"BreadcrumbList","@id":"https:\/\/hudo.com\/si\/aktualno\/ryanair-bo-v-zacetku-jeseni-zmanjsal-stevilo-nacrtovanih-letov-ce-odhajate-na-dopust-preverite\/#breadcrumb","itemListElement":[{"@type":"ListItem","position":1,"name":"Home","item":"https:\/\/hudo.com\/si\/"},{"@type":"ListItem","position":2,"name":"Ryanair bo v za\u010detku jeseni zmanj\u0161al \u0161tevilo na\u010drtovanih letov, \u010de odhajate na dopust preverite"}]},{"@type":"WebSite","@id":"https:\/\/hudo.com\/si\/#website","url":"https:\/\/hudo.com\/si\/","name":"Hudo Slovenija","description":"Vse novice iz Slovenije in sveta","publisher":{"@id":"https:\/\/hudo.com\/si\/#organization"},"potentialAction":[{"@type":"SearchAction","target":{"@type":"EntryPoint","urlTemplate":"https:\/\/hudo.com\/si\/?s={search_term_string}"},"query-input":"required name=search_term_string"}],"inLanguage":"sl-SI"},{"@type":"Organization","@id":"https:\/\/hudo.com\/si\/#organization","name":"VSN Media","url":"https:\/\/hudo.com\/si\/","logo":{"@type":"ImageObject","inLanguage":"sl-SI","@id":"https:\/\/hudo.com\/si\/#\/schema\/logo\/image\/","url":"https:\/\/hudo.com\/si\/wp-content\/uploads\/sites\/2\/2021\/03\/hudo-app-2.png","contentUrl":"https:\/\/hudo.com\/si\/wp-content\/uploads\/sites\/2\/2021\/03\/hudo-app-2.png","width":2185,"height":2167,"caption":"VSN Media"},"image":{"@id":"https:\/\/hudo.com\/si\/#\/schema\/logo\/image\/"},"sameAs":["https:\/\/www.facebook.com\/hudo.si","https:\/\/twitter.com\/hudo_si"]},{"@type":"Person","@id":"https:\/\/hudo.com\/si\/#\/schema\/person\/c2f10ce65d2e6ede2aeda5be2a0611fa","name":"M. N., STA","image":{"@type":"ImageObject","inLanguage":"sl-SI","@id":"https:\/\/hudo.com\/si\/#\/schema\/person\/image\/","url":"https:\/\/secure.gravatar.com\/avatar\/f370d38daa10467f755c5c766a4cac20?s=96&d=mm&r=g","contentUrl":"https:\/\/secure.gravatar.com\/avatar\/f370d38daa10467f755c5c766a4cac20?s=96&d=mm&r=g","caption":"M. N., STA"},"url":"https:\/\/hudo.com\/si\/author\/mana\/"}]}},"amp_enabled":true,"_links":{"self":[{"href":"https:\/\/hudo.com\/si\/wp-json\/wp\/v2\/posts\/430491"}],"collection":[{"href":"https:\/\/hudo.com\/si\/wp-json\/wp\/v2\/posts"}],"about":[{"href":"https:\/\/hudo.com\/si\/wp-json\/wp\/v2\/types\/post"}],"author":[{"embeddable":true,"href":"https:\/\/hudo.com\/si\/wp-json\/wp\/v2\/users\/8"}],"replies":[{"embeddable":true,"href":"https:\/\/hudo.com\/si\/wp-json\/wp\/v2\/comments?post=430491"}],"version-history":[{"count":1,"href":"https:\/\/hudo.com\/si\/wp-json\/wp\/v2\/posts\/430491\/revisions"}],"predecessor-version":[{"id":430492,"href":"https:\/\/hudo.com\/si\/wp-json\/wp\/v2\/posts\/430491\/revisions\/430492"}],"wp:featuredmedia":[{"embeddable":true,"href":"https:\/\/hudo.com\/si\/wp-json\/wp\/v2\/media\/170819"}],"wp:attachment":[{"href":"https:\/\/hudo.com\/si\/wp-json\/wp\/v2\/media?parent=430491"}],"wp:term":[{"taxonomy":"category","embeddable":true,"href":"https:\/\/hudo.com\/si\/wp-json\/wp\/v2\/categories?post=430491"},{"taxonomy":"post_tag","embeddable":true,"href":"https:\/\/hudo.com\/si\/wp-json\/wp\/v2\/tags?post=430491"},{"taxonomy":"source","embeddable":true,"href":"https:\/\/hudo.com\/si\/wp-json\/wp\/v2\/source?post=430491"},{"taxonomy":"supertag","embeddable":true,"href":"https:\/\/hudo.com\/si\/wp-json\/wp\/v2\/supertag?post=430491"}],"curies":[{"name":"wp","href":"https:\/\/api.w.org\/{rel}","templated":true}]}}