{"id":430885,"date":"2020-08-21T13:02:57","date_gmt":"2020-08-21T11:02:57","guid":{"rendered":"http:\/\/hudo.com\/si\/?p=430885"},"modified":"2020-08-21T13:02:57","modified_gmt":"2020-08-21T11:02:57","slug":"necepljeni-otroci-kmalu-ne-bodo-mogli-v-vrtec","status":"publish","type":"post","link":"https:\/\/hudo.com\/si\/aktualno\/necepljeni-otroci-kmalu-ne-bodo-mogli-v-vrtec\/","title":{"rendered":"Necepljeni otroci kmalu ne bodo mogli v vrtec"},"content":{"rendered":"<p>Dr\u017eavna sekretarka na ministrstvu za zdravje Bregantova je opozorila, da sku\u0161ajo nekateri star\u0161i neupravi\u010deno zavla\u010devati s cepljenjem otrok, v\u010dasih tudi tako dolgo, da otroci vmes \u017ee zrastejo, v tem \u010dasu pa ogro\u017eajo vse ostale. Posledica tega so bile po njenih besedah tudi nekatere oku\u017ebe z o\u0161picami.<\/p>\n<p>Sistem po njenih besedah po novem ne bo dopu\u0161\u010dal tak\u0161nega zavla\u010devanja. Otroci, ki ne bodo cepljeni v skladu s programom cepljenja, tako ne bodo mogli biti vklju\u010diti v javni vrtec ali v javno sofinanciran zasebni vrtec, prav tako jih ne bo mogo\u010de vpisati &#8220;v programe srednjih in visoko\u0161olskih zavodov ter fakultet s podro\u010dja zdravstva, vzgoje in izobra\u017eevanja in socialnega varstva&#8221;. Necepljeni otroci se tudi ne bodo mogli udele\u017eiti organiziranih letovanj, ki so financirana iz sredstev obveznega zdravstvenega zavarovanja. \u0160e vedno pa bo mogo\u010de necepljenega otroka vpisati v \u0161olo, saj je ta po zakonu obvezna.<\/p>\n<p>Vse omenjene omejitve po besedah Bregantove ne bodo veljale za otroke, ki jih ni mogo\u010de cepiti zaradi objektivnih razlogov. O (ne)obveznosti cepljenja bo v tem primeru odlo\u010dala posebna komisija, po odlo\u010ditvi slednje pa bo podatek, da za otroka ni obvezno cepljenje, v elektronski sistem vnesel njegov pediater.<\/p>\n<p>Pri dolo\u010dbah glede cepljenja so po besedah Bregantove krmarili med za\u0161\u010dito populacije in pravicami posameznika. &#8220;Nismo \u017eeleli bili preve\u010d restriktivni, smo pa \u017eeleli za\u0161\u010dititi populacijo,&#8221; je dejala.<\/p>\n<p>S predlogom novega zakona po besedah dr\u017eavne sekretarke na novo urejajo tudi podro\u010dje epidemiolo\u0161kega spremljanja nalezljivih bolezni in oku\u017eb. Trenutni zakon o nalezljivih boleznih na tem podro\u010dju ni slab, a ne odgovarja na vse izzive, ki jih je pred dru\u017ebo postavil novi koronavirus, je opozorila.<\/p>\n<p>Po novem bodo morali tako o prepoznanih povzro\u010diteljih nalezljivih bolezni poro\u010dati vsi mikrobiolo\u0161ki laboratoriji, akreditirani s strani ministrstva, zdravniki pa le o dolo\u010denem naboru nalezljivih bolezni, predvsem zato, da se jih razbremeni.<\/p>\n<p>Predlog zakona dolo\u010da tri vrste karantene za oku\u017eene &#8211; karanteno na domu po tesnem stiku z oku\u017eeno osebo, karanteno na domu po prihodu z obmo\u010dij z visokim tveganjem, ter karanteno, s katero se osebi deloma ali v celoti omeji svobodo gibanja, kar velja zlasti za te\u017eke nalezljive bolezni, kot so na primer kuga, ebola in podobno. Opredeljuje tudi institucije, ki odredijo karanteno, saj je bilo do zdaj na tem podro\u010dju nekaj zagat, je dejala Bregantova.<\/p>\n<p>S predlogom novega zakona vzpostavljajo \u0161e stabilnej\u0161i sistem spremljanja porabe protimikrobnih zdravil ter na novo dolo\u010dajo postopke obvladovanja oku\u017eb, povezanih z zdravstveno oskrbo.<\/p>\n<p>Glede na to, da prihaja jesen, je Bregantova na koncu vse tudi pozvala, naj se cepijo proti gripi, starej\u0161i pa tudi proti pnevmokoku. &#8220;\u010ce bomo namre\u010d prebolevali gripo in \u0161e covid-19, tudi mlaj\u0161i tega ne bomo preboleli na lahek na\u010din,&#8221; je dejala.<\/p>\n<p>Sicer pa bo po njenih besedah v soboto v uradnem listu objavljen letni program cepljenja in za\u0161\u010dite z zdravili, ki bo v sezoni 2020\/2022 omogo\u010dil brezpla\u010dno cepljenje proti gripi za otroke v starosti od \u0161est do 23 mesecev.<\/p>\n","protected":false},"excerpt":{"rendered":"<p>Predlog zakona o nalezljivih boleznih dolo\u010da, da necepljenih otrok ne bo mogo\u010de vklju\u010diti v javno financiran vrtec ter nekatere srednje in visoke \u0161ole ter fakultete. Po besedah dr\u017eavne sekretarke Tine Bregant \u017eelijo s tem prepre\u010diti neupravi\u010deno izogibanje cepljenju in za\u0161\u010dititi populacijo. Predlog bo v javni obravnavi do 30. septembra.<\/p>\n","protected":false},"author":5,"featured_media":358012,"comment_status":"closed","ping_status":"closed","sticky":false,"template":"","format":"standard","meta":{"footnotes":""},"categories":[1179],"tags":[5060,1652,1595,4316],"source":[4511],"supertag":[5675],"acf":[],"yoast_head":"<!-- This site is optimized with the Yoast SEO plugin v21.3 - https:\/\/yoast.com\/wordpress\/plugins\/seo\/ -->\n<title>Necepljeni otroci kmalu ne bodo mogli v vrtec - Hudo Slovenija<\/title>\n<meta name=\"robots\" content=\"index, follow, max-snippet:-1, max-image-preview:large, max-video-preview:-1\" \/>\n<link rel=\"canonical\" href=\"https:\/\/hudo.com\/si\/aktualno\/necepljeni-otroci-kmalu-ne-bodo-mogli-v-vrtec\/\" \/>\n<meta property=\"og:locale\" content=\"sl_SI\" \/>\n<meta property=\"og:type\" content=\"article\" \/>\n<meta property=\"og:title\" content=\"Necepljeni otroci kmalu ne bodo mogli v vrtec - Hudo Slovenija\" \/>\n<meta property=\"og:description\" content=\"Predlog zakona o nalezljivih boleznih dolo\u010da, da necepljenih otrok ne bo mogo\u010de vklju\u010diti v javno financiran vrtec ter nekatere srednje in visoke \u0161ole ter fakultete. Po besedah dr\u017eavne sekretarke Tine Bregant \u017eelijo s tem prepre\u010diti neupravi\u010deno izogibanje cepljenju in za\u0161\u010dititi populacijo. Predlog bo v javni obravnavi do 30. septembra.\" \/>\n<meta property=\"og:url\" content=\"https:\/\/hudo.com\/si\/aktualno\/necepljeni-otroci-kmalu-ne-bodo-mogli-v-vrtec\/\" \/>\n<meta property=\"og:site_name\" content=\"Hudo Slovenija\" \/>\n<meta property=\"article:publisher\" content=\"https:\/\/www.facebook.com\/hudo.si\" \/>\n<meta property=\"article:published_time\" content=\"2020-08-21T11:02:57+00:00\" \/>\n<meta property=\"og:image\" content=\"https:\/\/hudo.com\/si\/wp-content\/uploads\/sites\/2\/2018\/02\/profimedia-0310598287.jpg\" \/>\n\t<meta property=\"og:image:width\" content=\"1250\" \/>\n\t<meta property=\"og:image:height\" content=\"833\" \/>\n\t<meta property=\"og:image:type\" content=\"image\/jpeg\" \/>\n<meta name=\"author\" content=\"A. G., STA\" \/>\n<meta name=\"twitter:card\" content=\"summary_large_image\" \/>\n<meta name=\"twitter:creator\" content=\"@hudo_si\" \/>\n<meta name=\"twitter:site\" content=\"@hudo_si\" \/>\n<meta name=\"twitter:label1\" content=\"Written by\" \/>\n\t<meta name=\"twitter:data1\" content=\"A. G., STA\" \/>\n\t<meta name=\"twitter:label2\" content=\"Est. reading time\" \/>\n\t<meta name=\"twitter:data2\" content=\"3 minute\" \/>\n<script type=\"application\/ld+json\" class=\"yoast-schema-graph\">{\"@context\":\"https:\/\/schema.org\",\"@graph\":[{\"@type\":\"Article\",\"@id\":\"https:\/\/hudo.com\/si\/aktualno\/necepljeni-otroci-kmalu-ne-bodo-mogli-v-vrtec\/#article\",\"isPartOf\":{\"@id\":\"https:\/\/hudo.com\/si\/aktualno\/necepljeni-otroci-kmalu-ne-bodo-mogli-v-vrtec\/\"},\"author\":{\"name\":\"A. G., STA\",\"@id\":\"https:\/\/hudo.com\/si\/#\/schema\/person\/2391667a63ea075ba94f2f2dc6b77537\"},\"headline\":\"Necepljeni otroci kmalu ne bodo mogli v vrtec\",\"datePublished\":\"2020-08-21T11:02:57+00:00\",\"dateModified\":\"2020-08-21T11:02:57+00:00\",\"mainEntityOfPage\":{\"@id\":\"https:\/\/hudo.com\/si\/aktualno\/necepljeni-otroci-kmalu-ne-bodo-mogli-v-vrtec\/\"},\"wordCount\":526,\"publisher\":{\"@id\":\"https:\/\/hudo.com\/si\/#organization\"},\"keywords\":[\"cepljenje\",\"otroci\",\"Slovenija\",\"vrtec\"],\"articleSection\":[\"Aktualno\"],\"inLanguage\":\"sl-SI\"},{\"@type\":\"WebPage\",\"@id\":\"https:\/\/hudo.com\/si\/aktualno\/necepljeni-otroci-kmalu-ne-bodo-mogli-v-vrtec\/\",\"url\":\"https:\/\/hudo.com\/si\/aktualno\/necepljeni-otroci-kmalu-ne-bodo-mogli-v-vrtec\/\",\"name\":\"Necepljeni otroci kmalu ne bodo mogli v vrtec - Hudo Slovenija\",\"isPartOf\":{\"@id\":\"https:\/\/hudo.com\/si\/#website\"},\"datePublished\":\"2020-08-21T11:02:57+00:00\",\"dateModified\":\"2020-08-21T11:02:57+00:00\",\"breadcrumb\":{\"@id\":\"https:\/\/hudo.com\/si\/aktualno\/necepljeni-otroci-kmalu-ne-bodo-mogli-v-vrtec\/#breadcrumb\"},\"inLanguage\":\"sl-SI\",\"potentialAction\":[{\"@type\":\"ReadAction\",\"target\":[\"https:\/\/hudo.com\/si\/aktualno\/necepljeni-otroci-kmalu-ne-bodo-mogli-v-vrtec\/\"]}]},{\"@type\":\"BreadcrumbList\",\"@id\":\"https:\/\/hudo.com\/si\/aktualno\/necepljeni-otroci-kmalu-ne-bodo-mogli-v-vrtec\/#breadcrumb\",\"itemListElement\":[{\"@type\":\"ListItem\",\"position\":1,\"name\":\"Home\",\"item\":\"https:\/\/hudo.com\/si\/\"},{\"@type\":\"ListItem\",\"position\":2,\"name\":\"Necepljeni otroci kmalu ne bodo mogli v vrtec\"}]},{\"@type\":\"WebSite\",\"@id\":\"https:\/\/hudo.com\/si\/#website\",\"url\":\"https:\/\/hudo.com\/si\/\",\"name\":\"Hudo Slovenija\",\"description\":\"Vse novice iz Slovenije in sveta\",\"publisher\":{\"@id\":\"https:\/\/hudo.com\/si\/#organization\"},\"potentialAction\":[{\"@type\":\"SearchAction\",\"target\":{\"@type\":\"EntryPoint\",\"urlTemplate\":\"https:\/\/hudo.com\/si\/?s={search_term_string}\"},\"query-input\":\"required name=search_term_string\"}],\"inLanguage\":\"sl-SI\"},{\"@type\":\"Organization\",\"@id\":\"https:\/\/hudo.com\/si\/#organization\",\"name\":\"VSN Media\",\"url\":\"https:\/\/hudo.com\/si\/\",\"logo\":{\"@type\":\"ImageObject\",\"inLanguage\":\"sl-SI\",\"@id\":\"https:\/\/hudo.com\/si\/#\/schema\/logo\/image\/\",\"url\":\"https:\/\/hudo.com\/si\/wp-content\/uploads\/sites\/2\/2021\/03\/hudo-app-2.png\",\"contentUrl\":\"https:\/\/hudo.com\/si\/wp-content\/uploads\/sites\/2\/2021\/03\/hudo-app-2.png\",\"width\":2185,\"height\":2167,\"caption\":\"VSN Media\"},\"image\":{\"@id\":\"https:\/\/hudo.com\/si\/#\/schema\/logo\/image\/\"},\"sameAs\":[\"https:\/\/www.facebook.com\/hudo.si\",\"https:\/\/twitter.com\/hudo_si\"]},{\"@type\":\"Person\",\"@id\":\"https:\/\/hudo.com\/si\/#\/schema\/person\/2391667a63ea075ba94f2f2dc6b77537\",\"name\":\"A. G., STA\",\"image\":{\"@type\":\"ImageObject\",\"inLanguage\":\"sl-SI\",\"@id\":\"https:\/\/hudo.com\/si\/#\/schema\/person\/image\/\",\"url\":\"https:\/\/secure.gravatar.com\/avatar\/e13d22ac3e442658d5025fbbe6238a79?s=96&d=mm&r=g\",\"contentUrl\":\"https:\/\/secure.gravatar.com\/avatar\/e13d22ac3e442658d5025fbbe6238a79?s=96&d=mm&r=g\",\"caption\":\"A. G., STA\"},\"url\":\"https:\/\/hudo.com\/si\/author\/alenka\/\"}]}<\/script>\n<!-- \/ Yoast SEO plugin. -->","yoast_head_json":{"title":"Necepljeni otroci kmalu ne bodo mogli v vrtec - Hudo Slovenija","robots":{"index":"index","follow":"follow","max-snippet":"max-snippet:-1","max-image-preview":"max-image-preview:large","max-video-preview":"max-video-preview:-1"},"canonical":"https:\/\/hudo.com\/si\/aktualno\/necepljeni-otroci-kmalu-ne-bodo-mogli-v-vrtec\/","og_locale":"sl_SI","og_type":"article","og_title":"Necepljeni otroci kmalu ne bodo mogli v vrtec - Hudo Slovenija","og_description":"Predlog zakona o nalezljivih boleznih dolo\u010da, da necepljenih otrok ne bo mogo\u010de vklju\u010diti v javno financiran vrtec ter nekatere srednje in visoke \u0161ole ter fakultete. Po besedah dr\u017eavne sekretarke Tine Bregant \u017eelijo s tem prepre\u010diti neupravi\u010deno izogibanje cepljenju in za\u0161\u010dititi populacijo. Predlog bo v javni obravnavi do 30. septembra.","og_url":"https:\/\/hudo.com\/si\/aktualno\/necepljeni-otroci-kmalu-ne-bodo-mogli-v-vrtec\/","og_site_name":"Hudo Slovenija","article_publisher":"https:\/\/www.facebook.com\/hudo.si","article_published_time":"2020-08-21T11:02:57+00:00","og_image":[{"width":1250,"height":833,"url":"https:\/\/hudo.com\/si\/wp-content\/uploads\/sites\/2\/2018\/02\/profimedia-0310598287.jpg","type":"image\/jpeg"}],"author":"A. G., STA","twitter_card":"summary_large_image","twitter_creator":"@hudo_si","twitter_site":"@hudo_si","twitter_misc":{"Written by":"A. G., STA","Est. reading time":"3 minute"},"schema":{"@context":"https:\/\/schema.org","@graph":[{"@type":"Article","@id":"https:\/\/hudo.com\/si\/aktualno\/necepljeni-otroci-kmalu-ne-bodo-mogli-v-vrtec\/#article","isPartOf":{"@id":"https:\/\/hudo.com\/si\/aktualno\/necepljeni-otroci-kmalu-ne-bodo-mogli-v-vrtec\/"},"author":{"name":"A. G., STA","@id":"https:\/\/hudo.com\/si\/#\/schema\/person\/2391667a63ea075ba94f2f2dc6b77537"},"headline":"Necepljeni otroci kmalu ne bodo mogli v vrtec","datePublished":"2020-08-21T11:02:57+00:00","dateModified":"2020-08-21T11:02:57+00:00","mainEntityOfPage":{"@id":"https:\/\/hudo.com\/si\/aktualno\/necepljeni-otroci-kmalu-ne-bodo-mogli-v-vrtec\/"},"wordCount":526,"publisher":{"@id":"https:\/\/hudo.com\/si\/#organization"},"keywords":["cepljenje","otroci","Slovenija","vrtec"],"articleSection":["Aktualno"],"inLanguage":"sl-SI"},{"@type":"WebPage","@id":"https:\/\/hudo.com\/si\/aktualno\/necepljeni-otroci-kmalu-ne-bodo-mogli-v-vrtec\/","url":"https:\/\/hudo.com\/si\/aktualno\/necepljeni-otroci-kmalu-ne-bodo-mogli-v-vrtec\/","name":"Necepljeni otroci kmalu ne bodo mogli v vrtec - Hudo Slovenija","isPartOf":{"@id":"https:\/\/hudo.com\/si\/#website"},"datePublished":"2020-08-21T11:02:57+00:00","dateModified":"2020-08-21T11:02:57+00:00","breadcrumb":{"@id":"https:\/\/hudo.com\/si\/aktualno\/necepljeni-otroci-kmalu-ne-bodo-mogli-v-vrtec\/#breadcrumb"},"inLanguage":"sl-SI","potentialAction":[{"@type":"ReadAction","target":["https:\/\/hudo.com\/si\/aktualno\/necepljeni-otroci-kmalu-ne-bodo-mogli-v-vrtec\/"]}]},{"@type":"BreadcrumbList","@id":"https:\/\/hudo.com\/si\/aktualno\/necepljeni-otroci-kmalu-ne-bodo-mogli-v-vrtec\/#breadcrumb","itemListElement":[{"@type":"ListItem","position":1,"name":"Home","item":"https:\/\/hudo.com\/si\/"},{"@type":"ListItem","position":2,"name":"Necepljeni otroci kmalu ne bodo mogli v vrtec"}]},{"@type":"WebSite","@id":"https:\/\/hudo.com\/si\/#website","url":"https:\/\/hudo.com\/si\/","name":"Hudo Slovenija","description":"Vse novice iz Slovenije in sveta","publisher":{"@id":"https:\/\/hudo.com\/si\/#organization"},"potentialAction":[{"@type":"SearchAction","target":{"@type":"EntryPoint","urlTemplate":"https:\/\/hudo.com\/si\/?s={search_term_string}"},"query-input":"required name=search_term_string"}],"inLanguage":"sl-SI"},{"@type":"Organization","@id":"https:\/\/hudo.com\/si\/#organization","name":"VSN Media","url":"https:\/\/hudo.com\/si\/","logo":{"@type":"ImageObject","inLanguage":"sl-SI","@id":"https:\/\/hudo.com\/si\/#\/schema\/logo\/image\/","url":"https:\/\/hudo.com\/si\/wp-content\/uploads\/sites\/2\/2021\/03\/hudo-app-2.png","contentUrl":"https:\/\/hudo.com\/si\/wp-content\/uploads\/sites\/2\/2021\/03\/hudo-app-2.png","width":2185,"height":2167,"caption":"VSN Media"},"image":{"@id":"https:\/\/hudo.com\/si\/#\/schema\/logo\/image\/"},"sameAs":["https:\/\/www.facebook.com\/hudo.si","https:\/\/twitter.com\/hudo_si"]},{"@type":"Person","@id":"https:\/\/hudo.com\/si\/#\/schema\/person\/2391667a63ea075ba94f2f2dc6b77537","name":"A. G., STA","image":{"@type":"ImageObject","inLanguage":"sl-SI","@id":"https:\/\/hudo.com\/si\/#\/schema\/person\/image\/","url":"https:\/\/secure.gravatar.com\/avatar\/e13d22ac3e442658d5025fbbe6238a79?s=96&d=mm&r=g","contentUrl":"https:\/\/secure.gravatar.com\/avatar\/e13d22ac3e442658d5025fbbe6238a79?s=96&d=mm&r=g","caption":"A. G., STA"},"url":"https:\/\/hudo.com\/si\/author\/alenka\/"}]}},"amp_enabled":true,"_links":{"self":[{"href":"https:\/\/hudo.com\/si\/wp-json\/wp\/v2\/posts\/430885"}],"collection":[{"href":"https:\/\/hudo.com\/si\/wp-json\/wp\/v2\/posts"}],"about":[{"href":"https:\/\/hudo.com\/si\/wp-json\/wp\/v2\/types\/post"}],"author":[{"embeddable":true,"href":"https:\/\/hudo.com\/si\/wp-json\/wp\/v2\/users\/5"}],"replies":[{"embeddable":true,"href":"https:\/\/hudo.com\/si\/wp-json\/wp\/v2\/comments?post=430885"}],"version-history":[{"count":1,"href":"https:\/\/hudo.com\/si\/wp-json\/wp\/v2\/posts\/430885\/revisions"}],"predecessor-version":[{"id":430886,"href":"https:\/\/hudo.com\/si\/wp-json\/wp\/v2\/posts\/430885\/revisions\/430886"}],"wp:featuredmedia":[{"embeddable":true,"href":"https:\/\/hudo.com\/si\/wp-json\/wp\/v2\/media\/358012"}],"wp:attachment":[{"href":"https:\/\/hudo.com\/si\/wp-json\/wp\/v2\/media?parent=430885"}],"wp:term":[{"taxonomy":"category","embeddable":true,"href":"https:\/\/hudo.com\/si\/wp-json\/wp\/v2\/categories?post=430885"},{"taxonomy":"post_tag","embeddable":true,"href":"https:\/\/hudo.com\/si\/wp-json\/wp\/v2\/tags?post=430885"},{"taxonomy":"source","embeddable":true,"href":"https:\/\/hudo.com\/si\/wp-json\/wp\/v2\/source?post=430885"},{"taxonomy":"supertag","embeddable":true,"href":"https:\/\/hudo.com\/si\/wp-json\/wp\/v2\/supertag?post=430885"}],"curies":[{"name":"wp","href":"https:\/\/api.w.org\/{rel}","templated":true}]}}