{"id":43142,"date":"2016-05-01T04:00:00","date_gmt":"2016-05-01T02:00:00","guid":{"rendered":"http:\/\/hudo.com\/si\/2016\/05\/01\/cilj-je-pot-ne-pa-tocka-proti-kateri-gremo\/"},"modified":"2016-05-02T21:41:16","modified_gmt":"2016-05-02T19:41:16","slug":"cilj-je-pot-ne-pa-tocka-proti-kateri-gremo","status":"publish","type":"post","link":"https:\/\/hudo.com\/si\/aktualno\/cilj-je-pot-ne-pa-tocka-proti-kateri-gremo\/","title":{"rendered":"Cilj je pot, ne pa to\u010dka, proti kateri gremo"},"content":{"rendered":"<p>\u201cNe morem re\u010di, da hodim, ker sem veren. Bi pa lagal, \u010de bi rekel, da grem samo zato, da bi hodil. Morda mi je to ostalo \u0161e iz otro\u0161tva, ko sem s stricem hodil iz Javorja k ma\u0161i v Hru\u0161ico. Eno uro so mo\u017eakarji hodili do cerkve, pa potem sploh niso \u0161li k ma\u0161i, ampak so stali pred cerkvijo. In potem so eno uro hodili domov,\u201d o smislu svojih poti na glas razmi\u0161lja 65-letni Rado Sluga, Kopr\u010dan, ki se ima za Brkinca.<\/p>\n","protected":false},"excerpt":{"rendered":"<p>\u201cNe morem re\u010di, da hodim, ker sem veren. Bi pa lagal, \u010de bi rekel, da grem samo zato, da bi hodil. Morda mi je to ostalo \u0161e iz otro\u0161tva, ko sem s stricem hodil iz Javorja k ma\u0161i v Hru\u0161ico. Eno uro so mo\u017eakarji hodili do cerkve, pa potem sploh niso \u0161li k ma\u0161i, ampak so stali pred cerkvijo. In potem so eno uro hodili domov,\u201d o smislu svojih poti na glas razmi\u0161lja 65-letni Rado Sluga, Kopr\u010dan, ki se ima za Brkinca.<\/p>\n","protected":false},"author":1,"featured_media":0,"comment_status":"closed","ping_status":"closed","sticky":false,"template":"","format":"standard","meta":{"footnotes":""},"categories":[1179],"tags":[],"source":[1707],"supertag":[],"acf":[],"yoast_head":"<!-- This site is optimized with the Yoast SEO plugin v21.3 - https:\/\/yoast.com\/wordpress\/plugins\/seo\/ -->\n<title>Cilj je pot, ne pa to\u010dka, proti kateri gremo - Hudo Slovenija<\/title>\n<meta name=\"robots\" content=\"index, follow, max-snippet:-1, max-image-preview:large, max-video-preview:-1\" \/>\n<link rel=\"canonical\" href=\"https:\/\/hudo.com\/si\/aktualno\/cilj-je-pot-ne-pa-tocka-proti-kateri-gremo\/\" \/>\n<meta property=\"og:locale\" content=\"sl_SI\" \/>\n<meta property=\"og:type\" content=\"article\" \/>\n<meta property=\"og:title\" content=\"Cilj je pot, ne pa to\u010dka, proti kateri gremo - Hudo Slovenija\" \/>\n<meta property=\"og:description\" content=\"\u201cNe morem re\u010di, da hodim, ker sem veren. Bi pa lagal, \u010de bi rekel, da grem samo zato, da bi hodil. Morda mi je to ostalo \u0161e iz otro\u0161tva, ko sem s stricem hodil iz Javorja k ma\u0161i v Hru\u0161ico. Eno uro so mo\u017eakarji hodili do cerkve, pa potem sploh niso \u0161li k ma\u0161i, ampak so stali pred cerkvijo. In potem so eno uro hodili domov,\u201d o smislu svojih poti na glas razmi\u0161lja 65-letni Rado Sluga, Kopr\u010dan, ki se ima za Brkinca.\" \/>\n<meta property=\"og:url\" content=\"https:\/\/hudo.com\/si\/aktualno\/cilj-je-pot-ne-pa-tocka-proti-kateri-gremo\/\" \/>\n<meta property=\"og:site_name\" content=\"Hudo Slovenija\" \/>\n<meta property=\"article:publisher\" content=\"https:\/\/www.facebook.com\/hudo.si\" \/>\n<meta property=\"article:published_time\" content=\"2016-05-01T02:00:00+00:00\" \/>\n<meta property=\"article:modified_time\" content=\"2016-05-02T19:41:16+00:00\" \/>\n<meta property=\"og:image\" content=\"https:\/\/hudo.com\/si\/wp-content\/uploads\/sites\/2\/2016\/05\/093-RADO6.jpg\" \/>\n\t<meta property=\"og:image:width\" content=\"620\" \/>\n\t<meta property=\"og:image:height\" content=\"413\" \/>\n\t<meta property=\"og:image:type\" content=\"image\/jpeg\" \/>\n<meta name=\"author\" content=\"hudo\" \/>\n<meta name=\"twitter:card\" content=\"summary_large_image\" \/>\n<meta name=\"twitter:creator\" content=\"@hudo_si\" \/>\n<meta name=\"twitter:site\" content=\"@hudo_si\" \/>\n<meta name=\"twitter:label1\" content=\"Written by\" \/>\n\t<meta name=\"twitter:data1\" content=\"hudo\" \/>\n<script type=\"application\/ld+json\" class=\"yoast-schema-graph\">{\"@context\":\"https:\/\/schema.org\",\"@graph\":[{\"@type\":\"Article\",\"@id\":\"https:\/\/hudo.com\/si\/aktualno\/cilj-je-pot-ne-pa-tocka-proti-kateri-gremo\/#article\",\"isPartOf\":{\"@id\":\"https:\/\/hudo.com\/si\/aktualno\/cilj-je-pot-ne-pa-tocka-proti-kateri-gremo\/\"},\"author\":{\"name\":\"hudo\",\"@id\":\"https:\/\/hudo.com\/si\/#\/schema\/person\/601cf3379633985b20f7e50f2bb47707\"},\"headline\":\"Cilj je pot, ne pa to\u010dka, proti kateri gremo\",\"datePublished\":\"2016-05-01T02:00:00+00:00\",\"dateModified\":\"2016-05-02T19:41:16+00:00\",\"mainEntityOfPage\":{\"@id\":\"https:\/\/hudo.com\/si\/aktualno\/cilj-je-pot-ne-pa-tocka-proti-kateri-gremo\/\"},\"wordCount\":100,\"publisher\":{\"@id\":\"https:\/\/hudo.com\/si\/#organization\"},\"articleSection\":[\"Aktualno\"],\"inLanguage\":\"sl-SI\"},{\"@type\":\"WebPage\",\"@id\":\"https:\/\/hudo.com\/si\/aktualno\/cilj-je-pot-ne-pa-tocka-proti-kateri-gremo\/\",\"url\":\"https:\/\/hudo.com\/si\/aktualno\/cilj-je-pot-ne-pa-tocka-proti-kateri-gremo\/\",\"name\":\"Cilj je pot, ne pa to\u010dka, proti kateri gremo - Hudo Slovenija\",\"isPartOf\":{\"@id\":\"https:\/\/hudo.com\/si\/#website\"},\"datePublished\":\"2016-05-01T02:00:00+00:00\",\"dateModified\":\"2016-05-02T19:41:16+00:00\",\"breadcrumb\":{\"@id\":\"https:\/\/hudo.com\/si\/aktualno\/cilj-je-pot-ne-pa-tocka-proti-kateri-gremo\/#breadcrumb\"},\"inLanguage\":\"sl-SI\",\"potentialAction\":[{\"@type\":\"ReadAction\",\"target\":[\"https:\/\/hudo.com\/si\/aktualno\/cilj-je-pot-ne-pa-tocka-proti-kateri-gremo\/\"]}]},{\"@type\":\"BreadcrumbList\",\"@id\":\"https:\/\/hudo.com\/si\/aktualno\/cilj-je-pot-ne-pa-tocka-proti-kateri-gremo\/#breadcrumb\",\"itemListElement\":[{\"@type\":\"ListItem\",\"position\":1,\"name\":\"Home\",\"item\":\"https:\/\/hudo.com\/si\/\"},{\"@type\":\"ListItem\",\"position\":2,\"name\":\"Cilj je pot, ne pa to\u010dka, proti kateri gremo\"}]},{\"@type\":\"WebSite\",\"@id\":\"https:\/\/hudo.com\/si\/#website\",\"url\":\"https:\/\/hudo.com\/si\/\",\"name\":\"Hudo Slovenija\",\"description\":\"Vse novice iz Slovenije in sveta\",\"publisher\":{\"@id\":\"https:\/\/hudo.com\/si\/#organization\"},\"potentialAction\":[{\"@type\":\"SearchAction\",\"target\":{\"@type\":\"EntryPoint\",\"urlTemplate\":\"https:\/\/hudo.com\/si\/?s={search_term_string}\"},\"query-input\":\"required name=search_term_string\"}],\"inLanguage\":\"sl-SI\"},{\"@type\":\"Organization\",\"@id\":\"https:\/\/hudo.com\/si\/#organization\",\"name\":\"VSN Media\",\"url\":\"https:\/\/hudo.com\/si\/\",\"logo\":{\"@type\":\"ImageObject\",\"inLanguage\":\"sl-SI\",\"@id\":\"https:\/\/hudo.com\/si\/#\/schema\/logo\/image\/\",\"url\":\"https:\/\/hudo.com\/si\/wp-content\/uploads\/sites\/2\/2021\/03\/hudo-app-2.png\",\"contentUrl\":\"https:\/\/hudo.com\/si\/wp-content\/uploads\/sites\/2\/2021\/03\/hudo-app-2.png\",\"width\":2185,\"height\":2167,\"caption\":\"VSN Media\"},\"image\":{\"@id\":\"https:\/\/hudo.com\/si\/#\/schema\/logo\/image\/\"},\"sameAs\":[\"https:\/\/www.facebook.com\/hudo.si\",\"https:\/\/twitter.com\/hudo_si\"]},{\"@type\":\"Person\",\"@id\":\"https:\/\/hudo.com\/si\/#\/schema\/person\/601cf3379633985b20f7e50f2bb47707\",\"name\":\"hudo\",\"image\":{\"@type\":\"ImageObject\",\"inLanguage\":\"sl-SI\",\"@id\":\"https:\/\/hudo.com\/si\/#\/schema\/person\/image\/\",\"url\":\"https:\/\/secure.gravatar.com\/avatar\/c4ca25fa72cace7a696b52ff5db9e095?s=96&d=mm&r=g\",\"contentUrl\":\"https:\/\/secure.gravatar.com\/avatar\/c4ca25fa72cace7a696b52ff5db9e095?s=96&d=mm&r=g\",\"caption\":\"hudo\"},\"url\":\"https:\/\/hudo.com\/si\/author\/hudo\/\"}]}<\/script>\n<!-- \/ Yoast SEO plugin. -->","yoast_head_json":{"title":"Cilj je pot, ne pa to\u010dka, proti kateri gremo - Hudo Slovenija","robots":{"index":"index","follow":"follow","max-snippet":"max-snippet:-1","max-image-preview":"max-image-preview:large","max-video-preview":"max-video-preview:-1"},"canonical":"https:\/\/hudo.com\/si\/aktualno\/cilj-je-pot-ne-pa-tocka-proti-kateri-gremo\/","og_locale":"sl_SI","og_type":"article","og_title":"Cilj je pot, ne pa to\u010dka, proti kateri gremo - Hudo Slovenija","og_description":"\u201cNe morem re\u010di, da hodim, ker sem veren. Bi pa lagal, \u010de bi rekel, da grem samo zato, da bi hodil. Morda mi je to ostalo \u0161e iz otro\u0161tva, ko sem s stricem hodil iz Javorja k ma\u0161i v Hru\u0161ico. Eno uro so mo\u017eakarji hodili do cerkve, pa potem sploh niso \u0161li k ma\u0161i, ampak so stali pred cerkvijo. In potem so eno uro hodili domov,\u201d o smislu svojih poti na glas razmi\u0161lja 65-letni Rado Sluga, Kopr\u010dan, ki se ima za Brkinca.","og_url":"https:\/\/hudo.com\/si\/aktualno\/cilj-je-pot-ne-pa-tocka-proti-kateri-gremo\/","og_site_name":"Hudo Slovenija","article_publisher":"https:\/\/www.facebook.com\/hudo.si","article_published_time":"2016-05-01T02:00:00+00:00","article_modified_time":"2016-05-02T19:41:16+00:00","og_image":[{"width":620,"height":413,"url":"https:\/\/hudo.com\/si\/wp-content\/uploads\/sites\/2\/2016\/05\/093-RADO6.jpg","type":"image\/jpeg"}],"author":"hudo","twitter_card":"summary_large_image","twitter_creator":"@hudo_si","twitter_site":"@hudo_si","twitter_misc":{"Written by":"hudo"},"schema":{"@context":"https:\/\/schema.org","@graph":[{"@type":"Article","@id":"https:\/\/hudo.com\/si\/aktualno\/cilj-je-pot-ne-pa-tocka-proti-kateri-gremo\/#article","isPartOf":{"@id":"https:\/\/hudo.com\/si\/aktualno\/cilj-je-pot-ne-pa-tocka-proti-kateri-gremo\/"},"author":{"name":"hudo","@id":"https:\/\/hudo.com\/si\/#\/schema\/person\/601cf3379633985b20f7e50f2bb47707"},"headline":"Cilj je pot, ne pa to\u010dka, proti kateri gremo","datePublished":"2016-05-01T02:00:00+00:00","dateModified":"2016-05-02T19:41:16+00:00","mainEntityOfPage":{"@id":"https:\/\/hudo.com\/si\/aktualno\/cilj-je-pot-ne-pa-tocka-proti-kateri-gremo\/"},"wordCount":100,"publisher":{"@id":"https:\/\/hudo.com\/si\/#organization"},"articleSection":["Aktualno"],"inLanguage":"sl-SI"},{"@type":"WebPage","@id":"https:\/\/hudo.com\/si\/aktualno\/cilj-je-pot-ne-pa-tocka-proti-kateri-gremo\/","url":"https:\/\/hudo.com\/si\/aktualno\/cilj-je-pot-ne-pa-tocka-proti-kateri-gremo\/","name":"Cilj je pot, ne pa to\u010dka, proti kateri gremo - Hudo Slovenija","isPartOf":{"@id":"https:\/\/hudo.com\/si\/#website"},"datePublished":"2016-05-01T02:00:00+00:00","dateModified":"2016-05-02T19:41:16+00:00","breadcrumb":{"@id":"https:\/\/hudo.com\/si\/aktualno\/cilj-je-pot-ne-pa-tocka-proti-kateri-gremo\/#breadcrumb"},"inLanguage":"sl-SI","potentialAction":[{"@type":"ReadAction","target":["https:\/\/hudo.com\/si\/aktualno\/cilj-je-pot-ne-pa-tocka-proti-kateri-gremo\/"]}]},{"@type":"BreadcrumbList","@id":"https:\/\/hudo.com\/si\/aktualno\/cilj-je-pot-ne-pa-tocka-proti-kateri-gremo\/#breadcrumb","itemListElement":[{"@type":"ListItem","position":1,"name":"Home","item":"https:\/\/hudo.com\/si\/"},{"@type":"ListItem","position":2,"name":"Cilj je pot, ne pa to\u010dka, proti kateri gremo"}]},{"@type":"WebSite","@id":"https:\/\/hudo.com\/si\/#website","url":"https:\/\/hudo.com\/si\/","name":"Hudo Slovenija","description":"Vse novice iz Slovenije in sveta","publisher":{"@id":"https:\/\/hudo.com\/si\/#organization"},"potentialAction":[{"@type":"SearchAction","target":{"@type":"EntryPoint","urlTemplate":"https:\/\/hudo.com\/si\/?s={search_term_string}"},"query-input":"required name=search_term_string"}],"inLanguage":"sl-SI"},{"@type":"Organization","@id":"https:\/\/hudo.com\/si\/#organization","name":"VSN Media","url":"https:\/\/hudo.com\/si\/","logo":{"@type":"ImageObject","inLanguage":"sl-SI","@id":"https:\/\/hudo.com\/si\/#\/schema\/logo\/image\/","url":"https:\/\/hudo.com\/si\/wp-content\/uploads\/sites\/2\/2021\/03\/hudo-app-2.png","contentUrl":"https:\/\/hudo.com\/si\/wp-content\/uploads\/sites\/2\/2021\/03\/hudo-app-2.png","width":2185,"height":2167,"caption":"VSN Media"},"image":{"@id":"https:\/\/hudo.com\/si\/#\/schema\/logo\/image\/"},"sameAs":["https:\/\/www.facebook.com\/hudo.si","https:\/\/twitter.com\/hudo_si"]},{"@type":"Person","@id":"https:\/\/hudo.com\/si\/#\/schema\/person\/601cf3379633985b20f7e50f2bb47707","name":"hudo","image":{"@type":"ImageObject","inLanguage":"sl-SI","@id":"https:\/\/hudo.com\/si\/#\/schema\/person\/image\/","url":"https:\/\/secure.gravatar.com\/avatar\/c4ca25fa72cace7a696b52ff5db9e095?s=96&d=mm&r=g","contentUrl":"https:\/\/secure.gravatar.com\/avatar\/c4ca25fa72cace7a696b52ff5db9e095?s=96&d=mm&r=g","caption":"hudo"},"url":"https:\/\/hudo.com\/si\/author\/hudo\/"}]}},"amp_enabled":true,"_links":{"self":[{"href":"https:\/\/hudo.com\/si\/wp-json\/wp\/v2\/posts\/43142"}],"collection":[{"href":"https:\/\/hudo.com\/si\/wp-json\/wp\/v2\/posts"}],"about":[{"href":"https:\/\/hudo.com\/si\/wp-json\/wp\/v2\/types\/post"}],"author":[{"embeddable":true,"href":"https:\/\/hudo.com\/si\/wp-json\/wp\/v2\/users\/1"}],"replies":[{"embeddable":true,"href":"https:\/\/hudo.com\/si\/wp-json\/wp\/v2\/comments?post=43142"}],"version-history":[{"count":1,"href":"https:\/\/hudo.com\/si\/wp-json\/wp\/v2\/posts\/43142\/revisions"}],"predecessor-version":[{"id":43177,"href":"https:\/\/hudo.com\/si\/wp-json\/wp\/v2\/posts\/43142\/revisions\/43177"}],"wp:attachment":[{"href":"https:\/\/hudo.com\/si\/wp-json\/wp\/v2\/media?parent=43142"}],"wp:term":[{"taxonomy":"category","embeddable":true,"href":"https:\/\/hudo.com\/si\/wp-json\/wp\/v2\/categories?post=43142"},{"taxonomy":"post_tag","embeddable":true,"href":"https:\/\/hudo.com\/si\/wp-json\/wp\/v2\/tags?post=43142"},{"taxonomy":"source","embeddable":true,"href":"https:\/\/hudo.com\/si\/wp-json\/wp\/v2\/source?post=43142"},{"taxonomy":"supertag","embeddable":true,"href":"https:\/\/hudo.com\/si\/wp-json\/wp\/v2\/supertag?post=43142"}],"curies":[{"name":"wp","href":"https:\/\/api.w.org\/{rel}","templated":true}]}}