{"id":431568,"date":"2020-08-29T10:07:25","date_gmt":"2020-08-29T08:07:25","guid":{"rendered":"http:\/\/hudo.com\/si\/?p=431568"},"modified":"2020-08-29T10:07:25","modified_gmt":"2020-08-29T08:07:25","slug":"vreme-na-zahodu-oblacno-na-vzhodu-v-osrednji-sloveniji-dokaj-soncno","status":"publish","type":"post","link":"https:\/\/hudo.com\/si\/aktualno\/vreme-na-zahodu-oblacno-na-vzhodu-v-osrednji-sloveniji-dokaj-soncno\/","title":{"rendered":"Vreme: Na zahodu obla\u010dno, na vzhodu in v osrednji Sloveniji dokaj son\u010dno"},"content":{"rendered":"<p>Najvi\u0161je dnevne temperature bodo na severozahodu okoli 22, drugod od 26 do 31 stopinj Celzija.<\/p>\n<p>V nedeljo bo na zahodu prete\u017eno obla\u010dno, drugod bo zjutraj \u0161e delno jasno. Padavine in nevihte se bodo od zahoda postopno \u0161irile proti vzhodu. Mo\u017ena bodo krajevna neurja. Pihal bo okrepljen jugozahodni veter, ob morju jugo. Jutranje temperature bodo od 15 do 20, ob morju okoli 24, najvi\u0161je dnevne od 20 do 26, ob morju in na vzhodu do 29 stopinj Celzija.<\/p>\n<p>Opozorilo: V nedeljo \u010dez dan bodo po Sloveniji ob prehodu vremenske fronte mo\u017ena krajevna neurja.<\/p>\n<p>Obeti: V no\u010di na ponedeljek bo de\u017e prehodno povsod ponehal, delno se bo razjasnilo.<\/p>\n<p>V ponedeljek \u010dez dan se bo od juga spet poobla\u010dilo, popoldne bo pri\u010delo de\u017eevati.<\/p>\n<p>V torek dopoldne bodo padavine ponehale, od zahoda se bo jasnilo. Popoldne bo mo\u017ena kak\u0161na kratkotrajna ploha.<\/p>\n<p>Vremenska slika: Nad srednjo Evropo ter zahodnim in severnim Sredozemljem je ciklonsko obmo\u010dje. Vremenska fronta se zadr\u017euje na Alpah. Pred njo priteka k nam od jugozahoda topel in vla\u017een zrak.<\/p>\n<p>Napoved za sosednje pokrajine: Danes bo delno jasno s spremenljivo obla\u010dnostjo. Predvsem v krajih zahodno od nas bo prete\u017eno obla\u010dno s plohami in nevihtami, ki se bodo popoldne lahko pojavljale tudi drugod. Ob severnem Jadranu bo pihal jugo.<\/p>\n<p>V nedeljo bo prete\u017eno obla\u010dno s plohami in nevihtami, v krajih vzhodno od nas \u0161ele proti ve\u010deru.<\/p>\n<p>Biovreme: Danes se bo vremenska obremenitev krepila, spanje v no\u010di na nedeljo bo moteno. V nedeljo bo vremenski vpliv mo\u010dno obremenilen. Veliko ljudi bo imelo z vremenom povezane te\u017eave, ki se bodo kazale kot slabo po\u010dutje, pove\u010dan nemir, razdra\u017eljivost in utrujenost.<\/p>\n","protected":false},"excerpt":{"rendered":"<p>Danes bo v zahodni Sloveniji spremenljivo do prete\u017eno obla\u010dno z ob\u010dasnimi padavinami in nevihtami. Ob morju ter v vzhodni in osrednji Sloveniji bo \u0161e dokaj son\u010dno z mo\u017enostjo popoldanskih krajevnih neviht. Pihal bo jugozahodni veter, ob morju jugo, je zapisano na spletnih straneh Agencije RS za okolje.<\/p>\n","protected":false},"author":8,"featured_media":407376,"comment_status":"closed","ping_status":"closed","sticky":false,"template":"","format":"standard","meta":{"footnotes":""},"categories":[1179],"tags":[1595,2149],"source":[4511],"supertag":[5675,12922],"acf":[],"yoast_head":"<!-- This site is optimized with the Yoast SEO plugin v21.3 - https:\/\/yoast.com\/wordpress\/plugins\/seo\/ -->\n<title>Vreme: Na zahodu obla\u010dno, na vzhodu in v osrednji Sloveniji dokaj son\u010dno - Hudo Slovenija<\/title>\n<meta name=\"robots\" content=\"index, follow, max-snippet:-1, max-image-preview:large, max-video-preview:-1\" \/>\n<link rel=\"canonical\" href=\"https:\/\/hudo.com\/si\/aktualno\/vreme-na-zahodu-oblacno-na-vzhodu-v-osrednji-sloveniji-dokaj-soncno\/\" \/>\n<meta property=\"og:locale\" content=\"sl_SI\" \/>\n<meta property=\"og:type\" content=\"article\" \/>\n<meta property=\"og:title\" content=\"Vreme: Na zahodu obla\u010dno, na vzhodu in v osrednji Sloveniji dokaj son\u010dno - Hudo Slovenija\" \/>\n<meta property=\"og:description\" content=\"Danes bo v zahodni Sloveniji spremenljivo do prete\u017eno obla\u010dno z ob\u010dasnimi padavinami in nevihtami. Ob morju ter v vzhodni in osrednji Sloveniji bo \u0161e dokaj son\u010dno z mo\u017enostjo popoldanskih krajevnih neviht. Pihal bo jugozahodni veter, ob morju jugo, je zapisano na spletnih straneh Agencije RS za okolje.\" \/>\n<meta property=\"og:url\" content=\"https:\/\/hudo.com\/si\/aktualno\/vreme-na-zahodu-oblacno-na-vzhodu-v-osrednji-sloveniji-dokaj-soncno\/\" \/>\n<meta property=\"og:site_name\" content=\"Hudo Slovenija\" \/>\n<meta property=\"article:publisher\" content=\"https:\/\/www.facebook.com\/hudo.si\" \/>\n<meta property=\"article:published_time\" content=\"2020-08-29T08:07:25+00:00\" \/>\n<meta property=\"og:image\" content=\"https:\/\/hudo.com\/si\/wp-content\/uploads\/sites\/2\/2019\/09\/profimedia-0104305324.jpg\" \/>\n\t<meta property=\"og:image:width\" content=\"1250\" \/>\n\t<meta property=\"og:image:height\" content=\"798\" \/>\n\t<meta property=\"og:image:type\" content=\"image\/jpeg\" \/>\n<meta name=\"author\" content=\"M. N., STA\" \/>\n<meta name=\"twitter:card\" content=\"summary_large_image\" \/>\n<meta name=\"twitter:creator\" content=\"@hudo_si\" \/>\n<meta name=\"twitter:site\" content=\"@hudo_si\" \/>\n<meta name=\"twitter:label1\" content=\"Written by\" \/>\n\t<meta name=\"twitter:data1\" content=\"M. N., STA\" \/>\n\t<meta name=\"twitter:label2\" content=\"Est. reading time\" \/>\n\t<meta name=\"twitter:data2\" content=\"1 minuta\" \/>\n<script type=\"application\/ld+json\" class=\"yoast-schema-graph\">{\"@context\":\"https:\/\/schema.org\",\"@graph\":[{\"@type\":\"Article\",\"@id\":\"https:\/\/hudo.com\/si\/aktualno\/vreme-na-zahodu-oblacno-na-vzhodu-v-osrednji-sloveniji-dokaj-soncno\/#article\",\"isPartOf\":{\"@id\":\"https:\/\/hudo.com\/si\/aktualno\/vreme-na-zahodu-oblacno-na-vzhodu-v-osrednji-sloveniji-dokaj-soncno\/\"},\"author\":{\"name\":\"M. N., STA\",\"@id\":\"https:\/\/hudo.com\/si\/#\/schema\/person\/c2f10ce65d2e6ede2aeda5be2a0611fa\"},\"headline\":\"Vreme: Na zahodu obla\u010dno, na vzhodu in v osrednji Sloveniji dokaj son\u010dno\",\"datePublished\":\"2020-08-29T08:07:25+00:00\",\"dateModified\":\"2020-08-29T08:07:25+00:00\",\"mainEntityOfPage\":{\"@id\":\"https:\/\/hudo.com\/si\/aktualno\/vreme-na-zahodu-oblacno-na-vzhodu-v-osrednji-sloveniji-dokaj-soncno\/\"},\"wordCount\":295,\"publisher\":{\"@id\":\"https:\/\/hudo.com\/si\/#organization\"},\"keywords\":[\"Slovenija\",\"vreme\"],\"articleSection\":[\"Aktualno\"],\"inLanguage\":\"sl-SI\"},{\"@type\":\"WebPage\",\"@id\":\"https:\/\/hudo.com\/si\/aktualno\/vreme-na-zahodu-oblacno-na-vzhodu-v-osrednji-sloveniji-dokaj-soncno\/\",\"url\":\"https:\/\/hudo.com\/si\/aktualno\/vreme-na-zahodu-oblacno-na-vzhodu-v-osrednji-sloveniji-dokaj-soncno\/\",\"name\":\"Vreme: Na zahodu obla\u010dno, na vzhodu in v osrednji Sloveniji dokaj son\u010dno - Hudo Slovenija\",\"isPartOf\":{\"@id\":\"https:\/\/hudo.com\/si\/#website\"},\"datePublished\":\"2020-08-29T08:07:25+00:00\",\"dateModified\":\"2020-08-29T08:07:25+00:00\",\"breadcrumb\":{\"@id\":\"https:\/\/hudo.com\/si\/aktualno\/vreme-na-zahodu-oblacno-na-vzhodu-v-osrednji-sloveniji-dokaj-soncno\/#breadcrumb\"},\"inLanguage\":\"sl-SI\",\"potentialAction\":[{\"@type\":\"ReadAction\",\"target\":[\"https:\/\/hudo.com\/si\/aktualno\/vreme-na-zahodu-oblacno-na-vzhodu-v-osrednji-sloveniji-dokaj-soncno\/\"]}]},{\"@type\":\"BreadcrumbList\",\"@id\":\"https:\/\/hudo.com\/si\/aktualno\/vreme-na-zahodu-oblacno-na-vzhodu-v-osrednji-sloveniji-dokaj-soncno\/#breadcrumb\",\"itemListElement\":[{\"@type\":\"ListItem\",\"position\":1,\"name\":\"Home\",\"item\":\"https:\/\/hudo.com\/si\/\"},{\"@type\":\"ListItem\",\"position\":2,\"name\":\"Vreme: Na zahodu obla\u010dno, na vzhodu in v osrednji Sloveniji dokaj son\u010dno\"}]},{\"@type\":\"WebSite\",\"@id\":\"https:\/\/hudo.com\/si\/#website\",\"url\":\"https:\/\/hudo.com\/si\/\",\"name\":\"Hudo Slovenija\",\"description\":\"Vse novice iz Slovenije in sveta\",\"publisher\":{\"@id\":\"https:\/\/hudo.com\/si\/#organization\"},\"potentialAction\":[{\"@type\":\"SearchAction\",\"target\":{\"@type\":\"EntryPoint\",\"urlTemplate\":\"https:\/\/hudo.com\/si\/?s={search_term_string}\"},\"query-input\":\"required name=search_term_string\"}],\"inLanguage\":\"sl-SI\"},{\"@type\":\"Organization\",\"@id\":\"https:\/\/hudo.com\/si\/#organization\",\"name\":\"VSN Media\",\"url\":\"https:\/\/hudo.com\/si\/\",\"logo\":{\"@type\":\"ImageObject\",\"inLanguage\":\"sl-SI\",\"@id\":\"https:\/\/hudo.com\/si\/#\/schema\/logo\/image\/\",\"url\":\"https:\/\/hudo.com\/si\/wp-content\/uploads\/sites\/2\/2021\/03\/hudo-app-2.png\",\"contentUrl\":\"https:\/\/hudo.com\/si\/wp-content\/uploads\/sites\/2\/2021\/03\/hudo-app-2.png\",\"width\":2185,\"height\":2167,\"caption\":\"VSN Media\"},\"image\":{\"@id\":\"https:\/\/hudo.com\/si\/#\/schema\/logo\/image\/\"},\"sameAs\":[\"https:\/\/www.facebook.com\/hudo.si\",\"https:\/\/twitter.com\/hudo_si\"]},{\"@type\":\"Person\",\"@id\":\"https:\/\/hudo.com\/si\/#\/schema\/person\/c2f10ce65d2e6ede2aeda5be2a0611fa\",\"name\":\"M. N., STA\",\"image\":{\"@type\":\"ImageObject\",\"inLanguage\":\"sl-SI\",\"@id\":\"https:\/\/hudo.com\/si\/#\/schema\/person\/image\/\",\"url\":\"https:\/\/secure.gravatar.com\/avatar\/f370d38daa10467f755c5c766a4cac20?s=96&d=mm&r=g\",\"contentUrl\":\"https:\/\/secure.gravatar.com\/avatar\/f370d38daa10467f755c5c766a4cac20?s=96&d=mm&r=g\",\"caption\":\"M. N., STA\"},\"url\":\"https:\/\/hudo.com\/si\/author\/mana\/\"}]}<\/script>\n<!-- \/ Yoast SEO plugin. -->","yoast_head_json":{"title":"Vreme: Na zahodu obla\u010dno, na vzhodu in v osrednji Sloveniji dokaj son\u010dno - Hudo Slovenija","robots":{"index":"index","follow":"follow","max-snippet":"max-snippet:-1","max-image-preview":"max-image-preview:large","max-video-preview":"max-video-preview:-1"},"canonical":"https:\/\/hudo.com\/si\/aktualno\/vreme-na-zahodu-oblacno-na-vzhodu-v-osrednji-sloveniji-dokaj-soncno\/","og_locale":"sl_SI","og_type":"article","og_title":"Vreme: Na zahodu obla\u010dno, na vzhodu in v osrednji Sloveniji dokaj son\u010dno - Hudo Slovenija","og_description":"Danes bo v zahodni Sloveniji spremenljivo do prete\u017eno obla\u010dno z ob\u010dasnimi padavinami in nevihtami. Ob morju ter v vzhodni in osrednji Sloveniji bo \u0161e dokaj son\u010dno z mo\u017enostjo popoldanskih krajevnih neviht. Pihal bo jugozahodni veter, ob morju jugo, je zapisano na spletnih straneh Agencije RS za okolje.","og_url":"https:\/\/hudo.com\/si\/aktualno\/vreme-na-zahodu-oblacno-na-vzhodu-v-osrednji-sloveniji-dokaj-soncno\/","og_site_name":"Hudo Slovenija","article_publisher":"https:\/\/www.facebook.com\/hudo.si","article_published_time":"2020-08-29T08:07:25+00:00","og_image":[{"width":1250,"height":798,"url":"https:\/\/hudo.com\/si\/wp-content\/uploads\/sites\/2\/2019\/09\/profimedia-0104305324.jpg","type":"image\/jpeg"}],"author":"M. N., STA","twitter_card":"summary_large_image","twitter_creator":"@hudo_si","twitter_site":"@hudo_si","twitter_misc":{"Written by":"M. N., STA","Est. reading time":"1 minuta"},"schema":{"@context":"https:\/\/schema.org","@graph":[{"@type":"Article","@id":"https:\/\/hudo.com\/si\/aktualno\/vreme-na-zahodu-oblacno-na-vzhodu-v-osrednji-sloveniji-dokaj-soncno\/#article","isPartOf":{"@id":"https:\/\/hudo.com\/si\/aktualno\/vreme-na-zahodu-oblacno-na-vzhodu-v-osrednji-sloveniji-dokaj-soncno\/"},"author":{"name":"M. N., STA","@id":"https:\/\/hudo.com\/si\/#\/schema\/person\/c2f10ce65d2e6ede2aeda5be2a0611fa"},"headline":"Vreme: Na zahodu obla\u010dno, na vzhodu in v osrednji Sloveniji dokaj son\u010dno","datePublished":"2020-08-29T08:07:25+00:00","dateModified":"2020-08-29T08:07:25+00:00","mainEntityOfPage":{"@id":"https:\/\/hudo.com\/si\/aktualno\/vreme-na-zahodu-oblacno-na-vzhodu-v-osrednji-sloveniji-dokaj-soncno\/"},"wordCount":295,"publisher":{"@id":"https:\/\/hudo.com\/si\/#organization"},"keywords":["Slovenija","vreme"],"articleSection":["Aktualno"],"inLanguage":"sl-SI"},{"@type":"WebPage","@id":"https:\/\/hudo.com\/si\/aktualno\/vreme-na-zahodu-oblacno-na-vzhodu-v-osrednji-sloveniji-dokaj-soncno\/","url":"https:\/\/hudo.com\/si\/aktualno\/vreme-na-zahodu-oblacno-na-vzhodu-v-osrednji-sloveniji-dokaj-soncno\/","name":"Vreme: Na zahodu obla\u010dno, na vzhodu in v osrednji Sloveniji dokaj son\u010dno - Hudo Slovenija","isPartOf":{"@id":"https:\/\/hudo.com\/si\/#website"},"datePublished":"2020-08-29T08:07:25+00:00","dateModified":"2020-08-29T08:07:25+00:00","breadcrumb":{"@id":"https:\/\/hudo.com\/si\/aktualno\/vreme-na-zahodu-oblacno-na-vzhodu-v-osrednji-sloveniji-dokaj-soncno\/#breadcrumb"},"inLanguage":"sl-SI","potentialAction":[{"@type":"ReadAction","target":["https:\/\/hudo.com\/si\/aktualno\/vreme-na-zahodu-oblacno-na-vzhodu-v-osrednji-sloveniji-dokaj-soncno\/"]}]},{"@type":"BreadcrumbList","@id":"https:\/\/hudo.com\/si\/aktualno\/vreme-na-zahodu-oblacno-na-vzhodu-v-osrednji-sloveniji-dokaj-soncno\/#breadcrumb","itemListElement":[{"@type":"ListItem","position":1,"name":"Home","item":"https:\/\/hudo.com\/si\/"},{"@type":"ListItem","position":2,"name":"Vreme: Na zahodu obla\u010dno, na vzhodu in v osrednji Sloveniji dokaj son\u010dno"}]},{"@type":"WebSite","@id":"https:\/\/hudo.com\/si\/#website","url":"https:\/\/hudo.com\/si\/","name":"Hudo Slovenija","description":"Vse novice iz Slovenije in sveta","publisher":{"@id":"https:\/\/hudo.com\/si\/#organization"},"potentialAction":[{"@type":"SearchAction","target":{"@type":"EntryPoint","urlTemplate":"https:\/\/hudo.com\/si\/?s={search_term_string}"},"query-input":"required name=search_term_string"}],"inLanguage":"sl-SI"},{"@type":"Organization","@id":"https:\/\/hudo.com\/si\/#organization","name":"VSN Media","url":"https:\/\/hudo.com\/si\/","logo":{"@type":"ImageObject","inLanguage":"sl-SI","@id":"https:\/\/hudo.com\/si\/#\/schema\/logo\/image\/","url":"https:\/\/hudo.com\/si\/wp-content\/uploads\/sites\/2\/2021\/03\/hudo-app-2.png","contentUrl":"https:\/\/hudo.com\/si\/wp-content\/uploads\/sites\/2\/2021\/03\/hudo-app-2.png","width":2185,"height":2167,"caption":"VSN Media"},"image":{"@id":"https:\/\/hudo.com\/si\/#\/schema\/logo\/image\/"},"sameAs":["https:\/\/www.facebook.com\/hudo.si","https:\/\/twitter.com\/hudo_si"]},{"@type":"Person","@id":"https:\/\/hudo.com\/si\/#\/schema\/person\/c2f10ce65d2e6ede2aeda5be2a0611fa","name":"M. N., STA","image":{"@type":"ImageObject","inLanguage":"sl-SI","@id":"https:\/\/hudo.com\/si\/#\/schema\/person\/image\/","url":"https:\/\/secure.gravatar.com\/avatar\/f370d38daa10467f755c5c766a4cac20?s=96&d=mm&r=g","contentUrl":"https:\/\/secure.gravatar.com\/avatar\/f370d38daa10467f755c5c766a4cac20?s=96&d=mm&r=g","caption":"M. N., STA"},"url":"https:\/\/hudo.com\/si\/author\/mana\/"}]}},"amp_enabled":true,"_links":{"self":[{"href":"https:\/\/hudo.com\/si\/wp-json\/wp\/v2\/posts\/431568"}],"collection":[{"href":"https:\/\/hudo.com\/si\/wp-json\/wp\/v2\/posts"}],"about":[{"href":"https:\/\/hudo.com\/si\/wp-json\/wp\/v2\/types\/post"}],"author":[{"embeddable":true,"href":"https:\/\/hudo.com\/si\/wp-json\/wp\/v2\/users\/8"}],"replies":[{"embeddable":true,"href":"https:\/\/hudo.com\/si\/wp-json\/wp\/v2\/comments?post=431568"}],"version-history":[{"count":1,"href":"https:\/\/hudo.com\/si\/wp-json\/wp\/v2\/posts\/431568\/revisions"}],"predecessor-version":[{"id":431569,"href":"https:\/\/hudo.com\/si\/wp-json\/wp\/v2\/posts\/431568\/revisions\/431569"}],"wp:featuredmedia":[{"embeddable":true,"href":"https:\/\/hudo.com\/si\/wp-json\/wp\/v2\/media\/407376"}],"wp:attachment":[{"href":"https:\/\/hudo.com\/si\/wp-json\/wp\/v2\/media?parent=431568"}],"wp:term":[{"taxonomy":"category","embeddable":true,"href":"https:\/\/hudo.com\/si\/wp-json\/wp\/v2\/categories?post=431568"},{"taxonomy":"post_tag","embeddable":true,"href":"https:\/\/hudo.com\/si\/wp-json\/wp\/v2\/tags?post=431568"},{"taxonomy":"source","embeddable":true,"href":"https:\/\/hudo.com\/si\/wp-json\/wp\/v2\/source?post=431568"},{"taxonomy":"supertag","embeddable":true,"href":"https:\/\/hudo.com\/si\/wp-json\/wp\/v2\/supertag?post=431568"}],"curies":[{"name":"wp","href":"https:\/\/api.w.org\/{rel}","templated":true}]}}