{"id":431570,"date":"2020-08-29T10:09:37","date_gmt":"2020-08-29T08:09:37","guid":{"rendered":"http:\/\/hudo.com\/si\/?p=431570"},"modified":"2020-08-29T10:09:37","modified_gmt":"2020-08-29T08:09:37","slug":"zicnicarji-ki-imajo-za-seboj-katastrofalno-sezono-si-zelijo-podaljsanja-veljavnosti-bonov-konca-nove-zimske-sezone","status":"publish","type":"post","link":"https:\/\/hudo.com\/si\/aktualno\/zicnicarji-ki-imajo-za-seboj-katastrofalno-sezono-si-zelijo-podaljsanja-veljavnosti-bonov-konca-nove-zimske-sezone\/","title":{"rendered":"\u017di\u010dni\u010darji, ki imajo za seboj katastrofalno sezono, si \u017eelijo podalj\u0161anja veljavnosti bonov do konca nove zimske sezone"},"content":{"rendered":"<p>Zadnja zimska sezona je bila za \u017ei\u010dni\u010darje katastrofalna. Najprej zaradi neugodnega vremena, nato pa so jo bili primorani pred\u010dasno zaklju\u010diti 13. marca ob razglasitvi epidemije novega koronavirusa in izdaji odloka o prepovedi obratovanja \u017ei\u010dnic, skupaj z ostalimi javnimi prevozi.<\/p>\n<p>V maju so nato zimsko sezono ob upo\u0161tevanju preventivnih ukrepov za nekaj dni nadaljevali le na najvi\u0161je le\u017ee\u010dem slovenskem smu\u010di\u0161\u010du, na Kaninu, kjer so bili po navedbah v. d. direktorice zavoda Son\u010dni Kanin Manuele Bo\u017ei\u010d Badali\u010d edino smu\u010di\u0161\u010de na svetu, ki je obratovalo v \u010dasu epidemije.<\/p>\n<p>Vse od ponovnega zagona na Kaninu obratujejo skladno z vsemi priporo\u010dili in ukrepi, spo\u0161tovanje teh priporo\u010dil pa je minuli teden na Kaninu, pred tem pa tudi na nekaterih drugih ve\u010djih smu\u010darskih sredi\u0161\u010dih preveril in\u0161pektorat in po besedah Bo\u017ei\u010d Badali\u010deve, ki je tudi predsednica Zdru\u017eenja slovenskih \u017ei\u010dni\u010darjev, nepravilnosti ni ugotovil.<\/p>\n<p>&#8220;Mi zaenkrat nimamo nobenih te\u017eav, do danes se ni nih\u010de oku\u017eil pri nas ali pa da bi mi zaznali kak\u0161no oku\u017ebo. Spo\u0161tujemo varnostno razdaljo, razku\u017eevanje kabin, v kabine, ki imajo zmogljivosti za \u0161tiri osebe, vstopajo osebe posami\u010dno, razen osebe skupnega gospodinjstva,&#8221; je opisala spo\u0161tovanje ukrepov na Kaninu.<\/p>\n<p>V poletnem \u010dasu, ko so obiskovalci Kanina razporejeni \u010dez ves dan, te\u017eav z vrstami pred vstopom v gondolo ni, se pa zavedajo, da lahko te nastanejo pozimi, ko je ve\u010djo gne\u010do pri\u010dakovati pred za\u010detkom in ob koncu obratovanja smu\u010di\u0161\u010d.<\/p>\n<p>Tudi sicer zimske razmere prina\u0161ajo druga\u010dne okoli\u0161\u010dine glede obvladovanja \u0161irjenja oku\u017eb kot poletne, tega se \u017ei\u010dni\u010darji zavedajo. Bo\u017ei\u010d Badali\u010deva ocenjuje, da se na samem smu\u010danju te\u017eko oku\u017ei\u0161 z novim koronavirusom, druga\u010de pa je z dru\u017eenji v lokalih in restavracijah ob smu\u010di\u0161\u010dih in na zabavah po smu\u010danju.<\/p>\n<p>&#8220;Tu je te\u017eava, ker mi pozimi, razen v lepem vremenu, ne moremo stre\u010di zunaj. Pozimi se bomo sre\u010dali z zaprtim prostorom, neugodnim vremenom, ko ljudje i\u0161\u010dejo zavetje, tu zna biti problem,&#8221; je dejala.<\/p>\n<p>A ob tem opozorila, da \u010de dr\u017eava razmi\u0161lja v smer, da bi omejila \u0161tevilo smu\u010darjev na samem smu\u010di\u0161\u010du, da bi to verjetno pomenilo obratovanje pod pragom rentabilnosti. &#8220;In v tem primeru marsikatero smu\u010di\u0161\u010de ne bo obratovalo, razen \u010de ne bo dr\u017eava dala nekega nadomestila za izpad,&#8221; je dejala.<\/p>\n<p>Sicer pa je negotovosti pred za\u010detkom zimske sezone \u0161e ve\u010d. Pod vpra\u0161ajem je denimo uspe\u0161nost prodaje sezonskih smu\u010darskih vozovnic, ki jih smu\u010darska sredi\u0161\u010da ponavadi za\u010dnejo prodajati \u017ee v jesenskih mesecih. Vpra\u0161anje je tudi, kak\u0161ne bodo v prihodnje razmere na Hrva\u0161kem, od koder prihaja na smu\u010danje v Slovenijo kar nekaj ljudi.<\/p>\n<p>Ne glede na vse te negotovosti pa se po besedah predsednice zdru\u017eenja slovenskih \u017ei\u010dni\u010darjev vsi smu\u010darski centri pripravljajo na novo sezono. Pregledujejo naprave in izvajajo nujna vlaganja, ki so potrebna za to, da bodo naprave varne. Vsi bodo posku\u0161ali naprave zagnati \u010dim prej, ko bo mo\u017eno, ob tem pa upajo, da bo ostalo pri pravilih, kot so zdaj, in da se pogoji ne bodo bolj zaostrovali.<\/p>\n<p>Je pa bila iztekajo\u010da se poletna sezona uspe\u0161na predvsem za tiste upravljavce \u017ei\u010dni\u0161kih naprav, ki ponujajo tudi nastanitvene zmogljivosti. Te so bile \u010dez poletje dobro zasedene, k \u010demur je prispevalo tudi unov\u010devanje turisti\u010dnih bonov.<\/p>\n<p>Iz dru\u017ebe Unitur so denimo za STA sporo\u010dili, da so julija na Rogli in v Termah Zre\u010de imeli 31 odstotkov ve\u010d no\u010ditev kot julija lani, da so dosegli 77-odstotno zasedenost vseh lastnih namestitvenih zmogljivosti ter ustvarili kar 30 odstotkov ve\u010d prihodkov od prodaje kot julija lani. Podobno ka\u017ee tudi za avgust.<\/p>\n<p>&#8220;Na\u0161a \u017eelja bi bila, da bi se ti boni podalj\u0161ali \u0161e vsaj do konca zimske sezone. Marsikdo bi jih koristil v zimski sezoni za bivanje v smu\u010darskih sredi\u0161\u010dih. S tem bi smu\u010di\u0161\u010dem veliko pomagali,&#8221; pravi Bo\u017ei\u010d Badali\u010deva. Zdru\u017eenje predlaga tudi, da bi dr\u017eava uporabo bonov raz\u0161irila \u0161e na mo\u017enost nakupa smu\u010darskih kart, \u017ei\u010dni\u010darjem pa bi koristilo tudi, \u010de bi se \u0161e do konca leta podalj\u0161alo subvencioniranje \u010dakanja na delo doma.<\/p>\n<p>Dr\u017eava je sicer v tretjem protikoronskem paketu tudi upravljavcem \u017ei\u010dni\u0161kih naprav priznala upravi\u010denost do posebne finan\u010dne pomo\u010di oz. povrnitve dela fiksnih stro\u0161kov. Do nje so upravi\u010deni vsi, ki so imeli v zadnji smu\u010darski sezoni vsaj en dan veljavno obratovalno dovoljenje.<\/p>\n<p>Za prejem pomo\u010di imajo upravljavci \u017ei\u010dni\u0161kih naprav in smu\u010di\u0161\u010d \u0161e do konca avgusta \u010das za oddajo vlog na ministrstvo za infrastrukturo. &#8220;Te so \u017ei\u010dni\u010darji ve\u010dinoma \u017ee oddali. Sredstva se pri\u010dakujejo v za\u010detku novembra,&#8221; je za STA povedala Bo\u017ei\u010d Badali\u010deva. Po njenih besedah se ocenjuje, da bodo \u017ei\u010dni\u010darji prejeli skupno za okoli 740.000 evrov tovrstne pomo\u010di.<\/p>\n","protected":false},"excerpt":{"rendered":"<p>\u017di\u010dni\u010darji, ki imajo za seboj katastrofalno zimsko sezono, poletna pa je marsikje okrnjena, si \u017eelijo, da bi dr\u017eava unov\u010devanje turisti\u010dnih bonov podalj\u0161ala do konca nove zimske sezone. Nanjo se \u017ee pripravljajo in upajo, da bo potekala \u010dim bolj normalno. Ob tem opozarjajo, da bi omejevanje \u0161tevila smu\u010darjev na smu\u010di\u0161\u010dih vodilo v nerentabilnost.<\/p>\n","protected":false},"author":8,"featured_media":272750,"comment_status":"closed","ping_status":"closed","sticky":false,"template":"","format":"standard","meta":{"footnotes":""},"categories":[1179],"tags":[1595,16428,15580],"source":[4511],"supertag":[5675],"acf":[],"yoast_head":"<!-- This site is optimized with the Yoast SEO plugin v21.3 - https:\/\/yoast.com\/wordpress\/plugins\/seo\/ -->\n<title>\u017di\u010dni\u010darji, ki imajo za seboj katastrofalno sezono, si \u017eelijo podalj\u0161anja veljavnosti bonov do konca nove zimske sezone - Hudo Slovenija<\/title>\n<meta name=\"robots\" content=\"index, follow, max-snippet:-1, max-image-preview:large, max-video-preview:-1\" \/>\n<link rel=\"canonical\" href=\"https:\/\/hudo.com\/si\/aktualno\/zicnicarji-ki-imajo-za-seboj-katastrofalno-sezono-si-zelijo-podaljsanja-veljavnosti-bonov-konca-nove-zimske-sezone\/\" \/>\n<meta property=\"og:locale\" content=\"sl_SI\" \/>\n<meta property=\"og:type\" content=\"article\" \/>\n<meta property=\"og:title\" content=\"\u017di\u010dni\u010darji, ki imajo za seboj katastrofalno sezono, si \u017eelijo podalj\u0161anja veljavnosti bonov do konca nove zimske sezone - Hudo Slovenija\" \/>\n<meta property=\"og:description\" content=\"\u017di\u010dni\u010darji, ki imajo za seboj katastrofalno zimsko sezono, poletna pa je marsikje okrnjena, si \u017eelijo, da bi dr\u017eava unov\u010devanje turisti\u010dnih bonov podalj\u0161ala do konca nove zimske sezone. Nanjo se \u017ee pripravljajo in upajo, da bo potekala \u010dim bolj normalno. Ob tem opozarjajo, da bi omejevanje \u0161tevila smu\u010darjev na smu\u010di\u0161\u010dih vodilo v nerentabilnost.\" \/>\n<meta property=\"og:url\" content=\"https:\/\/hudo.com\/si\/aktualno\/zicnicarji-ki-imajo-za-seboj-katastrofalno-sezono-si-zelijo-podaljsanja-veljavnosti-bonov-konca-nove-zimske-sezone\/\" \/>\n<meta property=\"og:site_name\" content=\"Hudo Slovenija\" \/>\n<meta property=\"article:publisher\" content=\"https:\/\/www.facebook.com\/hudo.si\" \/>\n<meta property=\"article:published_time\" content=\"2020-08-29T08:09:37+00:00\" \/>\n<meta property=\"og:image\" content=\"https:\/\/hudo.com\/si\/wp-content\/uploads\/sites\/2\/2017\/07\/20160727-00709835.jpg\" \/>\n\t<meta property=\"og:image:width\" content=\"640\" \/>\n\t<meta property=\"og:image:height\" content=\"381\" \/>\n\t<meta property=\"og:image:type\" content=\"image\/jpeg\" \/>\n<meta name=\"author\" content=\"M. N., STA\" \/>\n<meta name=\"twitter:card\" content=\"summary_large_image\" \/>\n<meta name=\"twitter:creator\" content=\"@hudo_si\" \/>\n<meta name=\"twitter:site\" content=\"@hudo_si\" \/>\n<meta name=\"twitter:label1\" content=\"Written by\" \/>\n\t<meta name=\"twitter:data1\" content=\"M. N., STA\" \/>\n\t<meta name=\"twitter:label2\" content=\"Est. reading time\" \/>\n\t<meta name=\"twitter:data2\" content=\"4 minute\" \/>\n<script type=\"application\/ld+json\" class=\"yoast-schema-graph\">{\"@context\":\"https:\/\/schema.org\",\"@graph\":[{\"@type\":\"Article\",\"@id\":\"https:\/\/hudo.com\/si\/aktualno\/zicnicarji-ki-imajo-za-seboj-katastrofalno-sezono-si-zelijo-podaljsanja-veljavnosti-bonov-konca-nove-zimske-sezone\/#article\",\"isPartOf\":{\"@id\":\"https:\/\/hudo.com\/si\/aktualno\/zicnicarji-ki-imajo-za-seboj-katastrofalno-sezono-si-zelijo-podaljsanja-veljavnosti-bonov-konca-nove-zimske-sezone\/\"},\"author\":{\"name\":\"M. N., STA\",\"@id\":\"https:\/\/hudo.com\/si\/#\/schema\/person\/c2f10ce65d2e6ede2aeda5be2a0611fa\"},\"headline\":\"\u017di\u010dni\u010darji, ki imajo za seboj katastrofalno sezono, si \u017eelijo podalj\u0161anja veljavnosti bonov do konca nove zimske sezone\",\"datePublished\":\"2020-08-29T08:09:37+00:00\",\"dateModified\":\"2020-08-29T08:09:37+00:00\",\"mainEntityOfPage\":{\"@id\":\"https:\/\/hudo.com\/si\/aktualno\/zicnicarji-ki-imajo-za-seboj-katastrofalno-sezono-si-zelijo-podaljsanja-veljavnosti-bonov-konca-nove-zimske-sezone\/\"},\"wordCount\":866,\"publisher\":{\"@id\":\"https:\/\/hudo.com\/si\/#organization\"},\"keywords\":[\"Slovenija\",\"turisti\u010dni boni\",\"\u017ei\u010dni\u010darji\"],\"articleSection\":[\"Aktualno\"],\"inLanguage\":\"sl-SI\"},{\"@type\":\"WebPage\",\"@id\":\"https:\/\/hudo.com\/si\/aktualno\/zicnicarji-ki-imajo-za-seboj-katastrofalno-sezono-si-zelijo-podaljsanja-veljavnosti-bonov-konca-nove-zimske-sezone\/\",\"url\":\"https:\/\/hudo.com\/si\/aktualno\/zicnicarji-ki-imajo-za-seboj-katastrofalno-sezono-si-zelijo-podaljsanja-veljavnosti-bonov-konca-nove-zimske-sezone\/\",\"name\":\"\u017di\u010dni\u010darji, ki imajo za seboj katastrofalno sezono, si \u017eelijo podalj\u0161anja veljavnosti bonov do konca nove zimske sezone - Hudo Slovenija\",\"isPartOf\":{\"@id\":\"https:\/\/hudo.com\/si\/#website\"},\"datePublished\":\"2020-08-29T08:09:37+00:00\",\"dateModified\":\"2020-08-29T08:09:37+00:00\",\"breadcrumb\":{\"@id\":\"https:\/\/hudo.com\/si\/aktualno\/zicnicarji-ki-imajo-za-seboj-katastrofalno-sezono-si-zelijo-podaljsanja-veljavnosti-bonov-konca-nove-zimske-sezone\/#breadcrumb\"},\"inLanguage\":\"sl-SI\",\"potentialAction\":[{\"@type\":\"ReadAction\",\"target\":[\"https:\/\/hudo.com\/si\/aktualno\/zicnicarji-ki-imajo-za-seboj-katastrofalno-sezono-si-zelijo-podaljsanja-veljavnosti-bonov-konca-nove-zimske-sezone\/\"]}]},{\"@type\":\"BreadcrumbList\",\"@id\":\"https:\/\/hudo.com\/si\/aktualno\/zicnicarji-ki-imajo-za-seboj-katastrofalno-sezono-si-zelijo-podaljsanja-veljavnosti-bonov-konca-nove-zimske-sezone\/#breadcrumb\",\"itemListElement\":[{\"@type\":\"ListItem\",\"position\":1,\"name\":\"Home\",\"item\":\"https:\/\/hudo.com\/si\/\"},{\"@type\":\"ListItem\",\"position\":2,\"name\":\"\u017di\u010dni\u010darji, ki imajo za seboj katastrofalno sezono, si \u017eelijo podalj\u0161anja veljavnosti bonov do konca nove zimske sezone\"}]},{\"@type\":\"WebSite\",\"@id\":\"https:\/\/hudo.com\/si\/#website\",\"url\":\"https:\/\/hudo.com\/si\/\",\"name\":\"Hudo Slovenija\",\"description\":\"Vse novice iz Slovenije in sveta\",\"publisher\":{\"@id\":\"https:\/\/hudo.com\/si\/#organization\"},\"potentialAction\":[{\"@type\":\"SearchAction\",\"target\":{\"@type\":\"EntryPoint\",\"urlTemplate\":\"https:\/\/hudo.com\/si\/?s={search_term_string}\"},\"query-input\":\"required name=search_term_string\"}],\"inLanguage\":\"sl-SI\"},{\"@type\":\"Organization\",\"@id\":\"https:\/\/hudo.com\/si\/#organization\",\"name\":\"VSN Media\",\"url\":\"https:\/\/hudo.com\/si\/\",\"logo\":{\"@type\":\"ImageObject\",\"inLanguage\":\"sl-SI\",\"@id\":\"https:\/\/hudo.com\/si\/#\/schema\/logo\/image\/\",\"url\":\"https:\/\/hudo.com\/si\/wp-content\/uploads\/sites\/2\/2021\/03\/hudo-app-2.png\",\"contentUrl\":\"https:\/\/hudo.com\/si\/wp-content\/uploads\/sites\/2\/2021\/03\/hudo-app-2.png\",\"width\":2185,\"height\":2167,\"caption\":\"VSN Media\"},\"image\":{\"@id\":\"https:\/\/hudo.com\/si\/#\/schema\/logo\/image\/\"},\"sameAs\":[\"https:\/\/www.facebook.com\/hudo.si\",\"https:\/\/twitter.com\/hudo_si\"]},{\"@type\":\"Person\",\"@id\":\"https:\/\/hudo.com\/si\/#\/schema\/person\/c2f10ce65d2e6ede2aeda5be2a0611fa\",\"name\":\"M. N., STA\",\"image\":{\"@type\":\"ImageObject\",\"inLanguage\":\"sl-SI\",\"@id\":\"https:\/\/hudo.com\/si\/#\/schema\/person\/image\/\",\"url\":\"https:\/\/secure.gravatar.com\/avatar\/f370d38daa10467f755c5c766a4cac20?s=96&d=mm&r=g\",\"contentUrl\":\"https:\/\/secure.gravatar.com\/avatar\/f370d38daa10467f755c5c766a4cac20?s=96&d=mm&r=g\",\"caption\":\"M. N., STA\"},\"url\":\"https:\/\/hudo.com\/si\/author\/mana\/\"}]}<\/script>\n<!-- \/ Yoast SEO plugin. -->","yoast_head_json":{"title":"\u017di\u010dni\u010darji, ki imajo za seboj katastrofalno sezono, si \u017eelijo podalj\u0161anja veljavnosti bonov do konca nove zimske sezone - Hudo Slovenija","robots":{"index":"index","follow":"follow","max-snippet":"max-snippet:-1","max-image-preview":"max-image-preview:large","max-video-preview":"max-video-preview:-1"},"canonical":"https:\/\/hudo.com\/si\/aktualno\/zicnicarji-ki-imajo-za-seboj-katastrofalno-sezono-si-zelijo-podaljsanja-veljavnosti-bonov-konca-nove-zimske-sezone\/","og_locale":"sl_SI","og_type":"article","og_title":"\u017di\u010dni\u010darji, ki imajo za seboj katastrofalno sezono, si \u017eelijo podalj\u0161anja veljavnosti bonov do konca nove zimske sezone - Hudo Slovenija","og_description":"\u017di\u010dni\u010darji, ki imajo za seboj katastrofalno zimsko sezono, poletna pa je marsikje okrnjena, si \u017eelijo, da bi dr\u017eava unov\u010devanje turisti\u010dnih bonov podalj\u0161ala do konca nove zimske sezone. Nanjo se \u017ee pripravljajo in upajo, da bo potekala \u010dim bolj normalno. Ob tem opozarjajo, da bi omejevanje \u0161tevila smu\u010darjev na smu\u010di\u0161\u010dih vodilo v nerentabilnost.","og_url":"https:\/\/hudo.com\/si\/aktualno\/zicnicarji-ki-imajo-za-seboj-katastrofalno-sezono-si-zelijo-podaljsanja-veljavnosti-bonov-konca-nove-zimske-sezone\/","og_site_name":"Hudo Slovenija","article_publisher":"https:\/\/www.facebook.com\/hudo.si","article_published_time":"2020-08-29T08:09:37+00:00","og_image":[{"width":640,"height":381,"url":"https:\/\/hudo.com\/si\/wp-content\/uploads\/sites\/2\/2017\/07\/20160727-00709835.jpg","type":"image\/jpeg"}],"author":"M. N., STA","twitter_card":"summary_large_image","twitter_creator":"@hudo_si","twitter_site":"@hudo_si","twitter_misc":{"Written by":"M. N., STA","Est. reading time":"4 minute"},"schema":{"@context":"https:\/\/schema.org","@graph":[{"@type":"Article","@id":"https:\/\/hudo.com\/si\/aktualno\/zicnicarji-ki-imajo-za-seboj-katastrofalno-sezono-si-zelijo-podaljsanja-veljavnosti-bonov-konca-nove-zimske-sezone\/#article","isPartOf":{"@id":"https:\/\/hudo.com\/si\/aktualno\/zicnicarji-ki-imajo-za-seboj-katastrofalno-sezono-si-zelijo-podaljsanja-veljavnosti-bonov-konca-nove-zimske-sezone\/"},"author":{"name":"M. N., STA","@id":"https:\/\/hudo.com\/si\/#\/schema\/person\/c2f10ce65d2e6ede2aeda5be2a0611fa"},"headline":"\u017di\u010dni\u010darji, ki imajo za seboj katastrofalno sezono, si \u017eelijo podalj\u0161anja veljavnosti bonov do konca nove zimske sezone","datePublished":"2020-08-29T08:09:37+00:00","dateModified":"2020-08-29T08:09:37+00:00","mainEntityOfPage":{"@id":"https:\/\/hudo.com\/si\/aktualno\/zicnicarji-ki-imajo-za-seboj-katastrofalno-sezono-si-zelijo-podaljsanja-veljavnosti-bonov-konca-nove-zimske-sezone\/"},"wordCount":866,"publisher":{"@id":"https:\/\/hudo.com\/si\/#organization"},"keywords":["Slovenija","turisti\u010dni boni","\u017ei\u010dni\u010darji"],"articleSection":["Aktualno"],"inLanguage":"sl-SI"},{"@type":"WebPage","@id":"https:\/\/hudo.com\/si\/aktualno\/zicnicarji-ki-imajo-za-seboj-katastrofalno-sezono-si-zelijo-podaljsanja-veljavnosti-bonov-konca-nove-zimske-sezone\/","url":"https:\/\/hudo.com\/si\/aktualno\/zicnicarji-ki-imajo-za-seboj-katastrofalno-sezono-si-zelijo-podaljsanja-veljavnosti-bonov-konca-nove-zimske-sezone\/","name":"\u017di\u010dni\u010darji, ki imajo za seboj katastrofalno sezono, si \u017eelijo podalj\u0161anja veljavnosti bonov do konca nove zimske sezone - Hudo Slovenija","isPartOf":{"@id":"https:\/\/hudo.com\/si\/#website"},"datePublished":"2020-08-29T08:09:37+00:00","dateModified":"2020-08-29T08:09:37+00:00","breadcrumb":{"@id":"https:\/\/hudo.com\/si\/aktualno\/zicnicarji-ki-imajo-za-seboj-katastrofalno-sezono-si-zelijo-podaljsanja-veljavnosti-bonov-konca-nove-zimske-sezone\/#breadcrumb"},"inLanguage":"sl-SI","potentialAction":[{"@type":"ReadAction","target":["https:\/\/hudo.com\/si\/aktualno\/zicnicarji-ki-imajo-za-seboj-katastrofalno-sezono-si-zelijo-podaljsanja-veljavnosti-bonov-konca-nove-zimske-sezone\/"]}]},{"@type":"BreadcrumbList","@id":"https:\/\/hudo.com\/si\/aktualno\/zicnicarji-ki-imajo-za-seboj-katastrofalno-sezono-si-zelijo-podaljsanja-veljavnosti-bonov-konca-nove-zimske-sezone\/#breadcrumb","itemListElement":[{"@type":"ListItem","position":1,"name":"Home","item":"https:\/\/hudo.com\/si\/"},{"@type":"ListItem","position":2,"name":"\u017di\u010dni\u010darji, ki imajo za seboj katastrofalno sezono, si \u017eelijo podalj\u0161anja veljavnosti bonov do konca nove zimske sezone"}]},{"@type":"WebSite","@id":"https:\/\/hudo.com\/si\/#website","url":"https:\/\/hudo.com\/si\/","name":"Hudo Slovenija","description":"Vse novice iz Slovenije in sveta","publisher":{"@id":"https:\/\/hudo.com\/si\/#organization"},"potentialAction":[{"@type":"SearchAction","target":{"@type":"EntryPoint","urlTemplate":"https:\/\/hudo.com\/si\/?s={search_term_string}"},"query-input":"required name=search_term_string"}],"inLanguage":"sl-SI"},{"@type":"Organization","@id":"https:\/\/hudo.com\/si\/#organization","name":"VSN Media","url":"https:\/\/hudo.com\/si\/","logo":{"@type":"ImageObject","inLanguage":"sl-SI","@id":"https:\/\/hudo.com\/si\/#\/schema\/logo\/image\/","url":"https:\/\/hudo.com\/si\/wp-content\/uploads\/sites\/2\/2021\/03\/hudo-app-2.png","contentUrl":"https:\/\/hudo.com\/si\/wp-content\/uploads\/sites\/2\/2021\/03\/hudo-app-2.png","width":2185,"height":2167,"caption":"VSN Media"},"image":{"@id":"https:\/\/hudo.com\/si\/#\/schema\/logo\/image\/"},"sameAs":["https:\/\/www.facebook.com\/hudo.si","https:\/\/twitter.com\/hudo_si"]},{"@type":"Person","@id":"https:\/\/hudo.com\/si\/#\/schema\/person\/c2f10ce65d2e6ede2aeda5be2a0611fa","name":"M. N., STA","image":{"@type":"ImageObject","inLanguage":"sl-SI","@id":"https:\/\/hudo.com\/si\/#\/schema\/person\/image\/","url":"https:\/\/secure.gravatar.com\/avatar\/f370d38daa10467f755c5c766a4cac20?s=96&d=mm&r=g","contentUrl":"https:\/\/secure.gravatar.com\/avatar\/f370d38daa10467f755c5c766a4cac20?s=96&d=mm&r=g","caption":"M. N., STA"},"url":"https:\/\/hudo.com\/si\/author\/mana\/"}]}},"amp_enabled":true,"_links":{"self":[{"href":"https:\/\/hudo.com\/si\/wp-json\/wp\/v2\/posts\/431570"}],"collection":[{"href":"https:\/\/hudo.com\/si\/wp-json\/wp\/v2\/posts"}],"about":[{"href":"https:\/\/hudo.com\/si\/wp-json\/wp\/v2\/types\/post"}],"author":[{"embeddable":true,"href":"https:\/\/hudo.com\/si\/wp-json\/wp\/v2\/users\/8"}],"replies":[{"embeddable":true,"href":"https:\/\/hudo.com\/si\/wp-json\/wp\/v2\/comments?post=431570"}],"version-history":[{"count":1,"href":"https:\/\/hudo.com\/si\/wp-json\/wp\/v2\/posts\/431570\/revisions"}],"predecessor-version":[{"id":431571,"href":"https:\/\/hudo.com\/si\/wp-json\/wp\/v2\/posts\/431570\/revisions\/431571"}],"wp:featuredmedia":[{"embeddable":true,"href":"https:\/\/hudo.com\/si\/wp-json\/wp\/v2\/media\/272750"}],"wp:attachment":[{"href":"https:\/\/hudo.com\/si\/wp-json\/wp\/v2\/media?parent=431570"}],"wp:term":[{"taxonomy":"category","embeddable":true,"href":"https:\/\/hudo.com\/si\/wp-json\/wp\/v2\/categories?post=431570"},{"taxonomy":"post_tag","embeddable":true,"href":"https:\/\/hudo.com\/si\/wp-json\/wp\/v2\/tags?post=431570"},{"taxonomy":"source","embeddable":true,"href":"https:\/\/hudo.com\/si\/wp-json\/wp\/v2\/source?post=431570"},{"taxonomy":"supertag","embeddable":true,"href":"https:\/\/hudo.com\/si\/wp-json\/wp\/v2\/supertag?post=431570"}],"curies":[{"name":"wp","href":"https:\/\/api.w.org\/{rel}","templated":true}]}}