{"id":431716,"date":"2020-08-31T13:08:31","date_gmt":"2020-08-31T11:08:31","guid":{"rendered":"http:\/\/hudo.com\/si\/?p=431716"},"modified":"2020-08-31T13:08:31","modified_gmt":"2020-08-31T11:08:31","slug":"drzavni-proracun-v-sedmih-mesecih-pridelal-22-milijarde-evrov-primanjkljaja","status":"publish","type":"post","link":"https:\/\/hudo.com\/si\/aktualno\/drzavni-proracun-v-sedmih-mesecih-pridelal-22-milijarde-evrov-primanjkljaja\/","title":{"rendered":"Dr\u017eavni prora\u010dun v sedmih mesecih pridelal 2,2 milijarde evrov primanjkljaja"},"content":{"rendered":"<p>Prora\u010dunski prihodki so bili od primerljivih lanskih ni\u017eji predvsem zaradi padca dav\u010dnih prihodkov v \u010dasu epidemije covida-19. Ti so skupaj zna\u0161ali 4,2 milijarde evrov in so bili za 15,1 odstotka ni\u017eji, so danes sporo\u010dili z ministrstva za finance.<\/p>\n<p>Dohodnina je bila v sedmih mesecih od primerljive lanske ni\u017eja za 16,4 odstotka in je zna\u0161ala 554,1 milijona evrov. Padec je predvsem posledica ukrepov vlade, ki je dav\u010dne zavezance po razglasitvi epidemije oprostila pla\u010devanja nekaterih dav\u010dnih obveznosti.<\/p>\n<p>Davek od dohodka pravnih oseb je zna\u0161al 403,7 milijona evrov in je bil ni\u017eji za 36 odstotkov, DDV pa je bil ni\u017eji za 13,4 odstotka in je zna\u0161al 1,9 milijarde evrov. Prihodki od pobranih tro\u0161arin so zna\u0161ali 741 milijonov evrov in so bili za 14,1 odstotka ni\u017eji kot v prvih sedmih mesecih lani.<\/p>\n<p>Med odhodki so se obveznosti za pla\u010dilo pla\u010d in prispevkov v opazovanem obdobju v primerjavi z enakim obdobjem lani povi\u0161ale za 9,1 odstotka na 857,8 milijona evrov. To povi\u0161anje je deloma posledica u\u010dinka rednih napredovanj in izvajanja dogovora o pla\u010dah ter drugih stro\u0161kih dela v javnem sektorju s konca 2018. Deloma pa se v tem obdobju poznajo \u017ee izpla\u010dila za dodatek za rizi\u010dne razmere in za dodatek za nevarnost ter posebne obremenitve dela zaradi epidemije covida-19. Do konca julija je bilo na podlagi zahtevkov za ta namen izpla\u010danih 152,6 milijona evrov.<\/p>\n<p>Transferji posameznikom in gospodinjstvom so se zaradi ukrepov za ubla\u017eitev posledice epidemije pove\u010dali za 25 odstotkov na nekaj manj kot 1,1 milijarde evrov, drugi teko\u010di transferji (ob\u010dinam, v sklade socialnega zavarovanja in v javne zavode) pa za 23,8 odstotka na skoraj 2,5 milijarde evrov. Subvencije so zaradi ukrepa subvencioniranja \u010dakanja na delu narasle za 302,5 odstotka na skoraj 1,1 milijarde evrov.<\/p>\n<p>Investicijski odhodki in transferji so medtem glede na lansko sedemmese\u010dje upadli za 11,1 odstotka na 311,4 milijona evrov.<\/p>\n<p>Konsolidirana bilanca javnega financiranja, ki jo sestavljajo vse \u0161tiri javne blagajne, je v prvih sedmih mesecih zabele\u017eila pribli\u017eno 10,4 milijarde evrov prihodkov in 12,6 milijarde evrov odhodkov.<\/p>\n","protected":false},"excerpt":{"rendered":"<p>Dr\u017eavni prora\u010dun je v prvih sedmih mesecih letos izkazal primanjkljaj v vi\u0161ini 2,2, milijarde evrov. Prihodki so zna\u0161ali 5,1 milijarde evrov oz. 12,3 odstotka manj kot v enakem obdobju lani, dinamika njihovega upadanja pa se je nekoliko upo\u010dasnila. Odhodki so zna\u0161ali 7,3 milijarde evrov oz. 25,2 odstotka ve\u010d kot v enakem obdobju lani.<\/p>\n","protected":false},"author":7,"featured_media":420334,"comment_status":"closed","ping_status":"closed","sticky":false,"template":"","format":"standard","meta":{"footnotes":""},"categories":[1179],"tags":[15456,7692,1595,4505],"source":[4511],"supertag":[7541,5675],"acf":[],"yoast_head":"<!-- This site is optimized with the Yoast SEO plugin v21.3 - https:\/\/yoast.com\/wordpress\/plugins\/seo\/ -->\n<title>Dr\u017eavni prora\u010dun v sedmih mesecih pridelal 2,2 milijarde evrov primanjkljaja - Hudo Slovenija<\/title>\n<meta name=\"robots\" content=\"index, follow, max-snippet:-1, max-image-preview:large, max-video-preview:-1\" \/>\n<link rel=\"canonical\" href=\"https:\/\/hudo.com\/si\/aktualno\/drzavni-proracun-v-sedmih-mesecih-pridelal-22-milijarde-evrov-primanjkljaja\/\" \/>\n<meta property=\"og:locale\" content=\"sl_SI\" \/>\n<meta property=\"og:type\" content=\"article\" \/>\n<meta property=\"og:title\" content=\"Dr\u017eavni prora\u010dun v sedmih mesecih pridelal 2,2 milijarde evrov primanjkljaja - Hudo Slovenija\" \/>\n<meta property=\"og:description\" content=\"Dr\u017eavni prora\u010dun je v prvih sedmih mesecih letos izkazal primanjkljaj v vi\u0161ini 2,2, milijarde evrov. Prihodki so zna\u0161ali 5,1 milijarde evrov oz. 12,3 odstotka manj kot v enakem obdobju lani, dinamika njihovega upadanja pa se je nekoliko upo\u010dasnila. Odhodki so zna\u0161ali 7,3 milijarde evrov oz. 25,2 odstotka ve\u010d kot v enakem obdobju lani.\" \/>\n<meta property=\"og:url\" content=\"https:\/\/hudo.com\/si\/aktualno\/drzavni-proracun-v-sedmih-mesecih-pridelal-22-milijarde-evrov-primanjkljaja\/\" \/>\n<meta property=\"og:site_name\" content=\"Hudo Slovenija\" \/>\n<meta property=\"article:publisher\" content=\"https:\/\/www.facebook.com\/hudo.si\" \/>\n<meta property=\"article:published_time\" content=\"2020-08-31T11:08:31+00:00\" \/>\n<meta property=\"og:image\" content=\"https:\/\/hudo.com\/si\/wp-content\/uploads\/sites\/2\/2020\/04\/profimedia-0323288707.jpg\" \/>\n\t<meta property=\"og:image:width\" content=\"1800\" \/>\n\t<meta property=\"og:image:height\" content=\"1200\" \/>\n\t<meta property=\"og:image:type\" content=\"image\/jpeg\" \/>\n<meta name=\"author\" content=\"A. P., STA\" \/>\n<meta name=\"twitter:card\" content=\"summary_large_image\" \/>\n<meta name=\"twitter:creator\" content=\"@hudo_si\" \/>\n<meta name=\"twitter:site\" content=\"@hudo_si\" \/>\n<meta name=\"twitter:label1\" content=\"Written by\" \/>\n\t<meta name=\"twitter:data1\" content=\"A. P., STA\" \/>\n\t<meta name=\"twitter:label2\" content=\"Est. reading time\" \/>\n\t<meta name=\"twitter:data2\" content=\"2 minuti\" \/>\n<script type=\"application\/ld+json\" class=\"yoast-schema-graph\">{\"@context\":\"https:\/\/schema.org\",\"@graph\":[{\"@type\":\"Article\",\"@id\":\"https:\/\/hudo.com\/si\/aktualno\/drzavni-proracun-v-sedmih-mesecih-pridelal-22-milijarde-evrov-primanjkljaja\/#article\",\"isPartOf\":{\"@id\":\"https:\/\/hudo.com\/si\/aktualno\/drzavni-proracun-v-sedmih-mesecih-pridelal-22-milijarde-evrov-primanjkljaja\/\"},\"author\":{\"name\":\"A. P., STA\",\"@id\":\"https:\/\/hudo.com\/si\/#\/schema\/person\/18f09c02475ba9e606e941a565b80cff\"},\"headline\":\"Dr\u017eavni prora\u010dun v sedmih mesecih pridelal 2,2 milijarde evrov primanjkljaja\",\"datePublished\":\"2020-08-31T11:08:31+00:00\",\"dateModified\":\"2020-08-31T11:08:31+00:00\",\"mainEntityOfPage\":{\"@id\":\"https:\/\/hudo.com\/si\/aktualno\/drzavni-proracun-v-sedmih-mesecih-pridelal-22-milijarde-evrov-primanjkljaja\/\"},\"wordCount\":346,\"publisher\":{\"@id\":\"https:\/\/hudo.com\/si\/#organization\"},\"keywords\":[\"dr\u017eavni prora\u010dun\",\"primankljaj\",\"Slovenija\",\"statistika\"],\"articleSection\":[\"Aktualno\"],\"inLanguage\":\"sl-SI\"},{\"@type\":\"WebPage\",\"@id\":\"https:\/\/hudo.com\/si\/aktualno\/drzavni-proracun-v-sedmih-mesecih-pridelal-22-milijarde-evrov-primanjkljaja\/\",\"url\":\"https:\/\/hudo.com\/si\/aktualno\/drzavni-proracun-v-sedmih-mesecih-pridelal-22-milijarde-evrov-primanjkljaja\/\",\"name\":\"Dr\u017eavni prora\u010dun v sedmih mesecih pridelal 2,2 milijarde evrov primanjkljaja - Hudo Slovenija\",\"isPartOf\":{\"@id\":\"https:\/\/hudo.com\/si\/#website\"},\"datePublished\":\"2020-08-31T11:08:31+00:00\",\"dateModified\":\"2020-08-31T11:08:31+00:00\",\"breadcrumb\":{\"@id\":\"https:\/\/hudo.com\/si\/aktualno\/drzavni-proracun-v-sedmih-mesecih-pridelal-22-milijarde-evrov-primanjkljaja\/#breadcrumb\"},\"inLanguage\":\"sl-SI\",\"potentialAction\":[{\"@type\":\"ReadAction\",\"target\":[\"https:\/\/hudo.com\/si\/aktualno\/drzavni-proracun-v-sedmih-mesecih-pridelal-22-milijarde-evrov-primanjkljaja\/\"]}]},{\"@type\":\"BreadcrumbList\",\"@id\":\"https:\/\/hudo.com\/si\/aktualno\/drzavni-proracun-v-sedmih-mesecih-pridelal-22-milijarde-evrov-primanjkljaja\/#breadcrumb\",\"itemListElement\":[{\"@type\":\"ListItem\",\"position\":1,\"name\":\"Home\",\"item\":\"https:\/\/hudo.com\/si\/\"},{\"@type\":\"ListItem\",\"position\":2,\"name\":\"Dr\u017eavni prora\u010dun v sedmih mesecih pridelal 2,2 milijarde evrov primanjkljaja\"}]},{\"@type\":\"WebSite\",\"@id\":\"https:\/\/hudo.com\/si\/#website\",\"url\":\"https:\/\/hudo.com\/si\/\",\"name\":\"Hudo Slovenija\",\"description\":\"Vse novice iz Slovenije in sveta\",\"publisher\":{\"@id\":\"https:\/\/hudo.com\/si\/#organization\"},\"potentialAction\":[{\"@type\":\"SearchAction\",\"target\":{\"@type\":\"EntryPoint\",\"urlTemplate\":\"https:\/\/hudo.com\/si\/?s={search_term_string}\"},\"query-input\":\"required name=search_term_string\"}],\"inLanguage\":\"sl-SI\"},{\"@type\":\"Organization\",\"@id\":\"https:\/\/hudo.com\/si\/#organization\",\"name\":\"VSN Media\",\"url\":\"https:\/\/hudo.com\/si\/\",\"logo\":{\"@type\":\"ImageObject\",\"inLanguage\":\"sl-SI\",\"@id\":\"https:\/\/hudo.com\/si\/#\/schema\/logo\/image\/\",\"url\":\"https:\/\/hudo.com\/si\/wp-content\/uploads\/sites\/2\/2021\/03\/hudo-app-2.png\",\"contentUrl\":\"https:\/\/hudo.com\/si\/wp-content\/uploads\/sites\/2\/2021\/03\/hudo-app-2.png\",\"width\":2185,\"height\":2167,\"caption\":\"VSN Media\"},\"image\":{\"@id\":\"https:\/\/hudo.com\/si\/#\/schema\/logo\/image\/\"},\"sameAs\":[\"https:\/\/www.facebook.com\/hudo.si\",\"https:\/\/twitter.com\/hudo_si\"]},{\"@type\":\"Person\",\"@id\":\"https:\/\/hudo.com\/si\/#\/schema\/person\/18f09c02475ba9e606e941a565b80cff\",\"name\":\"A. P., STA\",\"image\":{\"@type\":\"ImageObject\",\"inLanguage\":\"sl-SI\",\"@id\":\"https:\/\/hudo.com\/si\/#\/schema\/person\/image\/\",\"url\":\"https:\/\/secure.gravatar.com\/avatar\/03eac8e609f5f04383125d80eaeaaf3e?s=96&d=mm&r=g\",\"contentUrl\":\"https:\/\/secure.gravatar.com\/avatar\/03eac8e609f5f04383125d80eaeaaf3e?s=96&d=mm&r=g\",\"caption\":\"A. P., STA\"},\"url\":\"https:\/\/hudo.com\/si\/author\/lubu\/\"}]}<\/script>\n<!-- \/ Yoast SEO plugin. -->","yoast_head_json":{"title":"Dr\u017eavni prora\u010dun v sedmih mesecih pridelal 2,2 milijarde evrov primanjkljaja - Hudo Slovenija","robots":{"index":"index","follow":"follow","max-snippet":"max-snippet:-1","max-image-preview":"max-image-preview:large","max-video-preview":"max-video-preview:-1"},"canonical":"https:\/\/hudo.com\/si\/aktualno\/drzavni-proracun-v-sedmih-mesecih-pridelal-22-milijarde-evrov-primanjkljaja\/","og_locale":"sl_SI","og_type":"article","og_title":"Dr\u017eavni prora\u010dun v sedmih mesecih pridelal 2,2 milijarde evrov primanjkljaja - Hudo Slovenija","og_description":"Dr\u017eavni prora\u010dun je v prvih sedmih mesecih letos izkazal primanjkljaj v vi\u0161ini 2,2, milijarde evrov. Prihodki so zna\u0161ali 5,1 milijarde evrov oz. 12,3 odstotka manj kot v enakem obdobju lani, dinamika njihovega upadanja pa se je nekoliko upo\u010dasnila. Odhodki so zna\u0161ali 7,3 milijarde evrov oz. 25,2 odstotka ve\u010d kot v enakem obdobju lani.","og_url":"https:\/\/hudo.com\/si\/aktualno\/drzavni-proracun-v-sedmih-mesecih-pridelal-22-milijarde-evrov-primanjkljaja\/","og_site_name":"Hudo Slovenija","article_publisher":"https:\/\/www.facebook.com\/hudo.si","article_published_time":"2020-08-31T11:08:31+00:00","og_image":[{"width":1800,"height":1200,"url":"https:\/\/hudo.com\/si\/wp-content\/uploads\/sites\/2\/2020\/04\/profimedia-0323288707.jpg","type":"image\/jpeg"}],"author":"A. P., STA","twitter_card":"summary_large_image","twitter_creator":"@hudo_si","twitter_site":"@hudo_si","twitter_misc":{"Written by":"A. P., STA","Est. reading time":"2 minuti"},"schema":{"@context":"https:\/\/schema.org","@graph":[{"@type":"Article","@id":"https:\/\/hudo.com\/si\/aktualno\/drzavni-proracun-v-sedmih-mesecih-pridelal-22-milijarde-evrov-primanjkljaja\/#article","isPartOf":{"@id":"https:\/\/hudo.com\/si\/aktualno\/drzavni-proracun-v-sedmih-mesecih-pridelal-22-milijarde-evrov-primanjkljaja\/"},"author":{"name":"A. P., STA","@id":"https:\/\/hudo.com\/si\/#\/schema\/person\/18f09c02475ba9e606e941a565b80cff"},"headline":"Dr\u017eavni prora\u010dun v sedmih mesecih pridelal 2,2 milijarde evrov primanjkljaja","datePublished":"2020-08-31T11:08:31+00:00","dateModified":"2020-08-31T11:08:31+00:00","mainEntityOfPage":{"@id":"https:\/\/hudo.com\/si\/aktualno\/drzavni-proracun-v-sedmih-mesecih-pridelal-22-milijarde-evrov-primanjkljaja\/"},"wordCount":346,"publisher":{"@id":"https:\/\/hudo.com\/si\/#organization"},"keywords":["dr\u017eavni prora\u010dun","primankljaj","Slovenija","statistika"],"articleSection":["Aktualno"],"inLanguage":"sl-SI"},{"@type":"WebPage","@id":"https:\/\/hudo.com\/si\/aktualno\/drzavni-proracun-v-sedmih-mesecih-pridelal-22-milijarde-evrov-primanjkljaja\/","url":"https:\/\/hudo.com\/si\/aktualno\/drzavni-proracun-v-sedmih-mesecih-pridelal-22-milijarde-evrov-primanjkljaja\/","name":"Dr\u017eavni prora\u010dun v sedmih mesecih pridelal 2,2 milijarde evrov primanjkljaja - Hudo Slovenija","isPartOf":{"@id":"https:\/\/hudo.com\/si\/#website"},"datePublished":"2020-08-31T11:08:31+00:00","dateModified":"2020-08-31T11:08:31+00:00","breadcrumb":{"@id":"https:\/\/hudo.com\/si\/aktualno\/drzavni-proracun-v-sedmih-mesecih-pridelal-22-milijarde-evrov-primanjkljaja\/#breadcrumb"},"inLanguage":"sl-SI","potentialAction":[{"@type":"ReadAction","target":["https:\/\/hudo.com\/si\/aktualno\/drzavni-proracun-v-sedmih-mesecih-pridelal-22-milijarde-evrov-primanjkljaja\/"]}]},{"@type":"BreadcrumbList","@id":"https:\/\/hudo.com\/si\/aktualno\/drzavni-proracun-v-sedmih-mesecih-pridelal-22-milijarde-evrov-primanjkljaja\/#breadcrumb","itemListElement":[{"@type":"ListItem","position":1,"name":"Home","item":"https:\/\/hudo.com\/si\/"},{"@type":"ListItem","position":2,"name":"Dr\u017eavni prora\u010dun v sedmih mesecih pridelal 2,2 milijarde evrov primanjkljaja"}]},{"@type":"WebSite","@id":"https:\/\/hudo.com\/si\/#website","url":"https:\/\/hudo.com\/si\/","name":"Hudo Slovenija","description":"Vse novice iz Slovenije in sveta","publisher":{"@id":"https:\/\/hudo.com\/si\/#organization"},"potentialAction":[{"@type":"SearchAction","target":{"@type":"EntryPoint","urlTemplate":"https:\/\/hudo.com\/si\/?s={search_term_string}"},"query-input":"required name=search_term_string"}],"inLanguage":"sl-SI"},{"@type":"Organization","@id":"https:\/\/hudo.com\/si\/#organization","name":"VSN Media","url":"https:\/\/hudo.com\/si\/","logo":{"@type":"ImageObject","inLanguage":"sl-SI","@id":"https:\/\/hudo.com\/si\/#\/schema\/logo\/image\/","url":"https:\/\/hudo.com\/si\/wp-content\/uploads\/sites\/2\/2021\/03\/hudo-app-2.png","contentUrl":"https:\/\/hudo.com\/si\/wp-content\/uploads\/sites\/2\/2021\/03\/hudo-app-2.png","width":2185,"height":2167,"caption":"VSN Media"},"image":{"@id":"https:\/\/hudo.com\/si\/#\/schema\/logo\/image\/"},"sameAs":["https:\/\/www.facebook.com\/hudo.si","https:\/\/twitter.com\/hudo_si"]},{"@type":"Person","@id":"https:\/\/hudo.com\/si\/#\/schema\/person\/18f09c02475ba9e606e941a565b80cff","name":"A. P., STA","image":{"@type":"ImageObject","inLanguage":"sl-SI","@id":"https:\/\/hudo.com\/si\/#\/schema\/person\/image\/","url":"https:\/\/secure.gravatar.com\/avatar\/03eac8e609f5f04383125d80eaeaaf3e?s=96&d=mm&r=g","contentUrl":"https:\/\/secure.gravatar.com\/avatar\/03eac8e609f5f04383125d80eaeaaf3e?s=96&d=mm&r=g","caption":"A. P., STA"},"url":"https:\/\/hudo.com\/si\/author\/lubu\/"}]}},"amp_enabled":true,"_links":{"self":[{"href":"https:\/\/hudo.com\/si\/wp-json\/wp\/v2\/posts\/431716"}],"collection":[{"href":"https:\/\/hudo.com\/si\/wp-json\/wp\/v2\/posts"}],"about":[{"href":"https:\/\/hudo.com\/si\/wp-json\/wp\/v2\/types\/post"}],"author":[{"embeddable":true,"href":"https:\/\/hudo.com\/si\/wp-json\/wp\/v2\/users\/7"}],"replies":[{"embeddable":true,"href":"https:\/\/hudo.com\/si\/wp-json\/wp\/v2\/comments?post=431716"}],"version-history":[{"count":1,"href":"https:\/\/hudo.com\/si\/wp-json\/wp\/v2\/posts\/431716\/revisions"}],"predecessor-version":[{"id":431717,"href":"https:\/\/hudo.com\/si\/wp-json\/wp\/v2\/posts\/431716\/revisions\/431717"}],"wp:featuredmedia":[{"embeddable":true,"href":"https:\/\/hudo.com\/si\/wp-json\/wp\/v2\/media\/420334"}],"wp:attachment":[{"href":"https:\/\/hudo.com\/si\/wp-json\/wp\/v2\/media?parent=431716"}],"wp:term":[{"taxonomy":"category","embeddable":true,"href":"https:\/\/hudo.com\/si\/wp-json\/wp\/v2\/categories?post=431716"},{"taxonomy":"post_tag","embeddable":true,"href":"https:\/\/hudo.com\/si\/wp-json\/wp\/v2\/tags?post=431716"},{"taxonomy":"source","embeddable":true,"href":"https:\/\/hudo.com\/si\/wp-json\/wp\/v2\/source?post=431716"},{"taxonomy":"supertag","embeddable":true,"href":"https:\/\/hudo.com\/si\/wp-json\/wp\/v2\/supertag?post=431716"}],"curies":[{"name":"wp","href":"https:\/\/api.w.org\/{rel}","templated":true}]}}