{"id":432136,"date":"2020-09-04T19:21:12","date_gmt":"2020-09-04T17:21:12","guid":{"rendered":"http:\/\/hudo.com\/si\/?p=432136"},"modified":"2020-09-04T19:21:12","modified_gmt":"2020-09-04T17:21:12","slug":"nemcijo-pretresa-vest-o-materi-ki-je-umorila-pet-majhnih-otrok-potem-pa-se-vrgla-pod-vlak","status":"publish","type":"post","link":"https:\/\/hudo.com\/si\/aktualno\/nemcijo-pretresa-vest-o-materi-ki-je-umorila-pet-majhnih-otrok-potem-pa-se-vrgla-pod-vlak\/","title":{"rendered":"Nem\u010dijo pretresa vest o materi, ki je umorila pet majhnih otrok, potem pa se vrgla pod vlak"},"content":{"rendered":"<p>Policijo je v \u010detrtek malo pred 14. uro poklicala babica \u017ertev, ki ji je h\u010di sporo\u010dila, kaj je storila. Ko so policisti pri\u0161li v stanovanje v Solingenu na zahodu Nem\u010dije, so bili otroci &#8211; enoletna, dvoletna ter triletna deklica ter \u0161estletni in osemletni de\u010dek &#8211; \u017ee mrtvi. Policisti so jih na\u0161li mrtve v njihovih posteljicah, domnevno pa so bili umorjeni med sredo popoldne in \u010detrtkom dopoldne.<\/p>\n<p>\u0160estega otroka, 11-letnega de\u010dka, je mati odpeljala s seboj v 35 kilometrov oddaljeni D\u00fcsseldorf, kjer se je vrgla pod vlak. Poskus samomora je pre\u017eivela, a je hudo po\u0161kodovana.<\/p>\n<p>Policija in to\u017eilstvo domnevata, da je \u017eenska zlo\u010din storila zaradi \u010dustvene preobremenjenosti. \u017de eno leto je \u017eivela lo\u010deno od svojega zadnjega soproga, ki je o\u010de \u0161tirih od njenih \u0161estih otrok, poro\u010da dpa.<\/p>\n","protected":false},"excerpt":{"rendered":"<p>Peterico otrok, ki so jih v \u010detrtek na\u0161li v stanovanju v nem\u0161kem mestu Solingen, je po prvih ugotovitvah obdukcije zadu\u0161ila njihova mati, potem ko je propadla njena zakonska zveza, je danes sporo\u010dil to\u017eilec Heribert Kaune-Gebhardt. Sodnik je za 27-letno mater izdal zaporni nalog zaradi petkratnega umora, poro\u010da nem\u0161ka tiskovna agencija dpa.<\/p>\n","protected":false},"author":7,"featured_media":432137,"comment_status":"closed","ping_status":"closed","sticky":false,"template":"","format":"standard","meta":{"footnotes":""},"categories":[1179],"tags":[4688,8350,3628],"source":[4511],"supertag":[],"acf":[],"yoast_head":"<!-- This site is optimized with the Yoast SEO plugin v21.3 - https:\/\/yoast.com\/wordpress\/plugins\/seo\/ -->\n<title>Nem\u010dijo pretresa vest o materi, ki je umorila pet majhnih otrok, potem pa se vrgla pod vlak - Hudo Slovenija<\/title>\n<meta name=\"robots\" content=\"index, follow, max-snippet:-1, max-image-preview:large, max-video-preview:-1\" \/>\n<link rel=\"canonical\" href=\"https:\/\/hudo.com\/si\/aktualno\/nemcijo-pretresa-vest-o-materi-ki-je-umorila-pet-majhnih-otrok-potem-pa-se-vrgla-pod-vlak\/\" \/>\n<meta property=\"og:locale\" content=\"sl_SI\" \/>\n<meta property=\"og:type\" content=\"article\" \/>\n<meta property=\"og:title\" content=\"Nem\u010dijo pretresa vest o materi, ki je umorila pet majhnih otrok, potem pa se vrgla pod vlak - Hudo Slovenija\" \/>\n<meta property=\"og:description\" content=\"Peterico otrok, ki so jih v \u010detrtek na\u0161li v stanovanju v nem\u0161kem mestu Solingen, je po prvih ugotovitvah obdukcije zadu\u0161ila njihova mati, potem ko je propadla njena zakonska zveza, je danes sporo\u010dil to\u017eilec Heribert Kaune-Gebhardt. Sodnik je za 27-letno mater izdal zaporni nalog zaradi petkratnega umora, poro\u010da nem\u0161ka tiskovna agencija dpa.\" \/>\n<meta property=\"og:url\" content=\"https:\/\/hudo.com\/si\/aktualno\/nemcijo-pretresa-vest-o-materi-ki-je-umorila-pet-majhnih-otrok-potem-pa-se-vrgla-pod-vlak\/\" \/>\n<meta property=\"og:site_name\" content=\"Hudo Slovenija\" \/>\n<meta property=\"article:publisher\" content=\"https:\/\/www.facebook.com\/hudo.si\" \/>\n<meta property=\"article:published_time\" content=\"2020-09-04T17:21:12+00:00\" \/>\n<meta property=\"og:image\" content=\"https:\/\/hudo.com\/si\/wp-content\/uploads\/sites\/2\/2020\/09\/profimedia-0160278919.jpg\" \/>\n\t<meta property=\"og:image:width\" content=\"1250\" \/>\n\t<meta property=\"og:image:height\" content=\"830\" \/>\n\t<meta property=\"og:image:type\" content=\"image\/jpeg\" \/>\n<meta name=\"author\" content=\"A. P., STA\" \/>\n<meta name=\"twitter:card\" content=\"summary_large_image\" \/>\n<meta name=\"twitter:creator\" content=\"@hudo_si\" \/>\n<meta name=\"twitter:site\" content=\"@hudo_si\" \/>\n<meta name=\"twitter:label1\" content=\"Written by\" \/>\n\t<meta name=\"twitter:data1\" content=\"A. P., STA\" \/>\n\t<meta name=\"twitter:label2\" content=\"Est. reading time\" \/>\n\t<meta name=\"twitter:data2\" content=\"1 minuta\" \/>\n<script type=\"application\/ld+json\" class=\"yoast-schema-graph\">{\"@context\":\"https:\/\/schema.org\",\"@graph\":[{\"@type\":\"Article\",\"@id\":\"https:\/\/hudo.com\/si\/aktualno\/nemcijo-pretresa-vest-o-materi-ki-je-umorila-pet-majhnih-otrok-potem-pa-se-vrgla-pod-vlak\/#article\",\"isPartOf\":{\"@id\":\"https:\/\/hudo.com\/si\/aktualno\/nemcijo-pretresa-vest-o-materi-ki-je-umorila-pet-majhnih-otrok-potem-pa-se-vrgla-pod-vlak\/\"},\"author\":{\"name\":\"A. P., STA\",\"@id\":\"https:\/\/hudo.com\/si\/#\/schema\/person\/18f09c02475ba9e606e941a565b80cff\"},\"headline\":\"Nem\u010dijo pretresa vest o materi, ki je umorila pet majhnih otrok, potem pa se vrgla pod vlak\",\"datePublished\":\"2020-09-04T17:21:12+00:00\",\"dateModified\":\"2020-09-04T17:21:12+00:00\",\"mainEntityOfPage\":{\"@id\":\"https:\/\/hudo.com\/si\/aktualno\/nemcijo-pretresa-vest-o-materi-ki-je-umorila-pet-majhnih-otrok-potem-pa-se-vrgla-pod-vlak\/\"},\"wordCount\":157,\"publisher\":{\"@id\":\"https:\/\/hudo.com\/si\/#organization\"},\"keywords\":[\"\u010drna kronika\",\"dru\u017einska tragedija\",\"nem\u010dija\"],\"articleSection\":[\"Aktualno\"],\"inLanguage\":\"sl-SI\"},{\"@type\":\"WebPage\",\"@id\":\"https:\/\/hudo.com\/si\/aktualno\/nemcijo-pretresa-vest-o-materi-ki-je-umorila-pet-majhnih-otrok-potem-pa-se-vrgla-pod-vlak\/\",\"url\":\"https:\/\/hudo.com\/si\/aktualno\/nemcijo-pretresa-vest-o-materi-ki-je-umorila-pet-majhnih-otrok-potem-pa-se-vrgla-pod-vlak\/\",\"name\":\"Nem\u010dijo pretresa vest o materi, ki je umorila pet majhnih otrok, potem pa se vrgla pod vlak - Hudo Slovenija\",\"isPartOf\":{\"@id\":\"https:\/\/hudo.com\/si\/#website\"},\"datePublished\":\"2020-09-04T17:21:12+00:00\",\"dateModified\":\"2020-09-04T17:21:12+00:00\",\"breadcrumb\":{\"@id\":\"https:\/\/hudo.com\/si\/aktualno\/nemcijo-pretresa-vest-o-materi-ki-je-umorila-pet-majhnih-otrok-potem-pa-se-vrgla-pod-vlak\/#breadcrumb\"},\"inLanguage\":\"sl-SI\",\"potentialAction\":[{\"@type\":\"ReadAction\",\"target\":[\"https:\/\/hudo.com\/si\/aktualno\/nemcijo-pretresa-vest-o-materi-ki-je-umorila-pet-majhnih-otrok-potem-pa-se-vrgla-pod-vlak\/\"]}]},{\"@type\":\"BreadcrumbList\",\"@id\":\"https:\/\/hudo.com\/si\/aktualno\/nemcijo-pretresa-vest-o-materi-ki-je-umorila-pet-majhnih-otrok-potem-pa-se-vrgla-pod-vlak\/#breadcrumb\",\"itemListElement\":[{\"@type\":\"ListItem\",\"position\":1,\"name\":\"Home\",\"item\":\"https:\/\/hudo.com\/si\/\"},{\"@type\":\"ListItem\",\"position\":2,\"name\":\"Nem\u010dijo pretresa vest o materi, ki je umorila pet majhnih otrok, potem pa se vrgla pod vlak\"}]},{\"@type\":\"WebSite\",\"@id\":\"https:\/\/hudo.com\/si\/#website\",\"url\":\"https:\/\/hudo.com\/si\/\",\"name\":\"Hudo Slovenija\",\"description\":\"Vse novice iz Slovenije in sveta\",\"publisher\":{\"@id\":\"https:\/\/hudo.com\/si\/#organization\"},\"potentialAction\":[{\"@type\":\"SearchAction\",\"target\":{\"@type\":\"EntryPoint\",\"urlTemplate\":\"https:\/\/hudo.com\/si\/?s={search_term_string}\"},\"query-input\":\"required name=search_term_string\"}],\"inLanguage\":\"sl-SI\"},{\"@type\":\"Organization\",\"@id\":\"https:\/\/hudo.com\/si\/#organization\",\"name\":\"VSN Media\",\"url\":\"https:\/\/hudo.com\/si\/\",\"logo\":{\"@type\":\"ImageObject\",\"inLanguage\":\"sl-SI\",\"@id\":\"https:\/\/hudo.com\/si\/#\/schema\/logo\/image\/\",\"url\":\"https:\/\/hudo.com\/si\/wp-content\/uploads\/sites\/2\/2021\/03\/hudo-app-2.png\",\"contentUrl\":\"https:\/\/hudo.com\/si\/wp-content\/uploads\/sites\/2\/2021\/03\/hudo-app-2.png\",\"width\":2185,\"height\":2167,\"caption\":\"VSN Media\"},\"image\":{\"@id\":\"https:\/\/hudo.com\/si\/#\/schema\/logo\/image\/\"},\"sameAs\":[\"https:\/\/www.facebook.com\/hudo.si\",\"https:\/\/twitter.com\/hudo_si\"]},{\"@type\":\"Person\",\"@id\":\"https:\/\/hudo.com\/si\/#\/schema\/person\/18f09c02475ba9e606e941a565b80cff\",\"name\":\"A. P., STA\",\"image\":{\"@type\":\"ImageObject\",\"inLanguage\":\"sl-SI\",\"@id\":\"https:\/\/hudo.com\/si\/#\/schema\/person\/image\/\",\"url\":\"https:\/\/secure.gravatar.com\/avatar\/03eac8e609f5f04383125d80eaeaaf3e?s=96&d=mm&r=g\",\"contentUrl\":\"https:\/\/secure.gravatar.com\/avatar\/03eac8e609f5f04383125d80eaeaaf3e?s=96&d=mm&r=g\",\"caption\":\"A. P., STA\"},\"url\":\"https:\/\/hudo.com\/si\/author\/lubu\/\"}]}<\/script>\n<!-- \/ Yoast SEO plugin. -->","yoast_head_json":{"title":"Nem\u010dijo pretresa vest o materi, ki je umorila pet majhnih otrok, potem pa se vrgla pod vlak - Hudo Slovenija","robots":{"index":"index","follow":"follow","max-snippet":"max-snippet:-1","max-image-preview":"max-image-preview:large","max-video-preview":"max-video-preview:-1"},"canonical":"https:\/\/hudo.com\/si\/aktualno\/nemcijo-pretresa-vest-o-materi-ki-je-umorila-pet-majhnih-otrok-potem-pa-se-vrgla-pod-vlak\/","og_locale":"sl_SI","og_type":"article","og_title":"Nem\u010dijo pretresa vest o materi, ki je umorila pet majhnih otrok, potem pa se vrgla pod vlak - Hudo Slovenija","og_description":"Peterico otrok, ki so jih v \u010detrtek na\u0161li v stanovanju v nem\u0161kem mestu Solingen, je po prvih ugotovitvah obdukcije zadu\u0161ila njihova mati, potem ko je propadla njena zakonska zveza, je danes sporo\u010dil to\u017eilec Heribert Kaune-Gebhardt. Sodnik je za 27-letno mater izdal zaporni nalog zaradi petkratnega umora, poro\u010da nem\u0161ka tiskovna agencija dpa.","og_url":"https:\/\/hudo.com\/si\/aktualno\/nemcijo-pretresa-vest-o-materi-ki-je-umorila-pet-majhnih-otrok-potem-pa-se-vrgla-pod-vlak\/","og_site_name":"Hudo Slovenija","article_publisher":"https:\/\/www.facebook.com\/hudo.si","article_published_time":"2020-09-04T17:21:12+00:00","og_image":[{"width":1250,"height":830,"url":"https:\/\/hudo.com\/si\/wp-content\/uploads\/sites\/2\/2020\/09\/profimedia-0160278919.jpg","type":"image\/jpeg"}],"author":"A. P., STA","twitter_card":"summary_large_image","twitter_creator":"@hudo_si","twitter_site":"@hudo_si","twitter_misc":{"Written by":"A. P., STA","Est. reading time":"1 minuta"},"schema":{"@context":"https:\/\/schema.org","@graph":[{"@type":"Article","@id":"https:\/\/hudo.com\/si\/aktualno\/nemcijo-pretresa-vest-o-materi-ki-je-umorila-pet-majhnih-otrok-potem-pa-se-vrgla-pod-vlak\/#article","isPartOf":{"@id":"https:\/\/hudo.com\/si\/aktualno\/nemcijo-pretresa-vest-o-materi-ki-je-umorila-pet-majhnih-otrok-potem-pa-se-vrgla-pod-vlak\/"},"author":{"name":"A. P., STA","@id":"https:\/\/hudo.com\/si\/#\/schema\/person\/18f09c02475ba9e606e941a565b80cff"},"headline":"Nem\u010dijo pretresa vest o materi, ki je umorila pet majhnih otrok, potem pa se vrgla pod vlak","datePublished":"2020-09-04T17:21:12+00:00","dateModified":"2020-09-04T17:21:12+00:00","mainEntityOfPage":{"@id":"https:\/\/hudo.com\/si\/aktualno\/nemcijo-pretresa-vest-o-materi-ki-je-umorila-pet-majhnih-otrok-potem-pa-se-vrgla-pod-vlak\/"},"wordCount":157,"publisher":{"@id":"https:\/\/hudo.com\/si\/#organization"},"keywords":["\u010drna kronika","dru\u017einska tragedija","nem\u010dija"],"articleSection":["Aktualno"],"inLanguage":"sl-SI"},{"@type":"WebPage","@id":"https:\/\/hudo.com\/si\/aktualno\/nemcijo-pretresa-vest-o-materi-ki-je-umorila-pet-majhnih-otrok-potem-pa-se-vrgla-pod-vlak\/","url":"https:\/\/hudo.com\/si\/aktualno\/nemcijo-pretresa-vest-o-materi-ki-je-umorila-pet-majhnih-otrok-potem-pa-se-vrgla-pod-vlak\/","name":"Nem\u010dijo pretresa vest o materi, ki je umorila pet majhnih otrok, potem pa se vrgla pod vlak - Hudo Slovenija","isPartOf":{"@id":"https:\/\/hudo.com\/si\/#website"},"datePublished":"2020-09-04T17:21:12+00:00","dateModified":"2020-09-04T17:21:12+00:00","breadcrumb":{"@id":"https:\/\/hudo.com\/si\/aktualno\/nemcijo-pretresa-vest-o-materi-ki-je-umorila-pet-majhnih-otrok-potem-pa-se-vrgla-pod-vlak\/#breadcrumb"},"inLanguage":"sl-SI","potentialAction":[{"@type":"ReadAction","target":["https:\/\/hudo.com\/si\/aktualno\/nemcijo-pretresa-vest-o-materi-ki-je-umorila-pet-majhnih-otrok-potem-pa-se-vrgla-pod-vlak\/"]}]},{"@type":"BreadcrumbList","@id":"https:\/\/hudo.com\/si\/aktualno\/nemcijo-pretresa-vest-o-materi-ki-je-umorila-pet-majhnih-otrok-potem-pa-se-vrgla-pod-vlak\/#breadcrumb","itemListElement":[{"@type":"ListItem","position":1,"name":"Home","item":"https:\/\/hudo.com\/si\/"},{"@type":"ListItem","position":2,"name":"Nem\u010dijo pretresa vest o materi, ki je umorila pet majhnih otrok, potem pa se vrgla pod vlak"}]},{"@type":"WebSite","@id":"https:\/\/hudo.com\/si\/#website","url":"https:\/\/hudo.com\/si\/","name":"Hudo Slovenija","description":"Vse novice iz Slovenije in sveta","publisher":{"@id":"https:\/\/hudo.com\/si\/#organization"},"potentialAction":[{"@type":"SearchAction","target":{"@type":"EntryPoint","urlTemplate":"https:\/\/hudo.com\/si\/?s={search_term_string}"},"query-input":"required name=search_term_string"}],"inLanguage":"sl-SI"},{"@type":"Organization","@id":"https:\/\/hudo.com\/si\/#organization","name":"VSN Media","url":"https:\/\/hudo.com\/si\/","logo":{"@type":"ImageObject","inLanguage":"sl-SI","@id":"https:\/\/hudo.com\/si\/#\/schema\/logo\/image\/","url":"https:\/\/hudo.com\/si\/wp-content\/uploads\/sites\/2\/2021\/03\/hudo-app-2.png","contentUrl":"https:\/\/hudo.com\/si\/wp-content\/uploads\/sites\/2\/2021\/03\/hudo-app-2.png","width":2185,"height":2167,"caption":"VSN Media"},"image":{"@id":"https:\/\/hudo.com\/si\/#\/schema\/logo\/image\/"},"sameAs":["https:\/\/www.facebook.com\/hudo.si","https:\/\/twitter.com\/hudo_si"]},{"@type":"Person","@id":"https:\/\/hudo.com\/si\/#\/schema\/person\/18f09c02475ba9e606e941a565b80cff","name":"A. P., STA","image":{"@type":"ImageObject","inLanguage":"sl-SI","@id":"https:\/\/hudo.com\/si\/#\/schema\/person\/image\/","url":"https:\/\/secure.gravatar.com\/avatar\/03eac8e609f5f04383125d80eaeaaf3e?s=96&d=mm&r=g","contentUrl":"https:\/\/secure.gravatar.com\/avatar\/03eac8e609f5f04383125d80eaeaaf3e?s=96&d=mm&r=g","caption":"A. P., STA"},"url":"https:\/\/hudo.com\/si\/author\/lubu\/"}]}},"amp_enabled":true,"_links":{"self":[{"href":"https:\/\/hudo.com\/si\/wp-json\/wp\/v2\/posts\/432136"}],"collection":[{"href":"https:\/\/hudo.com\/si\/wp-json\/wp\/v2\/posts"}],"about":[{"href":"https:\/\/hudo.com\/si\/wp-json\/wp\/v2\/types\/post"}],"author":[{"embeddable":true,"href":"https:\/\/hudo.com\/si\/wp-json\/wp\/v2\/users\/7"}],"replies":[{"embeddable":true,"href":"https:\/\/hudo.com\/si\/wp-json\/wp\/v2\/comments?post=432136"}],"version-history":[{"count":1,"href":"https:\/\/hudo.com\/si\/wp-json\/wp\/v2\/posts\/432136\/revisions"}],"predecessor-version":[{"id":432138,"href":"https:\/\/hudo.com\/si\/wp-json\/wp\/v2\/posts\/432136\/revisions\/432138"}],"wp:featuredmedia":[{"embeddable":true,"href":"https:\/\/hudo.com\/si\/wp-json\/wp\/v2\/media\/432137"}],"wp:attachment":[{"href":"https:\/\/hudo.com\/si\/wp-json\/wp\/v2\/media?parent=432136"}],"wp:term":[{"taxonomy":"category","embeddable":true,"href":"https:\/\/hudo.com\/si\/wp-json\/wp\/v2\/categories?post=432136"},{"taxonomy":"post_tag","embeddable":true,"href":"https:\/\/hudo.com\/si\/wp-json\/wp\/v2\/tags?post=432136"},{"taxonomy":"source","embeddable":true,"href":"https:\/\/hudo.com\/si\/wp-json\/wp\/v2\/source?post=432136"},{"taxonomy":"supertag","embeddable":true,"href":"https:\/\/hudo.com\/si\/wp-json\/wp\/v2\/supertag?post=432136"}],"curies":[{"name":"wp","href":"https:\/\/api.w.org\/{rel}","templated":true}]}}