{"id":432836,"date":"2020-09-15T05:18:52","date_gmt":"2020-09-15T03:18:52","guid":{"rendered":"https:\/\/hudo.com\/si\/?p=432836"},"modified":"2020-09-15T05:18:52","modified_gmt":"2020-09-15T03:18:52","slug":"izbor-urednistva-najlepse-obleke-na-rdeci-preprogi-letosnjega-filmskega-festivala-v-benetkah","status":"publish","type":"post","link":"https:\/\/hudo.com\/si\/vip\/izbor-urednistva-najlepse-obleke-na-rdeci-preprogi-letosnjega-filmskega-festivala-v-benetkah\/","title":{"rendered":"Izbor uredni\u0161tva: Najlep\u0161e obleke na rde\u010di preprogi leto\u0161njega filmskega festivala v Benetkah"},"content":{"rendered":"<figure>\n\t\t\t\t\t<img loading=\"lazy\" decoding=\"async\" width=\"660\" height=\"320\" src=\"image\/gif;base64,R0lGODlhAQABAAAAACH5BAEKAAEALAAAAAABAAEAAAICTAEAOw==\" class=\"lazyload\" \/><figcaption>Frida Aasen (Foto: Profimedia)<\/figcaption><\/figure>\n<figure>\n\t\t\t\t\t<img loading=\"lazy\" decoding=\"async\" width=\"660\" height=\"320\" src=\"image\/gif;base64,R0lGODlhAQABAAAAACH5BAEKAAEALAAAAAABAAEAAAICTAEAOw==\" class=\"lazyload\" \/><figcaption>Weronika Rosati (Foto: Profimedia)<\/figcaption><\/figure>\n<figure>\n\t\t\t\t\t<img loading=\"lazy\" decoding=\"async\" width=\"660\" height=\"320\" src=\"image\/gif;base64,R0lGODlhAQABAAAAACH5BAEKAAEALAAAAAABAAEAAAICTAEAOw==\" class=\"lazyload\" \/><figcaption>Elodie (Foto: Profimedia)<\/figcaption><\/figure>\n<figure>\n\t\t\t\t\t<img loading=\"lazy\" decoding=\"async\" width=\"660\" height=\"320\" src=\"image\/gif;base64,R0lGODlhAQABAAAAACH5BAEKAAEALAAAAAABAAEAAAICTAEAOw==\" class=\"lazyload\" \/><figcaption>Elena Cucci (Foto: Profimedia)<\/figcaption><\/figure>\n<figure>\n\t\t\t\t\t<img loading=\"lazy\" decoding=\"async\" width=\"660\" height=\"320\" src=\"image\/gif;base64,R0lGODlhAQABAAAAACH5BAEKAAEALAAAAAABAAEAAAICTAEAOw==\" class=\"lazyload\" \/><figcaption>Weronica Rosati (Foto: Profimedia)<\/figcaption><\/figure>\n<figure>\n\t\t\t\t\t<img loading=\"lazy\" decoding=\"async\" width=\"660\" height=\"320\" src=\"image\/gif;base64,R0lGODlhAQABAAAAACH5BAEKAAEALAAAAAABAAEAAAICTAEAOw==\" class=\"lazyload\" \/><figcaption>Ludivine Sagnier<\/p>\n<p>77th Venice Film Festival<br \/>\nClosing evening red carpet<br \/>\nVenice, Italy<br \/>\n12th September 2020,Image: 557795319, License: Rights-managed, Restrictions: , Model Release: no<\/figcaption><\/figure>\n<figure>\n\t\t\t\t\t<img loading=\"lazy\" decoding=\"async\" width=\"660\" height=\"320\" src=\"image\/gif;base64,R0lGODlhAQABAAAAACH5BAEKAAEALAAAAAABAAEAAAICTAEAOw==\" class=\"lazyload\" \/><figcaption>Roberta Mastromichele (Foto: Profimedia)<\/figcaption><\/figure>\n<figure>\n\t\t\t\t\t<img loading=\"lazy\" decoding=\"async\" width=\"660\" height=\"320\" src=\"image\/gif;base64,R0lGODlhAQABAAAAACH5BAEKAAEALAAAAAABAAEAAAICTAEAOw==\" class=\"lazyload\" \/><figcaption>Anna Foglietta (Foto: Profimedia)<\/figcaption><\/figure>\n<figure>\n\t\t\t\t\t<img loading=\"lazy\" decoding=\"async\" width=\"660\" height=\"320\" src=\"image\/gif;base64,R0lGODlhAQABAAAAACH5BAEKAAEALAAAAAABAAEAAAICTAEAOw==\" class=\"lazyload\" \/><figcaption>(Foto: Profimedia)<\/figcaption><\/figure>\n<figure>\n\t\t\t\t\t<img loading=\"lazy\" decoding=\"async\" width=\"660\" height=\"320\" src=\"image\/gif;base64,R0lGODlhAQABAAAAACH5BAEKAAEALAAAAAABAAEAAAICTAEAOw==\" class=\"lazyload\" \/><figcaption>Cate Blanchett (Foto: Profimedia)<\/figcaption><\/figure>\n<figure>\n\t\t\t\t\t<img loading=\"lazy\" decoding=\"async\" width=\"660\" height=\"320\" src=\"image\/gif;base64,R0lGODlhAQABAAAAACH5BAEKAAEALAAAAAABAAEAAAICTAEAOw==\" class=\"lazyload\" \/><figcaption>Isabel May (Foto: Profimedia)<\/figcaption><\/figure>\n<figure>\n\t\t\t\t\t<img loading=\"lazy\" decoding=\"async\" width=\"660\" height=\"320\" src=\"image\/gif;base64,R0lGODlhAQABAAAAACH5BAEKAAEALAAAAAABAAEAAAICTAEAOw==\" class=\"lazyload\" \/><figcaption>Naian Gonzalez (Foto: Profimedia)<\/figcaption><\/figure>\n<figure>\n\t\t\t\t\t<img loading=\"lazy\" decoding=\"async\" width=\"660\" height=\"320\" src=\"image\/gif;base64,R0lGODlhAQABAAAAACH5BAEKAAEALAAAAAABAAEAAAICTAEAOw==\" class=\"lazyload\" \/><figcaption>(Foto: Profimedia)<\/figcaption><\/figure>\n<figure>\n\t\t\t\t\t<img loading=\"lazy\" decoding=\"async\" width=\"660\" height=\"320\" src=\"image\/gif;base64,R0lGODlhAQABAAAAACH5BAEKAAEALAAAAAABAAEAAAICTAEAOw==\" class=\"lazyload\" \/><figcaption>Georgina Rodriguez (Foto: Profimedia)<\/figcaption><\/figure>\n<figure>\n\t\t\t\t\t<img loading=\"lazy\" decoding=\"async\" width=\"660\" height=\"320\" src=\"image\/gif;base64,R0lGODlhAQABAAAAACH5BAEKAAEALAAAAAABAAEAAAICTAEAOw==\" class=\"lazyload\" \/><figcaption>Georgina Rodriguez (Foto: Profimedia)<\/figcaption><\/figure>\n","protected":false},"excerpt":{"rendered":"<p>Leto\u0161nji bene\u0161ki filmski festival se je, kjub precej druga\u010dnim razmeram kot smo ih obi\u010dajno vajeni, uspe\u0161no zaklju\u010dil, za vas pa smo pripravili izbor najlep\u0161ih oblek, ki so se sprehodile po tamkaj\u0161nji rde\u010di preprogi.<\/p>\n","protected":false},"author":1,"featured_media":432837,"comment_status":"closed","ping_status":"closed","sticky":false,"template":"","format":"standard","meta":{"footnotes":""},"categories":[1093],"tags":[17103,15482],"source":[2623,1345,1334],"supertag":[],"acf":[],"yoast_head":"<!-- This site is optimized with the Yoast SEO plugin v21.3 - https:\/\/yoast.com\/wordpress\/plugins\/seo\/ -->\n<title>Izbor uredni\u0161tva: Najlep\u0161e obleke na rde\u010di preprogi leto\u0161njega filmskega festivala v Benetkah - Hudo Slovenija<\/title>\n<meta name=\"robots\" content=\"index, follow, max-snippet:-1, max-image-preview:large, max-video-preview:-1\" \/>\n<link rel=\"canonical\" href=\"https:\/\/hudo.com\/si\/vip\/izbor-urednistva-najlepse-obleke-na-rdeci-preprogi-letosnjega-filmskega-festivala-v-benetkah\/\" \/>\n<meta property=\"og:locale\" content=\"sl_SI\" \/>\n<meta property=\"og:type\" content=\"article\" \/>\n<meta property=\"og:title\" content=\"Izbor uredni\u0161tva: Najlep\u0161e obleke na rde\u010di preprogi leto\u0161njega filmskega festivala v Benetkah - Hudo Slovenija\" \/>\n<meta property=\"og:description\" content=\"Leto\u0161nji bene\u0161ki filmski festival se je, kjub precej druga\u010dnim razmeram kot smo ih obi\u010dajno vajeni, uspe\u0161no zaklju\u010dil, za vas pa smo pripravili izbor najlep\u0161ih oblek, ki so se sprehodile po tamkaj\u0161nji rde\u010di preprogi.\" \/>\n<meta property=\"og:url\" content=\"https:\/\/hudo.com\/si\/vip\/izbor-urednistva-najlepse-obleke-na-rdeci-preprogi-letosnjega-filmskega-festivala-v-benetkah\/\" \/>\n<meta property=\"og:site_name\" content=\"Hudo Slovenija\" \/>\n<meta property=\"article:publisher\" content=\"https:\/\/www.facebook.com\/hudo.si\" \/>\n<meta property=\"article:published_time\" content=\"2020-09-15T03:18:52+00:00\" \/>\n<meta property=\"og:image\" content=\"https:\/\/hudo.com\/si\/wp-content\/uploads\/sites\/2\/2020\/09\/profimedia-0556529681.jpg\" \/>\n\t<meta property=\"og:image:width\" content=\"1250\" \/>\n\t<meta property=\"og:image:height\" content=\"922\" \/>\n\t<meta property=\"og:image:type\" content=\"image\/jpeg\" \/>\n<meta name=\"author\" content=\"hudo\" \/>\n<meta name=\"twitter:card\" content=\"summary_large_image\" \/>\n<meta name=\"twitter:creator\" content=\"@hudo_si\" \/>\n<meta name=\"twitter:site\" content=\"@hudo_si\" \/>\n<meta name=\"twitter:label1\" content=\"Written by\" \/>\n\t<meta name=\"twitter:data1\" content=\"hudo\" \/>\n<script type=\"application\/ld+json\" class=\"yoast-schema-graph\">{\"@context\":\"https:\/\/schema.org\",\"@graph\":[{\"@type\":\"Article\",\"@id\":\"https:\/\/hudo.com\/si\/vip\/izbor-urednistva-najlepse-obleke-na-rdeci-preprogi-letosnjega-filmskega-festivala-v-benetkah\/#article\",\"isPartOf\":{\"@id\":\"https:\/\/hudo.com\/si\/vip\/izbor-urednistva-najlepse-obleke-na-rdeci-preprogi-letosnjega-filmskega-festivala-v-benetkah\/\"},\"author\":{\"name\":\"hudo\",\"@id\":\"https:\/\/hudo.com\/si\/#\/schema\/person\/601cf3379633985b20f7e50f2bb47707\"},\"headline\":\"Izbor uredni\u0161tva: Najlep\u0161e obleke na rde\u010di preprogi leto\u0161njega filmskega festivala v Benetkah\",\"datePublished\":\"2020-09-15T03:18:52+00:00\",\"dateModified\":\"2020-09-15T03:18:52+00:00\",\"mainEntityOfPage\":{\"@id\":\"https:\/\/hudo.com\/si\/vip\/izbor-urednistva-najlepse-obleke-na-rdeci-preprogi-letosnjega-filmskega-festivala-v-benetkah\/\"},\"wordCount\":88,\"publisher\":{\"@id\":\"https:\/\/hudo.com\/si\/#organization\"},\"keywords\":[\"bene\u0161ki filmski festival 2020\",\"obleke zvezdnic 2020\"],\"articleSection\":[\"VIP\"],\"inLanguage\":\"sl-SI\"},{\"@type\":\"WebPage\",\"@id\":\"https:\/\/hudo.com\/si\/vip\/izbor-urednistva-najlepse-obleke-na-rdeci-preprogi-letosnjega-filmskega-festivala-v-benetkah\/\",\"url\":\"https:\/\/hudo.com\/si\/vip\/izbor-urednistva-najlepse-obleke-na-rdeci-preprogi-letosnjega-filmskega-festivala-v-benetkah\/\",\"name\":\"Izbor uredni\u0161tva: Najlep\u0161e obleke na rde\u010di preprogi leto\u0161njega filmskega festivala v Benetkah - Hudo Slovenija\",\"isPartOf\":{\"@id\":\"https:\/\/hudo.com\/si\/#website\"},\"datePublished\":\"2020-09-15T03:18:52+00:00\",\"dateModified\":\"2020-09-15T03:18:52+00:00\",\"breadcrumb\":{\"@id\":\"https:\/\/hudo.com\/si\/vip\/izbor-urednistva-najlepse-obleke-na-rdeci-preprogi-letosnjega-filmskega-festivala-v-benetkah\/#breadcrumb\"},\"inLanguage\":\"sl-SI\",\"potentialAction\":[{\"@type\":\"ReadAction\",\"target\":[\"https:\/\/hudo.com\/si\/vip\/izbor-urednistva-najlepse-obleke-na-rdeci-preprogi-letosnjega-filmskega-festivala-v-benetkah\/\"]}]},{\"@type\":\"BreadcrumbList\",\"@id\":\"https:\/\/hudo.com\/si\/vip\/izbor-urednistva-najlepse-obleke-na-rdeci-preprogi-letosnjega-filmskega-festivala-v-benetkah\/#breadcrumb\",\"itemListElement\":[{\"@type\":\"ListItem\",\"position\":1,\"name\":\"Home\",\"item\":\"https:\/\/hudo.com\/si\/\"},{\"@type\":\"ListItem\",\"position\":2,\"name\":\"Izbor uredni\u0161tva: Najlep\u0161e obleke na rde\u010di preprogi leto\u0161njega filmskega festivala v Benetkah\"}]},{\"@type\":\"WebSite\",\"@id\":\"https:\/\/hudo.com\/si\/#website\",\"url\":\"https:\/\/hudo.com\/si\/\",\"name\":\"Hudo Slovenija\",\"description\":\"Vse novice iz Slovenije in sveta\",\"publisher\":{\"@id\":\"https:\/\/hudo.com\/si\/#organization\"},\"potentialAction\":[{\"@type\":\"SearchAction\",\"target\":{\"@type\":\"EntryPoint\",\"urlTemplate\":\"https:\/\/hudo.com\/si\/?s={search_term_string}\"},\"query-input\":\"required name=search_term_string\"}],\"inLanguage\":\"sl-SI\"},{\"@type\":\"Organization\",\"@id\":\"https:\/\/hudo.com\/si\/#organization\",\"name\":\"VSN Media\",\"url\":\"https:\/\/hudo.com\/si\/\",\"logo\":{\"@type\":\"ImageObject\",\"inLanguage\":\"sl-SI\",\"@id\":\"https:\/\/hudo.com\/si\/#\/schema\/logo\/image\/\",\"url\":\"https:\/\/hudo.com\/si\/wp-content\/uploads\/sites\/2\/2021\/03\/hudo-app-2.png\",\"contentUrl\":\"https:\/\/hudo.com\/si\/wp-content\/uploads\/sites\/2\/2021\/03\/hudo-app-2.png\",\"width\":2185,\"height\":2167,\"caption\":\"VSN Media\"},\"image\":{\"@id\":\"https:\/\/hudo.com\/si\/#\/schema\/logo\/image\/\"},\"sameAs\":[\"https:\/\/www.facebook.com\/hudo.si\",\"https:\/\/twitter.com\/hudo_si\"]},{\"@type\":\"Person\",\"@id\":\"https:\/\/hudo.com\/si\/#\/schema\/person\/601cf3379633985b20f7e50f2bb47707\",\"name\":\"hudo\",\"image\":{\"@type\":\"ImageObject\",\"inLanguage\":\"sl-SI\",\"@id\":\"https:\/\/hudo.com\/si\/#\/schema\/person\/image\/\",\"url\":\"https:\/\/secure.gravatar.com\/avatar\/c4ca25fa72cace7a696b52ff5db9e095?s=96&d=mm&r=g\",\"contentUrl\":\"https:\/\/secure.gravatar.com\/avatar\/c4ca25fa72cace7a696b52ff5db9e095?s=96&d=mm&r=g\",\"caption\":\"hudo\"},\"url\":\"https:\/\/hudo.com\/si\/author\/hudo\/\"}]}<\/script>\n<!-- \/ Yoast SEO plugin. -->","yoast_head_json":{"title":"Izbor uredni\u0161tva: Najlep\u0161e obleke na rde\u010di preprogi leto\u0161njega filmskega festivala v Benetkah - Hudo Slovenija","robots":{"index":"index","follow":"follow","max-snippet":"max-snippet:-1","max-image-preview":"max-image-preview:large","max-video-preview":"max-video-preview:-1"},"canonical":"https:\/\/hudo.com\/si\/vip\/izbor-urednistva-najlepse-obleke-na-rdeci-preprogi-letosnjega-filmskega-festivala-v-benetkah\/","og_locale":"sl_SI","og_type":"article","og_title":"Izbor uredni\u0161tva: Najlep\u0161e obleke na rde\u010di preprogi leto\u0161njega filmskega festivala v Benetkah - Hudo Slovenija","og_description":"Leto\u0161nji bene\u0161ki filmski festival se je, kjub precej druga\u010dnim razmeram kot smo ih obi\u010dajno vajeni, uspe\u0161no zaklju\u010dil, za vas pa smo pripravili izbor najlep\u0161ih oblek, ki so se sprehodile po tamkaj\u0161nji rde\u010di preprogi.","og_url":"https:\/\/hudo.com\/si\/vip\/izbor-urednistva-najlepse-obleke-na-rdeci-preprogi-letosnjega-filmskega-festivala-v-benetkah\/","og_site_name":"Hudo Slovenija","article_publisher":"https:\/\/www.facebook.com\/hudo.si","article_published_time":"2020-09-15T03:18:52+00:00","og_image":[{"width":1250,"height":922,"url":"https:\/\/hudo.com\/si\/wp-content\/uploads\/sites\/2\/2020\/09\/profimedia-0556529681.jpg","type":"image\/jpeg"}],"author":"hudo","twitter_card":"summary_large_image","twitter_creator":"@hudo_si","twitter_site":"@hudo_si","twitter_misc":{"Written by":"hudo"},"schema":{"@context":"https:\/\/schema.org","@graph":[{"@type":"Article","@id":"https:\/\/hudo.com\/si\/vip\/izbor-urednistva-najlepse-obleke-na-rdeci-preprogi-letosnjega-filmskega-festivala-v-benetkah\/#article","isPartOf":{"@id":"https:\/\/hudo.com\/si\/vip\/izbor-urednistva-najlepse-obleke-na-rdeci-preprogi-letosnjega-filmskega-festivala-v-benetkah\/"},"author":{"name":"hudo","@id":"https:\/\/hudo.com\/si\/#\/schema\/person\/601cf3379633985b20f7e50f2bb47707"},"headline":"Izbor uredni\u0161tva: Najlep\u0161e obleke na rde\u010di preprogi leto\u0161njega filmskega festivala v Benetkah","datePublished":"2020-09-15T03:18:52+00:00","dateModified":"2020-09-15T03:18:52+00:00","mainEntityOfPage":{"@id":"https:\/\/hudo.com\/si\/vip\/izbor-urednistva-najlepse-obleke-na-rdeci-preprogi-letosnjega-filmskega-festivala-v-benetkah\/"},"wordCount":88,"publisher":{"@id":"https:\/\/hudo.com\/si\/#organization"},"keywords":["bene\u0161ki filmski festival 2020","obleke zvezdnic 2020"],"articleSection":["VIP"],"inLanguage":"sl-SI"},{"@type":"WebPage","@id":"https:\/\/hudo.com\/si\/vip\/izbor-urednistva-najlepse-obleke-na-rdeci-preprogi-letosnjega-filmskega-festivala-v-benetkah\/","url":"https:\/\/hudo.com\/si\/vip\/izbor-urednistva-najlepse-obleke-na-rdeci-preprogi-letosnjega-filmskega-festivala-v-benetkah\/","name":"Izbor uredni\u0161tva: Najlep\u0161e obleke na rde\u010di preprogi leto\u0161njega filmskega festivala v Benetkah - Hudo Slovenija","isPartOf":{"@id":"https:\/\/hudo.com\/si\/#website"},"datePublished":"2020-09-15T03:18:52+00:00","dateModified":"2020-09-15T03:18:52+00:00","breadcrumb":{"@id":"https:\/\/hudo.com\/si\/vip\/izbor-urednistva-najlepse-obleke-na-rdeci-preprogi-letosnjega-filmskega-festivala-v-benetkah\/#breadcrumb"},"inLanguage":"sl-SI","potentialAction":[{"@type":"ReadAction","target":["https:\/\/hudo.com\/si\/vip\/izbor-urednistva-najlepse-obleke-na-rdeci-preprogi-letosnjega-filmskega-festivala-v-benetkah\/"]}]},{"@type":"BreadcrumbList","@id":"https:\/\/hudo.com\/si\/vip\/izbor-urednistva-najlepse-obleke-na-rdeci-preprogi-letosnjega-filmskega-festivala-v-benetkah\/#breadcrumb","itemListElement":[{"@type":"ListItem","position":1,"name":"Home","item":"https:\/\/hudo.com\/si\/"},{"@type":"ListItem","position":2,"name":"Izbor uredni\u0161tva: Najlep\u0161e obleke na rde\u010di preprogi leto\u0161njega filmskega festivala v Benetkah"}]},{"@type":"WebSite","@id":"https:\/\/hudo.com\/si\/#website","url":"https:\/\/hudo.com\/si\/","name":"Hudo Slovenija","description":"Vse novice iz Slovenije in sveta","publisher":{"@id":"https:\/\/hudo.com\/si\/#organization"},"potentialAction":[{"@type":"SearchAction","target":{"@type":"EntryPoint","urlTemplate":"https:\/\/hudo.com\/si\/?s={search_term_string}"},"query-input":"required name=search_term_string"}],"inLanguage":"sl-SI"},{"@type":"Organization","@id":"https:\/\/hudo.com\/si\/#organization","name":"VSN Media","url":"https:\/\/hudo.com\/si\/","logo":{"@type":"ImageObject","inLanguage":"sl-SI","@id":"https:\/\/hudo.com\/si\/#\/schema\/logo\/image\/","url":"https:\/\/hudo.com\/si\/wp-content\/uploads\/sites\/2\/2021\/03\/hudo-app-2.png","contentUrl":"https:\/\/hudo.com\/si\/wp-content\/uploads\/sites\/2\/2021\/03\/hudo-app-2.png","width":2185,"height":2167,"caption":"VSN Media"},"image":{"@id":"https:\/\/hudo.com\/si\/#\/schema\/logo\/image\/"},"sameAs":["https:\/\/www.facebook.com\/hudo.si","https:\/\/twitter.com\/hudo_si"]},{"@type":"Person","@id":"https:\/\/hudo.com\/si\/#\/schema\/person\/601cf3379633985b20f7e50f2bb47707","name":"hudo","image":{"@type":"ImageObject","inLanguage":"sl-SI","@id":"https:\/\/hudo.com\/si\/#\/schema\/person\/image\/","url":"https:\/\/secure.gravatar.com\/avatar\/c4ca25fa72cace7a696b52ff5db9e095?s=96&d=mm&r=g","contentUrl":"https:\/\/secure.gravatar.com\/avatar\/c4ca25fa72cace7a696b52ff5db9e095?s=96&d=mm&r=g","caption":"hudo"},"url":"https:\/\/hudo.com\/si\/author\/hudo\/"}]}},"amp_enabled":true,"_links":{"self":[{"href":"https:\/\/hudo.com\/si\/wp-json\/wp\/v2\/posts\/432836"}],"collection":[{"href":"https:\/\/hudo.com\/si\/wp-json\/wp\/v2\/posts"}],"about":[{"href":"https:\/\/hudo.com\/si\/wp-json\/wp\/v2\/types\/post"}],"author":[{"embeddable":true,"href":"https:\/\/hudo.com\/si\/wp-json\/wp\/v2\/users\/1"}],"replies":[{"embeddable":true,"href":"https:\/\/hudo.com\/si\/wp-json\/wp\/v2\/comments?post=432836"}],"version-history":[{"count":0,"href":"https:\/\/hudo.com\/si\/wp-json\/wp\/v2\/posts\/432836\/revisions"}],"wp:featuredmedia":[{"embeddable":true,"href":"https:\/\/hudo.com\/si\/wp-json\/wp\/v2\/media\/432837"}],"wp:attachment":[{"href":"https:\/\/hudo.com\/si\/wp-json\/wp\/v2\/media?parent=432836"}],"wp:term":[{"taxonomy":"category","embeddable":true,"href":"https:\/\/hudo.com\/si\/wp-json\/wp\/v2\/categories?post=432836"},{"taxonomy":"post_tag","embeddable":true,"href":"https:\/\/hudo.com\/si\/wp-json\/wp\/v2\/tags?post=432836"},{"taxonomy":"source","embeddable":true,"href":"https:\/\/hudo.com\/si\/wp-json\/wp\/v2\/source?post=432836"},{"taxonomy":"supertag","embeddable":true,"href":"https:\/\/hudo.com\/si\/wp-json\/wp\/v2\/supertag?post=432836"}],"curies":[{"name":"wp","href":"https:\/\/api.w.org\/{rel}","templated":true}]}}