{"id":432847,"date":"2020-09-14T16:27:45","date_gmt":"2020-09-14T14:27:45","guid":{"rendered":"http:\/\/hudo.com\/si\/?p=432847"},"modified":"2020-09-14T16:27:45","modified_gmt":"2020-09-14T14:27:45","slug":"v-prihodnjih-dneh-je-mogoce-pricakovati-izrazito-povecanje-stevila-bolnikov","status":"publish","type":"post","link":"https:\/\/hudo.com\/si\/aktualno\/v-prihodnjih-dneh-je-mogoce-pricakovati-izrazito-povecanje-stevila-bolnikov\/","title":{"rendered":"&#8220;V prihodnjih dneh je mogo\u010de pri\u010dakovati izrazito pove\u010danje \u0161tevila bolnikov&#8221;"},"content":{"rendered":"<p>Poleg \u0161tevila oku\u017eenih z novim koronavirusom je \u0161e bolj zaskrbljujo\u010de nara\u0161\u010danje \u0161tevila hospitaliziranih, je za STA poudarila Beovi\u0107eva, ki je tudi vodja strokovne skupine za covid-19. Kot je dejala, izku\u0161nje iz tujine ka\u017eejo, da je pot po dvigu krivulje \u0161tevila hospitaliziranih zelo te\u017eavna in izjemno bole\u010da.<\/p>\n<p>V prihodnjih dneh je mogo\u010de pri\u010dakovati izrazito pove\u010danje \u0161tevila bolnikov, ki bodo potrebovali hospitalizacijo. Med \u0161tevilom oku\u017eenih in \u0161tevilom hospitaliziranih obstaja zamik, saj bolniki navadno bolni\u0161ni\u010dno zdravljenje rabijo po petih ali \u0161estih dneh od za\u010detka bolezni.<\/p>\n<p>Oku\u017ebe so se ponovno pojavile tudi v domovih za starej\u0161e, nekaj prenosov je tudi iz mlaj\u0161ih na star\u0161e in stare star\u0161e, je dodala Beovi\u0107eva. Tako znova zbolevajo starej\u0161i, ki pa tudi bolj pogosto potrebujejo hospitalizacijo.<\/p>\n<p>Od populacije, ki zboleva, in mo\u017enosti obravnave pa je mo\u010dno odvisna tudi smrtnost. &#8220;Pri nas obstaja pomanjkanje kapacitet in kadra \u017ee brez epidemije. \u010ce se bo \u0161tevilo obolelih zelo pove\u010dalo, je resna gro\u017enja, da vseh ljudi ne bomo mogli ustrezno obravnavati,&#8221; je poudarila.<\/p>\n<p>Klju\u010dno je predvsem takoj\u0161nje ukrepanje. Beovi\u0107eva je pozvala k doslednemu spo\u0161tovanju vseh sprejetih ukrepov.<\/p>\n<p>Kot je pojasnila, zaostrovanja obstoje\u010dih ukrepov za zdaj \u0161e ni na mizi. &#8220;V prvi vrsti je pomembno dosledno izvajanje \u017ee uveljavljenih ukrepov,&#8221; je dejala. Pri tem kot pomembno ocenjuje delo in\u0161pekcije. Spomnila je, da so se \u0161tevilne dr\u017eave pri nadzoru nad izvajanjem ukrepov poslu\u017eile pomo\u010di policije in vojske.<\/p>\n<p>Pri sprejemanju nadaljnjih ukrepov pa je bistveno predvsem, da ne bodo omejevali gospodarstva in \u017eivljenja. Med drugim bi lahko obvezno postalo tudi no\u0161enje mask zunaj, ko je zbranih ve\u010d ljudi. Strokovna svetovalna skupina predvideva tudi mo\u017enost skraj\u0161anja odpiralnih \u010dasov gostinskih lokalov. Beovi\u0107eva je spomnila, da \u017ee obstajajo omejitve zbiranja na deset ljudi, ki pa se ne izvajajo. Pozvala pa je \u0161e k uporabi aplikacije.<\/p>\n<p>Kot je \u0161e dodala, se zavzema za konsistentne ukrepe. &#8220;Zato, da jih ljudje la\u017eje razumejo in upo\u0161tevajo,&#8221; je poudarila. A kot dodaja, \u017eivimo v turbulentnem \u010dasu, ko se vsak teden izve kaj novega. &#8220;Zato je zelo te\u017eko ohranjat neko kredibilnost,&#8221; \u0161e pravi.<\/p>\n<p>Tudi o sami bolezni marsikaj \u0161e ostaja neznanka. Posamezne raziskave ka\u017eejo, da ima lahko novi koronavirus splo\u0161ne hude posledice, kot so izguba mi\u0161i\u010dne mase, ote\u017eena mobilnost ter tudi izguba voha in sluha. Med zna\u010dilnimi hudimi posledicami pa so prizadetost organov, predvsem plju\u010d, prizadetost osrednjega \u017eiv\u010devja in tromboze, tudi v sr\u010dnih \u017eilah. &#8220;Vse to vodi do zapletov, ki imajo lahko trajne posledice,&#8221; je dodala. Dolgoro\u010dne posledice na zdravje bolnikov sicer sistemati\u010dno spremljajo tudi pri nas.<\/p>\n<p>Neznana pa ostaja tudi imunost pred ponovno oku\u017ebo. Ve\u010dina koronavirusov ne pu\u0161\u010da dolgotrajne imunosti, dodaja Beovi\u0107eva. Imunost pa pridobijo bolniki, ki so preboleli bli\u017enjevzhodni respiratorni sindrom (MERS-CoV) in SARS. &#8220;Res pa je tudi, da ti, ki so ponovno zboleli, so zboleli za bla\u017ejo obliko,&#8221; \u0161e pravi. Pri nas sicer, tako Beovi\u0107eva, primera ponovne oku\u017ebe \u0161e nismo zabele\u017eili.<\/p>\n","protected":false},"excerpt":{"rendered":"<p>\u0160tevilo potrjenih oku\u017eb z novim koronavirusom je danes preseglo mejo 40 oku\u017eb na 100.000 prebivalcev. Po besedah infektologinje Bojane Beovi\u0107 \u0161tevilo pomeni, da je &#8220;epidemija kar v ob\u0161irnem razmahu&#8221;. Kot \u0161e bolj zaskrbljujo\u010de pa je ocenila nara\u0161\u010danje \u0161tevila hospitaliziranih. Ponovno je pozvala k doslednemu upo\u0161tevanju ukrepov.<\/p>\n","protected":false},"author":5,"featured_media":428078,"comment_status":"closed","ping_status":"closed","sticky":false,"template":"","format":"standard","meta":{"footnotes":""},"categories":[1179],"tags":[16143,15632,1595],"source":[4511],"supertag":[5675],"acf":[],"yoast_head":"<!-- This site is optimized with the Yoast SEO plugin v21.3 - https:\/\/yoast.com\/wordpress\/plugins\/seo\/ -->\n<title>&quot;V prihodnjih dneh je mogo\u010de pri\u010dakovati izrazito pove\u010danje \u0161tevila bolnikov&quot; - Hudo Slovenija<\/title>\n<meta name=\"robots\" content=\"index, follow, max-snippet:-1, max-image-preview:large, max-video-preview:-1\" \/>\n<link rel=\"canonical\" href=\"https:\/\/hudo.com\/si\/aktualno\/v-prihodnjih-dneh-je-mogoce-pricakovati-izrazito-povecanje-stevila-bolnikov\/\" \/>\n<meta property=\"og:locale\" content=\"sl_SI\" \/>\n<meta property=\"og:type\" content=\"article\" \/>\n<meta property=\"og:title\" content=\"&quot;V prihodnjih dneh je mogo\u010de pri\u010dakovati izrazito pove\u010danje \u0161tevila bolnikov&quot; - Hudo Slovenija\" \/>\n<meta property=\"og:description\" content=\"\u0160tevilo potrjenih oku\u017eb z novim koronavirusom je danes preseglo mejo 40 oku\u017eb na 100.000 prebivalcev. Po besedah infektologinje Bojane Beovi\u0107 \u0161tevilo pomeni, da je &quot;epidemija kar v ob\u0161irnem razmahu&quot;. Kot \u0161e bolj zaskrbljujo\u010de pa je ocenila nara\u0161\u010danje \u0161tevila hospitaliziranih. Ponovno je pozvala k doslednemu upo\u0161tevanju ukrepov.\" \/>\n<meta property=\"og:url\" content=\"https:\/\/hudo.com\/si\/aktualno\/v-prihodnjih-dneh-je-mogoce-pricakovati-izrazito-povecanje-stevila-bolnikov\/\" \/>\n<meta property=\"og:site_name\" content=\"Hudo Slovenija\" \/>\n<meta property=\"article:publisher\" content=\"https:\/\/www.facebook.com\/hudo.si\" \/>\n<meta property=\"article:published_time\" content=\"2020-09-14T14:27:45+00:00\" \/>\n<meta property=\"og:image\" content=\"https:\/\/hudo.com\/si\/wp-content\/uploads\/sites\/2\/2020\/07\/Screenshot-from-2020-07-21-10-23-10.png\" \/>\n\t<meta property=\"og:image:width\" content=\"909\" \/>\n\t<meta property=\"og:image:height\" content=\"602\" \/>\n\t<meta property=\"og:image:type\" content=\"image\/png\" \/>\n<meta name=\"author\" content=\"A. G., STA\" \/>\n<meta name=\"twitter:card\" content=\"summary_large_image\" \/>\n<meta name=\"twitter:creator\" content=\"@hudo_si\" \/>\n<meta name=\"twitter:site\" content=\"@hudo_si\" \/>\n<meta name=\"twitter:label1\" content=\"Written by\" \/>\n\t<meta name=\"twitter:data1\" content=\"A. G., STA\" \/>\n\t<meta name=\"twitter:label2\" content=\"Est. reading time\" \/>\n\t<meta name=\"twitter:data2\" content=\"3 minute\" \/>\n<script type=\"application\/ld+json\" class=\"yoast-schema-graph\">{\"@context\":\"https:\/\/schema.org\",\"@graph\":[{\"@type\":\"Article\",\"@id\":\"https:\/\/hudo.com\/si\/aktualno\/v-prihodnjih-dneh-je-mogoce-pricakovati-izrazito-povecanje-stevila-bolnikov\/#article\",\"isPartOf\":{\"@id\":\"https:\/\/hudo.com\/si\/aktualno\/v-prihodnjih-dneh-je-mogoce-pricakovati-izrazito-povecanje-stevila-bolnikov\/\"},\"author\":{\"name\":\"A. G., STA\",\"@id\":\"https:\/\/hudo.com\/si\/#\/schema\/person\/2391667a63ea075ba94f2f2dc6b77537\"},\"headline\":\"&#8220;V prihodnjih dneh je mogo\u010de pri\u010dakovati izrazito pove\u010danje \u0161tevila bolnikov&#8221;\",\"datePublished\":\"2020-09-14T14:27:45+00:00\",\"dateModified\":\"2020-09-14T14:27:45+00:00\",\"mainEntityOfPage\":{\"@id\":\"https:\/\/hudo.com\/si\/aktualno\/v-prihodnjih-dneh-je-mogoce-pricakovati-izrazito-povecanje-stevila-bolnikov\/\"},\"wordCount\":533,\"publisher\":{\"@id\":\"https:\/\/hudo.com\/si\/#organization\"},\"keywords\":[\"Bojana Beovi\u0107\",\"koronavirus\",\"Slovenija\"],\"articleSection\":[\"Aktualno\"],\"inLanguage\":\"sl-SI\"},{\"@type\":\"WebPage\",\"@id\":\"https:\/\/hudo.com\/si\/aktualno\/v-prihodnjih-dneh-je-mogoce-pricakovati-izrazito-povecanje-stevila-bolnikov\/\",\"url\":\"https:\/\/hudo.com\/si\/aktualno\/v-prihodnjih-dneh-je-mogoce-pricakovati-izrazito-povecanje-stevila-bolnikov\/\",\"name\":\"\\\"V prihodnjih dneh je mogo\u010de pri\u010dakovati izrazito pove\u010danje \u0161tevila bolnikov\\\" - Hudo Slovenija\",\"isPartOf\":{\"@id\":\"https:\/\/hudo.com\/si\/#website\"},\"datePublished\":\"2020-09-14T14:27:45+00:00\",\"dateModified\":\"2020-09-14T14:27:45+00:00\",\"breadcrumb\":{\"@id\":\"https:\/\/hudo.com\/si\/aktualno\/v-prihodnjih-dneh-je-mogoce-pricakovati-izrazito-povecanje-stevila-bolnikov\/#breadcrumb\"},\"inLanguage\":\"sl-SI\",\"potentialAction\":[{\"@type\":\"ReadAction\",\"target\":[\"https:\/\/hudo.com\/si\/aktualno\/v-prihodnjih-dneh-je-mogoce-pricakovati-izrazito-povecanje-stevila-bolnikov\/\"]}]},{\"@type\":\"BreadcrumbList\",\"@id\":\"https:\/\/hudo.com\/si\/aktualno\/v-prihodnjih-dneh-je-mogoce-pricakovati-izrazito-povecanje-stevila-bolnikov\/#breadcrumb\",\"itemListElement\":[{\"@type\":\"ListItem\",\"position\":1,\"name\":\"Home\",\"item\":\"https:\/\/hudo.com\/si\/\"},{\"@type\":\"ListItem\",\"position\":2,\"name\":\"&#8220;V prihodnjih dneh je mogo\u010de pri\u010dakovati izrazito pove\u010danje \u0161tevila bolnikov&#8221;\"}]},{\"@type\":\"WebSite\",\"@id\":\"https:\/\/hudo.com\/si\/#website\",\"url\":\"https:\/\/hudo.com\/si\/\",\"name\":\"Hudo Slovenija\",\"description\":\"Vse novice iz Slovenije in sveta\",\"publisher\":{\"@id\":\"https:\/\/hudo.com\/si\/#organization\"},\"potentialAction\":[{\"@type\":\"SearchAction\",\"target\":{\"@type\":\"EntryPoint\",\"urlTemplate\":\"https:\/\/hudo.com\/si\/?s={search_term_string}\"},\"query-input\":\"required name=search_term_string\"}],\"inLanguage\":\"sl-SI\"},{\"@type\":\"Organization\",\"@id\":\"https:\/\/hudo.com\/si\/#organization\",\"name\":\"VSN Media\",\"url\":\"https:\/\/hudo.com\/si\/\",\"logo\":{\"@type\":\"ImageObject\",\"inLanguage\":\"sl-SI\",\"@id\":\"https:\/\/hudo.com\/si\/#\/schema\/logo\/image\/\",\"url\":\"https:\/\/hudo.com\/si\/wp-content\/uploads\/sites\/2\/2021\/03\/hudo-app-2.png\",\"contentUrl\":\"https:\/\/hudo.com\/si\/wp-content\/uploads\/sites\/2\/2021\/03\/hudo-app-2.png\",\"width\":2185,\"height\":2167,\"caption\":\"VSN Media\"},\"image\":{\"@id\":\"https:\/\/hudo.com\/si\/#\/schema\/logo\/image\/\"},\"sameAs\":[\"https:\/\/www.facebook.com\/hudo.si\",\"https:\/\/twitter.com\/hudo_si\"]},{\"@type\":\"Person\",\"@id\":\"https:\/\/hudo.com\/si\/#\/schema\/person\/2391667a63ea075ba94f2f2dc6b77537\",\"name\":\"A. G., STA\",\"image\":{\"@type\":\"ImageObject\",\"inLanguage\":\"sl-SI\",\"@id\":\"https:\/\/hudo.com\/si\/#\/schema\/person\/image\/\",\"url\":\"https:\/\/secure.gravatar.com\/avatar\/e13d22ac3e442658d5025fbbe6238a79?s=96&d=mm&r=g\",\"contentUrl\":\"https:\/\/secure.gravatar.com\/avatar\/e13d22ac3e442658d5025fbbe6238a79?s=96&d=mm&r=g\",\"caption\":\"A. G., STA\"},\"url\":\"https:\/\/hudo.com\/si\/author\/alenka\/\"}]}<\/script>\n<!-- \/ Yoast SEO plugin. -->","yoast_head_json":{"title":"\"V prihodnjih dneh je mogo\u010de pri\u010dakovati izrazito pove\u010danje \u0161tevila bolnikov\" - Hudo Slovenija","robots":{"index":"index","follow":"follow","max-snippet":"max-snippet:-1","max-image-preview":"max-image-preview:large","max-video-preview":"max-video-preview:-1"},"canonical":"https:\/\/hudo.com\/si\/aktualno\/v-prihodnjih-dneh-je-mogoce-pricakovati-izrazito-povecanje-stevila-bolnikov\/","og_locale":"sl_SI","og_type":"article","og_title":"\"V prihodnjih dneh je mogo\u010de pri\u010dakovati izrazito pove\u010danje \u0161tevila bolnikov\" - Hudo Slovenija","og_description":"\u0160tevilo potrjenih oku\u017eb z novim koronavirusom je danes preseglo mejo 40 oku\u017eb na 100.000 prebivalcev. Po besedah infektologinje Bojane Beovi\u0107 \u0161tevilo pomeni, da je \"epidemija kar v ob\u0161irnem razmahu\". Kot \u0161e bolj zaskrbljujo\u010de pa je ocenila nara\u0161\u010danje \u0161tevila hospitaliziranih. Ponovno je pozvala k doslednemu upo\u0161tevanju ukrepov.","og_url":"https:\/\/hudo.com\/si\/aktualno\/v-prihodnjih-dneh-je-mogoce-pricakovati-izrazito-povecanje-stevila-bolnikov\/","og_site_name":"Hudo Slovenija","article_publisher":"https:\/\/www.facebook.com\/hudo.si","article_published_time":"2020-09-14T14:27:45+00:00","og_image":[{"width":909,"height":602,"url":"https:\/\/hudo.com\/si\/wp-content\/uploads\/sites\/2\/2020\/07\/Screenshot-from-2020-07-21-10-23-10.png","type":"image\/png"}],"author":"A. G., STA","twitter_card":"summary_large_image","twitter_creator":"@hudo_si","twitter_site":"@hudo_si","twitter_misc":{"Written by":"A. G., STA","Est. reading time":"3 minute"},"schema":{"@context":"https:\/\/schema.org","@graph":[{"@type":"Article","@id":"https:\/\/hudo.com\/si\/aktualno\/v-prihodnjih-dneh-je-mogoce-pricakovati-izrazito-povecanje-stevila-bolnikov\/#article","isPartOf":{"@id":"https:\/\/hudo.com\/si\/aktualno\/v-prihodnjih-dneh-je-mogoce-pricakovati-izrazito-povecanje-stevila-bolnikov\/"},"author":{"name":"A. G., STA","@id":"https:\/\/hudo.com\/si\/#\/schema\/person\/2391667a63ea075ba94f2f2dc6b77537"},"headline":"&#8220;V prihodnjih dneh je mogo\u010de pri\u010dakovati izrazito pove\u010danje \u0161tevila bolnikov&#8221;","datePublished":"2020-09-14T14:27:45+00:00","dateModified":"2020-09-14T14:27:45+00:00","mainEntityOfPage":{"@id":"https:\/\/hudo.com\/si\/aktualno\/v-prihodnjih-dneh-je-mogoce-pricakovati-izrazito-povecanje-stevila-bolnikov\/"},"wordCount":533,"publisher":{"@id":"https:\/\/hudo.com\/si\/#organization"},"keywords":["Bojana Beovi\u0107","koronavirus","Slovenija"],"articleSection":["Aktualno"],"inLanguage":"sl-SI"},{"@type":"WebPage","@id":"https:\/\/hudo.com\/si\/aktualno\/v-prihodnjih-dneh-je-mogoce-pricakovati-izrazito-povecanje-stevila-bolnikov\/","url":"https:\/\/hudo.com\/si\/aktualno\/v-prihodnjih-dneh-je-mogoce-pricakovati-izrazito-povecanje-stevila-bolnikov\/","name":"\"V prihodnjih dneh je mogo\u010de pri\u010dakovati izrazito pove\u010danje \u0161tevila bolnikov\" - Hudo Slovenija","isPartOf":{"@id":"https:\/\/hudo.com\/si\/#website"},"datePublished":"2020-09-14T14:27:45+00:00","dateModified":"2020-09-14T14:27:45+00:00","breadcrumb":{"@id":"https:\/\/hudo.com\/si\/aktualno\/v-prihodnjih-dneh-je-mogoce-pricakovati-izrazito-povecanje-stevila-bolnikov\/#breadcrumb"},"inLanguage":"sl-SI","potentialAction":[{"@type":"ReadAction","target":["https:\/\/hudo.com\/si\/aktualno\/v-prihodnjih-dneh-je-mogoce-pricakovati-izrazito-povecanje-stevila-bolnikov\/"]}]},{"@type":"BreadcrumbList","@id":"https:\/\/hudo.com\/si\/aktualno\/v-prihodnjih-dneh-je-mogoce-pricakovati-izrazito-povecanje-stevila-bolnikov\/#breadcrumb","itemListElement":[{"@type":"ListItem","position":1,"name":"Home","item":"https:\/\/hudo.com\/si\/"},{"@type":"ListItem","position":2,"name":"&#8220;V prihodnjih dneh je mogo\u010de pri\u010dakovati izrazito pove\u010danje \u0161tevila bolnikov&#8221;"}]},{"@type":"WebSite","@id":"https:\/\/hudo.com\/si\/#website","url":"https:\/\/hudo.com\/si\/","name":"Hudo Slovenija","description":"Vse novice iz Slovenije in sveta","publisher":{"@id":"https:\/\/hudo.com\/si\/#organization"},"potentialAction":[{"@type":"SearchAction","target":{"@type":"EntryPoint","urlTemplate":"https:\/\/hudo.com\/si\/?s={search_term_string}"},"query-input":"required name=search_term_string"}],"inLanguage":"sl-SI"},{"@type":"Organization","@id":"https:\/\/hudo.com\/si\/#organization","name":"VSN Media","url":"https:\/\/hudo.com\/si\/","logo":{"@type":"ImageObject","inLanguage":"sl-SI","@id":"https:\/\/hudo.com\/si\/#\/schema\/logo\/image\/","url":"https:\/\/hudo.com\/si\/wp-content\/uploads\/sites\/2\/2021\/03\/hudo-app-2.png","contentUrl":"https:\/\/hudo.com\/si\/wp-content\/uploads\/sites\/2\/2021\/03\/hudo-app-2.png","width":2185,"height":2167,"caption":"VSN Media"},"image":{"@id":"https:\/\/hudo.com\/si\/#\/schema\/logo\/image\/"},"sameAs":["https:\/\/www.facebook.com\/hudo.si","https:\/\/twitter.com\/hudo_si"]},{"@type":"Person","@id":"https:\/\/hudo.com\/si\/#\/schema\/person\/2391667a63ea075ba94f2f2dc6b77537","name":"A. G., STA","image":{"@type":"ImageObject","inLanguage":"sl-SI","@id":"https:\/\/hudo.com\/si\/#\/schema\/person\/image\/","url":"https:\/\/secure.gravatar.com\/avatar\/e13d22ac3e442658d5025fbbe6238a79?s=96&d=mm&r=g","contentUrl":"https:\/\/secure.gravatar.com\/avatar\/e13d22ac3e442658d5025fbbe6238a79?s=96&d=mm&r=g","caption":"A. G., STA"},"url":"https:\/\/hudo.com\/si\/author\/alenka\/"}]}},"amp_enabled":true,"_links":{"self":[{"href":"https:\/\/hudo.com\/si\/wp-json\/wp\/v2\/posts\/432847"}],"collection":[{"href":"https:\/\/hudo.com\/si\/wp-json\/wp\/v2\/posts"}],"about":[{"href":"https:\/\/hudo.com\/si\/wp-json\/wp\/v2\/types\/post"}],"author":[{"embeddable":true,"href":"https:\/\/hudo.com\/si\/wp-json\/wp\/v2\/users\/5"}],"replies":[{"embeddable":true,"href":"https:\/\/hudo.com\/si\/wp-json\/wp\/v2\/comments?post=432847"}],"version-history":[{"count":1,"href":"https:\/\/hudo.com\/si\/wp-json\/wp\/v2\/posts\/432847\/revisions"}],"predecessor-version":[{"id":432848,"href":"https:\/\/hudo.com\/si\/wp-json\/wp\/v2\/posts\/432847\/revisions\/432848"}],"wp:featuredmedia":[{"embeddable":true,"href":"https:\/\/hudo.com\/si\/wp-json\/wp\/v2\/media\/428078"}],"wp:attachment":[{"href":"https:\/\/hudo.com\/si\/wp-json\/wp\/v2\/media?parent=432847"}],"wp:term":[{"taxonomy":"category","embeddable":true,"href":"https:\/\/hudo.com\/si\/wp-json\/wp\/v2\/categories?post=432847"},{"taxonomy":"post_tag","embeddable":true,"href":"https:\/\/hudo.com\/si\/wp-json\/wp\/v2\/tags?post=432847"},{"taxonomy":"source","embeddable":true,"href":"https:\/\/hudo.com\/si\/wp-json\/wp\/v2\/source?post=432847"},{"taxonomy":"supertag","embeddable":true,"href":"https:\/\/hudo.com\/si\/wp-json\/wp\/v2\/supertag?post=432847"}],"curies":[{"name":"wp","href":"https:\/\/api.w.org\/{rel}","templated":true}]}}