{"id":432898,"date":"2020-09-15T08:23:43","date_gmt":"2020-09-15T06:23:43","guid":{"rendered":"https:\/\/hudo.com\/si\/2020\/09\/15\/facebook-zeli-z-informacijskim-centrom-o-podnebnih-spremembah-stopiti-na-prste-teoretikom-zarot\/"},"modified":"2020-09-15T08:23:43","modified_gmt":"2020-09-15T06:23:43","slug":"facebook-zeli-z-informacijskim-centrom-o-podnebnih-spremembah-stopiti-na-prste-teoretikom-zarot","status":"publish","type":"post","link":"https:\/\/hudo.com\/si\/lifestyle\/facebook-zeli-z-informacijskim-centrom-o-podnebnih-spremembah-stopiti-na-prste-teoretikom-zarot\/","title":{"rendered":"Facebook \u017eeli z informacijskim centrom o podnebnih spremembah stopiti na prste teoretikom zarot"},"content":{"rendered":"<figure>\n\t\t\t\t\t<img loading=\"lazy\" decoding=\"async\" width=\"660\" height=\"320\" src=\"image\/gif;base64,R0lGODlhAQABAAAAACH5BAEKAAEALAAAAAABAAEAAAICTAEAOw==\" class=\"lazyload\" \/><figcaption>foto:Profimedia<\/figcaption><\/figure>\n<p>&#8220;Klimatolo\u0161ki informacijski center je prostor na Facebooku z viri vodilnih organizacij na podro\u010dju klimatologije na svetu in ukrepi, ki jih lahko ljudje sprejmejo v boju proti podnebnim spremembam,&#8221; so sporo\u010dili iz podjetja Facebook. Uporabniki bodo lahko v tem centru dostopali tudi do novic o klimatologiji iz zanesljivih virov.<\/p>\n<h2>Zaenkrat ne bo na voljo v Sloveniji<\/h2>\n<p>Orodje bo na voljo v ZDA, Franciji, Nem\u010diji in Zdru\u017eenem kraljestvu, morda pa tudi v drugih dr\u017eavah, na spletu poro\u010da tiskovna agencija Reuters.<\/p>\n<p>Facebook se sicer soo\u010da s kritikami, da s tem, ko ne preverja dejstev v mnenjskih prispevkih, dovoljuje la\u017ene trditve glede podnebnih sprememb. V podjetju so glede tega poudarili, da prednostno obravnavajo dezinformacije, ki bi lahko povzro\u010dile \u0161kodo, kot je sovra\u017eni govor, ki lahko spodbudi nasilje.<\/p>\n<p>Vodja oddelka za globalno politiko pri podjetju Nick Clegg je povedal, da bodo \u0161e naprej odstranjevali la\u017ene trditve politikov o podnebnih spremembah, \u010deprav so te pogosto med najbolj priljubljenimi vsebinami na dru\u017ebenem omre\u017eju.<\/p>\n<p>Center o podnebnih spremembah temelji na podobnem informacijskem centru o novem koronavirusu, katerega namen je boj proti la\u017enim informacijam o pandemiji covida-19. Podatkov o u\u010dinkovitosti tega centra nimajo, je pa na to orodje kliknilo 600 milijonov ljudi, kar v podjetju ocenjujejo kot uspeh.<\/p>\n","protected":false},"excerpt":{"rendered":"<p>Facebook je danes vzpostavil informacijski center o podnebnih spremembah, prek katerega lahko uporabniki dostopajo do zanesljivih virov informacij o tej temi.<\/p>\n","protected":false},"author":1,"featured_media":432899,"comment_status":"closed","ping_status":"closed","sticky":false,"template":"","format":"standard","meta":{"footnotes":""},"categories":[1091],"tags":[2053,4561,12155],"source":[1522,1518,1527],"supertag":[],"acf":[],"yoast_head":"<!-- This site is optimized with the Yoast SEO plugin v21.3 - https:\/\/yoast.com\/wordpress\/plugins\/seo\/ -->\n<title>Facebook \u017eeli z informacijskim centrom o podnebnih spremembah stopiti na prste teoretikom zarot - Hudo Slovenija<\/title>\n<meta name=\"robots\" content=\"index, follow, max-snippet:-1, max-image-preview:large, max-video-preview:-1\" \/>\n<link rel=\"canonical\" href=\"https:\/\/hudo.com\/si\/lifestyle\/facebook-zeli-z-informacijskim-centrom-o-podnebnih-spremembah-stopiti-na-prste-teoretikom-zarot\/\" \/>\n<meta property=\"og:locale\" content=\"sl_SI\" \/>\n<meta property=\"og:type\" content=\"article\" \/>\n<meta property=\"og:title\" content=\"Facebook \u017eeli z informacijskim centrom o podnebnih spremembah stopiti na prste teoretikom zarot - Hudo Slovenija\" \/>\n<meta property=\"og:description\" content=\"Facebook je danes vzpostavil informacijski center o podnebnih spremembah, prek katerega lahko uporabniki dostopajo do zanesljivih virov informacij o tej temi.\" \/>\n<meta property=\"og:url\" content=\"https:\/\/hudo.com\/si\/lifestyle\/facebook-zeli-z-informacijskim-centrom-o-podnebnih-spremembah-stopiti-na-prste-teoretikom-zarot\/\" \/>\n<meta property=\"og:site_name\" content=\"Hudo Slovenija\" \/>\n<meta property=\"article:publisher\" content=\"https:\/\/www.facebook.com\/hudo.si\" \/>\n<meta property=\"article:published_time\" content=\"2020-09-15T06:23:43+00:00\" \/>\n<meta property=\"og:image\" content=\"https:\/\/hudo.com\/si\/wp-content\/uploads\/sites\/2\/2020\/09\/profimedia-0112831622.jpg\" \/>\n\t<meta property=\"og:image:width\" content=\"1250\" \/>\n\t<meta property=\"og:image:height\" content=\"892\" \/>\n\t<meta property=\"og:image:type\" content=\"image\/jpeg\" \/>\n<meta name=\"author\" content=\"hudo\" \/>\n<meta name=\"twitter:card\" content=\"summary_large_image\" \/>\n<meta name=\"twitter:creator\" content=\"@hudo_si\" \/>\n<meta name=\"twitter:site\" content=\"@hudo_si\" \/>\n<meta name=\"twitter:label1\" content=\"Written by\" \/>\n\t<meta name=\"twitter:data1\" content=\"hudo\" \/>\n\t<meta name=\"twitter:label2\" content=\"Est. reading time\" \/>\n\t<meta name=\"twitter:data2\" content=\"1 minuta\" \/>\n<script type=\"application\/ld+json\" class=\"yoast-schema-graph\">{\"@context\":\"https:\/\/schema.org\",\"@graph\":[{\"@type\":\"Article\",\"@id\":\"https:\/\/hudo.com\/si\/lifestyle\/facebook-zeli-z-informacijskim-centrom-o-podnebnih-spremembah-stopiti-na-prste-teoretikom-zarot\/#article\",\"isPartOf\":{\"@id\":\"https:\/\/hudo.com\/si\/lifestyle\/facebook-zeli-z-informacijskim-centrom-o-podnebnih-spremembah-stopiti-na-prste-teoretikom-zarot\/\"},\"author\":{\"name\":\"hudo\",\"@id\":\"https:\/\/hudo.com\/si\/#\/schema\/person\/601cf3379633985b20f7e50f2bb47707\"},\"headline\":\"Facebook \u017eeli z informacijskim centrom o podnebnih spremembah stopiti na prste teoretikom zarot\",\"datePublished\":\"2020-09-15T06:23:43+00:00\",\"dateModified\":\"2020-09-15T06:23:43+00:00\",\"mainEntityOfPage\":{\"@id\":\"https:\/\/hudo.com\/si\/lifestyle\/facebook-zeli-z-informacijskim-centrom-o-podnebnih-spremembah-stopiti-na-prste-teoretikom-zarot\/\"},\"wordCount\":229,\"publisher\":{\"@id\":\"https:\/\/hudo.com\/si\/#organization\"},\"keywords\":[\"Facebook\",\"podnebne spremembe\",\"teorije zarote\"],\"articleSection\":[\"Lifestyle\"],\"inLanguage\":\"sl-SI\"},{\"@type\":\"WebPage\",\"@id\":\"https:\/\/hudo.com\/si\/lifestyle\/facebook-zeli-z-informacijskim-centrom-o-podnebnih-spremembah-stopiti-na-prste-teoretikom-zarot\/\",\"url\":\"https:\/\/hudo.com\/si\/lifestyle\/facebook-zeli-z-informacijskim-centrom-o-podnebnih-spremembah-stopiti-na-prste-teoretikom-zarot\/\",\"name\":\"Facebook \u017eeli z informacijskim centrom o podnebnih spremembah stopiti na prste teoretikom zarot - Hudo Slovenija\",\"isPartOf\":{\"@id\":\"https:\/\/hudo.com\/si\/#website\"},\"datePublished\":\"2020-09-15T06:23:43+00:00\",\"dateModified\":\"2020-09-15T06:23:43+00:00\",\"breadcrumb\":{\"@id\":\"https:\/\/hudo.com\/si\/lifestyle\/facebook-zeli-z-informacijskim-centrom-o-podnebnih-spremembah-stopiti-na-prste-teoretikom-zarot\/#breadcrumb\"},\"inLanguage\":\"sl-SI\",\"potentialAction\":[{\"@type\":\"ReadAction\",\"target\":[\"https:\/\/hudo.com\/si\/lifestyle\/facebook-zeli-z-informacijskim-centrom-o-podnebnih-spremembah-stopiti-na-prste-teoretikom-zarot\/\"]}]},{\"@type\":\"BreadcrumbList\",\"@id\":\"https:\/\/hudo.com\/si\/lifestyle\/facebook-zeli-z-informacijskim-centrom-o-podnebnih-spremembah-stopiti-na-prste-teoretikom-zarot\/#breadcrumb\",\"itemListElement\":[{\"@type\":\"ListItem\",\"position\":1,\"name\":\"Home\",\"item\":\"https:\/\/hudo.com\/si\/\"},{\"@type\":\"ListItem\",\"position\":2,\"name\":\"Facebook \u017eeli z informacijskim centrom o podnebnih spremembah stopiti na prste teoretikom zarot\"}]},{\"@type\":\"WebSite\",\"@id\":\"https:\/\/hudo.com\/si\/#website\",\"url\":\"https:\/\/hudo.com\/si\/\",\"name\":\"Hudo Slovenija\",\"description\":\"Vse novice iz Slovenije in sveta\",\"publisher\":{\"@id\":\"https:\/\/hudo.com\/si\/#organization\"},\"potentialAction\":[{\"@type\":\"SearchAction\",\"target\":{\"@type\":\"EntryPoint\",\"urlTemplate\":\"https:\/\/hudo.com\/si\/?s={search_term_string}\"},\"query-input\":\"required name=search_term_string\"}],\"inLanguage\":\"sl-SI\"},{\"@type\":\"Organization\",\"@id\":\"https:\/\/hudo.com\/si\/#organization\",\"name\":\"VSN Media\",\"url\":\"https:\/\/hudo.com\/si\/\",\"logo\":{\"@type\":\"ImageObject\",\"inLanguage\":\"sl-SI\",\"@id\":\"https:\/\/hudo.com\/si\/#\/schema\/logo\/image\/\",\"url\":\"https:\/\/hudo.com\/si\/wp-content\/uploads\/sites\/2\/2021\/03\/hudo-app-2.png\",\"contentUrl\":\"https:\/\/hudo.com\/si\/wp-content\/uploads\/sites\/2\/2021\/03\/hudo-app-2.png\",\"width\":2185,\"height\":2167,\"caption\":\"VSN Media\"},\"image\":{\"@id\":\"https:\/\/hudo.com\/si\/#\/schema\/logo\/image\/\"},\"sameAs\":[\"https:\/\/www.facebook.com\/hudo.si\",\"https:\/\/twitter.com\/hudo_si\"]},{\"@type\":\"Person\",\"@id\":\"https:\/\/hudo.com\/si\/#\/schema\/person\/601cf3379633985b20f7e50f2bb47707\",\"name\":\"hudo\",\"image\":{\"@type\":\"ImageObject\",\"inLanguage\":\"sl-SI\",\"@id\":\"https:\/\/hudo.com\/si\/#\/schema\/person\/image\/\",\"url\":\"https:\/\/secure.gravatar.com\/avatar\/c4ca25fa72cace7a696b52ff5db9e095?s=96&d=mm&r=g\",\"contentUrl\":\"https:\/\/secure.gravatar.com\/avatar\/c4ca25fa72cace7a696b52ff5db9e095?s=96&d=mm&r=g\",\"caption\":\"hudo\"},\"url\":\"https:\/\/hudo.com\/si\/author\/hudo\/\"}]}<\/script>\n<!-- \/ Yoast SEO plugin. -->","yoast_head_json":{"title":"Facebook \u017eeli z informacijskim centrom o podnebnih spremembah stopiti na prste teoretikom zarot - Hudo Slovenija","robots":{"index":"index","follow":"follow","max-snippet":"max-snippet:-1","max-image-preview":"max-image-preview:large","max-video-preview":"max-video-preview:-1"},"canonical":"https:\/\/hudo.com\/si\/lifestyle\/facebook-zeli-z-informacijskim-centrom-o-podnebnih-spremembah-stopiti-na-prste-teoretikom-zarot\/","og_locale":"sl_SI","og_type":"article","og_title":"Facebook \u017eeli z informacijskim centrom o podnebnih spremembah stopiti na prste teoretikom zarot - Hudo Slovenija","og_description":"Facebook je danes vzpostavil informacijski center o podnebnih spremembah, prek katerega lahko uporabniki dostopajo do zanesljivih virov informacij o tej temi.","og_url":"https:\/\/hudo.com\/si\/lifestyle\/facebook-zeli-z-informacijskim-centrom-o-podnebnih-spremembah-stopiti-na-prste-teoretikom-zarot\/","og_site_name":"Hudo Slovenija","article_publisher":"https:\/\/www.facebook.com\/hudo.si","article_published_time":"2020-09-15T06:23:43+00:00","og_image":[{"width":1250,"height":892,"url":"https:\/\/hudo.com\/si\/wp-content\/uploads\/sites\/2\/2020\/09\/profimedia-0112831622.jpg","type":"image\/jpeg"}],"author":"hudo","twitter_card":"summary_large_image","twitter_creator":"@hudo_si","twitter_site":"@hudo_si","twitter_misc":{"Written by":"hudo","Est. reading time":"1 minuta"},"schema":{"@context":"https:\/\/schema.org","@graph":[{"@type":"Article","@id":"https:\/\/hudo.com\/si\/lifestyle\/facebook-zeli-z-informacijskim-centrom-o-podnebnih-spremembah-stopiti-na-prste-teoretikom-zarot\/#article","isPartOf":{"@id":"https:\/\/hudo.com\/si\/lifestyle\/facebook-zeli-z-informacijskim-centrom-o-podnebnih-spremembah-stopiti-na-prste-teoretikom-zarot\/"},"author":{"name":"hudo","@id":"https:\/\/hudo.com\/si\/#\/schema\/person\/601cf3379633985b20f7e50f2bb47707"},"headline":"Facebook \u017eeli z informacijskim centrom o podnebnih spremembah stopiti na prste teoretikom zarot","datePublished":"2020-09-15T06:23:43+00:00","dateModified":"2020-09-15T06:23:43+00:00","mainEntityOfPage":{"@id":"https:\/\/hudo.com\/si\/lifestyle\/facebook-zeli-z-informacijskim-centrom-o-podnebnih-spremembah-stopiti-na-prste-teoretikom-zarot\/"},"wordCount":229,"publisher":{"@id":"https:\/\/hudo.com\/si\/#organization"},"keywords":["Facebook","podnebne spremembe","teorije zarote"],"articleSection":["Lifestyle"],"inLanguage":"sl-SI"},{"@type":"WebPage","@id":"https:\/\/hudo.com\/si\/lifestyle\/facebook-zeli-z-informacijskim-centrom-o-podnebnih-spremembah-stopiti-na-prste-teoretikom-zarot\/","url":"https:\/\/hudo.com\/si\/lifestyle\/facebook-zeli-z-informacijskim-centrom-o-podnebnih-spremembah-stopiti-na-prste-teoretikom-zarot\/","name":"Facebook \u017eeli z informacijskim centrom o podnebnih spremembah stopiti na prste teoretikom zarot - Hudo Slovenija","isPartOf":{"@id":"https:\/\/hudo.com\/si\/#website"},"datePublished":"2020-09-15T06:23:43+00:00","dateModified":"2020-09-15T06:23:43+00:00","breadcrumb":{"@id":"https:\/\/hudo.com\/si\/lifestyle\/facebook-zeli-z-informacijskim-centrom-o-podnebnih-spremembah-stopiti-na-prste-teoretikom-zarot\/#breadcrumb"},"inLanguage":"sl-SI","potentialAction":[{"@type":"ReadAction","target":["https:\/\/hudo.com\/si\/lifestyle\/facebook-zeli-z-informacijskim-centrom-o-podnebnih-spremembah-stopiti-na-prste-teoretikom-zarot\/"]}]},{"@type":"BreadcrumbList","@id":"https:\/\/hudo.com\/si\/lifestyle\/facebook-zeli-z-informacijskim-centrom-o-podnebnih-spremembah-stopiti-na-prste-teoretikom-zarot\/#breadcrumb","itemListElement":[{"@type":"ListItem","position":1,"name":"Home","item":"https:\/\/hudo.com\/si\/"},{"@type":"ListItem","position":2,"name":"Facebook \u017eeli z informacijskim centrom o podnebnih spremembah stopiti na prste teoretikom zarot"}]},{"@type":"WebSite","@id":"https:\/\/hudo.com\/si\/#website","url":"https:\/\/hudo.com\/si\/","name":"Hudo Slovenija","description":"Vse novice iz Slovenije in sveta","publisher":{"@id":"https:\/\/hudo.com\/si\/#organization"},"potentialAction":[{"@type":"SearchAction","target":{"@type":"EntryPoint","urlTemplate":"https:\/\/hudo.com\/si\/?s={search_term_string}"},"query-input":"required name=search_term_string"}],"inLanguage":"sl-SI"},{"@type":"Organization","@id":"https:\/\/hudo.com\/si\/#organization","name":"VSN Media","url":"https:\/\/hudo.com\/si\/","logo":{"@type":"ImageObject","inLanguage":"sl-SI","@id":"https:\/\/hudo.com\/si\/#\/schema\/logo\/image\/","url":"https:\/\/hudo.com\/si\/wp-content\/uploads\/sites\/2\/2021\/03\/hudo-app-2.png","contentUrl":"https:\/\/hudo.com\/si\/wp-content\/uploads\/sites\/2\/2021\/03\/hudo-app-2.png","width":2185,"height":2167,"caption":"VSN Media"},"image":{"@id":"https:\/\/hudo.com\/si\/#\/schema\/logo\/image\/"},"sameAs":["https:\/\/www.facebook.com\/hudo.si","https:\/\/twitter.com\/hudo_si"]},{"@type":"Person","@id":"https:\/\/hudo.com\/si\/#\/schema\/person\/601cf3379633985b20f7e50f2bb47707","name":"hudo","image":{"@type":"ImageObject","inLanguage":"sl-SI","@id":"https:\/\/hudo.com\/si\/#\/schema\/person\/image\/","url":"https:\/\/secure.gravatar.com\/avatar\/c4ca25fa72cace7a696b52ff5db9e095?s=96&d=mm&r=g","contentUrl":"https:\/\/secure.gravatar.com\/avatar\/c4ca25fa72cace7a696b52ff5db9e095?s=96&d=mm&r=g","caption":"hudo"},"url":"https:\/\/hudo.com\/si\/author\/hudo\/"}]}},"amp_enabled":true,"_links":{"self":[{"href":"https:\/\/hudo.com\/si\/wp-json\/wp\/v2\/posts\/432898"}],"collection":[{"href":"https:\/\/hudo.com\/si\/wp-json\/wp\/v2\/posts"}],"about":[{"href":"https:\/\/hudo.com\/si\/wp-json\/wp\/v2\/types\/post"}],"author":[{"embeddable":true,"href":"https:\/\/hudo.com\/si\/wp-json\/wp\/v2\/users\/1"}],"replies":[{"embeddable":true,"href":"https:\/\/hudo.com\/si\/wp-json\/wp\/v2\/comments?post=432898"}],"version-history":[{"count":0,"href":"https:\/\/hudo.com\/si\/wp-json\/wp\/v2\/posts\/432898\/revisions"}],"wp:featuredmedia":[{"embeddable":true,"href":"https:\/\/hudo.com\/si\/wp-json\/wp\/v2\/media\/432899"}],"wp:attachment":[{"href":"https:\/\/hudo.com\/si\/wp-json\/wp\/v2\/media?parent=432898"}],"wp:term":[{"taxonomy":"category","embeddable":true,"href":"https:\/\/hudo.com\/si\/wp-json\/wp\/v2\/categories?post=432898"},{"taxonomy":"post_tag","embeddable":true,"href":"https:\/\/hudo.com\/si\/wp-json\/wp\/v2\/tags?post=432898"},{"taxonomy":"source","embeddable":true,"href":"https:\/\/hudo.com\/si\/wp-json\/wp\/v2\/source?post=432898"},{"taxonomy":"supertag","embeddable":true,"href":"https:\/\/hudo.com\/si\/wp-json\/wp\/v2\/supertag?post=432898"}],"curies":[{"name":"wp","href":"https:\/\/api.w.org\/{rel}","templated":true}]}}