{"id":433004,"date":"2020-09-16T07:00:57","date_gmt":"2020-09-16T05:00:57","guid":{"rendered":"https:\/\/hudo.com\/si\/2020\/09\/16\/evropski-teden-mobilnosti-bo-letos-spodbujal-predvsem-mlade\/"},"modified":"2020-09-16T07:00:57","modified_gmt":"2020-09-16T05:00:57","slug":"evropski-teden-mobilnosti-bo-letos-spodbujal-predvsem-mlade","status":"publish","type":"post","link":"https:\/\/hudo.com\/si\/lifestyle\/evropski-teden-mobilnosti-bo-letos-spodbujal-predvsem-mlade\/","title":{"rendered":"Evropski teden mobilnosti bo letos spodbujal predvsem mlade"},"content":{"rendered":"<figure>\n\t\t\t\t\t<img loading=\"lazy\" decoding=\"async\" width=\"660\" height=\"320\" src=\"image\/gif;base64,R0lGODlhAQABAAAAACH5BAEKAAEALAAAAAABAAEAAAICTAEAOw==\" class=\"lazyload\" \/><figcaption>foto:Profimedia<\/figcaption><\/figure>\n<p>Evropski teden mobilnosti je namenjen zmanj\u0161evanju cestnega motornega prometa, ki je tudi v Sloveniji eden najve\u010djih onesna\u017eevalcev okolja. Dogodki bodo letos zaradi epidemiolo\u0161kih ukrepov potekali nekoliko druga\u010de, a ob\u010dine obljubljajo, da dogajanje ne bo ni\u010d manj pestro kot v preteklih letih.<\/p>\n<p>&#8220;Tudi to leto, polno izzivov, je pokazalo, da lahko skupaj zmanj\u0161amo izpuste motoriziranega prometa s hojo, kolesarjenjem in uporabo javnega prevoza,&#8221; je pozval minister za infrastrukturo Jernej Vrtovec. Za\u010detek tedna mobilnosti bo minister obele\u017eil s tekom v slu\u017ebo ter tako simboli\u010dno podprl uporabo alternativnih oblik mobilnosti, so sporo\u010dili iz ministrstva.<\/p>\n<p>Podobno je evropska komisarka za transport Adina Valean dejala, da leto\u0161nje leto za \u0161tevilna mesta predstavlja velik izziv. Je pa pandemija po njenih besedah razkrila pri\u010dakovanje ljudi, da mesta postanejo bolj varna, \u010distej\u0161a in dostopna vsem. &#8220;V tem tednu in tudi pozneje bomo pokazali, kako so videti bolj zelena in digitalizirana mesta,&#8221; je dejala.<\/p>\n<p>Glavna tema leto\u0161njega Evropskega tedna mobilnosti je Promet s \u010dim manj emisijami za vse in zaobjema ambiciozen cilj, zapisan v evropskem zelenem dogovoru, po katerem naj bi Evropa postala prva podnebno nevtralna celina. Kot so zapisali na statisti\u010dnem uradu, je namre\u010d promet odgovoren za \u010detrtino emisij toplogrednih plinov v EU. Ker ta dele\u017e vztrajno nara\u0161\u010da, \u017eeli unija s tem dogovorom dose\u010di 90-odstotno zmanj\u0161anje teh emisij do 2050.<\/p>\n<p>Samo cestni promet doprinese ve\u010d kot 70 odstotkov emisij k vsem toplogrednim plinom, ki nastanejo zaradi razli\u010dnih vrst transporta, so \u0161e opozorili statistiki.<\/p>\n<p>Teden mobilnosti se bo 22. septembra tradicionalno sklenil z dnevom brez avtomobila. Na ta dan v \u0161tevilnih ob\u010dinah za promet zaprejo eno od cest ali ulic, nekatere mestne ob\u010dine pa ob\u010danom ponudijo brezpla\u010den javni prevoz ter voznikom omogo\u010dijo brezpla\u010dno parkiranje na parkiri\u0161\u010dih P+R, kjer pustijo svoja vozila za nadaljevanje poti pa izberejo eno od trajnej\u0161ih oblik prevoza.<\/p>\n<p>Podroben program dogodkov je na voljo na spletni strani Evropskega tedna mobilnosti.<\/p>\n","protected":false},"excerpt":{"rendered":"<p>Danes se za\u010denja Evropski teden mobilnosti, ki ga bo s \u0161tevilnimi dogodki obele\u017eilo tudi pribli\u017eno 80 slovenskih ob\u010din. Leto\u0161nji teden mobilnosti bo nagovarjal k izbiri \u010distej\u0161ega na\u010dina prevoza, posebno pozornost pa bodo organizatorji namenili mladim, saj jih zgolj pe\u0161\u010dica v \u0161olo hodi ali kolesari.<\/p>\n","protected":false},"author":1,"featured_media":433005,"comment_status":"closed","ping_status":"closed","sticky":false,"template":"","format":"standard","meta":{"footnotes":""},"categories":[1091],"tags":[2171,3781,1595],"source":[1522,7312,1518],"supertag":[],"acf":[],"yoast_head":"<!-- This site is optimized with the Yoast SEO plugin v21.3 - https:\/\/yoast.com\/wordpress\/plugins\/seo\/ -->\n<title>Evropski teden mobilnosti bo letos spodbujal predvsem mlade - Hudo Slovenija<\/title>\n<meta name=\"robots\" content=\"index, follow, max-snippet:-1, max-image-preview:large, max-video-preview:-1\" \/>\n<link rel=\"canonical\" href=\"https:\/\/hudo.com\/si\/lifestyle\/evropski-teden-mobilnosti-bo-letos-spodbujal-predvsem-mlade\/\" \/>\n<meta property=\"og:locale\" content=\"sl_SI\" \/>\n<meta property=\"og:type\" content=\"article\" \/>\n<meta property=\"og:title\" content=\"Evropski teden mobilnosti bo letos spodbujal predvsem mlade - Hudo Slovenija\" \/>\n<meta property=\"og:description\" content=\"Danes se za\u010denja Evropski teden mobilnosti, ki ga bo s \u0161tevilnimi dogodki obele\u017eilo tudi pribli\u017eno 80 slovenskih ob\u010din. Leto\u0161nji teden mobilnosti bo nagovarjal k izbiri \u010distej\u0161ega na\u010dina prevoza, posebno pozornost pa bodo organizatorji namenili mladim, saj jih zgolj pe\u0161\u010dica v \u0161olo hodi ali kolesari.\" \/>\n<meta property=\"og:url\" content=\"https:\/\/hudo.com\/si\/lifestyle\/evropski-teden-mobilnosti-bo-letos-spodbujal-predvsem-mlade\/\" \/>\n<meta property=\"og:site_name\" content=\"Hudo Slovenija\" \/>\n<meta property=\"article:publisher\" content=\"https:\/\/www.facebook.com\/hudo.si\" \/>\n<meta property=\"article:published_time\" content=\"2020-09-16T05:00:57+00:00\" \/>\n<meta property=\"og:image\" content=\"https:\/\/hudo.com\/si\/wp-content\/uploads\/sites\/2\/2020\/09\/profimedia-0145478617.jpg\" \/>\n\t<meta property=\"og:image:width\" content=\"1250\" \/>\n\t<meta property=\"og:image:height\" content=\"830\" \/>\n\t<meta property=\"og:image:type\" content=\"image\/jpeg\" \/>\n<meta name=\"author\" content=\"hudo\" \/>\n<meta name=\"twitter:card\" content=\"summary_large_image\" \/>\n<meta name=\"twitter:creator\" content=\"@hudo_si\" \/>\n<meta name=\"twitter:site\" content=\"@hudo_si\" \/>\n<meta name=\"twitter:label1\" content=\"Written by\" \/>\n\t<meta name=\"twitter:data1\" content=\"hudo\" \/>\n\t<meta name=\"twitter:label2\" content=\"Est. reading time\" \/>\n\t<meta name=\"twitter:data2\" content=\"2 minuti\" \/>\n<script type=\"application\/ld+json\" class=\"yoast-schema-graph\">{\"@context\":\"https:\/\/schema.org\",\"@graph\":[{\"@type\":\"Article\",\"@id\":\"https:\/\/hudo.com\/si\/lifestyle\/evropski-teden-mobilnosti-bo-letos-spodbujal-predvsem-mlade\/#article\",\"isPartOf\":{\"@id\":\"https:\/\/hudo.com\/si\/lifestyle\/evropski-teden-mobilnosti-bo-letos-spodbujal-predvsem-mlade\/\"},\"author\":{\"name\":\"hudo\",\"@id\":\"https:\/\/hudo.com\/si\/#\/schema\/person\/601cf3379633985b20f7e50f2bb47707\"},\"headline\":\"Evropski teden mobilnosti bo letos spodbujal predvsem mlade\",\"datePublished\":\"2020-09-16T05:00:57+00:00\",\"dateModified\":\"2020-09-16T05:00:57+00:00\",\"mainEntityOfPage\":{\"@id\":\"https:\/\/hudo.com\/si\/lifestyle\/evropski-teden-mobilnosti-bo-letos-spodbujal-predvsem-mlade\/\"},\"wordCount\":341,\"publisher\":{\"@id\":\"https:\/\/hudo.com\/si\/#organization\"},\"keywords\":[\"ekologija\",\"evropski teden mobilnosti\",\"Slovenija\"],\"articleSection\":[\"Lifestyle\"],\"inLanguage\":\"sl-SI\"},{\"@type\":\"WebPage\",\"@id\":\"https:\/\/hudo.com\/si\/lifestyle\/evropski-teden-mobilnosti-bo-letos-spodbujal-predvsem-mlade\/\",\"url\":\"https:\/\/hudo.com\/si\/lifestyle\/evropski-teden-mobilnosti-bo-letos-spodbujal-predvsem-mlade\/\",\"name\":\"Evropski teden mobilnosti bo letos spodbujal predvsem mlade - Hudo Slovenija\",\"isPartOf\":{\"@id\":\"https:\/\/hudo.com\/si\/#website\"},\"datePublished\":\"2020-09-16T05:00:57+00:00\",\"dateModified\":\"2020-09-16T05:00:57+00:00\",\"breadcrumb\":{\"@id\":\"https:\/\/hudo.com\/si\/lifestyle\/evropski-teden-mobilnosti-bo-letos-spodbujal-predvsem-mlade\/#breadcrumb\"},\"inLanguage\":\"sl-SI\",\"potentialAction\":[{\"@type\":\"ReadAction\",\"target\":[\"https:\/\/hudo.com\/si\/lifestyle\/evropski-teden-mobilnosti-bo-letos-spodbujal-predvsem-mlade\/\"]}]},{\"@type\":\"BreadcrumbList\",\"@id\":\"https:\/\/hudo.com\/si\/lifestyle\/evropski-teden-mobilnosti-bo-letos-spodbujal-predvsem-mlade\/#breadcrumb\",\"itemListElement\":[{\"@type\":\"ListItem\",\"position\":1,\"name\":\"Home\",\"item\":\"https:\/\/hudo.com\/si\/\"},{\"@type\":\"ListItem\",\"position\":2,\"name\":\"Evropski teden mobilnosti bo letos spodbujal predvsem mlade\"}]},{\"@type\":\"WebSite\",\"@id\":\"https:\/\/hudo.com\/si\/#website\",\"url\":\"https:\/\/hudo.com\/si\/\",\"name\":\"Hudo Slovenija\",\"description\":\"Vse novice iz Slovenije in sveta\",\"publisher\":{\"@id\":\"https:\/\/hudo.com\/si\/#organization\"},\"potentialAction\":[{\"@type\":\"SearchAction\",\"target\":{\"@type\":\"EntryPoint\",\"urlTemplate\":\"https:\/\/hudo.com\/si\/?s={search_term_string}\"},\"query-input\":\"required name=search_term_string\"}],\"inLanguage\":\"sl-SI\"},{\"@type\":\"Organization\",\"@id\":\"https:\/\/hudo.com\/si\/#organization\",\"name\":\"VSN Media\",\"url\":\"https:\/\/hudo.com\/si\/\",\"logo\":{\"@type\":\"ImageObject\",\"inLanguage\":\"sl-SI\",\"@id\":\"https:\/\/hudo.com\/si\/#\/schema\/logo\/image\/\",\"url\":\"https:\/\/hudo.com\/si\/wp-content\/uploads\/sites\/2\/2021\/03\/hudo-app-2.png\",\"contentUrl\":\"https:\/\/hudo.com\/si\/wp-content\/uploads\/sites\/2\/2021\/03\/hudo-app-2.png\",\"width\":2185,\"height\":2167,\"caption\":\"VSN Media\"},\"image\":{\"@id\":\"https:\/\/hudo.com\/si\/#\/schema\/logo\/image\/\"},\"sameAs\":[\"https:\/\/www.facebook.com\/hudo.si\",\"https:\/\/twitter.com\/hudo_si\"]},{\"@type\":\"Person\",\"@id\":\"https:\/\/hudo.com\/si\/#\/schema\/person\/601cf3379633985b20f7e50f2bb47707\",\"name\":\"hudo\",\"image\":{\"@type\":\"ImageObject\",\"inLanguage\":\"sl-SI\",\"@id\":\"https:\/\/hudo.com\/si\/#\/schema\/person\/image\/\",\"url\":\"https:\/\/secure.gravatar.com\/avatar\/c4ca25fa72cace7a696b52ff5db9e095?s=96&d=mm&r=g\",\"contentUrl\":\"https:\/\/secure.gravatar.com\/avatar\/c4ca25fa72cace7a696b52ff5db9e095?s=96&d=mm&r=g\",\"caption\":\"hudo\"},\"url\":\"https:\/\/hudo.com\/si\/author\/hudo\/\"}]}<\/script>\n<!-- \/ Yoast SEO plugin. -->","yoast_head_json":{"title":"Evropski teden mobilnosti bo letos spodbujal predvsem mlade - Hudo Slovenija","robots":{"index":"index","follow":"follow","max-snippet":"max-snippet:-1","max-image-preview":"max-image-preview:large","max-video-preview":"max-video-preview:-1"},"canonical":"https:\/\/hudo.com\/si\/lifestyle\/evropski-teden-mobilnosti-bo-letos-spodbujal-predvsem-mlade\/","og_locale":"sl_SI","og_type":"article","og_title":"Evropski teden mobilnosti bo letos spodbujal predvsem mlade - Hudo Slovenija","og_description":"Danes se za\u010denja Evropski teden mobilnosti, ki ga bo s \u0161tevilnimi dogodki obele\u017eilo tudi pribli\u017eno 80 slovenskih ob\u010din. Leto\u0161nji teden mobilnosti bo nagovarjal k izbiri \u010distej\u0161ega na\u010dina prevoza, posebno pozornost pa bodo organizatorji namenili mladim, saj jih zgolj pe\u0161\u010dica v \u0161olo hodi ali kolesari.","og_url":"https:\/\/hudo.com\/si\/lifestyle\/evropski-teden-mobilnosti-bo-letos-spodbujal-predvsem-mlade\/","og_site_name":"Hudo Slovenija","article_publisher":"https:\/\/www.facebook.com\/hudo.si","article_published_time":"2020-09-16T05:00:57+00:00","og_image":[{"width":1250,"height":830,"url":"https:\/\/hudo.com\/si\/wp-content\/uploads\/sites\/2\/2020\/09\/profimedia-0145478617.jpg","type":"image\/jpeg"}],"author":"hudo","twitter_card":"summary_large_image","twitter_creator":"@hudo_si","twitter_site":"@hudo_si","twitter_misc":{"Written by":"hudo","Est. reading time":"2 minuti"},"schema":{"@context":"https:\/\/schema.org","@graph":[{"@type":"Article","@id":"https:\/\/hudo.com\/si\/lifestyle\/evropski-teden-mobilnosti-bo-letos-spodbujal-predvsem-mlade\/#article","isPartOf":{"@id":"https:\/\/hudo.com\/si\/lifestyle\/evropski-teden-mobilnosti-bo-letos-spodbujal-predvsem-mlade\/"},"author":{"name":"hudo","@id":"https:\/\/hudo.com\/si\/#\/schema\/person\/601cf3379633985b20f7e50f2bb47707"},"headline":"Evropski teden mobilnosti bo letos spodbujal predvsem mlade","datePublished":"2020-09-16T05:00:57+00:00","dateModified":"2020-09-16T05:00:57+00:00","mainEntityOfPage":{"@id":"https:\/\/hudo.com\/si\/lifestyle\/evropski-teden-mobilnosti-bo-letos-spodbujal-predvsem-mlade\/"},"wordCount":341,"publisher":{"@id":"https:\/\/hudo.com\/si\/#organization"},"keywords":["ekologija","evropski teden mobilnosti","Slovenija"],"articleSection":["Lifestyle"],"inLanguage":"sl-SI"},{"@type":"WebPage","@id":"https:\/\/hudo.com\/si\/lifestyle\/evropski-teden-mobilnosti-bo-letos-spodbujal-predvsem-mlade\/","url":"https:\/\/hudo.com\/si\/lifestyle\/evropski-teden-mobilnosti-bo-letos-spodbujal-predvsem-mlade\/","name":"Evropski teden mobilnosti bo letos spodbujal predvsem mlade - Hudo Slovenija","isPartOf":{"@id":"https:\/\/hudo.com\/si\/#website"},"datePublished":"2020-09-16T05:00:57+00:00","dateModified":"2020-09-16T05:00:57+00:00","breadcrumb":{"@id":"https:\/\/hudo.com\/si\/lifestyle\/evropski-teden-mobilnosti-bo-letos-spodbujal-predvsem-mlade\/#breadcrumb"},"inLanguage":"sl-SI","potentialAction":[{"@type":"ReadAction","target":["https:\/\/hudo.com\/si\/lifestyle\/evropski-teden-mobilnosti-bo-letos-spodbujal-predvsem-mlade\/"]}]},{"@type":"BreadcrumbList","@id":"https:\/\/hudo.com\/si\/lifestyle\/evropski-teden-mobilnosti-bo-letos-spodbujal-predvsem-mlade\/#breadcrumb","itemListElement":[{"@type":"ListItem","position":1,"name":"Home","item":"https:\/\/hudo.com\/si\/"},{"@type":"ListItem","position":2,"name":"Evropski teden mobilnosti bo letos spodbujal predvsem mlade"}]},{"@type":"WebSite","@id":"https:\/\/hudo.com\/si\/#website","url":"https:\/\/hudo.com\/si\/","name":"Hudo Slovenija","description":"Vse novice iz Slovenije in sveta","publisher":{"@id":"https:\/\/hudo.com\/si\/#organization"},"potentialAction":[{"@type":"SearchAction","target":{"@type":"EntryPoint","urlTemplate":"https:\/\/hudo.com\/si\/?s={search_term_string}"},"query-input":"required name=search_term_string"}],"inLanguage":"sl-SI"},{"@type":"Organization","@id":"https:\/\/hudo.com\/si\/#organization","name":"VSN Media","url":"https:\/\/hudo.com\/si\/","logo":{"@type":"ImageObject","inLanguage":"sl-SI","@id":"https:\/\/hudo.com\/si\/#\/schema\/logo\/image\/","url":"https:\/\/hudo.com\/si\/wp-content\/uploads\/sites\/2\/2021\/03\/hudo-app-2.png","contentUrl":"https:\/\/hudo.com\/si\/wp-content\/uploads\/sites\/2\/2021\/03\/hudo-app-2.png","width":2185,"height":2167,"caption":"VSN Media"},"image":{"@id":"https:\/\/hudo.com\/si\/#\/schema\/logo\/image\/"},"sameAs":["https:\/\/www.facebook.com\/hudo.si","https:\/\/twitter.com\/hudo_si"]},{"@type":"Person","@id":"https:\/\/hudo.com\/si\/#\/schema\/person\/601cf3379633985b20f7e50f2bb47707","name":"hudo","image":{"@type":"ImageObject","inLanguage":"sl-SI","@id":"https:\/\/hudo.com\/si\/#\/schema\/person\/image\/","url":"https:\/\/secure.gravatar.com\/avatar\/c4ca25fa72cace7a696b52ff5db9e095?s=96&d=mm&r=g","contentUrl":"https:\/\/secure.gravatar.com\/avatar\/c4ca25fa72cace7a696b52ff5db9e095?s=96&d=mm&r=g","caption":"hudo"},"url":"https:\/\/hudo.com\/si\/author\/hudo\/"}]}},"amp_enabled":true,"_links":{"self":[{"href":"https:\/\/hudo.com\/si\/wp-json\/wp\/v2\/posts\/433004"}],"collection":[{"href":"https:\/\/hudo.com\/si\/wp-json\/wp\/v2\/posts"}],"about":[{"href":"https:\/\/hudo.com\/si\/wp-json\/wp\/v2\/types\/post"}],"author":[{"embeddable":true,"href":"https:\/\/hudo.com\/si\/wp-json\/wp\/v2\/users\/1"}],"replies":[{"embeddable":true,"href":"https:\/\/hudo.com\/si\/wp-json\/wp\/v2\/comments?post=433004"}],"version-history":[{"count":0,"href":"https:\/\/hudo.com\/si\/wp-json\/wp\/v2\/posts\/433004\/revisions"}],"wp:featuredmedia":[{"embeddable":true,"href":"https:\/\/hudo.com\/si\/wp-json\/wp\/v2\/media\/433005"}],"wp:attachment":[{"href":"https:\/\/hudo.com\/si\/wp-json\/wp\/v2\/media?parent=433004"}],"wp:term":[{"taxonomy":"category","embeddable":true,"href":"https:\/\/hudo.com\/si\/wp-json\/wp\/v2\/categories?post=433004"},{"taxonomy":"post_tag","embeddable":true,"href":"https:\/\/hudo.com\/si\/wp-json\/wp\/v2\/tags?post=433004"},{"taxonomy":"source","embeddable":true,"href":"https:\/\/hudo.com\/si\/wp-json\/wp\/v2\/source?post=433004"},{"taxonomy":"supertag","embeddable":true,"href":"https:\/\/hudo.com\/si\/wp-json\/wp\/v2\/supertag?post=433004"}],"curies":[{"name":"wp","href":"https:\/\/api.w.org\/{rel}","templated":true}]}}