{"id":433019,"date":"2020-09-16T11:58:39","date_gmt":"2020-09-16T09:58:39","guid":{"rendered":"http:\/\/hudo.com\/si\/?p=433019"},"modified":"2020-09-16T11:58:39","modified_gmt":"2020-09-16T09:58:39","slug":"v-franciji-z-obladovanjem-koronavirusa-v-solah-zadvoljni-zacetek-solskega-leta-najboljsi-mozen","status":"publish","type":"post","link":"https:\/\/hudo.com\/si\/aktualno\/v-franciji-z-obladovanjem-koronavirusa-v-solah-zadvoljni-zacetek-solskega-leta-najboljsi-mozen\/","title":{"rendered":"V Franciji z obladovanjem koronavirusa v \u0161olah zadvoljni: Za\u010detek \u0161olskega leta &#8220;najbolj\u0161i mo\u017een&#8221;"},"content":{"rendered":"<p>V Franciji so pretekli teden kmalu po za\u010detku pouka 1. septembra zaradi oku\u017eb z novim koronavirusom zaprli 28 \u0161ol. V zadnjem tednu pa se je to \u0161tevilo pove\u010dalo na 81, skupaj so zaprli nekaj ve\u010d kot 2100 razredov. Minister za izobra\u017eevanje je ob tem poudaril, da je v Franciji 60.000 \u0161ol.<\/p>\n<p>&#8220;\u0160tevilke ostajajo precej omejene. To je dober za\u010detek \u0161olskega leta&#8221; je dejal. &#8220;Je najbolj\u0161i mo\u017een za\u010detek leta glede na zdravstveno krizo,&#8221; je \u0161e povedal po poro\u010danju francoske tiskovne agencije AFP.<\/p>\n<p>V primerjavi s preteklim tednom so v \u0161olah zabele\u017eili okoli 1200 novih primerov oku\u017ebe s koronavirusom. Blanquer je spomnil, da razred zaprejo, ko v njem potrdijo tri oku\u017ebe.<\/p>\n<p>Ve\u010d primerov oku\u017ebe z novim koronavirusom pa so zabele\u017eili tudi \u017ee na okoli desetih francoskih univerzah, je povedala ministrica za visoko\u0161olsko izobra\u017eevanje Frederique Vidal. Na nekaterih univerzah pa sploh \u0161e niso za\u010deli predavanj.<\/p>\n<p>Z univerze v Montpellieru na jugu dr\u017eave so v torek sporo\u010dili, da so odpovedali predavanja na medicinski fakulteti, potem ko so po neki zabavi potrdili oku\u017ebo pri okoli 60 \u0161tudentih.<\/p>\n<p>Na univerzi v Rennesu na zahodu Francije pa so odpovedali predavanja za drugi in tretji letnik medicine, potem ko so potrdili 83 primerov oku\u017ebe s koronavirusom.<\/p>\n<p>Francoski in\u0161titut za javno zdravje je v torek zve\u010der sporo\u010dil, da so v zadnjih 24 urah zabele\u017eili skoraj 8000 novih oku\u017eb. To je manj od rekordnih ve\u010d kot 10.000 primerov, o katerih so poro\u010dali v soboto. V zadnjem tednu se je sicer pove\u010dalo \u0161tevilo bolnikov s covidom-19 v bolni\u0161nicah, in sicer na 2173. Od tega jih je 479 na intenzivni negi.<\/p>\n<p>Na rde\u010dem seznamu, kar pomeni, da je tveganje za oku\u017ebo z novim koronavirusom visoko, je \u017ee 82 francoskih departmajev od skupno 101.<\/p>\n","protected":false},"excerpt":{"rendered":"<p>V Franciji so zaradi oku\u017eb z novim koronavirusom od za\u010detka \u0161olskega leta pred dvema tednoma zaprli 81 \u0161ol. Vse skupaj je sicer v dr\u017eavi ve\u010d kot 60.000 \u0161ol, tako da je bil po besedah francoskega ministra za izobra\u017eevanje Jean-Michela Blanquerja za\u010detek \u0161olskega leta &#8220;najbolj\u0161i mo\u017een&#8221;. O ve\u010d deset oku\u017ebah poro\u010dajo tudi z univerz.<\/p>\n","protected":false},"author":8,"featured_media":431549,"comment_status":"closed","ping_status":"closed","sticky":false,"template":"","format":"standard","meta":{"footnotes":""},"categories":[1179],"tags":[2018,15632,5014],"source":[4511],"supertag":[],"acf":[],"yoast_head":"<!-- This site is optimized with the Yoast SEO plugin v21.3 - https:\/\/yoast.com\/wordpress\/plugins\/seo\/ -->\n<title>V Franciji z obladovanjem koronavirusa v \u0161olah zadvoljni: Za\u010detek \u0161olskega leta &quot;najbolj\u0161i mo\u017een&quot; - Hudo Slovenija<\/title>\n<meta name=\"robots\" content=\"index, follow, max-snippet:-1, max-image-preview:large, max-video-preview:-1\" \/>\n<link rel=\"canonical\" href=\"https:\/\/hudo.com\/si\/aktualno\/v-franciji-z-obladovanjem-koronavirusa-v-solah-zadvoljni-zacetek-solskega-leta-najboljsi-mozen\/\" \/>\n<meta property=\"og:locale\" content=\"sl_SI\" \/>\n<meta property=\"og:type\" content=\"article\" \/>\n<meta property=\"og:title\" content=\"V Franciji z obladovanjem koronavirusa v \u0161olah zadvoljni: Za\u010detek \u0161olskega leta &quot;najbolj\u0161i mo\u017een&quot; - Hudo Slovenija\" \/>\n<meta property=\"og:description\" content=\"V Franciji so zaradi oku\u017eb z novim koronavirusom od za\u010detka \u0161olskega leta pred dvema tednoma zaprli 81 \u0161ol. Vse skupaj je sicer v dr\u017eavi ve\u010d kot 60.000 \u0161ol, tako da je bil po besedah francoskega ministra za izobra\u017eevanje Jean-Michela Blanquerja za\u010detek \u0161olskega leta &quot;najbolj\u0161i mo\u017een&quot;. O ve\u010d deset oku\u017ebah poro\u010dajo tudi z univerz.\" \/>\n<meta property=\"og:url\" content=\"https:\/\/hudo.com\/si\/aktualno\/v-franciji-z-obladovanjem-koronavirusa-v-solah-zadvoljni-zacetek-solskega-leta-najboljsi-mozen\/\" \/>\n<meta property=\"og:site_name\" content=\"Hudo Slovenija\" \/>\n<meta property=\"article:publisher\" content=\"https:\/\/www.facebook.com\/hudo.si\" \/>\n<meta property=\"article:published_time\" content=\"2020-09-16T09:58:39+00:00\" \/>\n<meta property=\"og:image\" content=\"https:\/\/hudo.com\/si\/wp-content\/uploads\/sites\/2\/2020\/08\/profimedia-0554537672.jpg\" \/>\n\t<meta property=\"og:image:width\" content=\"1250\" \/>\n\t<meta property=\"og:image:height\" content=\"833\" \/>\n\t<meta property=\"og:image:type\" content=\"image\/jpeg\" \/>\n<meta name=\"author\" content=\"M. N., STA\" \/>\n<meta name=\"twitter:card\" content=\"summary_large_image\" \/>\n<meta name=\"twitter:creator\" content=\"@hudo_si\" \/>\n<meta name=\"twitter:site\" content=\"@hudo_si\" \/>\n<meta name=\"twitter:label1\" content=\"Written by\" \/>\n\t<meta name=\"twitter:data1\" content=\"M. N., STA\" \/>\n\t<meta name=\"twitter:label2\" content=\"Est. reading time\" \/>\n\t<meta name=\"twitter:data2\" content=\"1 minuta\" \/>\n<script type=\"application\/ld+json\" class=\"yoast-schema-graph\">{\"@context\":\"https:\/\/schema.org\",\"@graph\":[{\"@type\":\"Article\",\"@id\":\"https:\/\/hudo.com\/si\/aktualno\/v-franciji-z-obladovanjem-koronavirusa-v-solah-zadvoljni-zacetek-solskega-leta-najboljsi-mozen\/#article\",\"isPartOf\":{\"@id\":\"https:\/\/hudo.com\/si\/aktualno\/v-franciji-z-obladovanjem-koronavirusa-v-solah-zadvoljni-zacetek-solskega-leta-najboljsi-mozen\/\"},\"author\":{\"name\":\"M. N., STA\",\"@id\":\"https:\/\/hudo.com\/si\/#\/schema\/person\/c2f10ce65d2e6ede2aeda5be2a0611fa\"},\"headline\":\"V Franciji z obladovanjem koronavirusa v \u0161olah zadvoljni: Za\u010detek \u0161olskega leta &#8220;najbolj\u0161i mo\u017een&#8221;\",\"datePublished\":\"2020-09-16T09:58:39+00:00\",\"dateModified\":\"2020-09-16T09:58:39+00:00\",\"mainEntityOfPage\":{\"@id\":\"https:\/\/hudo.com\/si\/aktualno\/v-franciji-z-obladovanjem-koronavirusa-v-solah-zadvoljni-zacetek-solskega-leta-najboljsi-mozen\/\"},\"wordCount\":313,\"publisher\":{\"@id\":\"https:\/\/hudo.com\/si\/#organization\"},\"keywords\":[\"francija\",\"koronavirus\",\"\u0161olstvo\"],\"articleSection\":[\"Aktualno\"],\"inLanguage\":\"sl-SI\"},{\"@type\":\"WebPage\",\"@id\":\"https:\/\/hudo.com\/si\/aktualno\/v-franciji-z-obladovanjem-koronavirusa-v-solah-zadvoljni-zacetek-solskega-leta-najboljsi-mozen\/\",\"url\":\"https:\/\/hudo.com\/si\/aktualno\/v-franciji-z-obladovanjem-koronavirusa-v-solah-zadvoljni-zacetek-solskega-leta-najboljsi-mozen\/\",\"name\":\"V Franciji z obladovanjem koronavirusa v \u0161olah zadvoljni: Za\u010detek \u0161olskega leta \\\"najbolj\u0161i mo\u017een\\\" - Hudo Slovenija\",\"isPartOf\":{\"@id\":\"https:\/\/hudo.com\/si\/#website\"},\"datePublished\":\"2020-09-16T09:58:39+00:00\",\"dateModified\":\"2020-09-16T09:58:39+00:00\",\"breadcrumb\":{\"@id\":\"https:\/\/hudo.com\/si\/aktualno\/v-franciji-z-obladovanjem-koronavirusa-v-solah-zadvoljni-zacetek-solskega-leta-najboljsi-mozen\/#breadcrumb\"},\"inLanguage\":\"sl-SI\",\"potentialAction\":[{\"@type\":\"ReadAction\",\"target\":[\"https:\/\/hudo.com\/si\/aktualno\/v-franciji-z-obladovanjem-koronavirusa-v-solah-zadvoljni-zacetek-solskega-leta-najboljsi-mozen\/\"]}]},{\"@type\":\"BreadcrumbList\",\"@id\":\"https:\/\/hudo.com\/si\/aktualno\/v-franciji-z-obladovanjem-koronavirusa-v-solah-zadvoljni-zacetek-solskega-leta-najboljsi-mozen\/#breadcrumb\",\"itemListElement\":[{\"@type\":\"ListItem\",\"position\":1,\"name\":\"Home\",\"item\":\"https:\/\/hudo.com\/si\/\"},{\"@type\":\"ListItem\",\"position\":2,\"name\":\"V Franciji z obladovanjem koronavirusa v \u0161olah zadvoljni: Za\u010detek \u0161olskega leta &#8220;najbolj\u0161i mo\u017een&#8221;\"}]},{\"@type\":\"WebSite\",\"@id\":\"https:\/\/hudo.com\/si\/#website\",\"url\":\"https:\/\/hudo.com\/si\/\",\"name\":\"Hudo Slovenija\",\"description\":\"Vse novice iz Slovenije in sveta\",\"publisher\":{\"@id\":\"https:\/\/hudo.com\/si\/#organization\"},\"potentialAction\":[{\"@type\":\"SearchAction\",\"target\":{\"@type\":\"EntryPoint\",\"urlTemplate\":\"https:\/\/hudo.com\/si\/?s={search_term_string}\"},\"query-input\":\"required name=search_term_string\"}],\"inLanguage\":\"sl-SI\"},{\"@type\":\"Organization\",\"@id\":\"https:\/\/hudo.com\/si\/#organization\",\"name\":\"VSN Media\",\"url\":\"https:\/\/hudo.com\/si\/\",\"logo\":{\"@type\":\"ImageObject\",\"inLanguage\":\"sl-SI\",\"@id\":\"https:\/\/hudo.com\/si\/#\/schema\/logo\/image\/\",\"url\":\"https:\/\/hudo.com\/si\/wp-content\/uploads\/sites\/2\/2021\/03\/hudo-app-2.png\",\"contentUrl\":\"https:\/\/hudo.com\/si\/wp-content\/uploads\/sites\/2\/2021\/03\/hudo-app-2.png\",\"width\":2185,\"height\":2167,\"caption\":\"VSN Media\"},\"image\":{\"@id\":\"https:\/\/hudo.com\/si\/#\/schema\/logo\/image\/\"},\"sameAs\":[\"https:\/\/www.facebook.com\/hudo.si\",\"https:\/\/twitter.com\/hudo_si\"]},{\"@type\":\"Person\",\"@id\":\"https:\/\/hudo.com\/si\/#\/schema\/person\/c2f10ce65d2e6ede2aeda5be2a0611fa\",\"name\":\"M. N., STA\",\"image\":{\"@type\":\"ImageObject\",\"inLanguage\":\"sl-SI\",\"@id\":\"https:\/\/hudo.com\/si\/#\/schema\/person\/image\/\",\"url\":\"https:\/\/secure.gravatar.com\/avatar\/f370d38daa10467f755c5c766a4cac20?s=96&d=mm&r=g\",\"contentUrl\":\"https:\/\/secure.gravatar.com\/avatar\/f370d38daa10467f755c5c766a4cac20?s=96&d=mm&r=g\",\"caption\":\"M. N., STA\"},\"url\":\"https:\/\/hudo.com\/si\/author\/mana\/\"}]}<\/script>\n<!-- \/ Yoast SEO plugin. -->","yoast_head_json":{"title":"V Franciji z obladovanjem koronavirusa v \u0161olah zadvoljni: Za\u010detek \u0161olskega leta \"najbolj\u0161i mo\u017een\" - Hudo Slovenija","robots":{"index":"index","follow":"follow","max-snippet":"max-snippet:-1","max-image-preview":"max-image-preview:large","max-video-preview":"max-video-preview:-1"},"canonical":"https:\/\/hudo.com\/si\/aktualno\/v-franciji-z-obladovanjem-koronavirusa-v-solah-zadvoljni-zacetek-solskega-leta-najboljsi-mozen\/","og_locale":"sl_SI","og_type":"article","og_title":"V Franciji z obladovanjem koronavirusa v \u0161olah zadvoljni: Za\u010detek \u0161olskega leta \"najbolj\u0161i mo\u017een\" - Hudo Slovenija","og_description":"V Franciji so zaradi oku\u017eb z novim koronavirusom od za\u010detka \u0161olskega leta pred dvema tednoma zaprli 81 \u0161ol. Vse skupaj je sicer v dr\u017eavi ve\u010d kot 60.000 \u0161ol, tako da je bil po besedah francoskega ministra za izobra\u017eevanje Jean-Michela Blanquerja za\u010detek \u0161olskega leta \"najbolj\u0161i mo\u017een\". O ve\u010d deset oku\u017ebah poro\u010dajo tudi z univerz.","og_url":"https:\/\/hudo.com\/si\/aktualno\/v-franciji-z-obladovanjem-koronavirusa-v-solah-zadvoljni-zacetek-solskega-leta-najboljsi-mozen\/","og_site_name":"Hudo Slovenija","article_publisher":"https:\/\/www.facebook.com\/hudo.si","article_published_time":"2020-09-16T09:58:39+00:00","og_image":[{"width":1250,"height":833,"url":"https:\/\/hudo.com\/si\/wp-content\/uploads\/sites\/2\/2020\/08\/profimedia-0554537672.jpg","type":"image\/jpeg"}],"author":"M. N., STA","twitter_card":"summary_large_image","twitter_creator":"@hudo_si","twitter_site":"@hudo_si","twitter_misc":{"Written by":"M. N., STA","Est. reading time":"1 minuta"},"schema":{"@context":"https:\/\/schema.org","@graph":[{"@type":"Article","@id":"https:\/\/hudo.com\/si\/aktualno\/v-franciji-z-obladovanjem-koronavirusa-v-solah-zadvoljni-zacetek-solskega-leta-najboljsi-mozen\/#article","isPartOf":{"@id":"https:\/\/hudo.com\/si\/aktualno\/v-franciji-z-obladovanjem-koronavirusa-v-solah-zadvoljni-zacetek-solskega-leta-najboljsi-mozen\/"},"author":{"name":"M. N., STA","@id":"https:\/\/hudo.com\/si\/#\/schema\/person\/c2f10ce65d2e6ede2aeda5be2a0611fa"},"headline":"V Franciji z obladovanjem koronavirusa v \u0161olah zadvoljni: Za\u010detek \u0161olskega leta &#8220;najbolj\u0161i mo\u017een&#8221;","datePublished":"2020-09-16T09:58:39+00:00","dateModified":"2020-09-16T09:58:39+00:00","mainEntityOfPage":{"@id":"https:\/\/hudo.com\/si\/aktualno\/v-franciji-z-obladovanjem-koronavirusa-v-solah-zadvoljni-zacetek-solskega-leta-najboljsi-mozen\/"},"wordCount":313,"publisher":{"@id":"https:\/\/hudo.com\/si\/#organization"},"keywords":["francija","koronavirus","\u0161olstvo"],"articleSection":["Aktualno"],"inLanguage":"sl-SI"},{"@type":"WebPage","@id":"https:\/\/hudo.com\/si\/aktualno\/v-franciji-z-obladovanjem-koronavirusa-v-solah-zadvoljni-zacetek-solskega-leta-najboljsi-mozen\/","url":"https:\/\/hudo.com\/si\/aktualno\/v-franciji-z-obladovanjem-koronavirusa-v-solah-zadvoljni-zacetek-solskega-leta-najboljsi-mozen\/","name":"V Franciji z obladovanjem koronavirusa v \u0161olah zadvoljni: Za\u010detek \u0161olskega leta \"najbolj\u0161i mo\u017een\" - Hudo Slovenija","isPartOf":{"@id":"https:\/\/hudo.com\/si\/#website"},"datePublished":"2020-09-16T09:58:39+00:00","dateModified":"2020-09-16T09:58:39+00:00","breadcrumb":{"@id":"https:\/\/hudo.com\/si\/aktualno\/v-franciji-z-obladovanjem-koronavirusa-v-solah-zadvoljni-zacetek-solskega-leta-najboljsi-mozen\/#breadcrumb"},"inLanguage":"sl-SI","potentialAction":[{"@type":"ReadAction","target":["https:\/\/hudo.com\/si\/aktualno\/v-franciji-z-obladovanjem-koronavirusa-v-solah-zadvoljni-zacetek-solskega-leta-najboljsi-mozen\/"]}]},{"@type":"BreadcrumbList","@id":"https:\/\/hudo.com\/si\/aktualno\/v-franciji-z-obladovanjem-koronavirusa-v-solah-zadvoljni-zacetek-solskega-leta-najboljsi-mozen\/#breadcrumb","itemListElement":[{"@type":"ListItem","position":1,"name":"Home","item":"https:\/\/hudo.com\/si\/"},{"@type":"ListItem","position":2,"name":"V Franciji z obladovanjem koronavirusa v \u0161olah zadvoljni: Za\u010detek \u0161olskega leta &#8220;najbolj\u0161i mo\u017een&#8221;"}]},{"@type":"WebSite","@id":"https:\/\/hudo.com\/si\/#website","url":"https:\/\/hudo.com\/si\/","name":"Hudo Slovenija","description":"Vse novice iz Slovenije in sveta","publisher":{"@id":"https:\/\/hudo.com\/si\/#organization"},"potentialAction":[{"@type":"SearchAction","target":{"@type":"EntryPoint","urlTemplate":"https:\/\/hudo.com\/si\/?s={search_term_string}"},"query-input":"required name=search_term_string"}],"inLanguage":"sl-SI"},{"@type":"Organization","@id":"https:\/\/hudo.com\/si\/#organization","name":"VSN Media","url":"https:\/\/hudo.com\/si\/","logo":{"@type":"ImageObject","inLanguage":"sl-SI","@id":"https:\/\/hudo.com\/si\/#\/schema\/logo\/image\/","url":"https:\/\/hudo.com\/si\/wp-content\/uploads\/sites\/2\/2021\/03\/hudo-app-2.png","contentUrl":"https:\/\/hudo.com\/si\/wp-content\/uploads\/sites\/2\/2021\/03\/hudo-app-2.png","width":2185,"height":2167,"caption":"VSN Media"},"image":{"@id":"https:\/\/hudo.com\/si\/#\/schema\/logo\/image\/"},"sameAs":["https:\/\/www.facebook.com\/hudo.si","https:\/\/twitter.com\/hudo_si"]},{"@type":"Person","@id":"https:\/\/hudo.com\/si\/#\/schema\/person\/c2f10ce65d2e6ede2aeda5be2a0611fa","name":"M. N., STA","image":{"@type":"ImageObject","inLanguage":"sl-SI","@id":"https:\/\/hudo.com\/si\/#\/schema\/person\/image\/","url":"https:\/\/secure.gravatar.com\/avatar\/f370d38daa10467f755c5c766a4cac20?s=96&d=mm&r=g","contentUrl":"https:\/\/secure.gravatar.com\/avatar\/f370d38daa10467f755c5c766a4cac20?s=96&d=mm&r=g","caption":"M. N., STA"},"url":"https:\/\/hudo.com\/si\/author\/mana\/"}]}},"amp_enabled":true,"_links":{"self":[{"href":"https:\/\/hudo.com\/si\/wp-json\/wp\/v2\/posts\/433019"}],"collection":[{"href":"https:\/\/hudo.com\/si\/wp-json\/wp\/v2\/posts"}],"about":[{"href":"https:\/\/hudo.com\/si\/wp-json\/wp\/v2\/types\/post"}],"author":[{"embeddable":true,"href":"https:\/\/hudo.com\/si\/wp-json\/wp\/v2\/users\/8"}],"replies":[{"embeddable":true,"href":"https:\/\/hudo.com\/si\/wp-json\/wp\/v2\/comments?post=433019"}],"version-history":[{"count":1,"href":"https:\/\/hudo.com\/si\/wp-json\/wp\/v2\/posts\/433019\/revisions"}],"predecessor-version":[{"id":433020,"href":"https:\/\/hudo.com\/si\/wp-json\/wp\/v2\/posts\/433019\/revisions\/433020"}],"wp:featuredmedia":[{"embeddable":true,"href":"https:\/\/hudo.com\/si\/wp-json\/wp\/v2\/media\/431549"}],"wp:attachment":[{"href":"https:\/\/hudo.com\/si\/wp-json\/wp\/v2\/media?parent=433019"}],"wp:term":[{"taxonomy":"category","embeddable":true,"href":"https:\/\/hudo.com\/si\/wp-json\/wp\/v2\/categories?post=433019"},{"taxonomy":"post_tag","embeddable":true,"href":"https:\/\/hudo.com\/si\/wp-json\/wp\/v2\/tags?post=433019"},{"taxonomy":"source","embeddable":true,"href":"https:\/\/hudo.com\/si\/wp-json\/wp\/v2\/source?post=433019"},{"taxonomy":"supertag","embeddable":true,"href":"https:\/\/hudo.com\/si\/wp-json\/wp\/v2\/supertag?post=433019"}],"curies":[{"name":"wp","href":"https:\/\/api.w.org\/{rel}","templated":true}]}}