{"id":433052,"date":"2020-09-16T09:48:55","date_gmt":"2020-09-16T07:48:55","guid":{"rendered":"https:\/\/hudo.com\/si\/2020\/09\/16\/potnike-avtobusa-v-londonu-sokirala-zascitna-maska-ki-jo-je-nosil-nek-moski\/"},"modified":"2020-09-16T09:48:55","modified_gmt":"2020-09-16T07:48:55","slug":"potnike-avtobusa-v-londonu-sokirala-zascitna-maska-ki-jo-je-nosil-nek-moski","status":"publish","type":"post","link":"https:\/\/hudo.com\/si\/lifestyle\/potnike-avtobusa-v-londonu-sokirala-zascitna-maska-ki-jo-je-nosil-nek-moski\/","title":{"rendered":"Potnike avtobusa v Londonu \u0161okirala &#8216;za\u0161\u010ditna maska&#8217;, ki jo je nosil nek mo\u0161ki&#8230;"},"content":{"rendered":"<figure>\n\t\t\t\t\t<img loading=\"lazy\" decoding=\"async\" width=\"660\" height=\"320\" src=\"image\/gif;base64,R0lGODlhAQABAAAAACH5BAEKAAEALAAAAAABAAEAAAICTAEAOw==\" class=\"lazyload\" \/><figcaption>foto:Profimedia<\/figcaption><\/figure>\n<p>V Angliji so na sredstvih javnega prevoza obvezne za\u0161\u010ditne maske. Nek mo\u0161ki pa si je namesto maske okrog vratu in \u010dez usta ovil kar ka\u010do, poro\u010da nem\u0161ka tiskovna agencija dpa.<\/p>\n<h2>U\u010dinkovitost take maske je vpra\u0161ljiva<\/h2>\n<p>Ena od potnikov, ki so bili poleg mo\u0161kega na avtobusu, je dejala, da je mislila, da ima mo\u0161ki &#8220;sme\u0161no masko&#8221;. Vendar pa je nato opazila, da se ka\u010da ovija okoli dr\u017eal za roke. Njej se je to zdelo zelo sme\u0161no, prav tako pa ka\u010da po njenih besedah ni motila drugih potnikov.<\/p>\n<figure class=\"wp-caption video\" style=\"height:0;padding-top:56.212121212121%\"><\/figure>\n<p>S humorjem so se odzvale tudi pristojne oblasti. &#8220;Vladne smernice jasno navajajo, da ni nujno, da ljudje uporabljajo kirur\u0161ke maske, lahko tudi kaj drugega, kot sta \u0161al ali ruta,&#8221; je dejal tiskovni predstavnik mestnih oblasti. Ni pa mogo\u010de uporabiti ka\u010dje ko\u017ee, &#8220;\u0161e posebej, \u010de je \u0161e na ka\u010di&#8221;, je dodal.<\/p>\n<p>V avtobusnem podjetju pa so bili \u0161okirani in so dogodek vzeli resno. &#8220;Varnost na\u0161ih potnikov in uslu\u017ebencev je absolutna prioriteta,&#8221; so poudarili.<\/p>\n","protected":false},"excerpt":{"rendered":"<p>Nek mo\u0161ki je na avtobusu v angle\u0161kem Manchestru namesto za\u0161\u010ditne maske za prepre\u010devanje \u0161irjenja novega koronavirusa uporabil kar ka\u010do.<\/p>\n","protected":false},"author":1,"featured_media":433053,"comment_status":"closed","ping_status":"closed","sticky":false,"template":"","format":"standard","meta":{"footnotes":""},"categories":[1091],"tags":[1542,6185,15632,3317],"source":[1522,1518,1552],"supertag":[],"acf":[],"yoast_head":"<!-- This site is optimized with the Yoast SEO plugin v21.3 - https:\/\/yoast.com\/wordpress\/plugins\/seo\/ -->\n<title>Potnike avtobusa v Londonu \u0161okirala &#8216;za\u0161\u010ditna maska&#8217;, ki jo je nosil nek mo\u0161ki&#8230; - Hudo Slovenija<\/title>\n<meta name=\"robots\" content=\"index, follow, max-snippet:-1, max-image-preview:large, max-video-preview:-1\" \/>\n<link rel=\"canonical\" href=\"https:\/\/hudo.com\/si\/lifestyle\/potnike-avtobusa-v-londonu-sokirala-zascitna-maska-ki-jo-je-nosil-nek-moski\/\" \/>\n<meta property=\"og:locale\" content=\"sl_SI\" \/>\n<meta property=\"og:type\" content=\"article\" \/>\n<meta property=\"og:title\" content=\"Potnike avtobusa v Londonu \u0161okirala &#8216;za\u0161\u010ditna maska&#8217;, ki jo je nosil nek mo\u0161ki&#8230; - Hudo Slovenija\" \/>\n<meta property=\"og:description\" content=\"Nek mo\u0161ki je na avtobusu v angle\u0161kem Manchestru namesto za\u0161\u010ditne maske za prepre\u010devanje \u0161irjenja novega koronavirusa uporabil kar ka\u010do.\" \/>\n<meta property=\"og:url\" content=\"https:\/\/hudo.com\/si\/lifestyle\/potnike-avtobusa-v-londonu-sokirala-zascitna-maska-ki-jo-je-nosil-nek-moski\/\" \/>\n<meta property=\"og:site_name\" content=\"Hudo Slovenija\" \/>\n<meta property=\"article:publisher\" content=\"https:\/\/www.facebook.com\/hudo.si\" \/>\n<meta property=\"article:published_time\" content=\"2020-09-16T07:48:55+00:00\" \/>\n<meta property=\"og:image\" content=\"https:\/\/hudo.com\/si\/wp-content\/uploads\/sites\/2\/2020\/09\/profimedia-0537839465.jpg\" \/>\n\t<meta property=\"og:image:width\" content=\"1250\" \/>\n\t<meta property=\"og:image:height\" content=\"896\" \/>\n\t<meta property=\"og:image:type\" content=\"image\/jpeg\" \/>\n<meta name=\"author\" content=\"hudo\" \/>\n<meta name=\"twitter:card\" content=\"summary_large_image\" \/>\n<meta name=\"twitter:creator\" content=\"@hudo_si\" \/>\n<meta name=\"twitter:site\" content=\"@hudo_si\" \/>\n<meta name=\"twitter:label1\" content=\"Written by\" \/>\n\t<meta name=\"twitter:data1\" content=\"hudo\" \/>\n\t<meta name=\"twitter:label2\" content=\"Est. reading time\" \/>\n\t<meta name=\"twitter:data2\" content=\"1 minuta\" \/>\n<script type=\"application\/ld+json\" class=\"yoast-schema-graph\">{\"@context\":\"https:\/\/schema.org\",\"@graph\":[{\"@type\":\"Article\",\"@id\":\"https:\/\/hudo.com\/si\/lifestyle\/potnike-avtobusa-v-londonu-sokirala-zascitna-maska-ki-jo-je-nosil-nek-moski\/#article\",\"isPartOf\":{\"@id\":\"https:\/\/hudo.com\/si\/lifestyle\/potnike-avtobusa-v-londonu-sokirala-zascitna-maska-ki-jo-je-nosil-nek-moski\/\"},\"author\":{\"name\":\"hudo\",\"@id\":\"https:\/\/hudo.com\/si\/#\/schema\/person\/601cf3379633985b20f7e50f2bb47707\"},\"headline\":\"Potnike avtobusa v Londonu \u0161okirala &#8216;za\u0161\u010ditna maska&#8217;, ki jo je nosil nek mo\u0161ki&#8230;\",\"datePublished\":\"2020-09-16T07:48:55+00:00\",\"dateModified\":\"2020-09-16T07:48:55+00:00\",\"mainEntityOfPage\":{\"@id\":\"https:\/\/hudo.com\/si\/lifestyle\/potnike-avtobusa-v-londonu-sokirala-zascitna-maska-ki-jo-je-nosil-nek-moski\/\"},\"wordCount\":196,\"publisher\":{\"@id\":\"https:\/\/hudo.com\/si\/#organization\"},\"keywords\":[\"bizarnosti\",\"javni prevoz\",\"koronavirus\",\"london\"],\"articleSection\":[\"Lifestyle\"],\"inLanguage\":\"sl-SI\"},{\"@type\":\"WebPage\",\"@id\":\"https:\/\/hudo.com\/si\/lifestyle\/potnike-avtobusa-v-londonu-sokirala-zascitna-maska-ki-jo-je-nosil-nek-moski\/\",\"url\":\"https:\/\/hudo.com\/si\/lifestyle\/potnike-avtobusa-v-londonu-sokirala-zascitna-maska-ki-jo-je-nosil-nek-moski\/\",\"name\":\"Potnike avtobusa v Londonu \u0161okirala &#8216;za\u0161\u010ditna maska&#8217;, ki jo je nosil nek mo\u0161ki&#8230; - Hudo Slovenija\",\"isPartOf\":{\"@id\":\"https:\/\/hudo.com\/si\/#website\"},\"datePublished\":\"2020-09-16T07:48:55+00:00\",\"dateModified\":\"2020-09-16T07:48:55+00:00\",\"breadcrumb\":{\"@id\":\"https:\/\/hudo.com\/si\/lifestyle\/potnike-avtobusa-v-londonu-sokirala-zascitna-maska-ki-jo-je-nosil-nek-moski\/#breadcrumb\"},\"inLanguage\":\"sl-SI\",\"potentialAction\":[{\"@type\":\"ReadAction\",\"target\":[\"https:\/\/hudo.com\/si\/lifestyle\/potnike-avtobusa-v-londonu-sokirala-zascitna-maska-ki-jo-je-nosil-nek-moski\/\"]}]},{\"@type\":\"BreadcrumbList\",\"@id\":\"https:\/\/hudo.com\/si\/lifestyle\/potnike-avtobusa-v-londonu-sokirala-zascitna-maska-ki-jo-je-nosil-nek-moski\/#breadcrumb\",\"itemListElement\":[{\"@type\":\"ListItem\",\"position\":1,\"name\":\"Home\",\"item\":\"https:\/\/hudo.com\/si\/\"},{\"@type\":\"ListItem\",\"position\":2,\"name\":\"Potnike avtobusa v Londonu \u0161okirala &#8216;za\u0161\u010ditna maska&#8217;, ki jo je nosil nek mo\u0161ki&#8230;\"}]},{\"@type\":\"WebSite\",\"@id\":\"https:\/\/hudo.com\/si\/#website\",\"url\":\"https:\/\/hudo.com\/si\/\",\"name\":\"Hudo Slovenija\",\"description\":\"Vse novice iz Slovenije in sveta\",\"publisher\":{\"@id\":\"https:\/\/hudo.com\/si\/#organization\"},\"potentialAction\":[{\"@type\":\"SearchAction\",\"target\":{\"@type\":\"EntryPoint\",\"urlTemplate\":\"https:\/\/hudo.com\/si\/?s={search_term_string}\"},\"query-input\":\"required name=search_term_string\"}],\"inLanguage\":\"sl-SI\"},{\"@type\":\"Organization\",\"@id\":\"https:\/\/hudo.com\/si\/#organization\",\"name\":\"VSN Media\",\"url\":\"https:\/\/hudo.com\/si\/\",\"logo\":{\"@type\":\"ImageObject\",\"inLanguage\":\"sl-SI\",\"@id\":\"https:\/\/hudo.com\/si\/#\/schema\/logo\/image\/\",\"url\":\"https:\/\/hudo.com\/si\/wp-content\/uploads\/sites\/2\/2021\/03\/hudo-app-2.png\",\"contentUrl\":\"https:\/\/hudo.com\/si\/wp-content\/uploads\/sites\/2\/2021\/03\/hudo-app-2.png\",\"width\":2185,\"height\":2167,\"caption\":\"VSN Media\"},\"image\":{\"@id\":\"https:\/\/hudo.com\/si\/#\/schema\/logo\/image\/\"},\"sameAs\":[\"https:\/\/www.facebook.com\/hudo.si\",\"https:\/\/twitter.com\/hudo_si\"]},{\"@type\":\"Person\",\"@id\":\"https:\/\/hudo.com\/si\/#\/schema\/person\/601cf3379633985b20f7e50f2bb47707\",\"name\":\"hudo\",\"image\":{\"@type\":\"ImageObject\",\"inLanguage\":\"sl-SI\",\"@id\":\"https:\/\/hudo.com\/si\/#\/schema\/person\/image\/\",\"url\":\"https:\/\/secure.gravatar.com\/avatar\/c4ca25fa72cace7a696b52ff5db9e095?s=96&d=mm&r=g\",\"contentUrl\":\"https:\/\/secure.gravatar.com\/avatar\/c4ca25fa72cace7a696b52ff5db9e095?s=96&d=mm&r=g\",\"caption\":\"hudo\"},\"url\":\"https:\/\/hudo.com\/si\/author\/hudo\/\"}]}<\/script>\n<!-- \/ Yoast SEO plugin. -->","yoast_head_json":{"title":"Potnike avtobusa v Londonu \u0161okirala &#8216;za\u0161\u010ditna maska&#8217;, ki jo je nosil nek mo\u0161ki&#8230; - Hudo Slovenija","robots":{"index":"index","follow":"follow","max-snippet":"max-snippet:-1","max-image-preview":"max-image-preview:large","max-video-preview":"max-video-preview:-1"},"canonical":"https:\/\/hudo.com\/si\/lifestyle\/potnike-avtobusa-v-londonu-sokirala-zascitna-maska-ki-jo-je-nosil-nek-moski\/","og_locale":"sl_SI","og_type":"article","og_title":"Potnike avtobusa v Londonu \u0161okirala &#8216;za\u0161\u010ditna maska&#8217;, ki jo je nosil nek mo\u0161ki&#8230; - Hudo Slovenija","og_description":"Nek mo\u0161ki je na avtobusu v angle\u0161kem Manchestru namesto za\u0161\u010ditne maske za prepre\u010devanje \u0161irjenja novega koronavirusa uporabil kar ka\u010do.","og_url":"https:\/\/hudo.com\/si\/lifestyle\/potnike-avtobusa-v-londonu-sokirala-zascitna-maska-ki-jo-je-nosil-nek-moski\/","og_site_name":"Hudo Slovenija","article_publisher":"https:\/\/www.facebook.com\/hudo.si","article_published_time":"2020-09-16T07:48:55+00:00","og_image":[{"width":1250,"height":896,"url":"https:\/\/hudo.com\/si\/wp-content\/uploads\/sites\/2\/2020\/09\/profimedia-0537839465.jpg","type":"image\/jpeg"}],"author":"hudo","twitter_card":"summary_large_image","twitter_creator":"@hudo_si","twitter_site":"@hudo_si","twitter_misc":{"Written by":"hudo","Est. reading time":"1 minuta"},"schema":{"@context":"https:\/\/schema.org","@graph":[{"@type":"Article","@id":"https:\/\/hudo.com\/si\/lifestyle\/potnike-avtobusa-v-londonu-sokirala-zascitna-maska-ki-jo-je-nosil-nek-moski\/#article","isPartOf":{"@id":"https:\/\/hudo.com\/si\/lifestyle\/potnike-avtobusa-v-londonu-sokirala-zascitna-maska-ki-jo-je-nosil-nek-moski\/"},"author":{"name":"hudo","@id":"https:\/\/hudo.com\/si\/#\/schema\/person\/601cf3379633985b20f7e50f2bb47707"},"headline":"Potnike avtobusa v Londonu \u0161okirala &#8216;za\u0161\u010ditna maska&#8217;, ki jo je nosil nek mo\u0161ki&#8230;","datePublished":"2020-09-16T07:48:55+00:00","dateModified":"2020-09-16T07:48:55+00:00","mainEntityOfPage":{"@id":"https:\/\/hudo.com\/si\/lifestyle\/potnike-avtobusa-v-londonu-sokirala-zascitna-maska-ki-jo-je-nosil-nek-moski\/"},"wordCount":196,"publisher":{"@id":"https:\/\/hudo.com\/si\/#organization"},"keywords":["bizarnosti","javni prevoz","koronavirus","london"],"articleSection":["Lifestyle"],"inLanguage":"sl-SI"},{"@type":"WebPage","@id":"https:\/\/hudo.com\/si\/lifestyle\/potnike-avtobusa-v-londonu-sokirala-zascitna-maska-ki-jo-je-nosil-nek-moski\/","url":"https:\/\/hudo.com\/si\/lifestyle\/potnike-avtobusa-v-londonu-sokirala-zascitna-maska-ki-jo-je-nosil-nek-moski\/","name":"Potnike avtobusa v Londonu \u0161okirala &#8216;za\u0161\u010ditna maska&#8217;, ki jo je nosil nek mo\u0161ki&#8230; - Hudo Slovenija","isPartOf":{"@id":"https:\/\/hudo.com\/si\/#website"},"datePublished":"2020-09-16T07:48:55+00:00","dateModified":"2020-09-16T07:48:55+00:00","breadcrumb":{"@id":"https:\/\/hudo.com\/si\/lifestyle\/potnike-avtobusa-v-londonu-sokirala-zascitna-maska-ki-jo-je-nosil-nek-moski\/#breadcrumb"},"inLanguage":"sl-SI","potentialAction":[{"@type":"ReadAction","target":["https:\/\/hudo.com\/si\/lifestyle\/potnike-avtobusa-v-londonu-sokirala-zascitna-maska-ki-jo-je-nosil-nek-moski\/"]}]},{"@type":"BreadcrumbList","@id":"https:\/\/hudo.com\/si\/lifestyle\/potnike-avtobusa-v-londonu-sokirala-zascitna-maska-ki-jo-je-nosil-nek-moski\/#breadcrumb","itemListElement":[{"@type":"ListItem","position":1,"name":"Home","item":"https:\/\/hudo.com\/si\/"},{"@type":"ListItem","position":2,"name":"Potnike avtobusa v Londonu \u0161okirala &#8216;za\u0161\u010ditna maska&#8217;, ki jo je nosil nek mo\u0161ki&#8230;"}]},{"@type":"WebSite","@id":"https:\/\/hudo.com\/si\/#website","url":"https:\/\/hudo.com\/si\/","name":"Hudo Slovenija","description":"Vse novice iz Slovenije in sveta","publisher":{"@id":"https:\/\/hudo.com\/si\/#organization"},"potentialAction":[{"@type":"SearchAction","target":{"@type":"EntryPoint","urlTemplate":"https:\/\/hudo.com\/si\/?s={search_term_string}"},"query-input":"required name=search_term_string"}],"inLanguage":"sl-SI"},{"@type":"Organization","@id":"https:\/\/hudo.com\/si\/#organization","name":"VSN Media","url":"https:\/\/hudo.com\/si\/","logo":{"@type":"ImageObject","inLanguage":"sl-SI","@id":"https:\/\/hudo.com\/si\/#\/schema\/logo\/image\/","url":"https:\/\/hudo.com\/si\/wp-content\/uploads\/sites\/2\/2021\/03\/hudo-app-2.png","contentUrl":"https:\/\/hudo.com\/si\/wp-content\/uploads\/sites\/2\/2021\/03\/hudo-app-2.png","width":2185,"height":2167,"caption":"VSN Media"},"image":{"@id":"https:\/\/hudo.com\/si\/#\/schema\/logo\/image\/"},"sameAs":["https:\/\/www.facebook.com\/hudo.si","https:\/\/twitter.com\/hudo_si"]},{"@type":"Person","@id":"https:\/\/hudo.com\/si\/#\/schema\/person\/601cf3379633985b20f7e50f2bb47707","name":"hudo","image":{"@type":"ImageObject","inLanguage":"sl-SI","@id":"https:\/\/hudo.com\/si\/#\/schema\/person\/image\/","url":"https:\/\/secure.gravatar.com\/avatar\/c4ca25fa72cace7a696b52ff5db9e095?s=96&d=mm&r=g","contentUrl":"https:\/\/secure.gravatar.com\/avatar\/c4ca25fa72cace7a696b52ff5db9e095?s=96&d=mm&r=g","caption":"hudo"},"url":"https:\/\/hudo.com\/si\/author\/hudo\/"}]}},"amp_enabled":true,"_links":{"self":[{"href":"https:\/\/hudo.com\/si\/wp-json\/wp\/v2\/posts\/433052"}],"collection":[{"href":"https:\/\/hudo.com\/si\/wp-json\/wp\/v2\/posts"}],"about":[{"href":"https:\/\/hudo.com\/si\/wp-json\/wp\/v2\/types\/post"}],"author":[{"embeddable":true,"href":"https:\/\/hudo.com\/si\/wp-json\/wp\/v2\/users\/1"}],"replies":[{"embeddable":true,"href":"https:\/\/hudo.com\/si\/wp-json\/wp\/v2\/comments?post=433052"}],"version-history":[{"count":0,"href":"https:\/\/hudo.com\/si\/wp-json\/wp\/v2\/posts\/433052\/revisions"}],"wp:featuredmedia":[{"embeddable":true,"href":"https:\/\/hudo.com\/si\/wp-json\/wp\/v2\/media\/433053"}],"wp:attachment":[{"href":"https:\/\/hudo.com\/si\/wp-json\/wp\/v2\/media?parent=433052"}],"wp:term":[{"taxonomy":"category","embeddable":true,"href":"https:\/\/hudo.com\/si\/wp-json\/wp\/v2\/categories?post=433052"},{"taxonomy":"post_tag","embeddable":true,"href":"https:\/\/hudo.com\/si\/wp-json\/wp\/v2\/tags?post=433052"},{"taxonomy":"source","embeddable":true,"href":"https:\/\/hudo.com\/si\/wp-json\/wp\/v2\/source?post=433052"},{"taxonomy":"supertag","embeddable":true,"href":"https:\/\/hudo.com\/si\/wp-json\/wp\/v2\/supertag?post=433052"}],"curies":[{"name":"wp","href":"https:\/\/api.w.org\/{rel}","templated":true}]}}