{"id":433295,"date":"2020-09-19T14:00:38","date_gmt":"2020-09-19T12:00:38","guid":{"rendered":"http:\/\/hudo.com\/si\/?p=433295"},"modified":"2020-09-19T14:00:38","modified_gmt":"2020-09-19T12:00:38","slug":"kajakas-peter-kauzer-srebrn-na-evropskem-prvenstvu-v-pragi","status":"publish","type":"post","link":"https:\/\/hudo.com\/si\/aktualno\/kajakas-peter-kauzer-srebrn-na-evropskem-prvenstvu-v-pragi\/","title":{"rendered":"Kajaka\u0161 Peter Kauzer srebrn na evropskem prvenstvu v Pragi"},"content":{"rendered":"<p>Drugi slovenski predstavnik v finalu kajaka\u0161ev, Niko Testen, je zasedel deveto mesto, med kanuistkami pa je bila Eva Alina Ho\u010devar osma.<\/p>\n<p>Popoldne bodo na sporedu ekipni boji, v nedeljo pa se bodo za kolajne potegovali kanuisti in kajaka\u0161ice.<\/p>\n","protected":false},"excerpt":{"rendered":"<p> Slovenski kajaka\u0161 Peter Kauzer je tudi na evropskem prvenstvu v Pragi pokazal, da kljub zrelim letom \u0161e vedno ni za staro \u0161aro. Osvojil je srebrno kolajno, premagal ga je le doma\u010din Jiri Prskavec. Za Hrastni\u010dana je ob dveh zlatih to \u017ee tretja srebrna kolajna na evropskih prvenstvih.<\/p>\n","protected":false},"author":8,"featured_media":433298,"comment_status":"closed","ping_status":"closed","sticky":false,"template":"","format":"standard","meta":{"footnotes":""},"categories":[1179],"tags":[4096,17216,5978,1595],"source":[4511],"supertag":[5675],"acf":[],"yoast_head":"<!-- This site is optimized with the Yoast SEO plugin v21.3 - https:\/\/yoast.com\/wordpress\/plugins\/seo\/ -->\n<title>Kajaka\u0161 Peter Kauzer srebrn na evropskem prvenstvu v Pragi - Hudo Slovenija<\/title>\n<meta name=\"robots\" content=\"index, follow, max-snippet:-1, max-image-preview:large, max-video-preview:-1\" \/>\n<link rel=\"canonical\" href=\"https:\/\/hudo.com\/si\/aktualno\/kajakas-peter-kauzer-srebrn-na-evropskem-prvenstvu-v-pragi\/\" \/>\n<meta property=\"og:locale\" content=\"sl_SI\" \/>\n<meta property=\"og:type\" content=\"article\" \/>\n<meta property=\"og:title\" content=\"Kajaka\u0161 Peter Kauzer srebrn na evropskem prvenstvu v Pragi - Hudo Slovenija\" \/>\n<meta property=\"og:description\" content=\"Slovenski kajaka\u0161 Peter Kauzer je tudi na evropskem prvenstvu v Pragi pokazal, da kljub zrelim letom \u0161e vedno ni za staro \u0161aro. Osvojil je srebrno kolajno, premagal ga je le doma\u010din Jiri Prskavec. Za Hrastni\u010dana je ob dveh zlatih to \u017ee tretja srebrna kolajna na evropskih prvenstvih.\" \/>\n<meta property=\"og:url\" content=\"https:\/\/hudo.com\/si\/aktualno\/kajakas-peter-kauzer-srebrn-na-evropskem-prvenstvu-v-pragi\/\" \/>\n<meta property=\"og:site_name\" content=\"Hudo Slovenija\" \/>\n<meta property=\"article:publisher\" content=\"https:\/\/www.facebook.com\/hudo.si\" \/>\n<meta property=\"article:published_time\" content=\"2020-09-19T12:00:38+00:00\" \/>\n<meta property=\"og:image\" content=\"https:\/\/hudo.com\/si\/wp-content\/uploads\/sites\/2\/2020\/09\/20190630-00946705.jpg\" \/>\n\t<meta property=\"og:image:width\" content=\"640\" \/>\n\t<meta property=\"og:image:height\" content=\"426\" \/>\n\t<meta property=\"og:image:type\" content=\"image\/jpeg\" \/>\n<meta name=\"author\" content=\"M. N., STA\" \/>\n<meta name=\"twitter:card\" content=\"summary_large_image\" \/>\n<meta name=\"twitter:creator\" content=\"@hudo_si\" \/>\n<meta name=\"twitter:site\" content=\"@hudo_si\" \/>\n<meta name=\"twitter:label1\" content=\"Written by\" \/>\n\t<meta name=\"twitter:data1\" content=\"M. N., STA\" \/>\n<script type=\"application\/ld+json\" class=\"yoast-schema-graph\">{\"@context\":\"https:\/\/schema.org\",\"@graph\":[{\"@type\":\"Article\",\"@id\":\"https:\/\/hudo.com\/si\/aktualno\/kajakas-peter-kauzer-srebrn-na-evropskem-prvenstvu-v-pragi\/#article\",\"isPartOf\":{\"@id\":\"https:\/\/hudo.com\/si\/aktualno\/kajakas-peter-kauzer-srebrn-na-evropskem-prvenstvu-v-pragi\/\"},\"author\":{\"name\":\"M. N., STA\",\"@id\":\"https:\/\/hudo.com\/si\/#\/schema\/person\/c2f10ce65d2e6ede2aeda5be2a0611fa\"},\"headline\":\"Kajaka\u0161 Peter Kauzer srebrn na evropskem prvenstvu v Pragi\",\"datePublished\":\"2020-09-19T12:00:38+00:00\",\"dateModified\":\"2020-09-19T12:00:38+00:00\",\"mainEntityOfPage\":{\"@id\":\"https:\/\/hudo.com\/si\/aktualno\/kajakas-peter-kauzer-srebrn-na-evropskem-prvenstvu-v-pragi\/\"},\"wordCount\":50,\"publisher\":{\"@id\":\"https:\/\/hudo.com\/si\/#organization\"},\"keywords\":[\"kajak\",\"kajaka\u0161tvo\",\"peter kauzer\",\"Slovenija\"],\"articleSection\":[\"Aktualno\"],\"inLanguage\":\"sl-SI\"},{\"@type\":\"WebPage\",\"@id\":\"https:\/\/hudo.com\/si\/aktualno\/kajakas-peter-kauzer-srebrn-na-evropskem-prvenstvu-v-pragi\/\",\"url\":\"https:\/\/hudo.com\/si\/aktualno\/kajakas-peter-kauzer-srebrn-na-evropskem-prvenstvu-v-pragi\/\",\"name\":\"Kajaka\u0161 Peter Kauzer srebrn na evropskem prvenstvu v Pragi - Hudo Slovenija\",\"isPartOf\":{\"@id\":\"https:\/\/hudo.com\/si\/#website\"},\"datePublished\":\"2020-09-19T12:00:38+00:00\",\"dateModified\":\"2020-09-19T12:00:38+00:00\",\"breadcrumb\":{\"@id\":\"https:\/\/hudo.com\/si\/aktualno\/kajakas-peter-kauzer-srebrn-na-evropskem-prvenstvu-v-pragi\/#breadcrumb\"},\"inLanguage\":\"sl-SI\",\"potentialAction\":[{\"@type\":\"ReadAction\",\"target\":[\"https:\/\/hudo.com\/si\/aktualno\/kajakas-peter-kauzer-srebrn-na-evropskem-prvenstvu-v-pragi\/\"]}]},{\"@type\":\"BreadcrumbList\",\"@id\":\"https:\/\/hudo.com\/si\/aktualno\/kajakas-peter-kauzer-srebrn-na-evropskem-prvenstvu-v-pragi\/#breadcrumb\",\"itemListElement\":[{\"@type\":\"ListItem\",\"position\":1,\"name\":\"Home\",\"item\":\"https:\/\/hudo.com\/si\/\"},{\"@type\":\"ListItem\",\"position\":2,\"name\":\"Kajaka\u0161 Peter Kauzer srebrn na evropskem prvenstvu v Pragi\"}]},{\"@type\":\"WebSite\",\"@id\":\"https:\/\/hudo.com\/si\/#website\",\"url\":\"https:\/\/hudo.com\/si\/\",\"name\":\"Hudo Slovenija\",\"description\":\"Vse novice iz Slovenije in sveta\",\"publisher\":{\"@id\":\"https:\/\/hudo.com\/si\/#organization\"},\"potentialAction\":[{\"@type\":\"SearchAction\",\"target\":{\"@type\":\"EntryPoint\",\"urlTemplate\":\"https:\/\/hudo.com\/si\/?s={search_term_string}\"},\"query-input\":\"required name=search_term_string\"}],\"inLanguage\":\"sl-SI\"},{\"@type\":\"Organization\",\"@id\":\"https:\/\/hudo.com\/si\/#organization\",\"name\":\"VSN Media\",\"url\":\"https:\/\/hudo.com\/si\/\",\"logo\":{\"@type\":\"ImageObject\",\"inLanguage\":\"sl-SI\",\"@id\":\"https:\/\/hudo.com\/si\/#\/schema\/logo\/image\/\",\"url\":\"https:\/\/hudo.com\/si\/wp-content\/uploads\/sites\/2\/2021\/03\/hudo-app-2.png\",\"contentUrl\":\"https:\/\/hudo.com\/si\/wp-content\/uploads\/sites\/2\/2021\/03\/hudo-app-2.png\",\"width\":2185,\"height\":2167,\"caption\":\"VSN Media\"},\"image\":{\"@id\":\"https:\/\/hudo.com\/si\/#\/schema\/logo\/image\/\"},\"sameAs\":[\"https:\/\/www.facebook.com\/hudo.si\",\"https:\/\/twitter.com\/hudo_si\"]},{\"@type\":\"Person\",\"@id\":\"https:\/\/hudo.com\/si\/#\/schema\/person\/c2f10ce65d2e6ede2aeda5be2a0611fa\",\"name\":\"M. N., STA\",\"image\":{\"@type\":\"ImageObject\",\"inLanguage\":\"sl-SI\",\"@id\":\"https:\/\/hudo.com\/si\/#\/schema\/person\/image\/\",\"url\":\"https:\/\/secure.gravatar.com\/avatar\/f370d38daa10467f755c5c766a4cac20?s=96&d=mm&r=g\",\"contentUrl\":\"https:\/\/secure.gravatar.com\/avatar\/f370d38daa10467f755c5c766a4cac20?s=96&d=mm&r=g\",\"caption\":\"M. N., STA\"},\"url\":\"https:\/\/hudo.com\/si\/author\/mana\/\"}]}<\/script>\n<!-- \/ Yoast SEO plugin. -->","yoast_head_json":{"title":"Kajaka\u0161 Peter Kauzer srebrn na evropskem prvenstvu v Pragi - Hudo Slovenija","robots":{"index":"index","follow":"follow","max-snippet":"max-snippet:-1","max-image-preview":"max-image-preview:large","max-video-preview":"max-video-preview:-1"},"canonical":"https:\/\/hudo.com\/si\/aktualno\/kajakas-peter-kauzer-srebrn-na-evropskem-prvenstvu-v-pragi\/","og_locale":"sl_SI","og_type":"article","og_title":"Kajaka\u0161 Peter Kauzer srebrn na evropskem prvenstvu v Pragi - Hudo Slovenija","og_description":"Slovenski kajaka\u0161 Peter Kauzer je tudi na evropskem prvenstvu v Pragi pokazal, da kljub zrelim letom \u0161e vedno ni za staro \u0161aro. Osvojil je srebrno kolajno, premagal ga je le doma\u010din Jiri Prskavec. Za Hrastni\u010dana je ob dveh zlatih to \u017ee tretja srebrna kolajna na evropskih prvenstvih.","og_url":"https:\/\/hudo.com\/si\/aktualno\/kajakas-peter-kauzer-srebrn-na-evropskem-prvenstvu-v-pragi\/","og_site_name":"Hudo Slovenija","article_publisher":"https:\/\/www.facebook.com\/hudo.si","article_published_time":"2020-09-19T12:00:38+00:00","og_image":[{"width":640,"height":426,"url":"https:\/\/hudo.com\/si\/wp-content\/uploads\/sites\/2\/2020\/09\/20190630-00946705.jpg","type":"image\/jpeg"}],"author":"M. N., STA","twitter_card":"summary_large_image","twitter_creator":"@hudo_si","twitter_site":"@hudo_si","twitter_misc":{"Written by":"M. N., STA"},"schema":{"@context":"https:\/\/schema.org","@graph":[{"@type":"Article","@id":"https:\/\/hudo.com\/si\/aktualno\/kajakas-peter-kauzer-srebrn-na-evropskem-prvenstvu-v-pragi\/#article","isPartOf":{"@id":"https:\/\/hudo.com\/si\/aktualno\/kajakas-peter-kauzer-srebrn-na-evropskem-prvenstvu-v-pragi\/"},"author":{"name":"M. N., STA","@id":"https:\/\/hudo.com\/si\/#\/schema\/person\/c2f10ce65d2e6ede2aeda5be2a0611fa"},"headline":"Kajaka\u0161 Peter Kauzer srebrn na evropskem prvenstvu v Pragi","datePublished":"2020-09-19T12:00:38+00:00","dateModified":"2020-09-19T12:00:38+00:00","mainEntityOfPage":{"@id":"https:\/\/hudo.com\/si\/aktualno\/kajakas-peter-kauzer-srebrn-na-evropskem-prvenstvu-v-pragi\/"},"wordCount":50,"publisher":{"@id":"https:\/\/hudo.com\/si\/#organization"},"keywords":["kajak","kajaka\u0161tvo","peter kauzer","Slovenija"],"articleSection":["Aktualno"],"inLanguage":"sl-SI"},{"@type":"WebPage","@id":"https:\/\/hudo.com\/si\/aktualno\/kajakas-peter-kauzer-srebrn-na-evropskem-prvenstvu-v-pragi\/","url":"https:\/\/hudo.com\/si\/aktualno\/kajakas-peter-kauzer-srebrn-na-evropskem-prvenstvu-v-pragi\/","name":"Kajaka\u0161 Peter Kauzer srebrn na evropskem prvenstvu v Pragi - Hudo Slovenija","isPartOf":{"@id":"https:\/\/hudo.com\/si\/#website"},"datePublished":"2020-09-19T12:00:38+00:00","dateModified":"2020-09-19T12:00:38+00:00","breadcrumb":{"@id":"https:\/\/hudo.com\/si\/aktualno\/kajakas-peter-kauzer-srebrn-na-evropskem-prvenstvu-v-pragi\/#breadcrumb"},"inLanguage":"sl-SI","potentialAction":[{"@type":"ReadAction","target":["https:\/\/hudo.com\/si\/aktualno\/kajakas-peter-kauzer-srebrn-na-evropskem-prvenstvu-v-pragi\/"]}]},{"@type":"BreadcrumbList","@id":"https:\/\/hudo.com\/si\/aktualno\/kajakas-peter-kauzer-srebrn-na-evropskem-prvenstvu-v-pragi\/#breadcrumb","itemListElement":[{"@type":"ListItem","position":1,"name":"Home","item":"https:\/\/hudo.com\/si\/"},{"@type":"ListItem","position":2,"name":"Kajaka\u0161 Peter Kauzer srebrn na evropskem prvenstvu v Pragi"}]},{"@type":"WebSite","@id":"https:\/\/hudo.com\/si\/#website","url":"https:\/\/hudo.com\/si\/","name":"Hudo Slovenija","description":"Vse novice iz Slovenije in sveta","publisher":{"@id":"https:\/\/hudo.com\/si\/#organization"},"potentialAction":[{"@type":"SearchAction","target":{"@type":"EntryPoint","urlTemplate":"https:\/\/hudo.com\/si\/?s={search_term_string}"},"query-input":"required name=search_term_string"}],"inLanguage":"sl-SI"},{"@type":"Organization","@id":"https:\/\/hudo.com\/si\/#organization","name":"VSN Media","url":"https:\/\/hudo.com\/si\/","logo":{"@type":"ImageObject","inLanguage":"sl-SI","@id":"https:\/\/hudo.com\/si\/#\/schema\/logo\/image\/","url":"https:\/\/hudo.com\/si\/wp-content\/uploads\/sites\/2\/2021\/03\/hudo-app-2.png","contentUrl":"https:\/\/hudo.com\/si\/wp-content\/uploads\/sites\/2\/2021\/03\/hudo-app-2.png","width":2185,"height":2167,"caption":"VSN Media"},"image":{"@id":"https:\/\/hudo.com\/si\/#\/schema\/logo\/image\/"},"sameAs":["https:\/\/www.facebook.com\/hudo.si","https:\/\/twitter.com\/hudo_si"]},{"@type":"Person","@id":"https:\/\/hudo.com\/si\/#\/schema\/person\/c2f10ce65d2e6ede2aeda5be2a0611fa","name":"M. N., STA","image":{"@type":"ImageObject","inLanguage":"sl-SI","@id":"https:\/\/hudo.com\/si\/#\/schema\/person\/image\/","url":"https:\/\/secure.gravatar.com\/avatar\/f370d38daa10467f755c5c766a4cac20?s=96&d=mm&r=g","contentUrl":"https:\/\/secure.gravatar.com\/avatar\/f370d38daa10467f755c5c766a4cac20?s=96&d=mm&r=g","caption":"M. N., STA"},"url":"https:\/\/hudo.com\/si\/author\/mana\/"}]}},"amp_enabled":true,"_links":{"self":[{"href":"https:\/\/hudo.com\/si\/wp-json\/wp\/v2\/posts\/433295"}],"collection":[{"href":"https:\/\/hudo.com\/si\/wp-json\/wp\/v2\/posts"}],"about":[{"href":"https:\/\/hudo.com\/si\/wp-json\/wp\/v2\/types\/post"}],"author":[{"embeddable":true,"href":"https:\/\/hudo.com\/si\/wp-json\/wp\/v2\/users\/8"}],"replies":[{"embeddable":true,"href":"https:\/\/hudo.com\/si\/wp-json\/wp\/v2\/comments?post=433295"}],"version-history":[{"count":2,"href":"https:\/\/hudo.com\/si\/wp-json\/wp\/v2\/posts\/433295\/revisions"}],"predecessor-version":[{"id":433300,"href":"https:\/\/hudo.com\/si\/wp-json\/wp\/v2\/posts\/433295\/revisions\/433300"}],"wp:featuredmedia":[{"embeddable":true,"href":"https:\/\/hudo.com\/si\/wp-json\/wp\/v2\/media\/433298"}],"wp:attachment":[{"href":"https:\/\/hudo.com\/si\/wp-json\/wp\/v2\/media?parent=433295"}],"wp:term":[{"taxonomy":"category","embeddable":true,"href":"https:\/\/hudo.com\/si\/wp-json\/wp\/v2\/categories?post=433295"},{"taxonomy":"post_tag","embeddable":true,"href":"https:\/\/hudo.com\/si\/wp-json\/wp\/v2\/tags?post=433295"},{"taxonomy":"source","embeddable":true,"href":"https:\/\/hudo.com\/si\/wp-json\/wp\/v2\/source?post=433295"},{"taxonomy":"supertag","embeddable":true,"href":"https:\/\/hudo.com\/si\/wp-json\/wp\/v2\/supertag?post=433295"}],"curies":[{"name":"wp","href":"https:\/\/api.w.org\/{rel}","templated":true}]}}